{"id":2245,"date":"2016-06-09T11:10:55","date_gmt":"2016-06-09T11:10:55","guid":{"rendered":"https:\/\/amat-inmo-wp.localhost\/2017\/01\/24\/networking-entre-agencies-catalanes-i-franceses-a-paris\/"},"modified":"2023-09-19T12:39:12","modified_gmt":"2023-09-19T12:39:12","slug":"networking-entre-agencies-catalanes-i-franceses-a-paris","status":"publish","type":"post","link":"https:\/\/www.amatimmobiliaris.com\/w\/ca\/2016\/06\/networking-entre-agencies-catalanes-i-franceses-a-paris\/","title":{"rendered":"Networking entre ag\u00e8ncies catalanes i franceses a Paris"},"content":{"rendered":"<p style=\"text-align: justify;\">Dimecres passat, dia 1 de Juny, vam participar en una <strong>trobada entre empreses immobili\u00e0ries franceses i catalanes a Paris<\/strong> organitzada per <a href=\"http:\/\/www.fiabcispain.com\/\">FIABCI Spain<\/a>. La intenci\u00f3 de la jornada era ampliar els nostres contactes internacionals mitjan\u00e7ant una trobada amb els membres de la <a href=\"https:\/\/www.fnaim.fr\/\">FNAIM del Grand Paris<\/a>, organitzaci\u00f3 hom\u00f2loga al <a href=\"https:\/\/www.api.cat\/\">Col\u00b7legi d&#8217;APIs<\/a>, i amb els companys de FIABCI Fran\u00e7a.<\/p>\n<p style=\"text-align: left;\">La primera part del dia va transc\u00f3rrer a la Maison d&#8217;Immobilier, amb els col\u00b7legues de FNAIM on va haver un extens <strong>intercanvi d\u2019informaci\u00f3 respecte a l\u2019evoluci\u00f3 i les caracter\u00edstiques de cada un dels mercats<\/strong>, dels procediments jur\u00eddics i fiscals en cada cas, etc. Va quedar clar que nosaltres tenim molta experi\u00e8ncia i coneixement en tractar compradors estrangers i va generar molta confian\u00e7a de cara a que ens puguin enviar m\u00e9s clients. La sessi\u00f3 matinal va acabar amb un dinar networking on sempre \u00e9s el <strong>moment d\u2019establir les relacions que en el futur ens han de portar negoci.<a href=\"https:\/\/www.amatimmobiliaris.com\/w\/wp-content\/uploads\/2022\/01\/paris-fiabci.jpg\"><img loading=\"lazy\" decoding=\"async\" class=\"size-medium wp-image-5039 alignright\" src=\"https:\/\/www.amatimmobiliaris.com\/w\/wp-content\/uploads\/2022\/01\/paris-fiabci-300x225.jpg\" alt=\"paris fiabci\" width=\"300\" height=\"225\" \/><\/a><\/strong><\/p>\n<p style=\"text-align: justify;\">A la tarda-vespre del mateix dia vam fer una nova trobada de en un c\u00e8ntric i conegut restaurant de Paris, aquest cop amb membres de FIABCI Fran\u00e7a. L\u2019acte va consistir en una confer\u00e8ncia inicial per part de FIABCI Spain i del Col\u00b7legi d\u2019APIs per, b\u00e0sicament, explicar la situaci\u00f3 actual d\u2019Espanya i, concretament, del mercat immobiliari. Posteriorment tamb\u00e9 es va fer una introducci\u00f3 de la futura trobada d&#8217;<a href=\"http:\/\/www.immoscopia.cat\/ca\/\">Immosc\u00f2pia<\/a> que es dur\u00e0 a terme a mitjans d\u2019octubre justament els dies previs al Barcelona Meeting Point. Despr\u00e9s dels parlaments va haver-hi llarga estona de networking.<\/p>\n<p style=\"text-align: justify;\">Per nosaltres la participaci\u00f3 en aquests tipus de trobades internacionals<strong> ens serveix per anar ampliant les nostres relacions internacionals<\/strong> i, d\u2019aquesta forma, poder tenir m\u00e9s possibilitats de trobar compradors o\u00a0 inversors internacionals per als nostres clients.<\/p>\n<p style=\"text-align: justify;\">A la foto: Jo, Ramon Riera (President Fiabci Spain i ara tamb\u00e9 President de Fiabci Europa i \u00c0sia), Kirkor Ajderhanyan (President Mundial de Fiabci) i Raisa Veremo del bufet advocats AvaLaw de Barcelona.<\/p>\n<p style=\"text-align: right;\"><strong>Guifr\u00e9 Homedes<\/strong><\/p>\n<p style=\"text-align: right;\"><strong>Director d&#8217;oficina<\/strong><\/p>\n","protected":false},"excerpt":{"rendered":"<p>Dimecres passat, dia 1 de Juny, vam participar en una trobada entre empreses immobili\u00e0ries franceses i catalanes a Paris organitzada per FIABCI Spain. La intenci\u00f3 de la jornada era ampliar els nostres contactes internacionals mitjan\u00e7ant una trobada amb els membres de la FNAIM del Grand Paris, organitzaci\u00f3 hom\u00f2loga al Col\u00b7legi d&#8217;APIs, i amb els companys [&hellip;]<\/p>\n","protected":false},"author":1,"featured_media":2246,"comment_status":"closed","ping_status":"closed","sticky":false,"template":"","format":"standard","meta":{"content-type":"","footnotes":""},"categories":[1157],"tags":[],"yoast_head":"<!-- This site is optimized with the Yoast SEO plugin v23.9 - https:\/\/yoast.com\/wordpress\/plugins\/seo\/ -->\n<title>Networking entre ag\u00e8ncies catalanes i franceses a Paris | Amat Immobiliaris<\/title>\n<meta name=\"robots\" content=\"index, follow, max-snippet:-1, max-image-preview:large, max-video-preview:-1\" \/>\n<link rel=\"canonical\" href=\"https:\/\/www.amatimmobiliaris.com\/w\/ca\/2016\/06\/networking-entre-agencies-catalanes-i-franceses-a-paris\/\" \/>\n<meta property=\"og:locale\" content=\"ca_ES\" \/>\n<meta property=\"og:type\" content=\"article\" \/>\n<meta property=\"og:title\" content=\"Networking entre ag\u00e8ncies catalanes i franceses a Paris | Amat Immobiliaris\" \/>\n<meta property=\"og:description\" content=\"Dimecres passat, dia 1 de Juny, vam participar en una trobada entre empreses immobili\u00e0ries franceses i catalanes a Paris organitzada per FIABCI Spain. La intenci\u00f3 de la jornada era ampliar els nostres contactes internacionals mitjan\u00e7ant una trobada amb els membres de la FNAIM del Grand Paris, organitzaci\u00f3 hom\u00f2loga al Col\u00b7legi d&#8217;APIs, i amb els companys [&hellip;]\" \/>\n<meta property=\"og:url\" content=\"https:\/\/www.amatimmobiliaris.com\/w\/ca\/2016\/06\/networking-entre-agencies-catalanes-i-franceses-a-paris\/\" \/>\n<meta property=\"og:site_name\" content=\"Amat Immobiliaris\" \/>\n<meta property=\"article:publisher\" content=\"https:\/\/www.facebook.com\/amatimmobiliaris\" \/>\n<meta property=\"article:published_time\" content=\"2016-06-09T11:10:55+00:00\" \/>\n<meta property=\"article:modified_time\" content=\"2023-09-19T12:39:12+00:00\" \/>\n<meta property=\"og:image\" content=\"https:\/\/www.amatimmobiliaris.com\/w\/wp-content\/uploads\/2022\/01\/paris-fiabci.jpg\" \/>\n\t<meta property=\"og:image:width\" content=\"1600\" \/>\n\t<meta property=\"og:image:height\" content=\"1200\" \/>\n\t<meta property=\"og:image:type\" content=\"image\/jpeg\" \/>\n<meta name=\"author\" content=\"Amat Immobiliaris\" \/>\n<meta name=\"twitter:card\" content=\"summary_large_image\" \/>\n<meta name=\"twitter:creator\" content=\"@amat_cat\" \/>\n<meta name=\"twitter:site\" content=\"@amat_cat\" \/>\n<meta name=\"twitter:label1\" content=\"Escrit per\" \/>\n\t<meta name=\"twitter:data1\" content=\"Amat Immobiliaris\" \/>\n\t<meta name=\"twitter:label2\" content=\"Temps estimat de lectura\" \/>\n\t<meta name=\"twitter:data2\" content=\"2 minuts\" \/>\n<script type=\"application\/ld+json\" class=\"yoast-schema-graph\">{\"@context\":\"https:\/\/schema.org\",\"@graph\":[{\"@type\":\"Article\",\"@id\":\"https:\/\/www.amatimmobiliaris.com\/w\/ca\/2016\/06\/networking-entre-agencies-catalanes-i-franceses-a-paris\/#article\",\"isPartOf\":{\"@id\":\"https:\/\/www.amatimmobiliaris.com\/w\/ca\/2016\/06\/networking-entre-agencies-catalanes-i-franceses-a-paris\/\"},\"author\":{\"name\":\"Amat Immobiliaris\",\"@id\":\"https:\/\/www.amatimmobiliaris.com\/w\/#\/schema\/person\/c880da71d1e156e7ea6774ffb445e034\"},\"headline\":\"Networking entre ag\u00e8ncies catalanes i franceses a Paris\",\"datePublished\":\"2016-06-09T11:10:55+00:00\",\"dateModified\":\"2023-09-19T12:39:12+00:00\",\"mainEntityOfPage\":{\"@id\":\"https:\/\/www.amatimmobiliaris.com\/w\/ca\/2016\/06\/networking-entre-agencies-catalanes-i-franceses-a-paris\/\"},\"wordCount\":356,\"publisher\":{\"@id\":\"https:\/\/www.amatimmobiliaris.com\/w\/#organization\"},\"image\":{\"@id\":\"https:\/\/www.amatimmobiliaris.com\/w\/ca\/2016\/06\/networking-entre-agencies-catalanes-i-franceses-a-paris\/#primaryimage\"},\"thumbnailUrl\":\"https:\/\/www.amatimmobiliaris.com\/w\/wp-content\/uploads\/2022\/01\/paris-fiabci.jpg\",\"articleSection\":[\"Not\u00edcies\"],\"inLanguage\":\"ca\"},{\"@type\":\"WebPage\",\"@id\":\"https:\/\/www.amatimmobiliaris.com\/w\/ca\/2016\/06\/networking-entre-agencies-catalanes-i-franceses-a-paris\/\",\"url\":\"https:\/\/www.amatimmobiliaris.com\/w\/ca\/2016\/06\/networking-entre-agencies-catalanes-i-franceses-a-paris\/\",\"name\":\"Networking entre ag\u00e8ncies catalanes i franceses a Paris | Amat Immobiliaris\",\"isPartOf\":{\"@id\":\"https:\/\/www.amatimmobiliaris.com\/w\/#website\"},\"primaryImageOfPage\":{\"@id\":\"https:\/\/www.amatimmobiliaris.com\/w\/ca\/2016\/06\/networking-entre-agencies-catalanes-i-franceses-a-paris\/#primaryimage\"},\"image\":{\"@id\":\"https:\/\/www.amatimmobiliaris.com\/w\/ca\/2016\/06\/networking-entre-agencies-catalanes-i-franceses-a-paris\/#primaryimage\"},\"thumbnailUrl\":\"https:\/\/www.amatimmobiliaris.com\/w\/wp-content\/uploads\/2022\/01\/paris-fiabci.jpg\",\"datePublished\":\"2016-06-09T11:10:55+00:00\",\"dateModified\":\"2023-09-19T12:39:12+00:00\",\"breadcrumb\":{\"@id\":\"https:\/\/www.amatimmobiliaris.com\/w\/ca\/2016\/06\/networking-entre-agencies-catalanes-i-franceses-a-paris\/#breadcrumb\"},\"inLanguage\":\"ca\",\"potentialAction\":[{\"@type\":\"ReadAction\",\"target\":[\"https:\/\/www.amatimmobiliaris.com\/w\/ca\/2016\/06\/networking-entre-agencies-catalanes-i-franceses-a-paris\/\"]}]},{\"@type\":\"ImageObject\",\"inLanguage\":\"ca\",\"@id\":\"https:\/\/www.amatimmobiliaris.com\/w\/ca\/2016\/06\/networking-entre-agencies-catalanes-i-franceses-a-paris\/#primaryimage\",\"url\":\"https:\/\/www.amatimmobiliaris.com\/w\/wp-content\/uploads\/2022\/01\/paris-fiabci.jpg\",\"contentUrl\":\"https:\/\/www.amatimmobiliaris.com\/w\/wp-content\/uploads\/2022\/01\/paris-fiabci.jpg\",\"width\":1600,\"height\":1200},{\"@type\":\"BreadcrumbList\",\"@id\":\"https:\/\/www.amatimmobiliaris.com\/w\/ca\/2016\/06\/networking-entre-agencies-catalanes-i-franceses-a-paris\/#breadcrumb\",\"itemListElement\":[{\"@type\":\"ListItem\",\"position\":1,\"name\":\"Home\",\"item\":\"https:\/\/www.amatimmobiliaris.com\/w\/ca\/\"},{\"@type\":\"ListItem\",\"position\":2,\"name\":\"Not\u00edcies\",\"item\":\"https:\/\/www.amatimmobiliaris.com\/w\/ca\/categoria-ca\/noticies-ca\/\"},{\"@type\":\"ListItem\",\"position\":3,\"name\":\"Networking entre ag\u00e8ncies catalanes i franceses a Paris\"}]},{\"@type\":\"WebSite\",\"@id\":\"https:\/\/www.amatimmobiliaris.com\/w\/#website\",\"url\":\"https:\/\/www.amatimmobiliaris.com\/w\/\",\"name\":\"Amat Immobiliaris\",\"description\":\"Empresa familiar del sector inmobiliario con oficinas en Barcelona, Sant Cugat del Vall\u00e9s y Sant Just Desvern. Te ayudamos a comprar, alquilar o vender tu casa o piso. Somos un equipo coherente con una cultura de empresa honesta, innovadora y eficaz. Tambi\u00e9n en www.amatluxury.com\",\"publisher\":{\"@id\":\"https:\/\/www.amatimmobiliaris.com\/w\/#organization\"},\"alternateName\":\"AmatImmo\",\"potentialAction\":[{\"@type\":\"SearchAction\",\"target\":{\"@type\":\"EntryPoint\",\"urlTemplate\":\"https:\/\/www.amatimmobiliaris.com\/w\/?s={search_term_string}\"},\"query-input\":{\"@type\":\"PropertyValueSpecification\",\"valueRequired\":true,\"valueName\":\"search_term_string\"}}],\"inLanguage\":\"ca\"},{\"@type\":\"Organization\",\"@id\":\"https:\/\/www.amatimmobiliaris.com\/w\/#organization\",\"name\":\"Amat Immobiliaris\",\"url\":\"https:\/\/www.amatimmobiliaris.com\/w\/\",\"logo\":{\"@type\":\"ImageObject\",\"inLanguage\":\"ca\",\"@id\":\"https:\/\/www.amatimmobiliaris.com\/w\/#\/schema\/logo\/image\/\",\"url\":\"https:\/\/www.amatimmobiliaris.com\/w\/wp-content\/uploads\/2022\/10\/amat-logo.jpg\",\"contentUrl\":\"https:\/\/www.amatimmobiliaris.com\/w\/wp-content\/uploads\/2022\/10\/amat-logo.jpg\",\"width\":900,\"height\":900,\"caption\":\"Amat Immobiliaris\"},\"image\":{\"@id\":\"https:\/\/www.amatimmobiliaris.com\/w\/#\/schema\/logo\/image\/\"},\"sameAs\":[\"https:\/\/www.facebook.com\/amatimmobiliaris\",\"https:\/\/x.com\/amat_cat\",\"https:\/\/www.instagram.com\/amat_immo\/\",\"https:\/\/www.linkedin.com\/company\/amat-finques\/\",\"https:\/\/www.youtube.com\/@amatimmobiliaris\"]},{\"@type\":\"Person\",\"@id\":\"https:\/\/www.amatimmobiliaris.com\/w\/#\/schema\/person\/c880da71d1e156e7ea6774ffb445e034\",\"name\":\"Amat Immobiliaris\",\"sameAs\":[\"http:\/\/amat-inmo-wp.localhost\"]}]}<\/script>\n<!-- \/ Yoast SEO plugin. -->","yoast_head_json":{"title":"Networking entre ag\u00e8ncies catalanes i franceses a Paris | Amat Immobiliaris","robots":{"index":"index","follow":"follow","max-snippet":"max-snippet:-1","max-image-preview":"max-image-preview:large","max-video-preview":"max-video-preview:-1"},"canonical":"https:\/\/www.amatimmobiliaris.com\/w\/ca\/2016\/06\/networking-entre-agencies-catalanes-i-franceses-a-paris\/","og_locale":"ca_ES","og_type":"article","og_title":"Networking entre ag\u00e8ncies catalanes i franceses a Paris | Amat Immobiliaris","og_description":"Dimecres passat, dia 1 de Juny, vam participar en una trobada entre empreses immobili\u00e0ries franceses i catalanes a Paris organitzada per FIABCI Spain. La intenci\u00f3 de la jornada era ampliar els nostres contactes internacionals mitjan\u00e7ant una trobada amb els membres de la FNAIM del Grand Paris, organitzaci\u00f3 hom\u00f2loga al Col\u00b7legi d&#8217;APIs, i amb els companys [&hellip;]","og_url":"https:\/\/www.amatimmobiliaris.com\/w\/ca\/2016\/06\/networking-entre-agencies-catalanes-i-franceses-a-paris\/","og_site_name":"Amat Immobiliaris","article_publisher":"https:\/\/www.facebook.com\/amatimmobiliaris","article_published_time":"2016-06-09T11:10:55+00:00","article_modified_time":"2023-09-19T12:39:12+00:00","og_image":[{"width":1600,"height":1200,"url":"https:\/\/www.amatimmobiliaris.com\/w\/wp-content\/uploads\/2022\/01\/paris-fiabci.jpg","type":"image\/jpeg"}],"author":"Amat Immobiliaris","twitter_card":"summary_large_image","twitter_creator":"@amat_cat","twitter_site":"@amat_cat","twitter_misc":{"Escrit per":"Amat Immobiliaris","Temps estimat de lectura":"2 minuts"},"schema":{"@context":"https:\/\/schema.org","@graph":[{"@type":"Article","@id":"https:\/\/www.amatimmobiliaris.com\/w\/ca\/2016\/06\/networking-entre-agencies-catalanes-i-franceses-a-paris\/#article","isPartOf":{"@id":"https:\/\/www.amatimmobiliaris.com\/w\/ca\/2016\/06\/networking-entre-agencies-catalanes-i-franceses-a-paris\/"},"author":{"name":"Amat Immobiliaris","@id":"https:\/\/www.amatimmobiliaris.com\/w\/#\/schema\/person\/c880da71d1e156e7ea6774ffb445e034"},"headline":"Networking entre ag\u00e8ncies catalanes i franceses a Paris","datePublished":"2016-06-09T11:10:55+00:00","dateModified":"2023-09-19T12:39:12+00:00","mainEntityOfPage":{"@id":"https:\/\/www.amatimmobiliaris.com\/w\/ca\/2016\/06\/networking-entre-agencies-catalanes-i-franceses-a-paris\/"},"wordCount":356,"publisher":{"@id":"https:\/\/www.amatimmobiliaris.com\/w\/#organization"},"image":{"@id":"https:\/\/www.amatimmobiliaris.com\/w\/ca\/2016\/06\/networking-entre-agencies-catalanes-i-franceses-a-paris\/#primaryimage"},"thumbnailUrl":"https:\/\/www.amatimmobiliaris.com\/w\/wp-content\/uploads\/2022\/01\/paris-fiabci.jpg","articleSection":["Not\u00edcies"],"inLanguage":"ca"},{"@type":"WebPage","@id":"https:\/\/www.amatimmobiliaris.com\/w\/ca\/2016\/06\/networking-entre-agencies-catalanes-i-franceses-a-paris\/","url":"https:\/\/www.amatimmobiliaris.com\/w\/ca\/2016\/06\/networking-entre-agencies-catalanes-i-franceses-a-paris\/","name":"Networking entre ag\u00e8ncies catalanes i franceses a Paris | Amat Immobiliaris","isPartOf":{"@id":"https:\/\/www.amatimmobiliaris.com\/w\/#website"},"primaryImageOfPage":{"@id":"https:\/\/www.amatimmobiliaris.com\/w\/ca\/2016\/06\/networking-entre-agencies-catalanes-i-franceses-a-paris\/#primaryimage"},"image":{"@id":"https:\/\/www.amatimmobiliaris.com\/w\/ca\/2016\/06\/networking-entre-agencies-catalanes-i-franceses-a-paris\/#primaryimage"},"thumbnailUrl":"https:\/\/www.amatimmobiliaris.com\/w\/wp-content\/uploads\/2022\/01\/paris-fiabci.jpg","datePublished":"2016-06-09T11:10:55+00:00","dateModified":"2023-09-19T12:39:12+00:00","breadcrumb":{"@id":"https:\/\/www.amatimmobiliaris.com\/w\/ca\/2016\/06\/networking-entre-agencies-catalanes-i-franceses-a-paris\/#breadcrumb"},"inLanguage":"ca","potentialAction":[{"@type":"ReadAction","target":["https:\/\/www.amatimmobiliaris.com\/w\/ca\/2016\/06\/networking-entre-agencies-catalanes-i-franceses-a-paris\/"]}]},{"@type":"ImageObject","inLanguage":"ca","@id":"https:\/\/www.amatimmobiliaris.com\/w\/ca\/2016\/06\/networking-entre-agencies-catalanes-i-franceses-a-paris\/#primaryimage","url":"https:\/\/www.amatimmobiliaris.com\/w\/wp-content\/uploads\/2022\/01\/paris-fiabci.jpg","contentUrl":"https:\/\/www.amatimmobiliaris.com\/w\/wp-content\/uploads\/2022\/01\/paris-fiabci.jpg","width":1600,"height":1200},{"@type":"BreadcrumbList","@id":"https:\/\/www.amatimmobiliaris.com\/w\/ca\/2016\/06\/networking-entre-agencies-catalanes-i-franceses-a-paris\/#breadcrumb","itemListElement":[{"@type":"ListItem","position":1,"name":"Home","item":"https:\/\/www.amatimmobiliaris.com\/w\/ca\/"},{"@type":"ListItem","position":2,"name":"Not\u00edcies","item":"https:\/\/www.amatimmobiliaris.com\/w\/ca\/categoria-ca\/noticies-ca\/"},{"@type":"ListItem","position":3,"name":"Networking entre ag\u00e8ncies catalanes i franceses a Paris"}]},{"@type":"WebSite","@id":"https:\/\/www.amatimmobiliaris.com\/w\/#website","url":"https:\/\/www.amatimmobiliaris.com\/w\/","name":"Amat Immobiliaris","description":"Empresa familiar del sector inmobiliario con oficinas en Barcelona, Sant Cugat del Vall\u00e9s y Sant Just Desvern. Te ayudamos a comprar, alquilar o vender tu casa o piso. Somos un equipo coherente con una cultura de empresa honesta, innovadora y eficaz. Tambi\u00e9n en www.amatluxury.com","publisher":{"@id":"https:\/\/www.amatimmobiliaris.com\/w\/#organization"},"alternateName":"AmatImmo","potentialAction":[{"@type":"SearchAction","target":{"@type":"EntryPoint","urlTemplate":"https:\/\/www.amatimmobiliaris.com\/w\/?s={search_term_string}"},"query-input":{"@type":"PropertyValueSpecification","valueRequired":true,"valueName":"search_term_string"}}],"inLanguage":"ca"},{"@type":"Organization","@id":"https:\/\/www.amatimmobiliaris.com\/w\/#organization","name":"Amat Immobiliaris","url":"https:\/\/www.amatimmobiliaris.com\/w\/","logo":{"@type":"ImageObject","inLanguage":"ca","@id":"https:\/\/www.amatimmobiliaris.com\/w\/#\/schema\/logo\/image\/","url":"https:\/\/www.amatimmobiliaris.com\/w\/wp-content\/uploads\/2022\/10\/amat-logo.jpg","contentUrl":"https:\/\/www.amatimmobiliaris.com\/w\/wp-content\/uploads\/2022\/10\/amat-logo.jpg","width":900,"height":900,"caption":"Amat Immobiliaris"},"image":{"@id":"https:\/\/www.amatimmobiliaris.com\/w\/#\/schema\/logo\/image\/"},"sameAs":["https:\/\/www.facebook.com\/amatimmobiliaris","https:\/\/x.com\/amat_cat","https:\/\/www.instagram.com\/amat_immo\/","https:\/\/www.linkedin.com\/company\/amat-finques\/","https:\/\/www.youtube.com\/@amatimmobiliaris"]},{"@type":"Person","@id":"https:\/\/www.amatimmobiliaris.com\/w\/#\/schema\/person\/c880da71d1e156e7ea6774ffb445e034","name":"Amat Immobiliaris","sameAs":["http:\/\/amat-inmo-wp.localhost"]}]}},"_links":{"self":[{"href":"https:\/\/www.amatimmobiliaris.com\/w\/ca\/wp-json\/wp\/v2\/posts\/2245"}],"collection":[{"href":"https:\/\/www.amatimmobiliaris.com\/w\/ca\/wp-json\/wp\/v2\/posts"}],"about":[{"href":"https:\/\/www.amatimmobiliaris.com\/w\/ca\/wp-json\/wp\/v2\/types\/post"}],"author":[{"embeddable":true,"href":"https:\/\/www.amatimmobiliaris.com\/w\/ca\/wp-json\/wp\/v2\/users\/1"}],"replies":[{"embeddable":true,"href":"https:\/\/www.amatimmobiliaris.com\/w\/ca\/wp-json\/wp\/v2\/comments?post=2245"}],"version-history":[{"count":8,"href":"https:\/\/www.amatimmobiliaris.com\/w\/ca\/wp-json\/wp\/v2\/posts\/2245\/revisions"}],"predecessor-version":[{"id":30567,"href":"https:\/\/www.amatimmobiliaris.com\/w\/ca\/wp-json\/wp\/v2\/posts\/2245\/revisions\/30567"}],"wp:featuredmedia":[{"embeddable":true,"href":"https:\/\/www.amatimmobiliaris.com\/w\/ca\/wp-json\/wp\/v2\/media\/2246"}],"wp:attachment":[{"href":"https:\/\/www.amatimmobiliaris.com\/w\/ca\/wp-json\/wp\/v2\/media?parent=2245"}],"wp:term":[{"taxonomy":"category","embeddable":true,"href":"https:\/\/www.amatimmobiliaris.com\/w\/ca\/wp-json\/wp\/v2\/categories?post=2245"},{"taxonomy":"post_tag","embeddable":true,"href":"https:\/\/www.amatimmobiliaris.com\/w\/ca\/wp-json\/wp\/v2\/tags?post=2245"}],"curies":[{"name":"wp","href":"https:\/\/api.w.org\/{rel}","templated":true}]}}