{"id":21758,"date":"2023-02-06T08:30:11","date_gmt":"2023-02-06T08:30:11","guid":{"rendered":"https:\/\/www.amatimmobiliaris.com\/w\/?p=21758"},"modified":"2023-05-05T10:14:22","modified_gmt":"2023-05-05T10:14:22","slug":"les-cases-dels-guanyadors-dels-grammy-2023","status":"publish","type":"post","link":"https:\/\/www.amatimmobiliaris.com\/w\/ca\/2023\/02\/les-cases-dels-guanyadors-dels-grammy-2023\/","title":{"rendered":"Les cases dels guanyadors dels Grammy 2023"},"content":{"rendered":"<h5><strong>La 65a edici\u00f3 dels premis Grammy es va celebrar aquest diumenge 5 febrer. Fem un rep\u00e0s de les cases dels guanyadors a l&#8217;edici\u00f3 aquest any.<\/strong><\/h5>\n<p>&nbsp;<\/p>\n<p style=\"text-align: justify;\">Tots aquests m\u00fasics s\u00f3n guanyadors pel que fa a les seves cases de somni. Normal, ja que si triomfes al m\u00f3n de la m\u00fasica, pots permetre\u00a0el <a href=\"https:\/\/amatluxury.com\/es\">luxe <\/a> de tenir l&#8217;habitatge que sempre havies somiat. Alguns tenen fins i tot diverses propietats! <a href=\"https:\/\/www.amatimmobiliaris.com\/es\/inmuebles-en-venta?toilets_min=&amp;surface_min=&amp;is_new=&amp;zone=&amp;town=&amp;rooms_min=&amp;price_max=&amp;type_build=&amp;pool=1\">Piscines<\/a>, jardins impressionants, vistes incre\u00efbles, gimnasos privats, etc.<\/p>\n<p>&nbsp;<\/p>\n<p style=\"text-align: justify;\"><strong>Beyonc\u00e9,\u00a0<span class=\"hiddenSpellError\">Adele<\/span>, Bad Bunny i Harry Styles<\/strong> es trobaven entre els favorits de l&#8217;edici\u00f3 d&#8217;aquest any, per\u00f2 quin d&#8217;aquests artistes t\u00e9 una casa digna d&#8217;un Grammy?<\/p>\n<p>&nbsp;<\/p>\n<p style=\"text-align: justify;\">Hem reunit 10 cases d&#8217;artistes, entre els quals hi ha alguns dels guanyadors de la nit. A m\u00e9s, hem incl\u00f2s algunes artistes femenines que es mereixen una menci\u00f3 especial pel 2023 que estan tenint. \u00a0<strong>Rihanna<\/strong>, que ha tornat amb for\u00e7a despr\u00e9s de\u00a0sis\u00a0anys\u00a0d&#8217;aturada\u00a0i est\u00e0 nominada als Oscars 2023 amb millor can\u00e7\u00f3. <strong>Miley Cyrus<\/strong> qui amb el seu single\u00a0<em><strong><span class=\"hiddenSpellError\">Flowers<\/span>\u00a0<\/strong><\/em>est\u00e0 batent tots els r\u00e8cords. Selena G\u00f3mez qui ha rebut aquest any la seva primera nominaci\u00f3 a un Globus d&#8217;Or per la seva actuaci\u00f3 a\u00a0<strong><em><span class=\"hiddenSpellError\">Only<\/span>\u00a0<span class=\"hiddenSpellError\">Murders<\/span>\u00a0<span class=\"hiddenSpellError\">in<\/span>\u00a0<span class=\"hiddenSpellError\">the<\/span>\u00a0<span class=\"hiddenSpellError\">Building<\/span><\/em><\/strong>. I finalment, <strong>Taylor Swift<\/strong>, qui ha guanyat el\u00a0<strong><span class=\"hiddenSpellError\">Grammy<\/span>\u00a0a Millor\u00a0V\u00eddeo\u00a0Musical,<\/strong> i ha batut tots els r\u00e8cords amb el seu nou \u00e0lbum\u00a0<em><strong><span class=\"hiddenSpellError\">Midnights<\/span>\u00a0<\/strong><\/em>que segurament ser\u00e0 un dels grans favorits als\u00a0<span class=\"hiddenSpellError\">Grammy<\/span>\u00a02024.<\/p>\n<p>&nbsp;<\/p>\n<h5><strong><b>Beyonce<\/b><\/strong><\/h5>\n<p><img loading=\"lazy\" decoding=\"async\" class=\"alignnone size-large wp-image-21674\" src=\"https:\/\/www.amatimmobiliaris.com\/w\/wp-content\/uploads\/2023\/02\/Beyonce-1-1024x210.jpg\" alt=\"\" width=\"800\" height=\"164\" srcset=\"https:\/\/www.amatimmobiliaris.com\/w\/wp-content\/uploads\/2023\/02\/Beyonce-1-1024x210.jpg 1024w, https:\/\/www.amatimmobiliaris.com\/w\/wp-content\/uploads\/2023\/02\/Beyonce-1-300x61.jpg 300w, https:\/\/www.amatimmobiliaris.com\/w\/wp-content\/uploads\/2023\/02\/Beyonce-1-768x157.jpg 768w, https:\/\/www.amatimmobiliaris.com\/w\/wp-content\/uploads\/2023\/02\/Beyonce-1.jpg 1157w\" sizes=\"(max-width: 800px) 100vw, 800px\" \/><\/p>\n<p style=\"text-align: justify;\"><strong>Beyonce<\/strong>\u00a0encap\u00e7alava la llista dels\u00a0<span class=\"hiddenSpellError\">Grammys<\/span>\u00a02023 amb 9 nominacions pel seu \u00e0lbum &#8216;<strong><span class=\"hiddenSpellError\">Renaissance<\/span><\/strong>&#8216;. \u00c0lbum que va crear durant la pand\u00e8mia i que va llan\u00e7ar sis anys despr\u00e9s del seu darrer disc. S&#8217;ha emportat a casa 4 estatuetes coronant-se aix\u00ed com la guanyadora m\u00e9s gran de la hist\u00f2ria dels Grammys. L&#8217;artista comparteix aquesta impressionant mansi\u00f3 amb Jay-Z, el seu marit. Valorada en <strong>45 milions de d\u00f2lars, aquesta mansi\u00f3 t\u00e9 123 habitacions<\/strong>. Amb aquesta quantitat d&#8217;habitacions no sorpr\u00e8n que alguna tingui un \u00fas m\u00e9s aviat curi\u00f3s&#8230; una discoteca, un teatre, una pista de bitlles, un aquari i un hort de c\u00edtrics.<\/p>\n<p>&nbsp;<\/p>\n<h5><strong><b>Harry Styles<\/b><\/strong><\/h5>\n<p><img loading=\"lazy\" decoding=\"async\" class=\"alignnone size-large wp-image-21695\" src=\"https:\/\/www.amatimmobiliaris.com\/w\/wp-content\/uploads\/2023\/02\/Harry-Styles-1024x210.jpg\" alt=\"\" width=\"800\" height=\"164\" srcset=\"https:\/\/www.amatimmobiliaris.com\/w\/wp-content\/uploads\/2023\/02\/Harry-Styles-1024x210.jpg 1024w, https:\/\/www.amatimmobiliaris.com\/w\/wp-content\/uploads\/2023\/02\/Harry-Styles-300x61.jpg 300w, https:\/\/www.amatimmobiliaris.com\/w\/wp-content\/uploads\/2023\/02\/Harry-Styles-768x157.jpg 768w, https:\/\/www.amatimmobiliaris.com\/w\/wp-content\/uploads\/2023\/02\/Harry-Styles.jpg 1158w\" sizes=\"(max-width: 800px) 100vw, 800px\" \/><\/p>\n<p style=\"text-align: left;\"><strong>Styles <\/strong>comptava amb sis nominacions gr\u00e0cies al seu tercer treball discogr\u00e0fic <strong>&#8216;Harry&#8217;s House&#8217;. <\/strong>L&#8217;\u00e0lbum que va batre diversos r\u00e8cords el 2022 i el single del qual, &#8216;<strong>As it was<\/strong><em><strong>&#8216;, <\/strong><\/em>era un dels favorits per endur-se el <strong><em>SOYT, Song Of The Year. <\/em><\/strong>Styles ha estat un dels grans guanyadors de la nit en ser reconegut amb<strong><em> AOYT, Album Of The Year. <\/em><\/strong>El cantant brit\u00e0nic va vendre aquesta impressionant<strong> mansi\u00f3 de Hollywood Hills el 2019 per $6.6 milions de d\u00f2lars. <\/strong>Amb terreny de<strong> 4,400 metres quadrats, la casa t\u00e9 4 habitacions, 5 banys, una m\u00e0ster suite, sala de cinema, cuina de xef, piscina, balneari i un pati del darrere privat.\u00a0<\/strong><\/p>\n<p>&nbsp;<\/p>\n<h5><strong><b>Adele<\/b><\/strong><\/h5>\n<p><img loading=\"lazy\" decoding=\"async\" class=\"alignnone size-large wp-image-21686\" src=\"https:\/\/www.amatimmobiliaris.com\/w\/wp-content\/uploads\/2023\/02\/Adele-1024x210.jpg\" alt=\"\" width=\"800\" height=\"164\" srcset=\"https:\/\/www.amatimmobiliaris.com\/w\/wp-content\/uploads\/2023\/02\/Adele-1024x210.jpg 1024w, https:\/\/www.amatimmobiliaris.com\/w\/wp-content\/uploads\/2023\/02\/Adele-300x61.jpg 300w, https:\/\/www.amatimmobiliaris.com\/w\/wp-content\/uploads\/2023\/02\/Adele-768x157.jpg 768w, https:\/\/www.amatimmobiliaris.com\/w\/wp-content\/uploads\/2023\/02\/Adele.jpg 1158w\" sizes=\"(max-width: 800px) 100vw, 800px\" \/><\/p>\n<p style=\"text-align: justify;\">Comptava amb 7 nominacions a la gala d&#8217;aquest any gr\u00e0cies a <strong>&#8217;30&#8217;, <\/strong>el seu \u00e0lbum m\u00e9s personal i quart disc d&#8217;estudi. L&#8217;artista optava a <strong>\u00c0lbum de l&#8217;any <\/strong>i el seu single &#8216;<strong><span class=\"hiddenSpellError\">Easy<\/span> On Me&#8217; <\/strong>era un dels favorits per emportar-se el guard\u00f3 a can\u00e7\u00f3 de l&#8217;any. L&#8217;artista, per\u00f2, nom\u00e9s s&#8217;ha pogut endur a casa el <strong><span class=\"hiddenSpellError\">Grammy<\/span>\u00a0a Millor Interpretaci\u00f3 Vocal Pop Solista. <\/strong>Adele no nom\u00e9s ha tret \u00e0lbum el 2022, sin\u00f3 que tamb\u00e9 es va comprar aquesta magn\u00edfica propietat per uns <strong>55 milions d&#8217;euros. <\/strong>La casa, que pertanyia a Sylvester Stallone, consta<strong> d&#8217;un terreny de 14.000 metres quadrats, amb un jard\u00ed immens, una piscina infinita, sis dormitoris i nou banys.<\/strong><\/p>\n<p>&nbsp;<\/p>\n<h5><strong><b>Bad Bunny<\/b><\/strong><\/h5>\n<p><img loading=\"lazy\" decoding=\"async\" class=\"alignnone size-large wp-image-21689\" src=\"https:\/\/www.amatimmobiliaris.com\/w\/wp-content\/uploads\/2023\/02\/Bad-Bunny-1024x264.jpg\" alt=\"\" width=\"800\" height=\"206\" srcset=\"https:\/\/www.amatimmobiliaris.com\/w\/wp-content\/uploads\/2023\/02\/Bad-Bunny-1024x264.jpg 1024w, https:\/\/www.amatimmobiliaris.com\/w\/wp-content\/uploads\/2023\/02\/Bad-Bunny-300x77.jpg 300w, https:\/\/www.amatimmobiliaris.com\/w\/wp-content\/uploads\/2023\/02\/Bad-Bunny-768x198.jpg 768w, https:\/\/www.amatimmobiliaris.com\/w\/wp-content\/uploads\/2023\/02\/Bad-Bunny.jpg 1158w\" sizes=\"(max-width: 800px) 100vw, 800px\" \/><\/p>\n<p style=\"text-align: justify;\">El creador del disc &#8216;<strong>Un Verano\u00a0Sin Ti<\/strong>&#8216; ha batut r\u00e8cords 2022. Ha estat l&#8217;artista m\u00e9s reprodu\u00eft a tot el m\u00f3n durant mesos, i ha fet hist\u00f2ria en aconseguir que el seu disc sigui el primer disc en espanyol a aspirar a<em> <strong><span class=\"hiddenSpellError\">AOTY<\/span>,\u00a0<span class=\"hiddenSpellError\">Album<\/span>\u00a0<span class=\"hiddenSpellError\">Of<\/span>\u00a0<span class=\"hiddenSpellError\">The<\/span>\u00a0<span class=\"hiddenSpellError\">Year<\/span>. <\/strong><\/em>A m\u00e9s, optava a dues nominacions m\u00e9s i s&#8217;ha endut a casa el <span class=\"hiddenSpellError\">Grammy<\/span> a\u00a0<strong>Millor\u00a0\u00c0lbum de M\u00fasica Urbana. <\/strong>No \u00e9s estrany que, despr\u00e9s d&#8217;aquest \u00e8xit, hagi decidit comprar-se una aquesta<strong> mansi\u00f3 envoltada de palmeres a Los Angeles. 680 m\u00b2, distribu\u00eft en dues plantes, amb 8 dormitoris, 4 banys, sal\u00f3, menjador, cuina i piscina.<\/strong><\/p>\n<p>&nbsp;<\/p>\n<h5><strong><b>Lizzo<\/b><\/strong><\/h5>\n<p style=\"text-align: justify;\">Comptava amb 5 nominacions, entre elles millor \u00e0lbum per &#8216;<strong>Special<\/strong>&#8216;, el seu quart \u00e0lbum, i millor can\u00e7\u00f3 pel single &#8216;<strong>About Damn Time i Grrls&#8217;. <\/strong>La can\u00e7\u00f3 ha estat tot un \u00e8xit i s&#8217;ha endut el premi\u00a0a <em><strong>Best Record Of The Year<\/strong><\/em>. La cantant es va comprar casa seva el 2022, per 15 milions de d\u00f2lars a Beverly Hills. La casa compta amb <strong>5.300\u202fm\u00b2 i est\u00e0 ubicada als turons de Beberly Hills.<\/strong> Aquesta casa t\u00e9 una <em><strong>infinity pool<\/strong> <\/em>impressionant i un disseny espectacular. Dona\u00a0una ullada al v\u00eddeo!<\/p>\n<div class=\"ratio ratio-16x9\"><iframe loading=\"lazy\" title=\"Maison Luxe - 9551 Oak Pass Road, Beverly Hills, Los Angeles\" width=\"800\" height=\"450\" src=\"https:\/\/www.youtube.com\/embed\/vVmZqI9O4pk?start=1&#038;feature=oembed\" frameborder=\"0\" allow=\"accelerometer; autoplay; clipboard-write; encrypted-media; gyroscope; picture-in-picture; web-share\" allowfullscreen><\/iframe><\/div>\n<p>&nbsp;<\/p>\n<h5><strong><b>DJ Khaled<\/b><\/strong><\/h5>\n<p><a href=\"https:\/\/i2.wp.com\/www.wikoliamusic.com\/blog\/wp-content\/uploads\/2017\/11\/djka.jpg?ssl=1\"><img loading=\"lazy\" decoding=\"async\" class=\"alignnone size-full wp-image-2546 jetpack-lazy-image td-animation-stack-type0-1 jetpack-lazy-image--handled\" src=\"https:\/\/i2.wp.com\/www.wikoliamusic.com\/blog\/wp-content\/uploads\/2017\/11\/djka.jpg?resize=696%2C328&amp;ssl=1\" sizes=\"(max-width: 696px) 100vw, 696px\" srcset=\"https:\/\/i2.wp.com\/www.wikoliamusic.com\/blog\/wp-content\/uploads\/2017\/11\/djka.jpg?w=700&amp;ssl=1 700w, https:\/\/i2.wp.com\/www.wikoliamusic.com\/blog\/wp-content\/uploads\/2017\/11\/djka.jpg?resize=300%2C141&amp;ssl=1 300w, https:\/\/i2.wp.com\/www.wikoliamusic.com\/blog\/wp-content\/uploads\/2017\/11\/djka.jpg?resize=696%2C328&amp;ssl=1 696w\" alt=\"\" width=\"696\" height=\"328\" data-attachment-id=\"2546\" data-permalink=\"https:\/\/www.wikoliamusic.com\/blog\/las-casas-mas-espectaculares-de-tus-artistas-favoritos-vol-1\/djka\/\" data-orig-file=\"https:\/\/i2.wp.com\/www.wikoliamusic.com\/blog\/wp-content\/uploads\/2017\/11\/djka.jpg?fit=700%2C330&amp;ssl=1\" data-orig-size=\"700,330\" data-comments-opened=\"1\" data-image-meta=\"{&quot;aperture&quot;:&quot;0&quot;,&quot;credit&quot;:&quot;&quot;,&quot;camera&quot;:&quot;&quot;,&quot;caption&quot;:&quot;&quot;,&quot;created_timestamp&quot;:&quot;0&quot;,&quot;copyright&quot;:&quot;&quot;,&quot;focal_length&quot;:&quot;0&quot;,&quot;iso&quot;:&quot;0&quot;,&quot;shutter_speed&quot;:&quot;0&quot;,&quot;title&quot;:&quot;&quot;,&quot;orientation&quot;:&quot;1&quot;}\" data-image-title=\"dj-khaled-casa-wikolia\" data-image-description=\"\" data-image-caption=\"\" data-medium-file=\"https:\/\/i2.wp.com\/www.wikoliamusic.com\/blog\/wp-content\/uploads\/2017\/11\/djka.jpg?fit=300%2C141&amp;ssl=1\" data-large-file=\"https:\/\/i2.wp.com\/www.wikoliamusic.com\/blog\/wp-content\/uploads\/2017\/11\/djka.jpg?fit=696%2C328&amp;ssl=1\" data-recalc-dims=\"1\" data-lazy-loaded=\"1\" \/><\/a><\/p>\n<p style=\"text-align: justify;\">Un geni del hip-hop que comptava amb 6 nominacions, entre elles <strong>\u00c0lbum de l&#8217;Any, Can\u00e7\u00f3 de l&#8217;Any i Millor \u00c0lbum de Rap<\/strong>, pel qual s&#8217;ha endut el\u00a0<span class=\"hiddenSpellError\">Grammy<\/span>, gr\u00e0cies a l&#8217;\u00e0lbum <span class=\"hiddenSpellError\"><strong>Good<\/strong><\/span><strong>\u00a0<span class=\"hiddenSpellError\">Morning<\/span>\u00a0<span class=\"hiddenSpellError\">Gorgeous<\/span>.<\/strong> La seva espectacular casa a\u00a0<span class=\"hiddenSpellError\">Beberly<\/span>\u00a0<span class=\"hiddenSpellError\">Hills<\/span>,\u00a0t\u00e9<strong>\u00a07 dormitoris, 11 banys, cinema propi, gimn\u00e0s, estudi d&#8217;enregistrament<\/strong> i una \u00e0rea espec\u00edfica d&#8217;esmorzar amb majordoms. A m\u00e9s, l&#8217;exterior de la casa t\u00e9 piscina,\u00a0balneari, cuina a l&#8217;aire lliure i dos patis.<\/p>\n<h5><strong><b>Selena G\u00f3mez<\/b><\/strong><\/h5>\n<p><img loading=\"lazy\" decoding=\"async\" class=\"alignnone size-large wp-image-21699\" src=\"https:\/\/www.amatimmobiliaris.com\/w\/wp-content\/uploads\/2023\/02\/Selena-Gomez-1024x593.jpg\" alt=\"\" width=\"800\" height=\"463\" srcset=\"https:\/\/www.amatimmobiliaris.com\/w\/wp-content\/uploads\/2023\/02\/Selena-Gomez-1024x593.jpg 1024w, https:\/\/www.amatimmobiliaris.com\/w\/wp-content\/uploads\/2023\/02\/Selena-Gomez-300x174.jpg 300w, https:\/\/www.amatimmobiliaris.com\/w\/wp-content\/uploads\/2023\/02\/Selena-Gomez-768x445.jpg 768w, https:\/\/www.amatimmobiliaris.com\/w\/wp-content\/uploads\/2023\/02\/Selena-Gomez.jpg 1158w\" sizes=\"(max-width: 800px) 100vw, 800px\" \/><\/p>\n<p style=\"text-align: justify;\">L&#8217;artista est\u00e0 d&#8217;enhorabona aquest any, despr\u00e9s de rebre la seva primera nominaci\u00f3 a un <strong>Globus d&#8217;Or. <\/strong>A m\u00e9s, va participar\u00a0en l&#8217;\u00e0lbum de <em><strong>Coldplay, &#8216;<\/strong><\/em><strong><span class=\"hiddenSpellError\">The<\/span><\/strong><strong>\u00a0Music\u00a0<span class=\"hiddenSpellError\">of<\/span>\u00a0<span class=\"hiddenSpellError\">the<\/span><\/strong><strong><span class=\"hiddenSpellError\">Spheres<\/span><\/strong><em><strong><span class=\"hiddenSpellError\">&#8216;<\/span>, <\/strong><\/em>el qual optava a 3 premis Grammy. L&#8217;actriu i cantant va comprar el 2020 per uns <strong>4,5 milions d&#8217;euros <\/strong>aquesta gran propietat situada a\u00a0<span class=\"hiddenSpellError\">Encino<\/span>, Calif\u00f2rnia. La casa compta amb <strong>m\u00e9s de 1.000 metres quadrats distribu\u00efts en tres plantes.<\/strong><\/p>\n<h5><strong><b>Rihanna<\/b><\/strong><\/h5>\n<p><a href=\"https:\/\/www.chafarderias.com\/celebrities\/donde-esta-viviendo-rihanna-en-2023_11615_102.html\" class=\"broken_link\" rel=\"nofollow\"><img loading=\"lazy\" decoding=\"async\" class=\"alignnone\" src=\"https:\/\/www.chafarderias.com\/uploads\/s1\/26\/81\/65\/mas-detalles-de-la-casa-de-rihanna.jpeg\" alt=\"M\u00e1s detalles de la casa de Rihanna\" width=\"2000\" height=\"1126\" \/><\/a><\/p>\n<p style=\"text-align: justify;\">La artista de Barbados torna a la m\u00fasica despr\u00e9s de sis anys fora dels escenaris. Rihanna ha enregistrat <em><strong><span class=\"hiddenGrammarError\">Lift<\/span>\u00a0Me Up <\/strong><\/em>per a<strong><em> Black Panther:\u00a0<span class=\"hiddenSpellError\">Wakanda<\/span>\u00a0<span class=\"hiddenSpellError\">Forever<\/span><\/em>, <\/strong>la nova pel\u00b7l\u00edcula\u00a0d&#8217;acci\u00f3\u00a0de Marvel, can\u00e7\u00f3 nominada a<strong>\u00a0l&#8217;Oscar\u00a0a Millor Can\u00e7\u00f3 2023.\u00a0<\/strong>L&#8217;artista t\u00e9 diverses propietats, per\u00f2 ens centrarem en la seva mansi\u00f3 de Los Angeles. La<strong> casa de\u00a0700\u202fm\u00b2 en una propietat de m\u00e9s de\u00a02.000\u202fm\u00b2 la compro per 13,8 milions de d\u00f2lars<\/strong> i est\u00e0 envoltada de vegetaci\u00f3 i jardins. La casa compta, a m\u00e9s, amb un gran <strong>vest\u00edbul, un pati central amb terrassa, piscina,\u00a0balneari, 5 habitacions exteriors i set banys.<\/strong><\/p>\n<p>&nbsp;<\/p>\n<h5><strong><b>Miley Cyrus<\/b><\/strong><\/h5>\n<p><img loading=\"lazy\" decoding=\"async\" class=\"alignnone size-large wp-image-21692\" src=\"https:\/\/www.amatimmobiliaris.com\/w\/wp-content\/uploads\/2023\/02\/Flowers-1024x210.jpg\" alt=\"\" width=\"800\" height=\"164\" srcset=\"https:\/\/www.amatimmobiliaris.com\/w\/wp-content\/uploads\/2023\/02\/Flowers-1024x210.jpg 1024w, https:\/\/www.amatimmobiliaris.com\/w\/wp-content\/uploads\/2023\/02\/Flowers-300x61.jpg 300w, https:\/\/www.amatimmobiliaris.com\/w\/wp-content\/uploads\/2023\/02\/Flowers-768x157.jpg 768w, https:\/\/www.amatimmobiliaris.com\/w\/wp-content\/uploads\/2023\/02\/Flowers.jpg 1157w\" sizes=\"(max-width: 800px) 100vw, 800px\" \/><\/p>\n<p style=\"text-align: justify;\">La cantant ho ha conquerit tot amb el seu single <em><strong><span class=\"hiddenSpellError\">Flowers<\/span><\/strong><\/em>. Ha trencat tots els r\u00e8cords a Spotify des del seu llan\u00e7ament al gener, no nom\u00e9s pel seu ritme, sin\u00f3 tamb\u00e9 pel missatge que s&#8217;amaga a la lletra. L&#8217;artista ha enregistrat el videoclip de la can\u00e7\u00f3 en aquesta mansi\u00f3 de Los Angeles,<strong> valorada en 5.280.000 \u20ac<\/strong>. Per a aquells que pens\u00e9ssiu comprar-la&#8230; no est\u00e0 a la venda. \u00c9s una casa familiar, constru\u00efda el 1952 i ocupa una finca de prop de 48 hect\u00e0rees. Us deixem el videoclip per aqu\u00ed perqu\u00e8 li\u00a0doneu\u00a0un cop d&#8217;ull a aquesta magn\u00edfica casa.<\/p>\n<div class=\"ratio ratio-16x9\"><iframe loading=\"lazy\" title=\"Miley Cyrus - Flowers (Official Video)\" width=\"800\" height=\"450\" src=\"https:\/\/www.youtube.com\/embed\/G7KNmW9a75Y?feature=oembed\" frameborder=\"0\" allow=\"accelerometer; autoplay; clipboard-write; encrypted-media; gyroscope; picture-in-picture; web-share\" allowfullscreen><\/iframe><\/div>\n<p>&nbsp;<\/p>\n<h5><strong><b>Taylor Swift<\/b><\/strong><\/h5>\n<p><img loading=\"lazy\" decoding=\"async\" class=\"alignnone size-large wp-image-21712\" src=\"https:\/\/www.amatimmobiliaris.com\/w\/wp-content\/uploads\/2023\/02\/Taylor-Swift-1024x210.jpg\" alt=\"\" width=\"800\" height=\"164\" srcset=\"https:\/\/www.amatimmobiliaris.com\/w\/wp-content\/uploads\/2023\/02\/Taylor-Swift-1024x210.jpg 1024w, https:\/\/www.amatimmobiliaris.com\/w\/wp-content\/uploads\/2023\/02\/Taylor-Swift-300x61.jpg 300w, https:\/\/www.amatimmobiliaris.com\/w\/wp-content\/uploads\/2023\/02\/Taylor-Swift-768x157.jpg 768w, https:\/\/www.amatimmobiliaris.com\/w\/wp-content\/uploads\/2023\/02\/Taylor-Swift.jpg 1157w\" sizes=\"(max-width: 800px) 100vw, 800px\" \/><\/p>\n<p style=\"text-align: justify;\"><span class=\"hiddenSpellError\">S\u00ed, l&#8217;artista americana ha tret &#8216;<strong>Midgnights<\/strong>&#8216; i ha estat tot un \u00e8xit. Gr\u00e0cies al seu des\u00e8 \u00e0lbum s&#8217;ha convertit en la <a href=\"https:\/\/elle.mx\/celebridades\/2022\/10\/31\/taylor-swift-la-primera-artista-en-ocupar-todo-el-top-10-de-billboard-hot-100\" target=\"_blank\" rel=\"noopener\">primera artista a ocupar tot el Top 10 de Billboard Hot 100<\/a>, per\u00f2 les seves nominacions als Grammy d&#8217;aquest any res tenien a veure amb aquest \u00e0lbum, si no amb <strong>Red (Taylor&#8217;s Version)<\/strong>. La seva\u00a0reagravaci\u00f3\u00a0de l&#8217;\u00e0lbum &#8216;<strong><span class=\"hiddenGrammarError\">Red<\/span><\/strong>&#8216;, publicat fa\u00a0<span class=\"hiddenGreenError\">9<\/span>\u00a0anys, es va guanyar 3 nominacions, incl\u00f2s <em><strong>Best\u00a0<span class=\"hiddenGreenError\">Music<\/span>\u00a0Video<\/strong><\/em>, premi que Taylor s&#8217;ha endut a casa pel seu curtmetratge &#8216;<strong>All\u00a0Too\u00a0Well:\u00a0The\u00a0Short\u00a0Film<\/strong>&#8216;, una de les can\u00e7ons favorites\u00a0dels\u00a0Swifties.<\/span><\/p>\n<p>&nbsp;<\/p>\n<p style=\"text-align: justify;\">La compositora t\u00e9 diverses propietats, per\u00f2 una de les m\u00e9s famoses sempre ha estat la que va ser casa seva a<strong>Rhode Island, on Taylor celebrava les seves famoses festes del 4 de juliol. <\/strong>La cantant va vendre l&#8217;any passat aquesta mansi\u00f3,<strong> valorada en 17 milions de d\u00f2lars, <\/strong>que compta amb un<strong> terreny \u00e9s de 1.022 metres quadrats, vuit dormitoris, deu cambres de bany i vuit xemeneies.<\/strong><\/p>\n<p>&nbsp;<\/p>\n<p style=\"text-align: justify;\">Taylor fa refer\u00e8ncia a <em><span class=\"hiddenSpellError\">Holiday<\/span>\u00a0<span class=\"hiddenSpellError\">House<\/span><\/em>\u00a0a &#8220;<strong><span class=\"hiddenSpellError\">The<\/span>\u00a0<span class=\"hiddenSpellError\">Last<\/span>\u00a0<span class=\"hiddenSpellError\">Great<\/span>\u00a0<span class=\"hiddenSpellError\">American<\/span>\u00a0<span class=\"hiddenSpellError\">Dynasty<\/span><\/strong>&#8221; on narra la hist\u00f2ria i satiritza la difamaci\u00f3 de la <em><span class=\"hiddenSpellError\">socialit\u00e9<\/span>\u00a0<\/em>i compositora nord-americana\u00a0<span class=\"hiddenSpellError\">Rebekah<\/span>\u00a0<span class=\"hiddenSpellError\">Harkness<\/span>, qui va viure anteriorment a la mansi\u00f3.<\/p>\n<div class=\"ratio ratio-16x9\"><iframe loading=\"lazy\" title=\"Taylor Swift - the last great american dynasty (Official Lyric Video)\" width=\"800\" height=\"450\" src=\"https:\/\/www.youtube.com\/embed\/2s5xdY6MCeI?feature=oembed\" frameborder=\"0\" allow=\"accelerometer; autoplay; clipboard-write; encrypted-media; gyroscope; picture-in-picture; web-share\" allowfullscreen><\/iframe><\/div>\n<p style=\"text-align: justify;\">Quina \u00e9s casa vostra favorites? Qui s&#8217;emporta el\u00a0<span class=\"hiddenSpellError\">Grammy<\/span>\u00a0a casa millor?<\/p>\n","protected":false},"excerpt":{"rendered":"<p>La 65a edici\u00f3 dels premis Grammy es va celebrar aquest diumenge 5 febrer. Fem un rep\u00e0s de les cases dels guanyadors a l&#8217;edici\u00f3 aquest any. &nbsp; Tots aquests m\u00fasics s\u00f3n guanyadors pel que fa a les seves cases de somni. Normal, ja que si triomfes al m\u00f3n de la m\u00fasica, pots permetre\u00a0el luxe de tenir [&hellip;]<\/p>\n","protected":false},"author":1,"featured_media":21717,"comment_status":"closed","ping_status":"closed","sticky":false,"template":"","format":"standard","meta":{"content-type":"","footnotes":""},"categories":[1151,1158],"tags":[727,1685,573,697,1690,73,262,1681,342,312,699,239,674,1722,1618,89,641,700],"yoast_head":"<!-- This site is optimized with the Yoast SEO plugin v23.9 - https:\/\/yoast.com\/wordpress\/plugins\/seo\/ -->\n<title>Les cases dels guanyadors dels Grammy 2023 | Amat Immobiliaris<\/title>\n<meta name=\"description\" content=\"Fem un rep\u00e0s de les cases dels guanyadors a l&#039;edici\u00f3 aquest any.Hem reunit 10 cases d&#039;artistes, entre les quals hi ha alguns dels guanyadors dels premis Grammy 2023.\" \/>\n<meta name=\"robots\" content=\"index, follow, max-snippet:-1, max-image-preview:large, max-video-preview:-1\" \/>\n<link rel=\"canonical\" href=\"https:\/\/www.amatimmobiliaris.com\/w\/ca\/2023\/02\/les-cases-dels-guanyadors-dels-grammy-2023\/\" \/>\n<meta property=\"og:locale\" content=\"ca_ES\" \/>\n<meta property=\"og:type\" content=\"article\" \/>\n<meta property=\"og:title\" content=\"Les cases dels guanyadors dels Grammy 2023 | Amat Immobiliaris\" \/>\n<meta property=\"og:description\" content=\"Fem un rep\u00e0s de les cases dels guanyadors a l&#039;edici\u00f3 aquest any.Hem reunit 10 cases d&#039;artistes, entre les quals hi ha alguns dels guanyadors dels premis Grammy 2023.\" \/>\n<meta property=\"og:url\" content=\"https:\/\/www.amatimmobiliaris.com\/w\/ca\/2023\/02\/les-cases-dels-guanyadors-dels-grammy-2023\/\" \/>\n<meta property=\"og:site_name\" content=\"Amat Immobiliaris\" \/>\n<meta property=\"article:publisher\" content=\"https:\/\/www.facebook.com\/amatimmobiliaris\" \/>\n<meta property=\"article:published_time\" content=\"2023-02-06T08:30:11+00:00\" \/>\n<meta property=\"article:modified_time\" content=\"2023-05-05T10:14:22+00:00\" \/>\n<meta property=\"og:image\" content=\"https:\/\/www.amatimmobiliaris.com\/w\/wp-content\/uploads\/2023\/02\/Portada.jpg\" \/>\n\t<meta property=\"og:image:width\" content=\"1157\" \/>\n\t<meta property=\"og:image:height\" content=\"237\" \/>\n\t<meta property=\"og:image:type\" content=\"image\/jpeg\" \/>\n<meta name=\"author\" content=\"Amat Immobiliaris\" \/>\n<meta name=\"twitter:card\" content=\"summary_large_image\" \/>\n<meta name=\"twitter:creator\" content=\"@amat_cat\" \/>\n<meta name=\"twitter:site\" content=\"@amat_cat\" \/>\n<meta name=\"twitter:label1\" content=\"Escrit per\" \/>\n\t<meta name=\"twitter:data1\" content=\"Amat Immobiliaris\" \/>\n\t<meta name=\"twitter:label2\" content=\"Temps estimat de lectura\" \/>\n\t<meta name=\"twitter:data2\" content=\"8 minuts\" \/>\n<script type=\"application\/ld+json\" class=\"yoast-schema-graph\">{\"@context\":\"https:\/\/schema.org\",\"@graph\":[{\"@type\":\"Article\",\"@id\":\"https:\/\/www.amatimmobiliaris.com\/w\/ca\/2023\/02\/les-cases-dels-guanyadors-dels-grammy-2023\/#article\",\"isPartOf\":{\"@id\":\"https:\/\/www.amatimmobiliaris.com\/w\/ca\/2023\/02\/les-cases-dels-guanyadors-dels-grammy-2023\/\"},\"author\":{\"name\":\"Amat Immobiliaris\",\"@id\":\"https:\/\/www.amatimmobiliaris.com\/w\/#\/schema\/person\/c880da71d1e156e7ea6774ffb445e034\"},\"headline\":\"Les cases dels guanyadors dels Grammy 2023\",\"datePublished\":\"2023-02-06T08:30:11+00:00\",\"dateModified\":\"2023-05-05T10:14:22+00:00\",\"mainEntityOfPage\":{\"@id\":\"https:\/\/www.amatimmobiliaris.com\/w\/ca\/2023\/02\/les-cases-dels-guanyadors-dels-grammy-2023\/\"},\"wordCount\":1404,\"publisher\":{\"@id\":\"https:\/\/www.amatimmobiliaris.com\/w\/#organization\"},\"image\":{\"@id\":\"https:\/\/www.amatimmobiliaris.com\/w\/ca\/2023\/02\/les-cases-dels-guanyadors-dels-grammy-2023\/#primaryimage\"},\"thumbnailUrl\":\"https:\/\/www.amatimmobiliaris.com\/w\/wp-content\/uploads\/2023\/02\/Portada.jpg\",\"keywords\":[\"Amat Luxury\",\"AmatCultura\",\"Arquitectura\",\"Casa\",\"Cine\",\"Cultura\",\"Habitaci\u00f3\",\"Habitatge\",\"Immobiliaria\",\"Immoble\",\"Llar de foc\",\"Luxe\",\"Mercat immobiliari\",\"Pel\u00b7l\u00edcula\",\"Premi\",\"Sector immobiliari\",\"Terrassa\",\"Xemeneia\"],\"articleSection\":[\"Arquitectura i decoraci\u00f3\",\"Pisos destacats\"],\"inLanguage\":\"ca\"},{\"@type\":\"WebPage\",\"@id\":\"https:\/\/www.amatimmobiliaris.com\/w\/ca\/2023\/02\/les-cases-dels-guanyadors-dels-grammy-2023\/\",\"url\":\"https:\/\/www.amatimmobiliaris.com\/w\/ca\/2023\/02\/les-cases-dels-guanyadors-dels-grammy-2023\/\",\"name\":\"Les cases dels guanyadors dels Grammy 2023 | Amat Immobiliaris\",\"isPartOf\":{\"@id\":\"https:\/\/www.amatimmobiliaris.com\/w\/#website\"},\"primaryImageOfPage\":{\"@id\":\"https:\/\/www.amatimmobiliaris.com\/w\/ca\/2023\/02\/les-cases-dels-guanyadors-dels-grammy-2023\/#primaryimage\"},\"image\":{\"@id\":\"https:\/\/www.amatimmobiliaris.com\/w\/ca\/2023\/02\/les-cases-dels-guanyadors-dels-grammy-2023\/#primaryimage\"},\"thumbnailUrl\":\"https:\/\/www.amatimmobiliaris.com\/w\/wp-content\/uploads\/2023\/02\/Portada.jpg\",\"datePublished\":\"2023-02-06T08:30:11+00:00\",\"dateModified\":\"2023-05-05T10:14:22+00:00\",\"description\":\"Fem un rep\u00e0s de les cases dels guanyadors a l'edici\u00f3 aquest any.Hem reunit 10 cases d'artistes, entre les quals hi ha alguns dels guanyadors dels premis Grammy 2023.\",\"breadcrumb\":{\"@id\":\"https:\/\/www.amatimmobiliaris.com\/w\/ca\/2023\/02\/les-cases-dels-guanyadors-dels-grammy-2023\/#breadcrumb\"},\"inLanguage\":\"ca\",\"potentialAction\":[{\"@type\":\"ReadAction\",\"target\":[\"https:\/\/www.amatimmobiliaris.com\/w\/ca\/2023\/02\/les-cases-dels-guanyadors-dels-grammy-2023\/\"]}]},{\"@type\":\"ImageObject\",\"inLanguage\":\"ca\",\"@id\":\"https:\/\/www.amatimmobiliaris.com\/w\/ca\/2023\/02\/les-cases-dels-guanyadors-dels-grammy-2023\/#primaryimage\",\"url\":\"https:\/\/www.amatimmobiliaris.com\/w\/wp-content\/uploads\/2023\/02\/Portada.jpg\",\"contentUrl\":\"https:\/\/www.amatimmobiliaris.com\/w\/wp-content\/uploads\/2023\/02\/Portada.jpg\",\"width\":1157,\"height\":237,\"caption\":\"Casa de artistas Gramyys\"},{\"@type\":\"BreadcrumbList\",\"@id\":\"https:\/\/www.amatimmobiliaris.com\/w\/ca\/2023\/02\/les-cases-dels-guanyadors-dels-grammy-2023\/#breadcrumb\",\"itemListElement\":[{\"@type\":\"ListItem\",\"position\":1,\"name\":\"Home\",\"item\":\"https:\/\/www.amatimmobiliaris.com\/w\/ca\/\"},{\"@type\":\"ListItem\",\"position\":2,\"name\":\"Arquitectura i decoraci\u00f3\",\"item\":\"https:\/\/www.amatimmobiliaris.com\/w\/ca\/categoria-ca\/arquitectura-i-decoracio-ca\/\"},{\"@type\":\"ListItem\",\"position\":3,\"name\":\"Les cases dels guanyadors dels Grammy 2023\"}]},{\"@type\":\"WebSite\",\"@id\":\"https:\/\/www.amatimmobiliaris.com\/w\/#website\",\"url\":\"https:\/\/www.amatimmobiliaris.com\/w\/\",\"name\":\"Amat Immobiliaris\",\"description\":\"Empresa familiar del sector inmobiliario con oficinas en Barcelona, Sant Cugat del Vall\u00e9s y Sant Just Desvern. Te ayudamos a comprar, alquilar o vender tu casa o piso. Somos un equipo coherente con una cultura de empresa honesta, innovadora y eficaz. Tambi\u00e9n en www.amatluxury.com\",\"publisher\":{\"@id\":\"https:\/\/www.amatimmobiliaris.com\/w\/#organization\"},\"alternateName\":\"AmatImmo\",\"potentialAction\":[{\"@type\":\"SearchAction\",\"target\":{\"@type\":\"EntryPoint\",\"urlTemplate\":\"https:\/\/www.amatimmobiliaris.com\/w\/?s={search_term_string}\"},\"query-input\":{\"@type\":\"PropertyValueSpecification\",\"valueRequired\":true,\"valueName\":\"search_term_string\"}}],\"inLanguage\":\"ca\"},{\"@type\":\"Organization\",\"@id\":\"https:\/\/www.amatimmobiliaris.com\/w\/#organization\",\"name\":\"Amat Immobiliaris\",\"url\":\"https:\/\/www.amatimmobiliaris.com\/w\/\",\"logo\":{\"@type\":\"ImageObject\",\"inLanguage\":\"ca\",\"@id\":\"https:\/\/www.amatimmobiliaris.com\/w\/#\/schema\/logo\/image\/\",\"url\":\"https:\/\/www.amatimmobiliaris.com\/w\/wp-content\/uploads\/2022\/10\/amat-logo.jpg\",\"contentUrl\":\"https:\/\/www.amatimmobiliaris.com\/w\/wp-content\/uploads\/2022\/10\/amat-logo.jpg\",\"width\":900,\"height\":900,\"caption\":\"Amat Immobiliaris\"},\"image\":{\"@id\":\"https:\/\/www.amatimmobiliaris.com\/w\/#\/schema\/logo\/image\/\"},\"sameAs\":[\"https:\/\/www.facebook.com\/amatimmobiliaris\",\"https:\/\/x.com\/amat_cat\",\"https:\/\/www.instagram.com\/amat_immo\/\",\"https:\/\/www.linkedin.com\/company\/amat-finques\/\",\"https:\/\/www.youtube.com\/@amatimmobiliaris\"]},{\"@type\":\"Person\",\"@id\":\"https:\/\/www.amatimmobiliaris.com\/w\/#\/schema\/person\/c880da71d1e156e7ea6774ffb445e034\",\"name\":\"Amat Immobiliaris\",\"sameAs\":[\"http:\/\/amat-inmo-wp.localhost\"]}]}<\/script>\n<!-- \/ Yoast SEO plugin. -->","yoast_head_json":{"title":"Les cases dels guanyadors dels Grammy 2023 | Amat Immobiliaris","description":"Fem un rep\u00e0s de les cases dels guanyadors a l'edici\u00f3 aquest any.Hem reunit 10 cases d'artistes, entre les quals hi ha alguns dels guanyadors dels premis Grammy 2023.","robots":{"index":"index","follow":"follow","max-snippet":"max-snippet:-1","max-image-preview":"max-image-preview:large","max-video-preview":"max-video-preview:-1"},"canonical":"https:\/\/www.amatimmobiliaris.com\/w\/ca\/2023\/02\/les-cases-dels-guanyadors-dels-grammy-2023\/","og_locale":"ca_ES","og_type":"article","og_title":"Les cases dels guanyadors dels Grammy 2023 | Amat Immobiliaris","og_description":"Fem un rep\u00e0s de les cases dels guanyadors a l'edici\u00f3 aquest any.Hem reunit 10 cases d'artistes, entre les quals hi ha alguns dels guanyadors dels premis Grammy 2023.","og_url":"https:\/\/www.amatimmobiliaris.com\/w\/ca\/2023\/02\/les-cases-dels-guanyadors-dels-grammy-2023\/","og_site_name":"Amat Immobiliaris","article_publisher":"https:\/\/www.facebook.com\/amatimmobiliaris","article_published_time":"2023-02-06T08:30:11+00:00","article_modified_time":"2023-05-05T10:14:22+00:00","og_image":[{"width":1157,"height":237,"url":"https:\/\/www.amatimmobiliaris.com\/w\/wp-content\/uploads\/2023\/02\/Portada.jpg","type":"image\/jpeg"}],"author":"Amat Immobiliaris","twitter_card":"summary_large_image","twitter_creator":"@amat_cat","twitter_site":"@amat_cat","twitter_misc":{"Escrit per":"Amat Immobiliaris","Temps estimat de lectura":"8 minuts"},"schema":{"@context":"https:\/\/schema.org","@graph":[{"@type":"Article","@id":"https:\/\/www.amatimmobiliaris.com\/w\/ca\/2023\/02\/les-cases-dels-guanyadors-dels-grammy-2023\/#article","isPartOf":{"@id":"https:\/\/www.amatimmobiliaris.com\/w\/ca\/2023\/02\/les-cases-dels-guanyadors-dels-grammy-2023\/"},"author":{"name":"Amat Immobiliaris","@id":"https:\/\/www.amatimmobiliaris.com\/w\/#\/schema\/person\/c880da71d1e156e7ea6774ffb445e034"},"headline":"Les cases dels guanyadors dels Grammy 2023","datePublished":"2023-02-06T08:30:11+00:00","dateModified":"2023-05-05T10:14:22+00:00","mainEntityOfPage":{"@id":"https:\/\/www.amatimmobiliaris.com\/w\/ca\/2023\/02\/les-cases-dels-guanyadors-dels-grammy-2023\/"},"wordCount":1404,"publisher":{"@id":"https:\/\/www.amatimmobiliaris.com\/w\/#organization"},"image":{"@id":"https:\/\/www.amatimmobiliaris.com\/w\/ca\/2023\/02\/les-cases-dels-guanyadors-dels-grammy-2023\/#primaryimage"},"thumbnailUrl":"https:\/\/www.amatimmobiliaris.com\/w\/wp-content\/uploads\/2023\/02\/Portada.jpg","keywords":["Amat Luxury","AmatCultura","Arquitectura","Casa","Cine","Cultura","Habitaci\u00f3","Habitatge","Immobiliaria","Immoble","Llar de foc","Luxe","Mercat immobiliari","Pel\u00b7l\u00edcula","Premi","Sector immobiliari","Terrassa","Xemeneia"],"articleSection":["Arquitectura i decoraci\u00f3","Pisos destacats"],"inLanguage":"ca"},{"@type":"WebPage","@id":"https:\/\/www.amatimmobiliaris.com\/w\/ca\/2023\/02\/les-cases-dels-guanyadors-dels-grammy-2023\/","url":"https:\/\/www.amatimmobiliaris.com\/w\/ca\/2023\/02\/les-cases-dels-guanyadors-dels-grammy-2023\/","name":"Les cases dels guanyadors dels Grammy 2023 | Amat Immobiliaris","isPartOf":{"@id":"https:\/\/www.amatimmobiliaris.com\/w\/#website"},"primaryImageOfPage":{"@id":"https:\/\/www.amatimmobiliaris.com\/w\/ca\/2023\/02\/les-cases-dels-guanyadors-dels-grammy-2023\/#primaryimage"},"image":{"@id":"https:\/\/www.amatimmobiliaris.com\/w\/ca\/2023\/02\/les-cases-dels-guanyadors-dels-grammy-2023\/#primaryimage"},"thumbnailUrl":"https:\/\/www.amatimmobiliaris.com\/w\/wp-content\/uploads\/2023\/02\/Portada.jpg","datePublished":"2023-02-06T08:30:11+00:00","dateModified":"2023-05-05T10:14:22+00:00","description":"Fem un rep\u00e0s de les cases dels guanyadors a l'edici\u00f3 aquest any.Hem reunit 10 cases d'artistes, entre les quals hi ha alguns dels guanyadors dels premis Grammy 2023.","breadcrumb":{"@id":"https:\/\/www.amatimmobiliaris.com\/w\/ca\/2023\/02\/les-cases-dels-guanyadors-dels-grammy-2023\/#breadcrumb"},"inLanguage":"ca","potentialAction":[{"@type":"ReadAction","target":["https:\/\/www.amatimmobiliaris.com\/w\/ca\/2023\/02\/les-cases-dels-guanyadors-dels-grammy-2023\/"]}]},{"@type":"ImageObject","inLanguage":"ca","@id":"https:\/\/www.amatimmobiliaris.com\/w\/ca\/2023\/02\/les-cases-dels-guanyadors-dels-grammy-2023\/#primaryimage","url":"https:\/\/www.amatimmobiliaris.com\/w\/wp-content\/uploads\/2023\/02\/Portada.jpg","contentUrl":"https:\/\/www.amatimmobiliaris.com\/w\/wp-content\/uploads\/2023\/02\/Portada.jpg","width":1157,"height":237,"caption":"Casa de artistas Gramyys"},{"@type":"BreadcrumbList","@id":"https:\/\/www.amatimmobiliaris.com\/w\/ca\/2023\/02\/les-cases-dels-guanyadors-dels-grammy-2023\/#breadcrumb","itemListElement":[{"@type":"ListItem","position":1,"name":"Home","item":"https:\/\/www.amatimmobiliaris.com\/w\/ca\/"},{"@type":"ListItem","position":2,"name":"Arquitectura i decoraci\u00f3","item":"https:\/\/www.amatimmobiliaris.com\/w\/ca\/categoria-ca\/arquitectura-i-decoracio-ca\/"},{"@type":"ListItem","position":3,"name":"Les cases dels guanyadors dels Grammy 2023"}]},{"@type":"WebSite","@id":"https:\/\/www.amatimmobiliaris.com\/w\/#website","url":"https:\/\/www.amatimmobiliaris.com\/w\/","name":"Amat Immobiliaris","description":"Empresa familiar del sector inmobiliario con oficinas en Barcelona, Sant Cugat del Vall\u00e9s y Sant Just Desvern. Te ayudamos a comprar, alquilar o vender tu casa o piso. Somos un equipo coherente con una cultura de empresa honesta, innovadora y eficaz. Tambi\u00e9n en www.amatluxury.com","publisher":{"@id":"https:\/\/www.amatimmobiliaris.com\/w\/#organization"},"alternateName":"AmatImmo","potentialAction":[{"@type":"SearchAction","target":{"@type":"EntryPoint","urlTemplate":"https:\/\/www.amatimmobiliaris.com\/w\/?s={search_term_string}"},"query-input":{"@type":"PropertyValueSpecification","valueRequired":true,"valueName":"search_term_string"}}],"inLanguage":"ca"},{"@type":"Organization","@id":"https:\/\/www.amatimmobiliaris.com\/w\/#organization","name":"Amat Immobiliaris","url":"https:\/\/www.amatimmobiliaris.com\/w\/","logo":{"@type":"ImageObject","inLanguage":"ca","@id":"https:\/\/www.amatimmobiliaris.com\/w\/#\/schema\/logo\/image\/","url":"https:\/\/www.amatimmobiliaris.com\/w\/wp-content\/uploads\/2022\/10\/amat-logo.jpg","contentUrl":"https:\/\/www.amatimmobiliaris.com\/w\/wp-content\/uploads\/2022\/10\/amat-logo.jpg","width":900,"height":900,"caption":"Amat Immobiliaris"},"image":{"@id":"https:\/\/www.amatimmobiliaris.com\/w\/#\/schema\/logo\/image\/"},"sameAs":["https:\/\/www.facebook.com\/amatimmobiliaris","https:\/\/x.com\/amat_cat","https:\/\/www.instagram.com\/amat_immo\/","https:\/\/www.linkedin.com\/company\/amat-finques\/","https:\/\/www.youtube.com\/@amatimmobiliaris"]},{"@type":"Person","@id":"https:\/\/www.amatimmobiliaris.com\/w\/#\/schema\/person\/c880da71d1e156e7ea6774ffb445e034","name":"Amat Immobiliaris","sameAs":["http:\/\/amat-inmo-wp.localhost"]}]}},"_links":{"self":[{"href":"https:\/\/www.amatimmobiliaris.com\/w\/ca\/wp-json\/wp\/v2\/posts\/21758"}],"collection":[{"href":"https:\/\/www.amatimmobiliaris.com\/w\/ca\/wp-json\/wp\/v2\/posts"}],"about":[{"href":"https:\/\/www.amatimmobiliaris.com\/w\/ca\/wp-json\/wp\/v2\/types\/post"}],"author":[{"embeddable":true,"href":"https:\/\/www.amatimmobiliaris.com\/w\/ca\/wp-json\/wp\/v2\/users\/1"}],"replies":[{"embeddable":true,"href":"https:\/\/www.amatimmobiliaris.com\/w\/ca\/wp-json\/wp\/v2\/comments?post=21758"}],"version-history":[{"count":15,"href":"https:\/\/www.amatimmobiliaris.com\/w\/ca\/wp-json\/wp\/v2\/posts\/21758\/revisions"}],"predecessor-version":[{"id":21796,"href":"https:\/\/www.amatimmobiliaris.com\/w\/ca\/wp-json\/wp\/v2\/posts\/21758\/revisions\/21796"}],"wp:featuredmedia":[{"embeddable":true,"href":"https:\/\/www.amatimmobiliaris.com\/w\/ca\/wp-json\/wp\/v2\/media\/21717"}],"wp:attachment":[{"href":"https:\/\/www.amatimmobiliaris.com\/w\/ca\/wp-json\/wp\/v2\/media?parent=21758"}],"wp:term":[{"taxonomy":"category","embeddable":true,"href":"https:\/\/www.amatimmobiliaris.com\/w\/ca\/wp-json\/wp\/v2\/categories?post=21758"},{"taxonomy":"post_tag","embeddable":true,"href":"https:\/\/www.amatimmobiliaris.com\/w\/ca\/wp-json\/wp\/v2\/tags?post=21758"}],"curies":[{"name":"wp","href":"https:\/\/api.w.org\/{rel}","templated":true}]}}