{"id":2006,"date":"2013-04-09T10:16:21","date_gmt":"2013-04-09T10:16:21","guid":{"rendered":"https:\/\/amat-inmo-wp.localhost\/2017\/01\/24\/amat-participa-a-la-sessio-daset-i-feda-al-col%c2%b7legi-alemany\/"},"modified":"2023-05-05T13:56:48","modified_gmt":"2023-05-05T13:56:48","slug":"amat-participa-a-la-sessio-daset-i-feda-al-col%c2%b7legi-alemany","status":"publish","type":"post","link":"https:\/\/www.amatimmobiliaris.com\/w\/ca\/2013\/04\/amat-participa-a-la-sessio-daset-i-feda-al-col%c2%b7legi-alemany\/","title":{"rendered":"Amat participa a la sessi\u00f3 d&#8217;ASET i FEDA al Col\u00b7legi Alemany"},"content":{"rendered":"<p>Interessant presentaci\u00f3, el passat 19 de mar\u00e7, a <a href=\"https:\/\/dsbarcelona.com\/es\/\">l&#8217;Escola Alemanya de Barcelona de la carrera Universit\u00e0ria Dual<\/a>\u00a0 un <strong>model alemany<\/strong> efica\u00e7, adaptat a <strong>Espanya<\/strong>.<\/p>\n<p>\u00c9s l&#8217;intent de portar a <strong>Catalunya<\/strong> el <strong>model de combinaci\u00f3 estudis i treball<\/strong> que ha donat molts bons resultats a Alemanya. A la presentaci\u00f3 hi assistiren pares i possibles alumnes que varen fer moltes preguntes.<\/p>\n<p><strong>Amat<\/strong> ha col.laborat durant anys amb l&#8217;embri\u00f3 d\u2019aquest nou projecte, l&#8217;Escola ASET, escola de formaci\u00f3 professional establerta a Barcelona ja fa uns anys, i de qui n&#8217;hem tingut una becaria, L&#8217;Erica, una excel\u00b7lent estudiant i professional.<\/p>\n","protected":false},"excerpt":{"rendered":"<p>Interessant presentaci\u00f3, el passat 19 de mar\u00e7, a l&#8217;Escola Alemanya de Barcelona de la carrera Universit\u00e0ria Dual\u00a0 un model alemany efica\u00e7, adaptat a Espanya. \u00c9s l&#8217;intent de portar a Catalunya el model de combinaci\u00f3 estudis i treball que ha donat molts bons resultats a Alemanya. A la presentaci\u00f3 hi assistiren pares i possibles alumnes que [&hellip;]<\/p>\n","protected":false},"author":1,"featured_media":0,"comment_status":"closed","ping_status":"closed","sticky":false,"template":"","format":"standard","meta":{"content-type":"","footnotes":""},"categories":[1155],"tags":[160,565,163],"yoast_head":"<!-- This site is optimized with the Yoast SEO plugin v23.9 - https:\/\/yoast.com\/wordpress\/plugins\/seo\/ -->\n<title>Amat participa a la sessi\u00f3 d&#039;ASET i FEDA al Col\u00b7legi Alemany | Amat Immobiliaris<\/title>\n<meta name=\"robots\" content=\"index, follow, max-snippet:-1, max-image-preview:large, max-video-preview:-1\" \/>\n<link rel=\"canonical\" href=\"https:\/\/www.amatimmobiliaris.com\/w\/ca\/2013\/04\/amat-participa-a-la-sessio-daset-i-feda-al-col\u00b7legi-alemany\/\" \/>\n<meta property=\"og:locale\" content=\"ca_ES\" \/>\n<meta property=\"og:type\" content=\"article\" \/>\n<meta property=\"og:title\" content=\"Amat participa a la sessi\u00f3 d&#039;ASET i FEDA al Col\u00b7legi Alemany | Amat Immobiliaris\" \/>\n<meta property=\"og:description\" content=\"Interessant presentaci\u00f3, el passat 19 de mar\u00e7, a l&#8217;Escola Alemanya de Barcelona de la carrera Universit\u00e0ria Dual\u00a0 un model alemany efica\u00e7, adaptat a Espanya. \u00c9s l&#8217;intent de portar a Catalunya el model de combinaci\u00f3 estudis i treball que ha donat molts bons resultats a Alemanya. A la presentaci\u00f3 hi assistiren pares i possibles alumnes que [&hellip;]\" \/>\n<meta property=\"og:url\" content=\"https:\/\/www.amatimmobiliaris.com\/w\/ca\/2013\/04\/amat-participa-a-la-sessio-daset-i-feda-al-col\u00b7legi-alemany\/\" \/>\n<meta property=\"og:site_name\" content=\"Amat Immobiliaris\" \/>\n<meta property=\"article:publisher\" content=\"https:\/\/www.facebook.com\/amatimmobiliaris\" \/>\n<meta property=\"article:published_time\" content=\"2013-04-09T10:16:21+00:00\" \/>\n<meta property=\"article:modified_time\" content=\"2023-05-05T13:56:48+00:00\" \/>\n<meta property=\"og:image\" content=\"https:\/\/www.amatimmobiliaris.com\/w\/wp-content\/uploads\/2022\/01\/2014-Saga-familiar-Amat-dw-1-1024x683.jpg\" \/>\n\t<meta property=\"og:image:width\" content=\"1024\" \/>\n\t<meta property=\"og:image:height\" content=\"683\" \/>\n\t<meta property=\"og:image:type\" content=\"image\/jpeg\" \/>\n<meta name=\"author\" content=\"Amat Immobiliaris\" \/>\n<meta name=\"twitter:card\" content=\"summary_large_image\" \/>\n<meta name=\"twitter:creator\" content=\"@amat_cat\" \/>\n<meta name=\"twitter:site\" content=\"@amat_cat\" \/>\n<meta name=\"twitter:label1\" content=\"Escrit per\" \/>\n\t<meta name=\"twitter:data1\" content=\"Amat Immobiliaris\" \/>\n\t<meta name=\"twitter:label2\" content=\"Temps estimat de lectura\" \/>\n\t<meta name=\"twitter:data2\" content=\"1 minut\" \/>\n<script type=\"application\/ld+json\" class=\"yoast-schema-graph\">{\"@context\":\"https:\/\/schema.org\",\"@graph\":[{\"@type\":\"Article\",\"@id\":\"https:\/\/www.amatimmobiliaris.com\/w\/ca\/2013\/04\/amat-participa-a-la-sessio-daset-i-feda-al-col%c2%b7legi-alemany\/#article\",\"isPartOf\":{\"@id\":\"https:\/\/www.amatimmobiliaris.com\/w\/ca\/2013\/04\/amat-participa-a-la-sessio-daset-i-feda-al-col%c2%b7legi-alemany\/\"},\"author\":{\"name\":\"Amat Immobiliaris\",\"@id\":\"https:\/\/www.amatimmobiliaris.com\/w\/#\/schema\/person\/c880da71d1e156e7ea6774ffb445e034\"},\"headline\":\"Amat participa a la sessi\u00f3 d&#8217;ASET i FEDA al Col\u00b7legi Alemany\",\"datePublished\":\"2013-04-09T10:16:21+00:00\",\"dateModified\":\"2023-05-05T13:56:48+00:00\",\"mainEntityOfPage\":{\"@id\":\"https:\/\/www.amatimmobiliaris.com\/w\/ca\/2013\/04\/amat-participa-a-la-sessio-daset-i-feda-al-col%c2%b7legi-alemany\/\"},\"wordCount\":110,\"publisher\":{\"@id\":\"https:\/\/www.amatimmobiliaris.com\/w\/#organization\"},\"keywords\":[\"Catalunya\",\"Col\u00b7legi Alemany\",\"Espanya\"],\"articleSection\":[\"Esdeveniments\"],\"inLanguage\":\"ca\"},{\"@type\":\"WebPage\",\"@id\":\"https:\/\/www.amatimmobiliaris.com\/w\/ca\/2013\/04\/amat-participa-a-la-sessio-daset-i-feda-al-col%c2%b7legi-alemany\/\",\"url\":\"https:\/\/www.amatimmobiliaris.com\/w\/ca\/2013\/04\/amat-participa-a-la-sessio-daset-i-feda-al-col%c2%b7legi-alemany\/\",\"name\":\"Amat participa a la sessi\u00f3 d'ASET i FEDA al Col\u00b7legi Alemany | Amat Immobiliaris\",\"isPartOf\":{\"@id\":\"https:\/\/www.amatimmobiliaris.com\/w\/#website\"},\"datePublished\":\"2013-04-09T10:16:21+00:00\",\"dateModified\":\"2023-05-05T13:56:48+00:00\",\"breadcrumb\":{\"@id\":\"https:\/\/www.amatimmobiliaris.com\/w\/ca\/2013\/04\/amat-participa-a-la-sessio-daset-i-feda-al-col%c2%b7legi-alemany\/#breadcrumb\"},\"inLanguage\":\"ca\",\"potentialAction\":[{\"@type\":\"ReadAction\",\"target\":[\"https:\/\/www.amatimmobiliaris.com\/w\/ca\/2013\/04\/amat-participa-a-la-sessio-daset-i-feda-al-col%c2%b7legi-alemany\/\"]}]},{\"@type\":\"BreadcrumbList\",\"@id\":\"https:\/\/www.amatimmobiliaris.com\/w\/ca\/2013\/04\/amat-participa-a-la-sessio-daset-i-feda-al-col%c2%b7legi-alemany\/#breadcrumb\",\"itemListElement\":[{\"@type\":\"ListItem\",\"position\":1,\"name\":\"Home\",\"item\":\"https:\/\/www.amatimmobiliaris.com\/w\/ca\/\"},{\"@type\":\"ListItem\",\"position\":2,\"name\":\"Esdeveniments\",\"item\":\"https:\/\/www.amatimmobiliaris.com\/w\/ca\/categoria-ca\/esdeveniments-ca\/\"},{\"@type\":\"ListItem\",\"position\":3,\"name\":\"Amat participa a la sessi\u00f3 d&#8217;ASET i FEDA al Col\u00b7legi Alemany\"}]},{\"@type\":\"WebSite\",\"@id\":\"https:\/\/www.amatimmobiliaris.com\/w\/#website\",\"url\":\"https:\/\/www.amatimmobiliaris.com\/w\/\",\"name\":\"Amat Immobiliaris\",\"description\":\"Empresa familiar del sector inmobiliario con oficinas en Barcelona, Sant Cugat del Vall\u00e9s y Sant Just Desvern. Te ayudamos a comprar, alquilar o vender tu casa o piso. Somos un equipo coherente con una cultura de empresa honesta, innovadora y eficaz. Tambi\u00e9n en www.amatluxury.com\",\"publisher\":{\"@id\":\"https:\/\/www.amatimmobiliaris.com\/w\/#organization\"},\"alternateName\":\"AmatImmo\",\"potentialAction\":[{\"@type\":\"SearchAction\",\"target\":{\"@type\":\"EntryPoint\",\"urlTemplate\":\"https:\/\/www.amatimmobiliaris.com\/w\/?s={search_term_string}\"},\"query-input\":{\"@type\":\"PropertyValueSpecification\",\"valueRequired\":true,\"valueName\":\"search_term_string\"}}],\"inLanguage\":\"ca\"},{\"@type\":\"Organization\",\"@id\":\"https:\/\/www.amatimmobiliaris.com\/w\/#organization\",\"name\":\"Amat Immobiliaris\",\"url\":\"https:\/\/www.amatimmobiliaris.com\/w\/\",\"logo\":{\"@type\":\"ImageObject\",\"inLanguage\":\"ca\",\"@id\":\"https:\/\/www.amatimmobiliaris.com\/w\/#\/schema\/logo\/image\/\",\"url\":\"https:\/\/www.amatimmobiliaris.com\/w\/wp-content\/uploads\/2022\/10\/amat-logo.jpg\",\"contentUrl\":\"https:\/\/www.amatimmobiliaris.com\/w\/wp-content\/uploads\/2022\/10\/amat-logo.jpg\",\"width\":900,\"height\":900,\"caption\":\"Amat Immobiliaris\"},\"image\":{\"@id\":\"https:\/\/www.amatimmobiliaris.com\/w\/#\/schema\/logo\/image\/\"},\"sameAs\":[\"https:\/\/www.facebook.com\/amatimmobiliaris\",\"https:\/\/x.com\/amat_cat\",\"https:\/\/www.instagram.com\/amat_immo\/\",\"https:\/\/www.linkedin.com\/company\/amat-finques\/\",\"https:\/\/www.youtube.com\/@amatimmobiliaris\"]},{\"@type\":\"Person\",\"@id\":\"https:\/\/www.amatimmobiliaris.com\/w\/#\/schema\/person\/c880da71d1e156e7ea6774ffb445e034\",\"name\":\"Amat Immobiliaris\",\"sameAs\":[\"http:\/\/amat-inmo-wp.localhost\"]}]}<\/script>\n<!-- \/ Yoast SEO plugin. -->","yoast_head_json":{"title":"Amat participa a la sessi\u00f3 d'ASET i FEDA al Col\u00b7legi Alemany | Amat Immobiliaris","robots":{"index":"index","follow":"follow","max-snippet":"max-snippet:-1","max-image-preview":"max-image-preview:large","max-video-preview":"max-video-preview:-1"},"canonical":"https:\/\/www.amatimmobiliaris.com\/w\/ca\/2013\/04\/amat-participa-a-la-sessio-daset-i-feda-al-col\u00b7legi-alemany\/","og_locale":"ca_ES","og_type":"article","og_title":"Amat participa a la sessi\u00f3 d'ASET i FEDA al Col\u00b7legi Alemany | Amat Immobiliaris","og_description":"Interessant presentaci\u00f3, el passat 19 de mar\u00e7, a l&#8217;Escola Alemanya de Barcelona de la carrera Universit\u00e0ria Dual\u00a0 un model alemany efica\u00e7, adaptat a Espanya. \u00c9s l&#8217;intent de portar a Catalunya el model de combinaci\u00f3 estudis i treball que ha donat molts bons resultats a Alemanya. A la presentaci\u00f3 hi assistiren pares i possibles alumnes que [&hellip;]","og_url":"https:\/\/www.amatimmobiliaris.com\/w\/ca\/2013\/04\/amat-participa-a-la-sessio-daset-i-feda-al-col\u00b7legi-alemany\/","og_site_name":"Amat Immobiliaris","article_publisher":"https:\/\/www.facebook.com\/amatimmobiliaris","article_published_time":"2013-04-09T10:16:21+00:00","article_modified_time":"2023-05-05T13:56:48+00:00","og_image":[{"width":1024,"height":683,"url":"https:\/\/www.amatimmobiliaris.com\/w\/wp-content\/uploads\/2022\/01\/2014-Saga-familiar-Amat-dw-1-1024x683.jpg","type":"image\/jpeg"}],"author":"Amat Immobiliaris","twitter_card":"summary_large_image","twitter_creator":"@amat_cat","twitter_site":"@amat_cat","twitter_misc":{"Escrit per":"Amat Immobiliaris","Temps estimat de lectura":"1 minut"},"schema":{"@context":"https:\/\/schema.org","@graph":[{"@type":"Article","@id":"https:\/\/www.amatimmobiliaris.com\/w\/ca\/2013\/04\/amat-participa-a-la-sessio-daset-i-feda-al-col%c2%b7legi-alemany\/#article","isPartOf":{"@id":"https:\/\/www.amatimmobiliaris.com\/w\/ca\/2013\/04\/amat-participa-a-la-sessio-daset-i-feda-al-col%c2%b7legi-alemany\/"},"author":{"name":"Amat Immobiliaris","@id":"https:\/\/www.amatimmobiliaris.com\/w\/#\/schema\/person\/c880da71d1e156e7ea6774ffb445e034"},"headline":"Amat participa a la sessi\u00f3 d&#8217;ASET i FEDA al Col\u00b7legi Alemany","datePublished":"2013-04-09T10:16:21+00:00","dateModified":"2023-05-05T13:56:48+00:00","mainEntityOfPage":{"@id":"https:\/\/www.amatimmobiliaris.com\/w\/ca\/2013\/04\/amat-participa-a-la-sessio-daset-i-feda-al-col%c2%b7legi-alemany\/"},"wordCount":110,"publisher":{"@id":"https:\/\/www.amatimmobiliaris.com\/w\/#organization"},"keywords":["Catalunya","Col\u00b7legi Alemany","Espanya"],"articleSection":["Esdeveniments"],"inLanguage":"ca"},{"@type":"WebPage","@id":"https:\/\/www.amatimmobiliaris.com\/w\/ca\/2013\/04\/amat-participa-a-la-sessio-daset-i-feda-al-col%c2%b7legi-alemany\/","url":"https:\/\/www.amatimmobiliaris.com\/w\/ca\/2013\/04\/amat-participa-a-la-sessio-daset-i-feda-al-col%c2%b7legi-alemany\/","name":"Amat participa a la sessi\u00f3 d'ASET i FEDA al Col\u00b7legi Alemany | Amat Immobiliaris","isPartOf":{"@id":"https:\/\/www.amatimmobiliaris.com\/w\/#website"},"datePublished":"2013-04-09T10:16:21+00:00","dateModified":"2023-05-05T13:56:48+00:00","breadcrumb":{"@id":"https:\/\/www.amatimmobiliaris.com\/w\/ca\/2013\/04\/amat-participa-a-la-sessio-daset-i-feda-al-col%c2%b7legi-alemany\/#breadcrumb"},"inLanguage":"ca","potentialAction":[{"@type":"ReadAction","target":["https:\/\/www.amatimmobiliaris.com\/w\/ca\/2013\/04\/amat-participa-a-la-sessio-daset-i-feda-al-col%c2%b7legi-alemany\/"]}]},{"@type":"BreadcrumbList","@id":"https:\/\/www.amatimmobiliaris.com\/w\/ca\/2013\/04\/amat-participa-a-la-sessio-daset-i-feda-al-col%c2%b7legi-alemany\/#breadcrumb","itemListElement":[{"@type":"ListItem","position":1,"name":"Home","item":"https:\/\/www.amatimmobiliaris.com\/w\/ca\/"},{"@type":"ListItem","position":2,"name":"Esdeveniments","item":"https:\/\/www.amatimmobiliaris.com\/w\/ca\/categoria-ca\/esdeveniments-ca\/"},{"@type":"ListItem","position":3,"name":"Amat participa a la sessi\u00f3 d&#8217;ASET i FEDA al Col\u00b7legi Alemany"}]},{"@type":"WebSite","@id":"https:\/\/www.amatimmobiliaris.com\/w\/#website","url":"https:\/\/www.amatimmobiliaris.com\/w\/","name":"Amat Immobiliaris","description":"Empresa familiar del sector inmobiliario con oficinas en Barcelona, Sant Cugat del Vall\u00e9s y Sant Just Desvern. Te ayudamos a comprar, alquilar o vender tu casa o piso. Somos un equipo coherente con una cultura de empresa honesta, innovadora y eficaz. Tambi\u00e9n en www.amatluxury.com","publisher":{"@id":"https:\/\/www.amatimmobiliaris.com\/w\/#organization"},"alternateName":"AmatImmo","potentialAction":[{"@type":"SearchAction","target":{"@type":"EntryPoint","urlTemplate":"https:\/\/www.amatimmobiliaris.com\/w\/?s={search_term_string}"},"query-input":{"@type":"PropertyValueSpecification","valueRequired":true,"valueName":"search_term_string"}}],"inLanguage":"ca"},{"@type":"Organization","@id":"https:\/\/www.amatimmobiliaris.com\/w\/#organization","name":"Amat Immobiliaris","url":"https:\/\/www.amatimmobiliaris.com\/w\/","logo":{"@type":"ImageObject","inLanguage":"ca","@id":"https:\/\/www.amatimmobiliaris.com\/w\/#\/schema\/logo\/image\/","url":"https:\/\/www.amatimmobiliaris.com\/w\/wp-content\/uploads\/2022\/10\/amat-logo.jpg","contentUrl":"https:\/\/www.amatimmobiliaris.com\/w\/wp-content\/uploads\/2022\/10\/amat-logo.jpg","width":900,"height":900,"caption":"Amat Immobiliaris"},"image":{"@id":"https:\/\/www.amatimmobiliaris.com\/w\/#\/schema\/logo\/image\/"},"sameAs":["https:\/\/www.facebook.com\/amatimmobiliaris","https:\/\/x.com\/amat_cat","https:\/\/www.instagram.com\/amat_immo\/","https:\/\/www.linkedin.com\/company\/amat-finques\/","https:\/\/www.youtube.com\/@amatimmobiliaris"]},{"@type":"Person","@id":"https:\/\/www.amatimmobiliaris.com\/w\/#\/schema\/person\/c880da71d1e156e7ea6774ffb445e034","name":"Amat Immobiliaris","sameAs":["http:\/\/amat-inmo-wp.localhost"]}]}},"_links":{"self":[{"href":"https:\/\/www.amatimmobiliaris.com\/w\/ca\/wp-json\/wp\/v2\/posts\/2006"}],"collection":[{"href":"https:\/\/www.amatimmobiliaris.com\/w\/ca\/wp-json\/wp\/v2\/posts"}],"about":[{"href":"https:\/\/www.amatimmobiliaris.com\/w\/ca\/wp-json\/wp\/v2\/types\/post"}],"author":[{"embeddable":true,"href":"https:\/\/www.amatimmobiliaris.com\/w\/ca\/wp-json\/wp\/v2\/users\/1"}],"replies":[{"embeddable":true,"href":"https:\/\/www.amatimmobiliaris.com\/w\/ca\/wp-json\/wp\/v2\/comments?post=2006"}],"version-history":[{"count":5,"href":"https:\/\/www.amatimmobiliaris.com\/w\/ca\/wp-json\/wp\/v2\/posts\/2006\/revisions"}],"predecessor-version":[{"id":25886,"href":"https:\/\/www.amatimmobiliaris.com\/w\/ca\/wp-json\/wp\/v2\/posts\/2006\/revisions\/25886"}],"wp:attachment":[{"href":"https:\/\/www.amatimmobiliaris.com\/w\/ca\/wp-json\/wp\/v2\/media?parent=2006"}],"wp:term":[{"taxonomy":"category","embeddable":true,"href":"https:\/\/www.amatimmobiliaris.com\/w\/ca\/wp-json\/wp\/v2\/categories?post=2006"},{"taxonomy":"post_tag","embeddable":true,"href":"https:\/\/www.amatimmobiliaris.com\/w\/ca\/wp-json\/wp\/v2\/tags?post=2006"}],"curies":[{"name":"wp","href":"https:\/\/api.w.org\/{rel}","templated":true}]}}