{"id":1998,"date":"2013-04-30T10:11:55","date_gmt":"2013-04-30T10:11:55","guid":{"rendered":"https:\/\/amat-inmo-wp.localhost\/2017\/01\/24\/xerrada-de-josep-ramoneda-quina-regeneracio-democratica-es-possible\/"},"modified":"2023-04-24T10:44:11","modified_gmt":"2023-04-24T10:44:11","slug":"xerrada-de-josep-ramoneda-quina-regeneracio-democratica-es-possible","status":"publish","type":"post","link":"https:\/\/www.amatimmobiliaris.com\/w\/ca\/2013\/04\/xerrada-de-josep-ramoneda-quina-regeneracio-democratica-es-possible\/","title":{"rendered":"Xerrada de Josep Ramoneda: &#8220;Quina regeneraci\u00f3 democr\u00e0tica \u00e9s possible?&#8221;"},"content":{"rendered":"<p>El passat dijous 18 d&#8217;abril, vam assistir a la xerrada organitzada pel Grup Claris, grup dels quals des d&#8217;Amat som membtes. Josep Ramoneda, periodista, fil\u00f2sof i escriptor, va realitzar una xerrada \u00a0al sopar d&#8217;empresaris que se sol realitzar, que va girar entorn la seg\u00fcent q\u00fcesti\u00f3: Quina regeneraci\u00f3 democr\u00e0tica \u00e9s possible?<\/p>\n<p>Immaculada Amat va realitzar aquest resum:<\/p>\n<p>La <strong>democr\u00e0cia<\/strong> est\u00e0 en perill, en una <strong>societat<\/strong> com la nostra on amb el vot no es pot canviar les pol\u00edtiques, aix\u00f2 no \u00e9s democr\u00e0cia, i aix\u00f2 \u00e9s el que passa ara, mani PP, mani PSOE.<\/p>\n<p>Tenim el <strong>Cap d&#8217;Esta<\/strong>t -el rei- sotm\u00e8s a xantatge pel tema del gendre i amiga, al <strong>President del govern<\/strong> sotm\u00e8s a xantatge pel tema de <strong>B\u00e1rcenas<\/strong>, i el cas <strong>Bankia<\/strong>, icona de la corrupci\u00f3, de la promiscu\u00eftat entre el poder pol\u00edtic i l\u2019econ\u00f2mic.<\/p>\n<p>El r\u00e8gim pol\u00edtic sortit de la transici\u00f3 est\u00e0 gripat, el problema \u00e9s no haver evolucionat, no haver modificat la Constituci\u00f3, nom\u00e9s s&#8217;ha fet una vegada i d\u2019amagat, sota el dictat europeu.<\/p>\n<p>Estem al final d\u2019un per\u00edode on s&#8217;ha mercantilitzat tot, quan tot es pot obtenir pagant, estem en una corrupci\u00f3 estructural, i es creen m\u00e9s desigualtats socials.<\/p>\n<p>Hi ha <strong>crisi econ\u00f2mica<\/strong>, <strong>pol\u00edtica<\/strong>, <strong>social<\/strong>, <strong>moral<\/strong>. Hist\u00f2ricament totes les crisis venen precedides d\u2019una <strong>revoluci\u00f3 tecnol\u00f2gica<\/strong>, i nosaltres hem tingut una gran revoluci\u00f3 digital, per\u00f2 ara ve una altre revoluci\u00f3 molt important, la <strong>biom\u00e8dica<\/strong>.<\/p>\n<p>Avui vivim a una velocitat que impedeix pensar, i aix\u00f2 no pot ser, perqu\u00e8 en pocs anys han canviat un munt de coses:<\/p>\n<ul>\n<li><strong>Cultura<\/strong>: la pr\u00f2pia idea del treball, fa 50 anys, un treballador entrava a la Renault i hi passava tota a vida, avui un treballador d\u2019Apple no sap si hi ser\u00e0 d\u2019aqu\u00ed 15 dies.<\/li>\n<li>\u009e<strong>Fam\u00edlia<\/strong>: hem passat d\u2019una fam\u00edlia est\u00e0ndard a una gran varietat de models de fam\u00edlia.<\/li>\n<li><strong>Religi\u00f3<\/strong>: hem passat d\u2019un cristianisme amb tot el pe, a una multitud de religions, amb lluites importants entre diferents models de cristianisme.<\/li>\n<li><strong>Moral<\/strong>: s&#8217;ha instal\u00b7lat el nihilisme pol\u00edtic, no hi ha l\u00edmits.<\/li>\n<li><strong>Pol\u00edtic<\/strong>: crisi de la democr\u00e0cia.<\/li>\n<\/ul>\n<p>A <strong>Espanya<\/strong> patim un desastre a tots els nivells pol\u00edtics: partits, sindicats, parlament ,un poder judicial en entredit.<\/p>\n<p>Tenim un model territorial fallit, es va pensar per encaixar <strong>Catalunya<\/strong> i el <strong>Pais Vasc<\/strong>, i justament aquestes dues comunitats es troben a la porta de sortida. S&#8217;han creat unes comunitats aut\u00f2nomes absolutament clientelar.<\/p>\n<p>Tenim una crisi dels mitjans de comunicaci\u00f3, si avui Botin i Fain\u00e9 decideixen que s&#8217;ha acabat i que no surt cap diari d&#8217;Espanya, no surten.<\/p>\n<p>Aquest r\u00e8gim t\u00e9 un mal d&#8217;origen, l&#8217;obsessi\u00f3, al principi, fonamentada pel cop d&#8217;estat. Per tant la m\u00e0xima preocupaci\u00f3 era l\u2019<strong>estabilitat<\/strong>, que s&#8217;agreuja per la desintegraci\u00f3 de la UCD en tan sols 5 anys i pel cop d&#8217;estat finalment perpetrat. Quan arriben els socialistes a Govern, amb un gran marge de vots, en lloc de fixar-se en crear una gran cultura democr\u00e0tica, es preocupen nom\u00e9s per l\u2019estabilitat, s\u2019obsessionen en crear grans partits, forts, opacs, amb pactes a l\u2019ombra&#8230; Aix\u00f2 ha tret vigor i ganes a qui ha volgut fer alguna cosa. Un exemple \u00e9s quan es reparteixen els grups de televisi\u00f3 entre els grans partits.<\/p>\n<p>Coses a fer hi han moltes, el tema \u00e9s qui les far\u00e0. Els dos grans partits no, han demostrat absoluta incompet\u00e8ncia per entendre res, estan aferrats al passat, en especial el PSOE.<\/p>\n<p>Coses a fer:<\/p>\n<ul>\n<li><strong>Finan\u00e7ament dels partits:<\/strong>\u00a0no s&#8217;ha volgut resoldre mai, depenen absolutament del Botin i el Fain\u00e9.<\/li>\n<li><strong>Sistema electoral:<\/strong>\u00a0s&#8217;han de fer llistes obertes, prim\u00e0ries de veritat, avui en dia els militants son m\u00e9s un problema que una soluci\u00f3.<\/li>\n<li><strong>Redistribuci\u00f3 del poder<\/strong>.<\/li>\n<li>\u009e<strong>Transpar\u00e8ncia:<\/strong>\u00a0que no vol dir exposici\u00f3. Creure que vivim en una societat massa exposada i aix\u00f2 \u00e9s perill\u00f3s. Si ens passem de la ratlla pot significar que ning\u00fa vulgui ser pol\u00edtic. Cita una dita de Kundera <em>\u201cel totalitarisme comen\u00e7a quan lo privat est\u00e0 absolutament exposat al p\u00fablic\u201d.<\/em><\/li>\n<\/ul>\n<p>Per canviar hi ha de haver ganes per\u00f2 tamb\u00e9 un xoc pol\u00edtic, un gran debat, un gran projecte. A <strong>Catalunya<\/strong> \u00e9s el de la <strong>independ\u00e8ncia<\/strong>, a <strong>Espanya<\/strong> podria ser el de la <strong>Monarquia i la Rep\u00fablica<\/strong> , per\u00f2 els pol\u00edtics no ho volen.<\/p>\n<p>Escenaris de futur:<\/p>\n<ul>\n<li>El totalitarisme d\u2019indifer\u00e8ncia, que la gent passi de tot.<\/li>\n<li>Un desgovern a l&#8217;italiana.<\/li>\n<li>Que aparegui un redemptor, pot ser de dretes o d&#8217;esquerres, i que arrossegui.<\/li>\n<\/ul>\n<p>El futur es conf\u00f3s, necessitar\u00edem pensadors solvents, que analitzessin i pensessin en el futur, necessitar\u00edem especialistes en psicopatologia.<\/p>\n<p>Cal canviar tota una generaci\u00f3 de pol\u00edtics, aix\u00f2 se li ha dit moltes vegades al Rubalcaba per\u00f2 no vol escoltar. S&#8217;ha instaurat l&#8217;ideal de que tots els pol\u00edtics s\u00f3n corruptes. No \u00e9s veritat, per\u00f2 no fan res per mostrar- ho.<\/p>\n<p>Hi ha alguna cosa curiosa, per exemple, fa uns dies el Vicedirector del Finanial Times va fer un article sobre la possibilitat de que pass\u00e9s a Espanya lo de Xipre, on, segons l\u2019article, els espanyols hauriem d\u2019haver anat a treure els diners, i cap diari d\u2019aqu\u00ed ho ha mencionat.<\/p>\n<p>Creu que el repte \u00e9s per l&#8217;esquerra, \u00e9s l&#8217;esquerra qui s&#8217;ha de regenerar, la dreta s&#8217;adapta.<\/p>\n<p><span style=\"text-decoration: underline;\">Resposta a preguntes a Josep Ramoneda:<\/span><\/p>\n<ul>\n<li><strong>Sarkozy<\/strong> \u00e9s un gran pol\u00edtic, tenia discurs i relat. A Espanya anem amb falsos consensos que fan desapar\u00e8ixer la ideologia i l\u2019inter\u00e8s.<\/li>\n<li><strong>Geopol\u00edtica:<\/strong>\u00a0\u00e9s evident que el poder ha passat a la Xina, que t\u00e9 riscos, per\u00f2 no hem d\u2019oblidar que Europa encara \u00e9s el 22% del PIB mundial. Per\u00f2 Europa \u00e9s incapa\u00e7 de capitalitzar la seva for\u00e7a.<\/li>\n<li>No creu en l\u2019assemblearisme sin\u00f3 en la <strong>democr\u00e0cia participativa<\/strong>.<\/li>\n<li><strong>Holande<\/strong>\u00a0no \u00e9s la persona de la dimensi\u00f3 que necessita Fran\u00e7a, li ve gran el c\u00e0rrec.<\/li>\n<li>Creu que <strong>Mas<\/strong> va fer un gran error pol\u00edtic en avan\u00e7ar les eleccions, perqu\u00e8 no va veure que les classes mitjanes estaven ofegades econ\u00f2micament i culparien al Govern.<\/li>\n<li>Creu que els m<strong>oviments socials<\/strong> han fet un gran paper, per\u00f2 s&#8217;haurien de convertir en<strong> moviments pol\u00edtics<\/strong>, s&#8217;han de recuperar espais d&#8217;opinions, de discussions pol\u00edtiques.<\/li>\n<li>En el<strong> 23F<\/strong> creu que nova guanyar el cop, per l\u2019estupidesa de Tejero, si arriba a entrar primer al Congr\u00e9s l&#8217;Armada, hagu\u00e9ssim vist el Parlament elegint-l\u2019ho.<\/li>\n<li>El <strong>PSOE<\/strong> t\u00e9 una incapacitat absoluta en aquest moment, si cau el PP ells son incapa\u00e7os de governar. Troba flagrant que ning\u00fa d&#8217;Espanya hagi fet una proposta pol\u00edtica als catalans.<\/li>\n<li><strong>EUROPA<\/strong> intentar\u00e0 evitar la independ\u00e8ncia de <strong>Catalunya<\/strong> perqu\u00e8 Espanya ser\u00e0 insolvent.<\/li>\n<\/ul>\n","protected":false},"excerpt":{"rendered":"<p>El passat dijous 18 d&#8217;abril, vam assistir a la xerrada organitzada pel Grup Claris, grup dels quals des d&#8217;Amat som membtes. Josep Ramoneda, periodista, fil\u00f2sof i escriptor, va realitzar una xerrada \u00a0al sopar d&#8217;empresaris que se sol realitzar, que va girar entorn la seg\u00fcent q\u00fcesti\u00f3: Quina regeneraci\u00f3 democr\u00e0tica \u00e9s possible? Immaculada Amat va realitzar aquest [&hellip;]<\/p>\n","protected":false},"author":1,"featured_media":0,"comment_status":"closed","ping_status":"closed","sticky":false,"template":"","format":"standard","meta":{"content-type":"","footnotes":""},"categories":[1155],"tags":[],"yoast_head":"<!-- This site is optimized with the Yoast SEO plugin v23.9 - https:\/\/yoast.com\/wordpress\/plugins\/seo\/ -->\n<title>Xerrada de Josep Ramoneda: &quot;Quina regeneraci\u00f3 democr\u00e0tica \u00e9s possible?&quot; | Amat Immobiliaris<\/title>\n<meta name=\"robots\" content=\"index, follow, max-snippet:-1, max-image-preview:large, max-video-preview:-1\" \/>\n<link rel=\"canonical\" href=\"https:\/\/www.amatimmobiliaris.com\/w\/ca\/2013\/04\/xerrada-de-josep-ramoneda-quina-regeneracio-democratica-es-possible\/\" \/>\n<meta property=\"og:locale\" content=\"ca_ES\" \/>\n<meta property=\"og:type\" content=\"article\" \/>\n<meta property=\"og:title\" content=\"Xerrada de Josep Ramoneda: &quot;Quina regeneraci\u00f3 democr\u00e0tica \u00e9s possible?&quot; | Amat Immobiliaris\" \/>\n<meta property=\"og:description\" content=\"El passat dijous 18 d&#8217;abril, vam assistir a la xerrada organitzada pel Grup Claris, grup dels quals des d&#8217;Amat som membtes. Josep Ramoneda, periodista, fil\u00f2sof i escriptor, va realitzar una xerrada \u00a0al sopar d&#8217;empresaris que se sol realitzar, que va girar entorn la seg\u00fcent q\u00fcesti\u00f3: Quina regeneraci\u00f3 democr\u00e0tica \u00e9s possible? Immaculada Amat va realitzar aquest [&hellip;]\" \/>\n<meta property=\"og:url\" content=\"https:\/\/www.amatimmobiliaris.com\/w\/ca\/2013\/04\/xerrada-de-josep-ramoneda-quina-regeneracio-democratica-es-possible\/\" \/>\n<meta property=\"og:site_name\" content=\"Amat Immobiliaris\" \/>\n<meta property=\"article:publisher\" content=\"https:\/\/www.facebook.com\/amatimmobiliaris\" \/>\n<meta property=\"article:published_time\" content=\"2013-04-30T10:11:55+00:00\" \/>\n<meta property=\"article:modified_time\" content=\"2023-04-24T10:44:11+00:00\" \/>\n<meta property=\"og:image\" content=\"https:\/\/www.amatimmobiliaris.com\/w\/wp-content\/uploads\/2022\/01\/2014-Saga-familiar-Amat-dw-1-1024x683.jpg\" \/>\n\t<meta property=\"og:image:width\" content=\"1024\" \/>\n\t<meta property=\"og:image:height\" content=\"683\" \/>\n\t<meta property=\"og:image:type\" content=\"image\/jpeg\" \/>\n<meta name=\"author\" content=\"Amat Immobiliaris\" \/>\n<meta name=\"twitter:card\" content=\"summary_large_image\" \/>\n<meta name=\"twitter:creator\" content=\"@amat_cat\" \/>\n<meta name=\"twitter:site\" content=\"@amat_cat\" \/>\n<meta name=\"twitter:label1\" content=\"Escrit per\" \/>\n\t<meta name=\"twitter:data1\" content=\"Amat Immobiliaris\" \/>\n\t<meta name=\"twitter:label2\" content=\"Temps estimat de lectura\" \/>\n\t<meta name=\"twitter:data2\" content=\"5 minuts\" \/>\n<script type=\"application\/ld+json\" class=\"yoast-schema-graph\">{\"@context\":\"https:\/\/schema.org\",\"@graph\":[{\"@type\":\"Article\",\"@id\":\"https:\/\/www.amatimmobiliaris.com\/w\/ca\/2013\/04\/xerrada-de-josep-ramoneda-quina-regeneracio-democratica-es-possible\/#article\",\"isPartOf\":{\"@id\":\"https:\/\/www.amatimmobiliaris.com\/w\/ca\/2013\/04\/xerrada-de-josep-ramoneda-quina-regeneracio-democratica-es-possible\/\"},\"author\":{\"name\":\"Amat Immobiliaris\",\"@id\":\"https:\/\/www.amatimmobiliaris.com\/w\/#\/schema\/person\/c880da71d1e156e7ea6774ffb445e034\"},\"headline\":\"Xerrada de Josep Ramoneda: &#8220;Quina regeneraci\u00f3 democr\u00e0tica \u00e9s possible?&#8221;\",\"datePublished\":\"2013-04-30T10:11:55+00:00\",\"dateModified\":\"2023-04-24T10:44:11+00:00\",\"mainEntityOfPage\":{\"@id\":\"https:\/\/www.amatimmobiliaris.com\/w\/ca\/2013\/04\/xerrada-de-josep-ramoneda-quina-regeneracio-democratica-es-possible\/\"},\"wordCount\":1143,\"publisher\":{\"@id\":\"https:\/\/www.amatimmobiliaris.com\/w\/#organization\"},\"articleSection\":[\"Esdeveniments\"],\"inLanguage\":\"ca\"},{\"@type\":\"WebPage\",\"@id\":\"https:\/\/www.amatimmobiliaris.com\/w\/ca\/2013\/04\/xerrada-de-josep-ramoneda-quina-regeneracio-democratica-es-possible\/\",\"url\":\"https:\/\/www.amatimmobiliaris.com\/w\/ca\/2013\/04\/xerrada-de-josep-ramoneda-quina-regeneracio-democratica-es-possible\/\",\"name\":\"Xerrada de Josep Ramoneda: \\\"Quina regeneraci\u00f3 democr\u00e0tica \u00e9s possible?\\\" | Amat Immobiliaris\",\"isPartOf\":{\"@id\":\"https:\/\/www.amatimmobiliaris.com\/w\/#website\"},\"datePublished\":\"2013-04-30T10:11:55+00:00\",\"dateModified\":\"2023-04-24T10:44:11+00:00\",\"breadcrumb\":{\"@id\":\"https:\/\/www.amatimmobiliaris.com\/w\/ca\/2013\/04\/xerrada-de-josep-ramoneda-quina-regeneracio-democratica-es-possible\/#breadcrumb\"},\"inLanguage\":\"ca\",\"potentialAction\":[{\"@type\":\"ReadAction\",\"target\":[\"https:\/\/www.amatimmobiliaris.com\/w\/ca\/2013\/04\/xerrada-de-josep-ramoneda-quina-regeneracio-democratica-es-possible\/\"]}]},{\"@type\":\"BreadcrumbList\",\"@id\":\"https:\/\/www.amatimmobiliaris.com\/w\/ca\/2013\/04\/xerrada-de-josep-ramoneda-quina-regeneracio-democratica-es-possible\/#breadcrumb\",\"itemListElement\":[{\"@type\":\"ListItem\",\"position\":1,\"name\":\"Home\",\"item\":\"https:\/\/www.amatimmobiliaris.com\/w\/ca\/\"},{\"@type\":\"ListItem\",\"position\":2,\"name\":\"Esdeveniments\",\"item\":\"https:\/\/www.amatimmobiliaris.com\/w\/ca\/categoria-ca\/esdeveniments-ca\/\"},{\"@type\":\"ListItem\",\"position\":3,\"name\":\"Xerrada de Josep Ramoneda: \u00abQuina regeneraci\u00f3 democr\u00e0tica \u00e9s possible?\u00bb\"}]},{\"@type\":\"WebSite\",\"@id\":\"https:\/\/www.amatimmobiliaris.com\/w\/#website\",\"url\":\"https:\/\/www.amatimmobiliaris.com\/w\/\",\"name\":\"Amat Immobiliaris\",\"description\":\"Empresa familiar del sector inmobiliario con oficinas en Barcelona, Sant Cugat del Vall\u00e9s y Sant Just Desvern. Te ayudamos a comprar, alquilar o vender tu casa o piso. Somos un equipo coherente con una cultura de empresa honesta, innovadora y eficaz. Tambi\u00e9n en www.amatluxury.com\",\"publisher\":{\"@id\":\"https:\/\/www.amatimmobiliaris.com\/w\/#organization\"},\"alternateName\":\"AmatImmo\",\"potentialAction\":[{\"@type\":\"SearchAction\",\"target\":{\"@type\":\"EntryPoint\",\"urlTemplate\":\"https:\/\/www.amatimmobiliaris.com\/w\/?s={search_term_string}\"},\"query-input\":{\"@type\":\"PropertyValueSpecification\",\"valueRequired\":true,\"valueName\":\"search_term_string\"}}],\"inLanguage\":\"ca\"},{\"@type\":\"Organization\",\"@id\":\"https:\/\/www.amatimmobiliaris.com\/w\/#organization\",\"name\":\"Amat Immobiliaris\",\"url\":\"https:\/\/www.amatimmobiliaris.com\/w\/\",\"logo\":{\"@type\":\"ImageObject\",\"inLanguage\":\"ca\",\"@id\":\"https:\/\/www.amatimmobiliaris.com\/w\/#\/schema\/logo\/image\/\",\"url\":\"https:\/\/www.amatimmobiliaris.com\/w\/wp-content\/uploads\/2022\/10\/amat-logo.jpg\",\"contentUrl\":\"https:\/\/www.amatimmobiliaris.com\/w\/wp-content\/uploads\/2022\/10\/amat-logo.jpg\",\"width\":900,\"height\":900,\"caption\":\"Amat Immobiliaris\"},\"image\":{\"@id\":\"https:\/\/www.amatimmobiliaris.com\/w\/#\/schema\/logo\/image\/\"},\"sameAs\":[\"https:\/\/www.facebook.com\/amatimmobiliaris\",\"https:\/\/x.com\/amat_cat\",\"https:\/\/www.instagram.com\/amat_immo\/\",\"https:\/\/www.linkedin.com\/company\/amat-finques\/\",\"https:\/\/www.youtube.com\/@amatimmobiliaris\"]},{\"@type\":\"Person\",\"@id\":\"https:\/\/www.amatimmobiliaris.com\/w\/#\/schema\/person\/c880da71d1e156e7ea6774ffb445e034\",\"name\":\"Amat Immobiliaris\",\"sameAs\":[\"http:\/\/amat-inmo-wp.localhost\"]}]}<\/script>\n<!-- \/ Yoast SEO plugin. -->","yoast_head_json":{"title":"Xerrada de Josep Ramoneda: \"Quina regeneraci\u00f3 democr\u00e0tica \u00e9s possible?\" | Amat Immobiliaris","robots":{"index":"index","follow":"follow","max-snippet":"max-snippet:-1","max-image-preview":"max-image-preview:large","max-video-preview":"max-video-preview:-1"},"canonical":"https:\/\/www.amatimmobiliaris.com\/w\/ca\/2013\/04\/xerrada-de-josep-ramoneda-quina-regeneracio-democratica-es-possible\/","og_locale":"ca_ES","og_type":"article","og_title":"Xerrada de Josep Ramoneda: \"Quina regeneraci\u00f3 democr\u00e0tica \u00e9s possible?\" | Amat Immobiliaris","og_description":"El passat dijous 18 d&#8217;abril, vam assistir a la xerrada organitzada pel Grup Claris, grup dels quals des d&#8217;Amat som membtes. Josep Ramoneda, periodista, fil\u00f2sof i escriptor, va realitzar una xerrada \u00a0al sopar d&#8217;empresaris que se sol realitzar, que va girar entorn la seg\u00fcent q\u00fcesti\u00f3: Quina regeneraci\u00f3 democr\u00e0tica \u00e9s possible? Immaculada Amat va realitzar aquest [&hellip;]","og_url":"https:\/\/www.amatimmobiliaris.com\/w\/ca\/2013\/04\/xerrada-de-josep-ramoneda-quina-regeneracio-democratica-es-possible\/","og_site_name":"Amat Immobiliaris","article_publisher":"https:\/\/www.facebook.com\/amatimmobiliaris","article_published_time":"2013-04-30T10:11:55+00:00","article_modified_time":"2023-04-24T10:44:11+00:00","og_image":[{"width":1024,"height":683,"url":"https:\/\/www.amatimmobiliaris.com\/w\/wp-content\/uploads\/2022\/01\/2014-Saga-familiar-Amat-dw-1-1024x683.jpg","type":"image\/jpeg"}],"author":"Amat Immobiliaris","twitter_card":"summary_large_image","twitter_creator":"@amat_cat","twitter_site":"@amat_cat","twitter_misc":{"Escrit per":"Amat Immobiliaris","Temps estimat de lectura":"5 minuts"},"schema":{"@context":"https:\/\/schema.org","@graph":[{"@type":"Article","@id":"https:\/\/www.amatimmobiliaris.com\/w\/ca\/2013\/04\/xerrada-de-josep-ramoneda-quina-regeneracio-democratica-es-possible\/#article","isPartOf":{"@id":"https:\/\/www.amatimmobiliaris.com\/w\/ca\/2013\/04\/xerrada-de-josep-ramoneda-quina-regeneracio-democratica-es-possible\/"},"author":{"name":"Amat Immobiliaris","@id":"https:\/\/www.amatimmobiliaris.com\/w\/#\/schema\/person\/c880da71d1e156e7ea6774ffb445e034"},"headline":"Xerrada de Josep Ramoneda: &#8220;Quina regeneraci\u00f3 democr\u00e0tica \u00e9s possible?&#8221;","datePublished":"2013-04-30T10:11:55+00:00","dateModified":"2023-04-24T10:44:11+00:00","mainEntityOfPage":{"@id":"https:\/\/www.amatimmobiliaris.com\/w\/ca\/2013\/04\/xerrada-de-josep-ramoneda-quina-regeneracio-democratica-es-possible\/"},"wordCount":1143,"publisher":{"@id":"https:\/\/www.amatimmobiliaris.com\/w\/#organization"},"articleSection":["Esdeveniments"],"inLanguage":"ca"},{"@type":"WebPage","@id":"https:\/\/www.amatimmobiliaris.com\/w\/ca\/2013\/04\/xerrada-de-josep-ramoneda-quina-regeneracio-democratica-es-possible\/","url":"https:\/\/www.amatimmobiliaris.com\/w\/ca\/2013\/04\/xerrada-de-josep-ramoneda-quina-regeneracio-democratica-es-possible\/","name":"Xerrada de Josep Ramoneda: \"Quina regeneraci\u00f3 democr\u00e0tica \u00e9s possible?\" | Amat Immobiliaris","isPartOf":{"@id":"https:\/\/www.amatimmobiliaris.com\/w\/#website"},"datePublished":"2013-04-30T10:11:55+00:00","dateModified":"2023-04-24T10:44:11+00:00","breadcrumb":{"@id":"https:\/\/www.amatimmobiliaris.com\/w\/ca\/2013\/04\/xerrada-de-josep-ramoneda-quina-regeneracio-democratica-es-possible\/#breadcrumb"},"inLanguage":"ca","potentialAction":[{"@type":"ReadAction","target":["https:\/\/www.amatimmobiliaris.com\/w\/ca\/2013\/04\/xerrada-de-josep-ramoneda-quina-regeneracio-democratica-es-possible\/"]}]},{"@type":"BreadcrumbList","@id":"https:\/\/www.amatimmobiliaris.com\/w\/ca\/2013\/04\/xerrada-de-josep-ramoneda-quina-regeneracio-democratica-es-possible\/#breadcrumb","itemListElement":[{"@type":"ListItem","position":1,"name":"Home","item":"https:\/\/www.amatimmobiliaris.com\/w\/ca\/"},{"@type":"ListItem","position":2,"name":"Esdeveniments","item":"https:\/\/www.amatimmobiliaris.com\/w\/ca\/categoria-ca\/esdeveniments-ca\/"},{"@type":"ListItem","position":3,"name":"Xerrada de Josep Ramoneda: \u00abQuina regeneraci\u00f3 democr\u00e0tica \u00e9s possible?\u00bb"}]},{"@type":"WebSite","@id":"https:\/\/www.amatimmobiliaris.com\/w\/#website","url":"https:\/\/www.amatimmobiliaris.com\/w\/","name":"Amat Immobiliaris","description":"Empresa familiar del sector inmobiliario con oficinas en Barcelona, Sant Cugat del Vall\u00e9s y Sant Just Desvern. Te ayudamos a comprar, alquilar o vender tu casa o piso. Somos un equipo coherente con una cultura de empresa honesta, innovadora y eficaz. Tambi\u00e9n en www.amatluxury.com","publisher":{"@id":"https:\/\/www.amatimmobiliaris.com\/w\/#organization"},"alternateName":"AmatImmo","potentialAction":[{"@type":"SearchAction","target":{"@type":"EntryPoint","urlTemplate":"https:\/\/www.amatimmobiliaris.com\/w\/?s={search_term_string}"},"query-input":{"@type":"PropertyValueSpecification","valueRequired":true,"valueName":"search_term_string"}}],"inLanguage":"ca"},{"@type":"Organization","@id":"https:\/\/www.amatimmobiliaris.com\/w\/#organization","name":"Amat Immobiliaris","url":"https:\/\/www.amatimmobiliaris.com\/w\/","logo":{"@type":"ImageObject","inLanguage":"ca","@id":"https:\/\/www.amatimmobiliaris.com\/w\/#\/schema\/logo\/image\/","url":"https:\/\/www.amatimmobiliaris.com\/w\/wp-content\/uploads\/2022\/10\/amat-logo.jpg","contentUrl":"https:\/\/www.amatimmobiliaris.com\/w\/wp-content\/uploads\/2022\/10\/amat-logo.jpg","width":900,"height":900,"caption":"Amat Immobiliaris"},"image":{"@id":"https:\/\/www.amatimmobiliaris.com\/w\/#\/schema\/logo\/image\/"},"sameAs":["https:\/\/www.facebook.com\/amatimmobiliaris","https:\/\/x.com\/amat_cat","https:\/\/www.instagram.com\/amat_immo\/","https:\/\/www.linkedin.com\/company\/amat-finques\/","https:\/\/www.youtube.com\/@amatimmobiliaris"]},{"@type":"Person","@id":"https:\/\/www.amatimmobiliaris.com\/w\/#\/schema\/person\/c880da71d1e156e7ea6774ffb445e034","name":"Amat Immobiliaris","sameAs":["http:\/\/amat-inmo-wp.localhost"]}]}},"_links":{"self":[{"href":"https:\/\/www.amatimmobiliaris.com\/w\/ca\/wp-json\/wp\/v2\/posts\/1998"}],"collection":[{"href":"https:\/\/www.amatimmobiliaris.com\/w\/ca\/wp-json\/wp\/v2\/posts"}],"about":[{"href":"https:\/\/www.amatimmobiliaris.com\/w\/ca\/wp-json\/wp\/v2\/types\/post"}],"author":[{"embeddable":true,"href":"https:\/\/www.amatimmobiliaris.com\/w\/ca\/wp-json\/wp\/v2\/users\/1"}],"replies":[{"embeddable":true,"href":"https:\/\/www.amatimmobiliaris.com\/w\/ca\/wp-json\/wp\/v2\/comments?post=1998"}],"version-history":[{"count":9,"href":"https:\/\/www.amatimmobiliaris.com\/w\/ca\/wp-json\/wp\/v2\/posts\/1998\/revisions"}],"predecessor-version":[{"id":25379,"href":"https:\/\/www.amatimmobiliaris.com\/w\/ca\/wp-json\/wp\/v2\/posts\/1998\/revisions\/25379"}],"wp:attachment":[{"href":"https:\/\/www.amatimmobiliaris.com\/w\/ca\/wp-json\/wp\/v2\/media?parent=1998"}],"wp:term":[{"taxonomy":"category","embeddable":true,"href":"https:\/\/www.amatimmobiliaris.com\/w\/ca\/wp-json\/wp\/v2\/categories?post=1998"},{"taxonomy":"post_tag","embeddable":true,"href":"https:\/\/www.amatimmobiliaris.com\/w\/ca\/wp-json\/wp\/v2\/tags?post=1998"}],"curies":[{"name":"wp","href":"https:\/\/api.w.org\/{rel}","templated":true}]}}