{"id":18052,"date":"2022-09-20T08:19:47","date_gmt":"2022-09-20T08:19:47","guid":{"rendered":"https:\/\/www.amatimmobiliaris.com\/w\/2022\/10\/barcelona-te-un-dels-millors-carrers-del-mon\/"},"modified":"2023-05-05T13:45:40","modified_gmt":"2023-05-05T13:45:40","slug":"barcelona-te-un-dels-millors-carrers-del-mon","status":"publish","type":"post","link":"https:\/\/www.amatimmobiliaris.com\/w\/ca\/2022\/09\/barcelona-te-un-dels-millors-carrers-del-mon\/","title":{"rendered":"Barcelona t\u00e9 un dels millors carrers del m\u00f3n"},"content":{"rendered":"<p>A finals d\u2019agost l\u2019edici\u00f3 internacional de la revista <a href=\"https:\/\/www.timeout.cat\/barcelona\/ca\" target=\"_blank\" rel=\"noopener\">Time Out<\/a> va publicar una llista del <strong>millors carrers de tot el m\u00f3n<\/strong> segons les votacions de l\u2019enquesta que es fa a unes 20.000 persones a tot el m\u00f3n. I hi apareixia un de <strong>Barcelona<\/strong> entre els 33 carrers m\u00e9s votats, el <strong>carrer Comte Borrell.<\/strong><\/p>\n<p><img loading=\"lazy\" decoding=\"async\" class=\" wp-image-17971 alignleft\" src=\"https:\/\/www.amatimmobiliaris.com\/w\/wp-content\/uploads\/2022\/09\/foto-de-gokhun-guneyhan-1024x768-1.jpg\" alt=\"\" width=\"286\" height=\"214\" srcset=\"https:\/\/www.amatimmobiliaris.com\/w\/wp-content\/uploads\/2022\/09\/foto-de-gokhun-guneyhan-1024x768-1.jpg 1024w, https:\/\/www.amatimmobiliaris.com\/w\/wp-content\/uploads\/2022\/09\/foto-de-gokhun-guneyhan-1024x768-1-300x225.jpg 300w, https:\/\/www.amatimmobiliaris.com\/w\/wp-content\/uploads\/2022\/09\/foto-de-gokhun-guneyhan-1024x768-1-768x576.jpg 768w\" sizes=\"(max-width: 286px) 100vw, 286px\" \/>La posici\u00f3 del carrer barcelon\u00ed \u00e9s la n\u00famero 30 i el motiu principal pel que ha estat escollit, segons explica la publicaci\u00f3, \u00e9s perqu\u00e8 t\u00e9 \u201ctot el que un barcelon\u00ed pot desitjar\u201d des de bones llibreries fins a una bona oferta gastron\u00f2mica. A m\u00e9s a m\u00e9s, actualment \u00e9s un carrer pacificat on es pot passejar sense problemes entre els arbres i els bancs, i aix\u00f2 fa que sigui molt bullici\u00f3s per\u00f2 alhora tranquil per viure-hi.<\/p>\n<p>Les tres primeres posicions al r\u00e0nquing s\u00f3n la Rue Wellington de Montreal al <strong>Canad\u00e0<\/strong> per la gran oferta de bars i restaurants de qualitat, el Gertrude Street a Melbourne a <strong>Austr\u00e0lia<\/strong> amb tot de botigues independents i establiments culturals, i el tercer el trobem a <strong>Glasgow<\/strong> la Great Western Road.<\/p>\n<p>Si us agradaria <a href=\"https:\/\/www.amatimmobiliaris.com\/ca\">viure en barris aix\u00ed<\/a> nom\u00e9s heu de contactar amb els <span style=\"color: #333333;\">nostres comercials de Barcelona (info@amatimmo.cat<\/span><span style=\"color: #333333;\">)<\/span>\u00a0que us ajudaran a aconseguir el vostre somni.<\/p>\n","protected":false},"excerpt":{"rendered":"<p>A finals d\u2019agost l\u2019edici\u00f3 internacional de la revista Time Out va publicar una llista del millors carrers de tot el m\u00f3n segons les votacions de l\u2019enquesta que es fa a unes 20.000 persones a tot el m\u00f3n. I hi apareixia un de Barcelona entre els 33 carrers m\u00e9s votats, el carrer Comte Borrell. La posici\u00f3 [&hellip;]<\/p>\n","protected":false},"author":1,"featured_media":17971,"comment_status":"closed","ping_status":"closed","sticky":false,"template":"","format":"standard","meta":{"content-type":"","footnotes":""},"categories":[1157,1160],"tags":[118,683,1241],"yoast_head":"<!-- This site is optimized with the Yoast SEO plugin v23.9 - https:\/\/yoast.com\/wordpress\/plugins\/seo\/ -->\n<title>Barcelona t\u00e9 un dels millors carrers del m\u00f3n | Amat Immobiliaris<\/title>\n<meta name=\"description\" content=\"A l&#039;agost l&#039;edici\u00f3 internacional de Time Out va publicar els millors carrers de tot el m\u00f3n. Descobreix el carrer de BCN que surt a la llista!\" \/>\n<meta name=\"robots\" content=\"index, follow, max-snippet:-1, max-image-preview:large, max-video-preview:-1\" \/>\n<link rel=\"canonical\" href=\"https:\/\/www.amatimmobiliaris.com\/w\/ca\/2022\/09\/barcelona-te-un-dels-millors-carrers-del-mon\/\" \/>\n<meta property=\"og:locale\" content=\"ca_ES\" \/>\n<meta property=\"og:type\" content=\"article\" \/>\n<meta property=\"og:title\" content=\"Barcelona t\u00e9 un dels millors carrers del m\u00f3n | Amat Immobiliaris\" \/>\n<meta property=\"og:description\" content=\"A l&#039;agost l&#039;edici\u00f3 internacional de Time Out va publicar els millors carrers de tot el m\u00f3n. Descobreix el carrer de BCN que surt a la llista!\" \/>\n<meta property=\"og:url\" content=\"https:\/\/www.amatimmobiliaris.com\/w\/ca\/2022\/09\/barcelona-te-un-dels-millors-carrers-del-mon\/\" \/>\n<meta property=\"og:site_name\" content=\"Amat Immobiliaris\" \/>\n<meta property=\"article:publisher\" content=\"https:\/\/www.facebook.com\/amatimmobiliaris\" \/>\n<meta property=\"article:published_time\" content=\"2022-09-20T08:19:47+00:00\" \/>\n<meta property=\"article:modified_time\" content=\"2023-05-05T13:45:40+00:00\" \/>\n<meta property=\"og:image\" content=\"https:\/\/www.amatimmobiliaris.com\/w\/wp-content\/uploads\/2022\/09\/foto-de-gokhun-guneyhan-1024x768-1.jpg\" \/>\n\t<meta property=\"og:image:width\" content=\"1024\" \/>\n\t<meta property=\"og:image:height\" content=\"768\" \/>\n\t<meta property=\"og:image:type\" content=\"image\/jpeg\" \/>\n<meta name=\"author\" content=\"Amat Immobiliaris\" \/>\n<meta name=\"twitter:card\" content=\"summary_large_image\" \/>\n<meta name=\"twitter:creator\" content=\"@amat_cat\" \/>\n<meta name=\"twitter:site\" content=\"@amat_cat\" \/>\n<meta name=\"twitter:label1\" content=\"Escrit per\" \/>\n\t<meta name=\"twitter:data1\" content=\"Amat Immobiliaris\" \/>\n\t<meta name=\"twitter:label2\" content=\"Temps estimat de lectura\" \/>\n\t<meta name=\"twitter:data2\" content=\"2 minuts\" \/>\n<script type=\"application\/ld+json\" class=\"yoast-schema-graph\">{\"@context\":\"https:\/\/schema.org\",\"@graph\":[{\"@type\":\"Article\",\"@id\":\"https:\/\/www.amatimmobiliaris.com\/w\/ca\/2022\/09\/barcelona-te-un-dels-millors-carrers-del-mon\/#article\",\"isPartOf\":{\"@id\":\"https:\/\/www.amatimmobiliaris.com\/w\/ca\/2022\/09\/barcelona-te-un-dels-millors-carrers-del-mon\/\"},\"author\":{\"name\":\"Amat Immobiliaris\",\"@id\":\"https:\/\/www.amatimmobiliaris.com\/w\/#\/schema\/person\/c880da71d1e156e7ea6774ffb445e034\"},\"headline\":\"Barcelona t\u00e9 un dels millors carrers del m\u00f3n\",\"datePublished\":\"2022-09-20T08:19:47+00:00\",\"dateModified\":\"2023-05-05T13:45:40+00:00\",\"mainEntityOfPage\":{\"@id\":\"https:\/\/www.amatimmobiliaris.com\/w\/ca\/2022\/09\/barcelona-te-un-dels-millors-carrers-del-mon\/\"},\"wordCount\":227,\"publisher\":{\"@id\":\"https:\/\/www.amatimmobiliaris.com\/w\/#organization\"},\"image\":{\"@id\":\"https:\/\/www.amatimmobiliaris.com\/w\/ca\/2022\/09\/barcelona-te-un-dels-millors-carrers-del-mon\/#primaryimage\"},\"thumbnailUrl\":\"https:\/\/www.amatimmobiliaris.com\/w\/wp-content\/uploads\/2022\/09\/foto-de-gokhun-guneyhan-1024x768-1.jpg\",\"keywords\":[\"Barcelona\",\"Barri\",\"Cultura\"],\"articleSection\":[\"Not\u00edcies\",\"Sector Immobiliari\"],\"inLanguage\":\"ca\"},{\"@type\":\"WebPage\",\"@id\":\"https:\/\/www.amatimmobiliaris.com\/w\/ca\/2022\/09\/barcelona-te-un-dels-millors-carrers-del-mon\/\",\"url\":\"https:\/\/www.amatimmobiliaris.com\/w\/ca\/2022\/09\/barcelona-te-un-dels-millors-carrers-del-mon\/\",\"name\":\"Barcelona t\u00e9 un dels millors carrers del m\u00f3n | Amat Immobiliaris\",\"isPartOf\":{\"@id\":\"https:\/\/www.amatimmobiliaris.com\/w\/#website\"},\"primaryImageOfPage\":{\"@id\":\"https:\/\/www.amatimmobiliaris.com\/w\/ca\/2022\/09\/barcelona-te-un-dels-millors-carrers-del-mon\/#primaryimage\"},\"image\":{\"@id\":\"https:\/\/www.amatimmobiliaris.com\/w\/ca\/2022\/09\/barcelona-te-un-dels-millors-carrers-del-mon\/#primaryimage\"},\"thumbnailUrl\":\"https:\/\/www.amatimmobiliaris.com\/w\/wp-content\/uploads\/2022\/09\/foto-de-gokhun-guneyhan-1024x768-1.jpg\",\"datePublished\":\"2022-09-20T08:19:47+00:00\",\"dateModified\":\"2023-05-05T13:45:40+00:00\",\"description\":\"A l'agost l'edici\u00f3 internacional de Time Out va publicar els millors carrers de tot el m\u00f3n. Descobreix el carrer de BCN que surt a la llista!\",\"breadcrumb\":{\"@id\":\"https:\/\/www.amatimmobiliaris.com\/w\/ca\/2022\/09\/barcelona-te-un-dels-millors-carrers-del-mon\/#breadcrumb\"},\"inLanguage\":\"ca\",\"potentialAction\":[{\"@type\":\"ReadAction\",\"target\":[\"https:\/\/www.amatimmobiliaris.com\/w\/ca\/2022\/09\/barcelona-te-un-dels-millors-carrers-del-mon\/\"]}]},{\"@type\":\"ImageObject\",\"inLanguage\":\"ca\",\"@id\":\"https:\/\/www.amatimmobiliaris.com\/w\/ca\/2022\/09\/barcelona-te-un-dels-millors-carrers-del-mon\/#primaryimage\",\"url\":\"https:\/\/www.amatimmobiliaris.com\/w\/wp-content\/uploads\/2022\/09\/foto-de-gokhun-guneyhan-1024x768-1.jpg\",\"contentUrl\":\"https:\/\/www.amatimmobiliaris.com\/w\/wp-content\/uploads\/2022\/09\/foto-de-gokhun-guneyhan-1024x768-1.jpg\",\"width\":1024,\"height\":768,\"caption\":\"Barcelona tiene una de las mejores calles del mundo\"},{\"@type\":\"BreadcrumbList\",\"@id\":\"https:\/\/www.amatimmobiliaris.com\/w\/ca\/2022\/09\/barcelona-te-un-dels-millors-carrers-del-mon\/#breadcrumb\",\"itemListElement\":[{\"@type\":\"ListItem\",\"position\":1,\"name\":\"Home\",\"item\":\"https:\/\/www.amatimmobiliaris.com\/w\/ca\/\"},{\"@type\":\"ListItem\",\"position\":2,\"name\":\"Not\u00edcies\",\"item\":\"https:\/\/www.amatimmobiliaris.com\/w\/ca\/categoria-ca\/noticies-ca\/\"},{\"@type\":\"ListItem\",\"position\":3,\"name\":\"Sector Immobiliari\",\"item\":\"https:\/\/www.amatimmobiliaris.com\/w\/ca\/categoria-ca\/noticies-ca\/sector-immobiliari-ca\/\"},{\"@type\":\"ListItem\",\"position\":4,\"name\":\"Barcelona t\u00e9 un dels millors carrers del m\u00f3n\"}]},{\"@type\":\"WebSite\",\"@id\":\"https:\/\/www.amatimmobiliaris.com\/w\/#website\",\"url\":\"https:\/\/www.amatimmobiliaris.com\/w\/\",\"name\":\"Amat Immobiliaris\",\"description\":\"Empresa familiar del sector inmobiliario con oficinas en Barcelona, Sant Cugat del Vall\u00e9s y Sant Just Desvern. Te ayudamos a comprar, alquilar o vender tu casa o piso. Somos un equipo coherente con una cultura de empresa honesta, innovadora y eficaz. Tambi\u00e9n en www.amatluxury.com\",\"publisher\":{\"@id\":\"https:\/\/www.amatimmobiliaris.com\/w\/#organization\"},\"alternateName\":\"AmatImmo\",\"potentialAction\":[{\"@type\":\"SearchAction\",\"target\":{\"@type\":\"EntryPoint\",\"urlTemplate\":\"https:\/\/www.amatimmobiliaris.com\/w\/?s={search_term_string}\"},\"query-input\":{\"@type\":\"PropertyValueSpecification\",\"valueRequired\":true,\"valueName\":\"search_term_string\"}}],\"inLanguage\":\"ca\"},{\"@type\":\"Organization\",\"@id\":\"https:\/\/www.amatimmobiliaris.com\/w\/#organization\",\"name\":\"Amat Immobiliaris\",\"url\":\"https:\/\/www.amatimmobiliaris.com\/w\/\",\"logo\":{\"@type\":\"ImageObject\",\"inLanguage\":\"ca\",\"@id\":\"https:\/\/www.amatimmobiliaris.com\/w\/#\/schema\/logo\/image\/\",\"url\":\"https:\/\/www.amatimmobiliaris.com\/w\/wp-content\/uploads\/2022\/10\/amat-logo.jpg\",\"contentUrl\":\"https:\/\/www.amatimmobiliaris.com\/w\/wp-content\/uploads\/2022\/10\/amat-logo.jpg\",\"width\":900,\"height\":900,\"caption\":\"Amat Immobiliaris\"},\"image\":{\"@id\":\"https:\/\/www.amatimmobiliaris.com\/w\/#\/schema\/logo\/image\/\"},\"sameAs\":[\"https:\/\/www.facebook.com\/amatimmobiliaris\",\"https:\/\/x.com\/amat_cat\",\"https:\/\/www.instagram.com\/amat_immo\/\",\"https:\/\/www.linkedin.com\/company\/amat-finques\/\",\"https:\/\/www.youtube.com\/@amatimmobiliaris\"]},{\"@type\":\"Person\",\"@id\":\"https:\/\/www.amatimmobiliaris.com\/w\/#\/schema\/person\/c880da71d1e156e7ea6774ffb445e034\",\"name\":\"Amat Immobiliaris\",\"sameAs\":[\"http:\/\/amat-inmo-wp.localhost\"]}]}<\/script>\n<!-- \/ Yoast SEO plugin. -->","yoast_head_json":{"title":"Barcelona t\u00e9 un dels millors carrers del m\u00f3n | Amat Immobiliaris","description":"A l'agost l'edici\u00f3 internacional de Time Out va publicar els millors carrers de tot el m\u00f3n. Descobreix el carrer de BCN que surt a la llista!","robots":{"index":"index","follow":"follow","max-snippet":"max-snippet:-1","max-image-preview":"max-image-preview:large","max-video-preview":"max-video-preview:-1"},"canonical":"https:\/\/www.amatimmobiliaris.com\/w\/ca\/2022\/09\/barcelona-te-un-dels-millors-carrers-del-mon\/","og_locale":"ca_ES","og_type":"article","og_title":"Barcelona t\u00e9 un dels millors carrers del m\u00f3n | Amat Immobiliaris","og_description":"A l'agost l'edici\u00f3 internacional de Time Out va publicar els millors carrers de tot el m\u00f3n. Descobreix el carrer de BCN que surt a la llista!","og_url":"https:\/\/www.amatimmobiliaris.com\/w\/ca\/2022\/09\/barcelona-te-un-dels-millors-carrers-del-mon\/","og_site_name":"Amat Immobiliaris","article_publisher":"https:\/\/www.facebook.com\/amatimmobiliaris","article_published_time":"2022-09-20T08:19:47+00:00","article_modified_time":"2023-05-05T13:45:40+00:00","og_image":[{"width":1024,"height":768,"url":"https:\/\/www.amatimmobiliaris.com\/w\/wp-content\/uploads\/2022\/09\/foto-de-gokhun-guneyhan-1024x768-1.jpg","type":"image\/jpeg"}],"author":"Amat Immobiliaris","twitter_card":"summary_large_image","twitter_creator":"@amat_cat","twitter_site":"@amat_cat","twitter_misc":{"Escrit per":"Amat Immobiliaris","Temps estimat de lectura":"2 minuts"},"schema":{"@context":"https:\/\/schema.org","@graph":[{"@type":"Article","@id":"https:\/\/www.amatimmobiliaris.com\/w\/ca\/2022\/09\/barcelona-te-un-dels-millors-carrers-del-mon\/#article","isPartOf":{"@id":"https:\/\/www.amatimmobiliaris.com\/w\/ca\/2022\/09\/barcelona-te-un-dels-millors-carrers-del-mon\/"},"author":{"name":"Amat Immobiliaris","@id":"https:\/\/www.amatimmobiliaris.com\/w\/#\/schema\/person\/c880da71d1e156e7ea6774ffb445e034"},"headline":"Barcelona t\u00e9 un dels millors carrers del m\u00f3n","datePublished":"2022-09-20T08:19:47+00:00","dateModified":"2023-05-05T13:45:40+00:00","mainEntityOfPage":{"@id":"https:\/\/www.amatimmobiliaris.com\/w\/ca\/2022\/09\/barcelona-te-un-dels-millors-carrers-del-mon\/"},"wordCount":227,"publisher":{"@id":"https:\/\/www.amatimmobiliaris.com\/w\/#organization"},"image":{"@id":"https:\/\/www.amatimmobiliaris.com\/w\/ca\/2022\/09\/barcelona-te-un-dels-millors-carrers-del-mon\/#primaryimage"},"thumbnailUrl":"https:\/\/www.amatimmobiliaris.com\/w\/wp-content\/uploads\/2022\/09\/foto-de-gokhun-guneyhan-1024x768-1.jpg","keywords":["Barcelona","Barri","Cultura"],"articleSection":["Not\u00edcies","Sector Immobiliari"],"inLanguage":"ca"},{"@type":"WebPage","@id":"https:\/\/www.amatimmobiliaris.com\/w\/ca\/2022\/09\/barcelona-te-un-dels-millors-carrers-del-mon\/","url":"https:\/\/www.amatimmobiliaris.com\/w\/ca\/2022\/09\/barcelona-te-un-dels-millors-carrers-del-mon\/","name":"Barcelona t\u00e9 un dels millors carrers del m\u00f3n | Amat Immobiliaris","isPartOf":{"@id":"https:\/\/www.amatimmobiliaris.com\/w\/#website"},"primaryImageOfPage":{"@id":"https:\/\/www.amatimmobiliaris.com\/w\/ca\/2022\/09\/barcelona-te-un-dels-millors-carrers-del-mon\/#primaryimage"},"image":{"@id":"https:\/\/www.amatimmobiliaris.com\/w\/ca\/2022\/09\/barcelona-te-un-dels-millors-carrers-del-mon\/#primaryimage"},"thumbnailUrl":"https:\/\/www.amatimmobiliaris.com\/w\/wp-content\/uploads\/2022\/09\/foto-de-gokhun-guneyhan-1024x768-1.jpg","datePublished":"2022-09-20T08:19:47+00:00","dateModified":"2023-05-05T13:45:40+00:00","description":"A l'agost l'edici\u00f3 internacional de Time Out va publicar els millors carrers de tot el m\u00f3n. Descobreix el carrer de BCN que surt a la llista!","breadcrumb":{"@id":"https:\/\/www.amatimmobiliaris.com\/w\/ca\/2022\/09\/barcelona-te-un-dels-millors-carrers-del-mon\/#breadcrumb"},"inLanguage":"ca","potentialAction":[{"@type":"ReadAction","target":["https:\/\/www.amatimmobiliaris.com\/w\/ca\/2022\/09\/barcelona-te-un-dels-millors-carrers-del-mon\/"]}]},{"@type":"ImageObject","inLanguage":"ca","@id":"https:\/\/www.amatimmobiliaris.com\/w\/ca\/2022\/09\/barcelona-te-un-dels-millors-carrers-del-mon\/#primaryimage","url":"https:\/\/www.amatimmobiliaris.com\/w\/wp-content\/uploads\/2022\/09\/foto-de-gokhun-guneyhan-1024x768-1.jpg","contentUrl":"https:\/\/www.amatimmobiliaris.com\/w\/wp-content\/uploads\/2022\/09\/foto-de-gokhun-guneyhan-1024x768-1.jpg","width":1024,"height":768,"caption":"Barcelona tiene una de las mejores calles del mundo"},{"@type":"BreadcrumbList","@id":"https:\/\/www.amatimmobiliaris.com\/w\/ca\/2022\/09\/barcelona-te-un-dels-millors-carrers-del-mon\/#breadcrumb","itemListElement":[{"@type":"ListItem","position":1,"name":"Home","item":"https:\/\/www.amatimmobiliaris.com\/w\/ca\/"},{"@type":"ListItem","position":2,"name":"Not\u00edcies","item":"https:\/\/www.amatimmobiliaris.com\/w\/ca\/categoria-ca\/noticies-ca\/"},{"@type":"ListItem","position":3,"name":"Sector Immobiliari","item":"https:\/\/www.amatimmobiliaris.com\/w\/ca\/categoria-ca\/noticies-ca\/sector-immobiliari-ca\/"},{"@type":"ListItem","position":4,"name":"Barcelona t\u00e9 un dels millors carrers del m\u00f3n"}]},{"@type":"WebSite","@id":"https:\/\/www.amatimmobiliaris.com\/w\/#website","url":"https:\/\/www.amatimmobiliaris.com\/w\/","name":"Amat Immobiliaris","description":"Empresa familiar del sector inmobiliario con oficinas en Barcelona, Sant Cugat del Vall\u00e9s y Sant Just Desvern. Te ayudamos a comprar, alquilar o vender tu casa o piso. Somos un equipo coherente con una cultura de empresa honesta, innovadora y eficaz. Tambi\u00e9n en www.amatluxury.com","publisher":{"@id":"https:\/\/www.amatimmobiliaris.com\/w\/#organization"},"alternateName":"AmatImmo","potentialAction":[{"@type":"SearchAction","target":{"@type":"EntryPoint","urlTemplate":"https:\/\/www.amatimmobiliaris.com\/w\/?s={search_term_string}"},"query-input":{"@type":"PropertyValueSpecification","valueRequired":true,"valueName":"search_term_string"}}],"inLanguage":"ca"},{"@type":"Organization","@id":"https:\/\/www.amatimmobiliaris.com\/w\/#organization","name":"Amat Immobiliaris","url":"https:\/\/www.amatimmobiliaris.com\/w\/","logo":{"@type":"ImageObject","inLanguage":"ca","@id":"https:\/\/www.amatimmobiliaris.com\/w\/#\/schema\/logo\/image\/","url":"https:\/\/www.amatimmobiliaris.com\/w\/wp-content\/uploads\/2022\/10\/amat-logo.jpg","contentUrl":"https:\/\/www.amatimmobiliaris.com\/w\/wp-content\/uploads\/2022\/10\/amat-logo.jpg","width":900,"height":900,"caption":"Amat Immobiliaris"},"image":{"@id":"https:\/\/www.amatimmobiliaris.com\/w\/#\/schema\/logo\/image\/"},"sameAs":["https:\/\/www.facebook.com\/amatimmobiliaris","https:\/\/x.com\/amat_cat","https:\/\/www.instagram.com\/amat_immo\/","https:\/\/www.linkedin.com\/company\/amat-finques\/","https:\/\/www.youtube.com\/@amatimmobiliaris"]},{"@type":"Person","@id":"https:\/\/www.amatimmobiliaris.com\/w\/#\/schema\/person\/c880da71d1e156e7ea6774ffb445e034","name":"Amat Immobiliaris","sameAs":["http:\/\/amat-inmo-wp.localhost"]}]}},"_links":{"self":[{"href":"https:\/\/www.amatimmobiliaris.com\/w\/ca\/wp-json\/wp\/v2\/posts\/18052"}],"collection":[{"href":"https:\/\/www.amatimmobiliaris.com\/w\/ca\/wp-json\/wp\/v2\/posts"}],"about":[{"href":"https:\/\/www.amatimmobiliaris.com\/w\/ca\/wp-json\/wp\/v2\/types\/post"}],"author":[{"embeddable":true,"href":"https:\/\/www.amatimmobiliaris.com\/w\/ca\/wp-json\/wp\/v2\/users\/1"}],"replies":[{"embeddable":true,"href":"https:\/\/www.amatimmobiliaris.com\/w\/ca\/wp-json\/wp\/v2\/comments?post=18052"}],"version-history":[{"count":4,"href":"https:\/\/www.amatimmobiliaris.com\/w\/ca\/wp-json\/wp\/v2\/posts\/18052\/revisions"}],"predecessor-version":[{"id":20578,"href":"https:\/\/www.amatimmobiliaris.com\/w\/ca\/wp-json\/wp\/v2\/posts\/18052\/revisions\/20578"}],"wp:featuredmedia":[{"embeddable":true,"href":"https:\/\/www.amatimmobiliaris.com\/w\/ca\/wp-json\/wp\/v2\/media\/17971"}],"wp:attachment":[{"href":"https:\/\/www.amatimmobiliaris.com\/w\/ca\/wp-json\/wp\/v2\/media?parent=18052"}],"wp:term":[{"taxonomy":"category","embeddable":true,"href":"https:\/\/www.amatimmobiliaris.com\/w\/ca\/wp-json\/wp\/v2\/categories?post=18052"},{"taxonomy":"post_tag","embeddable":true,"href":"https:\/\/www.amatimmobiliaris.com\/w\/ca\/wp-json\/wp\/v2\/tags?post=18052"}],"curies":[{"name":"wp","href":"https:\/\/api.w.org\/{rel}","templated":true}]}}