{"id":1804,"date":"2015-03-16T08:17:08","date_gmt":"2015-03-16T08:17:08","guid":{"rendered":"https:\/\/amat-inmo-wp.localhost\/2017\/01\/24\/i-ranquing-els-edificis-mes-curiosos-de-barcelona\/"},"modified":"2023-09-19T12:39:10","modified_gmt":"2023-09-19T12:39:10","slug":"i-ranquing-els-edificis-mes-curiosos-de-barcelona","status":"publish","type":"post","link":"https:\/\/www.amatimmobiliaris.com\/w\/ca\/2015\/03\/i-ranquing-els-edificis-mes-curiosos-de-barcelona\/","title":{"rendered":"(I) R\u00e0nquing: Els edificis m\u00e9s curiosos de Barcelona"},"content":{"rendered":"<p style=\"text-align: justify;\"><span style=\"color: #000000;\">Barcelona sempre ha estat una ciutat capdavantera en molts aspectes per\u00f2 si hem de destacar-ne un aquest seria la seva arquitectura. Al segle XIX els edificis cl\u00e0ssics del renaixement van comen\u00e7ar a barrejar-se amb les avantguardes modernistes d\u2019Antoni Gaud\u00ed i Puig i Cadafalch per, m\u00e9s tard, compartir protagonisme amb el futurisme de Foster i d\u2019altres arquitectes que han estat capa\u00e7os de canviar l\u2019<em>skyline<\/em> de Barcelona a un ritme vertigin\u00f3s convertint aix\u00ed la ciutat en una de les m\u00e9s visitades per milers de turistes atrets pel seu relleu arquitect\u00f2nic.<\/span><\/p>\n<p style=\"text-align: justify;\"><span style=\"color: #000000;\">Nosaltres hem volgut fer un recull dels edificis m\u00e9s curiosos de la Ciutat Comtal en un r\u00e0nquing d\u2019obres d\u2019art de l\u2019arquitectura moderna. Aqu\u00ed teniu la primera part!<\/span><\/p>\n<ol>\n<li><a href=\"https:\/\/www.lapedrera.com\/es\" target=\"_blank\" rel=\"noopener\"><strong><span style=\"color: #000000;\">La<\/span><span style=\"color: #000000;\"> Pedrera\u00a0o Casa Mil\u00e0<\/span><\/strong><\/a><\/li>\n<\/ol>\n<p style=\"text-align: center;\"><img loading=\"lazy\" decoding=\"async\" class=\"aligncenter\" src=\"https:\/\/upload.wikimedia.org\/wikipedia\/commons\/d\/d1\/Mil%C3%A0_28-2-12.jpg\" alt=\"\" width=\"2048\" height=\"1536\" \/><\/p>\n<p style=\"text-align: center;\"><span style=\"color: #000000;\"><span style=\"color: #000000;\">Antoni Gaud\u00ed, Passeig de Gr\u00e0cia, 31 d&#8217;octubre de 1912.<\/span><\/span><\/p>\n<p><span style=\"color: #000000;\">Com no podia ser d\u2019una altra manera La Pedrera encap\u00e7ala la llista, tant per la seva hist\u00f2ria com per la seva bellesa espectacular i \u00fanica al m\u00f3n. Construida per una familia benestant de Barcelona, s&#8217;adhereix a l&#8217;estil Modernista de principis de segle i que tant caracteritza a la nostra ciutat.<\/span>\u00a0<span style=\"color: #000000;\"><span style=\"color: #333333;\">\u00a0\u00a0\u00a0\u00a0\u00a0\u00a0<\/span><\/span><\/p>\n<p><span style=\"color: #000000;\"><span style=\"color: #333333;\">\u00a0\u00a0\u00a0\u00a0\u00a0<\/span>\u00a02. \u00a0<a href=\"https:\/\/www.lapedrera.com\/es\" target=\"_blank\" rel=\"noopener\"><strong>La Sagrada Fam\u00edlia<\/strong><\/a><\/span><\/p>\n<p style=\"text-align: center;\"><span style=\"color: #000000;\"><img loading=\"lazy\" decoding=\"async\" class=\"alignnone size-large\" src=\"https:\/\/media.timeout.com\/images\/105737732\/750\/422\/image.jpg\" width=\"750\" height=\"422\" \/>\u00a0<\/span><\/p>\n<p style=\"text-align: center;\"><span style=\"color: #000000;\">Antoni Gaud\u00ed, \u00a0des de 1884.<\/span><\/p>\n<p>\u00a0<span style=\"color: #000000;\">Encara en construcci\u00f3 des del 1884 i sense data de finalitzaci\u00f3, el Temple Expiatori de La Sagrada Fam\u00edlia va ser nomenat Patrimoni de la Humanitat per la UNESCO el 2005 i \u00e9s l\u2019obra m\u00e9s visitada de les del seu arquitecte, Antoni Gaud\u00ed.<\/span>\u00a0\u00a0\u00a0<span style=\"color: #000000;\">\u00a0<\/span><\/p>\n<p><span style=\"color: #000000;\">\u00a0\u00a0<\/span><span style=\"color: #000000;\">\u00a0<strong>\u00a0\u00a0\u00a0<\/strong>3.\u00a0<strong>\u00a0\u00a0\u00a0 Torre Agbar<\/strong><\/span><\/p>\n<p><img loading=\"lazy\" decoding=\"async\" class=\"alignnone size-large\" src=\"https:\/\/upload.wikimedia.org\/wikipedia\/commons\/a\/a3\/Barcelona_from_Sagrada_Familia_%282%29_%28cropped%29.JPG\" width=\"2025\" height=\"1430\" \/><\/p>\n<p>&nbsp;<\/p>\n<p style=\"text-align: center;\"><span style=\"color: #000000;\">J<\/span><span style=\"color: #000000;\">ean Nouvel, Diagonal, 2001-2004<\/span><\/p>\n<p>\u00a0<span style=\"color: #000000;\">S\u00f3n molts els noms que rep aquest edifici d\u2019oficines situat al barri de Sant Mart\u00ed. La torre \u00e9s famosa per la seva il\u00b7luminaci\u00f3, que varia per les festes patronals o cap d\u2019any. T\u00e9 una al\u00e7ada de 144 metres, repartits en 38 plantes, 4 d&#8217;elles soterrades i \u00e9s el tercer edifici m\u00e9s alt de la ciutat. Aquest guarda una similitud bastant evident amb la Torre Swiss Re, a Londres,\u00a0 que va ser dissenyada per Norman Foster.<\/span>\u00a0\u00a0\u00a0<span style=\"color: #000000;\">\u00a0\u00a0<strong>\u00a0\u00a0<\/strong>\u00a0\u00a0 <\/span><\/p>\n<p><span style=\"color: #000000;\">\u00a0\u00a0\u00a0\u00a0\u00a0\u00a0 4.\u00a0<strong>\u00a0\u00a0<\/strong>\u00a0 <strong>Casa Amatller<\/strong><\/span>\u00a0<span style=\"color: #000000;\">\u00a0<\/span><\/p>\n<p>&nbsp;<\/p>\n<p><img loading=\"lazy\" decoding=\"async\" class=\"size-large aligncenter\" src=\"https:\/\/tripuniq.com\/media\/Picture\/2018\/01\/8155c981-8771-441c-9de2-051fc09ebb33.jpg\" width=\"1000\" height=\"667\" \/><\/p>\n<p style=\"text-align: center;\"><span style=\"color: #000000;\"><span style=\"color: #000000;\">Josep Puig i Cadafalch, Passeig de Gr\u00e0cia, 1898-1900.<\/span><\/span><\/p>\n<p>\u00a0<span style=\"color: #000000;\">Una altra joia que trobem al Passeig de Gr\u00e0cia. Aquest edifici, dissenyat per Puig i Cadafalch per l\u2019empresari xocolater Antoni ametller i Costa, barreja l\u2019estil del g\u00f2tic catal\u00e0 amb influ\u00e8ncies de palauets urbans dels Pa\u00efsos Baixos. Una caracter\u00edstica curiosa \u00e9s la fa\u00e7ana, que recorda a una tauleta de xocolata.\u00a0<\/span>\u00a0\u00a0\u00a0<span style=\"color: #000000;\">\u00a0\u00a0<strong>\u00a0\u00a0<\/strong><\/span><\/p>\n<p><span style=\"color: #000000;\"><strong>\u00a0\u00a0\u00a0\u00a0\u00a0\u00a0\u00a0\u00a0 <\/strong>5.\u00a0\u00a0\u00a0\u00a0<strong> Illa de la Llum<\/strong><\/span>\u00a0<span style=\"color: #000000;\">\u00a0<\/span><\/p>\n<p><img loading=\"lazy\" decoding=\"async\" class=\"size-large aligncenter\" src=\"https:\/\/upload.wikimedia.org\/wikipedia\/commons\/a\/a0\/Barcelona_-_Residencial_Illa_de_la_Llum_05.jpg\" width=\"1536\" height=\"2048\" \/><\/p>\n<p style=\"text-align: center;\"><span style=\"color: #000000;\">Llu\u00eds Clotet i Ignacio Paricio, Pg de Garc\u00eda F\u00e0ria amb Selva de Mar; 2005.<\/span><\/p>\n<p>\u00a0<span style=\"color: #000000;\">Aquest conjunt d\u2019edificis a tocar del litoral mar\u00edtim de Barcelona va rebre el premi Costrumat 2007 per la innovaci\u00f3 tecnol\u00f2gica i la originalitat del projecte. Els conjunt est\u00e0 format per dues torres de 17 i 25 plantes i un altre de 4. El que m\u00e9s crida l\u2019atenci\u00f3 s\u00f3n les persianes d\u2019alumini que, al ser m\u00f2bils, cada usuari pot posicionar-les com vulgui i \u00e9s aix\u00f2 el que atorga aquesta visi\u00f3 sempre diferent i original de la seva fa\u00e7ana.<\/span>\u00a0<span style=\"color: #000000;\">\u00a0<\/span>\u00a0<span style=\"color: #000000;\">\u00a0\u00a0\u00a0<strong>\u00a0\u00a0<\/strong><\/span><\/p>\n<p><span style=\"color: #000000;\"><strong>\u00a0\u00a0\u00a0\u00a0\u00a0\u00a0 <\/strong>6.\u00a0<strong>\u00a0\u00a0\u00a0<\/strong> <strong>Torre Mare Nostrum I o Gas Natural<\/strong><\/span><\/p>\n<p><span style=\"color: #000000;\"><a href=\"https:\/\/www.amatimmobiliaris.com\/w\/wp-content\/uploads\/2022\/01\/TorreGasNatural_Barcelona-scaled.jpg\"><img loading=\"lazy\" decoding=\"async\" class=\"aligncenter size-medium wp-image-2435\" title=\"Gas Natural\" src=\"https:\/\/www.amatimmobiliaris.com\/w\/wp-content\/uploads\/2022\/01\/TorreGasNatural_Barcelona-scaled.jpg\" alt=\"\" width=\"300\" height=\"225\" \/><\/a><\/span><\/p>\n<p><span style=\"color: #000000;\">Enric Miralles i Benedetta Tagliabue (EMBT Arquitectes), Passeig Salvat Papasse\u00eft, 2005.<\/span><\/p>\n<p><span style=\"color: #000000;\">\u00a0<\/span><span style=\"color: #000000;\">Aquest projecte \u00e9s un dels m\u00e9s ambiciosos i impressionants de Barcelona. Se situa al front mar\u00edtim i ha transformat l\u2019skyline de la ciutat. La torre t\u00e9 100 metres d\u2019al\u00e7ada i compr\u00e8n 2 edificis d\u2019oficines. El m\u00e9s interessant d\u2019aquesta obra \u00e9s que dep\u00e8n de l\u2019angle des d\u2019on es miri semblen dos edificis totalment diferents.<\/span>\u00a0\u00a0\u00a0<strong><span style=\"color: #000000;\">\u00a0<\/span><\/strong><span style=\"color: #000000;\">\u00a0\u00a0\u00a0\u00a0<\/span><\/p>\n<p><span style=\"color: #000000;\">\u00a0\u00a0\u00a0\u00a0\u00a0\u00a0\u00a07.\u00a0\u00a0<\/span><strong><span style=\"color: #000000;\">\u00a0\u00a0 El Molino Caf\u00e9- teatre<\/span><\/strong><\/p>\n<p>&nbsp;<\/p>\n<p style=\"text-align: center;\"><span style=\"color: #000000;\">Josep Bohigas i Arnau, Francesc Pla i Ferrer i I\u00f1aki Baquero Riazuelo<strong>, <\/strong>El Paral\u00b7lel, 2010<\/span><\/p>\n<p>\u00a0<span style=\"color: #000000;\">El m\u00edtic caf\u00e8-Teatre ha passat per diferents mans d\u2019arquitectes des del 1910, del disseny del qual nom\u00e9s se\u2019n conserva la fa\u00e7ana amb el m\u00edtic mol\u00ed que d\u00f3na el seu nom en refer\u00e8ncia al Moulin Rouge de Par\u00eds.<\/span><strong><span style=\"color: #000000;\">\u00a0<\/span><\/strong>\u00a0<strong><span style=\"color: #000000;\">\u00a0<\/span><\/strong>\u00a0<strong><span style=\"color: #000000;\">\u00a0\u00a0<\/span><\/strong><span style=\"color: #000000;\">\u00a0\u00a0\u00a0 <\/span><\/p>\n<p><span style=\"color: #000000;\">\u00a0\u00a0\u00a0\u00a0\u00a0 8.\u00a0\u00a0<\/span><strong><span style=\"color: #000000;\">\u00a0\u00a0 Mercat Santa Caterina <\/span><\/strong><\/p>\n<p style=\"text-align: center;\"><span style=\"color: #000000;\"><img loading=\"lazy\" decoding=\"async\" class=\"aligncenter size-large\" src=\"https:\/\/metropoliabierta.elespanol.com\/uploads\/s1\/11\/97\/65\/mercat-santa-caterina-barcelona_9_1200x480.jpg\" width=\"1200\" height=\"480\" \/>\u00a0<\/span><\/p>\n<p style=\"text-align: center;\"><span style=\"color: #000000;\"><span style=\"color: #000000;\">Enric Miralles i Benedetta Tagliabue, Avinguda de Francesc Camb\u00f3<\/span><\/span><\/p>\n<p>\u00a0<span style=\"color: #000000;\">El mercat, situat al centre del Born destaca per la seva teulada colorista, estampada amb un mosaic de l\u2019artista Toni Comella, on hi ha dibuixades fruites i verdures en 67 colors diferents.<\/span>\u00a0\u00a0\u00a0<strong><span style=\"color: #000000;\">\u00a0\u00a0\u00a0\u00a0<\/span><\/strong><span style=\"color: #000000;\">\u00a0\u00a0<\/span><\/p>\n<p><span style=\"color: #000000;\">\u00a0\u00a0\u00a0\u00a0\u00a0\u00a0 <\/span><span style=\"color: #000000;\">9.\u00a0\u00a0<\/span><strong><span style=\"color: #000000;\">\u00a0\u00a0 Hotel Porta Fira<\/span><\/strong>\u00a0<span style=\"color: #000000;\">\u00a0<\/span><\/p>\n<p>&nbsp;<\/p>\n<p><img loading=\"lazy\" decoding=\"async\" class=\"aligncenter size-large\" src=\"https:\/\/www.lavanguardia.com\/files\/image_948_465\/uploads\/2020\/01\/24\/5fa9030f653fc.jpeg\" width=\"948\" height=\"465\" \/><\/p>\n<p style=\"text-align: center;\"><span style=\"color: #000000;\">Toyo Ito, Gran Via L\u2019Hospitalet, 2011.<\/span><\/p>\n<p>\u00a0 \u00a0 <span style=\"color: #000000;\">Aquest singular edifici situat a La Fira Gran Via, a la frontera de Barcelona amb L\u2019Hospitalet, destaca per la seva forma en flor de loto de 41 plantes i 110 metres d\u2019al\u00e7ada. Destaca per la seva lluminositat i quan el veus de lluny sembla que la fa\u00e7ana sigui de vellut!\u00a0<\/span>\u00a0<span style=\"color: #000000;\">\u00a0<\/span><span style=\"color: #000000;\">\u00a0<\/span><\/p>\n<p><span style=\"color: #000000;\">\u00a0\u00a0\u00a0\u00a0 10.\u00a0 <strong>F\u00f2rum Barcelona<\/strong> <\/span><\/p>\n<p><span style=\"color: #000000;\">\u00a0<\/span> <img loading=\"lazy\" decoding=\"async\" class=\"size-large aligncenter\" src=\"https:\/\/www.alchimica.es\/wp-content\/uploads\/2017\/10\/forum.jpg\" width=\"1800\" height=\"1201\" \/><\/p>\n<p>&nbsp;<\/p>\n<p style=\"text-align: center;\"><span style=\"color: #000000;\">Herzog &amp; de Meuron, Parc del F\u00f2rum, 2004<\/span><\/p>\n<p>\u00a0 \u00a0 <span style=\"color: #000000;\">L\u2019Edifici f\u00f2rum, que actualment alberga el Museu Blau de ci\u00e8ncies naturals, va ser la icona del F\u00f2rum de les Cultures que va tenir lloc al 2004. La seva estructura \u00e9s triangular de 180 metres de costat i 25 metres d&#8217;al\u00e7ada i el seu sostre est\u00e0 cobert per una l\u00e0mina d\u2019aigua que representa la Mediterr\u00e0nia.<\/span><\/p>\n<p>Dona\u00a0un cop d&#8217;ull al <a href=\"https:\/\/www.amatimmobiliaris.com\/w\/ca\/2015\/05\/ii-ranquing-edificis-curiosos-de-barcelona\/\">(II) R\u00e0nquing: Edificis curiosos de Barcelona!<\/a><\/p>\n","protected":false},"excerpt":{"rendered":"<p>Barcelona sempre ha estat una ciutat capdavantera en molts aspectes per\u00f2 si hem de destacar-ne un aquest seria la seva arquitectura. Al segle XIX els edificis cl\u00e0ssics del renaixement van comen\u00e7ar a barrejar-se amb les avantguardes modernistes d\u2019Antoni Gaud\u00ed i Puig i Cadafalch per, m\u00e9s tard, compartir protagonisme amb el futurisme de Foster i d\u2019altres [&hellip;]<\/p>\n","protected":false},"author":1,"featured_media":1805,"comment_status":"closed","ping_status":"closed","sticky":false,"template":"","format":"standard","meta":{"content-type":"","footnotes":""},"categories":[1151,1632],"tags":[2038,573,118,73,503],"yoast_head":"<!-- This site is optimized with the Yoast SEO plugin v23.9 - https:\/\/yoast.com\/wordpress\/plugins\/seo\/ -->\n<title>(I) R\u00e0nquing: Els edificis m\u00e9s curiosos de Barcelona | Amat Immobiliaris<\/title>\n<meta name=\"description\" content=\"Hem fet un r\u00e0nquing dels edificis m\u00e9s curiosos de Barcelona que s\u00f3n obres d&#039;art de l&#039;arquitectura moderna. Aqu\u00ed teniu la primera part!\" \/>\n<meta name=\"robots\" content=\"index, follow, max-snippet:-1, max-image-preview:large, max-video-preview:-1\" \/>\n<link rel=\"canonical\" href=\"https:\/\/www.amatimmobiliaris.com\/w\/ca\/2015\/03\/i-ranquing-els-edificis-mes-curiosos-de-barcelona\/\" \/>\n<meta property=\"og:locale\" content=\"ca_ES\" \/>\n<meta property=\"og:type\" content=\"article\" \/>\n<meta property=\"og:title\" content=\"(I) R\u00e0nquing: Els edificis m\u00e9s curiosos de Barcelona | Amat Immobiliaris\" \/>\n<meta property=\"og:description\" content=\"Hem fet un r\u00e0nquing dels edificis m\u00e9s curiosos de Barcelona que s\u00f3n obres d&#039;art de l&#039;arquitectura moderna. Aqu\u00ed teniu la primera part!\" \/>\n<meta property=\"og:url\" content=\"https:\/\/www.amatimmobiliaris.com\/w\/ca\/2015\/03\/i-ranquing-els-edificis-mes-curiosos-de-barcelona\/\" \/>\n<meta property=\"og:site_name\" content=\"Amat Immobiliaris\" \/>\n<meta property=\"article:publisher\" content=\"https:\/\/www.facebook.com\/amatimmobiliaris\" \/>\n<meta property=\"article:published_time\" content=\"2015-03-16T08:17:08+00:00\" \/>\n<meta property=\"article:modified_time\" content=\"2023-09-19T12:39:10+00:00\" \/>\n<meta property=\"og:image\" content=\"https:\/\/www.amatimmobiliaris.com\/w\/wp-content\/uploads\/2022\/01\/TorreGasNatural_Barcelona-scaled.jpg\" \/>\n\t<meta property=\"og:image:width\" content=\"2560\" \/>\n\t<meta property=\"og:image:height\" content=\"1920\" \/>\n\t<meta property=\"og:image:type\" content=\"image\/jpeg\" \/>\n<meta name=\"author\" content=\"Amat Immobiliaris\" \/>\n<meta name=\"twitter:card\" content=\"summary_large_image\" \/>\n<meta name=\"twitter:creator\" content=\"@amat_cat\" \/>\n<meta name=\"twitter:site\" content=\"@amat_cat\" \/>\n<meta name=\"twitter:label1\" content=\"Escrit per\" \/>\n\t<meta name=\"twitter:data1\" content=\"Amat Immobiliaris\" \/>\n\t<meta name=\"twitter:label2\" content=\"Temps estimat de lectura\" \/>\n\t<meta name=\"twitter:data2\" content=\"6 minuts\" \/>\n<script type=\"application\/ld+json\" class=\"yoast-schema-graph\">{\"@context\":\"https:\/\/schema.org\",\"@graph\":[{\"@type\":\"Article\",\"@id\":\"https:\/\/www.amatimmobiliaris.com\/w\/ca\/2015\/03\/i-ranquing-els-edificis-mes-curiosos-de-barcelona\/#article\",\"isPartOf\":{\"@id\":\"https:\/\/www.amatimmobiliaris.com\/w\/ca\/2015\/03\/i-ranquing-els-edificis-mes-curiosos-de-barcelona\/\"},\"author\":{\"name\":\"Amat Immobiliaris\",\"@id\":\"https:\/\/www.amatimmobiliaris.com\/w\/#\/schema\/person\/c880da71d1e156e7ea6774ffb445e034\"},\"headline\":\"(I) R\u00e0nquing: Els edificis m\u00e9s curiosos de Barcelona\",\"datePublished\":\"2015-03-16T08:17:08+00:00\",\"dateModified\":\"2023-09-19T12:39:10+00:00\",\"mainEntityOfPage\":{\"@id\":\"https:\/\/www.amatimmobiliaris.com\/w\/ca\/2015\/03\/i-ranquing-els-edificis-mes-curiosos-de-barcelona\/\"},\"wordCount\":853,\"publisher\":{\"@id\":\"https:\/\/www.amatimmobiliaris.com\/w\/#organization\"},\"image\":{\"@id\":\"https:\/\/www.amatimmobiliaris.com\/w\/ca\/2015\/03\/i-ranquing-els-edificis-mes-curiosos-de-barcelona\/#primaryimage\"},\"thumbnailUrl\":\"https:\/\/www.amatimmobiliaris.com\/w\/wp-content\/uploads\/2022\/01\/TorreGasNatural_Barcelona-scaled.jpg\",\"keywords\":[\"Arquitecte\",\"Arquitectura\",\"Barcelona\",\"Cultura\",\"Edificis\"],\"articleSection\":[\"Arquitectura i decoraci\u00f3\",\"Cultura\"],\"inLanguage\":\"ca\"},{\"@type\":\"WebPage\",\"@id\":\"https:\/\/www.amatimmobiliaris.com\/w\/ca\/2015\/03\/i-ranquing-els-edificis-mes-curiosos-de-barcelona\/\",\"url\":\"https:\/\/www.amatimmobiliaris.com\/w\/ca\/2015\/03\/i-ranquing-els-edificis-mes-curiosos-de-barcelona\/\",\"name\":\"(I) R\u00e0nquing: Els edificis m\u00e9s curiosos de Barcelona | Amat Immobiliaris\",\"isPartOf\":{\"@id\":\"https:\/\/www.amatimmobiliaris.com\/w\/#website\"},\"primaryImageOfPage\":{\"@id\":\"https:\/\/www.amatimmobiliaris.com\/w\/ca\/2015\/03\/i-ranquing-els-edificis-mes-curiosos-de-barcelona\/#primaryimage\"},\"image\":{\"@id\":\"https:\/\/www.amatimmobiliaris.com\/w\/ca\/2015\/03\/i-ranquing-els-edificis-mes-curiosos-de-barcelona\/#primaryimage\"},\"thumbnailUrl\":\"https:\/\/www.amatimmobiliaris.com\/w\/wp-content\/uploads\/2022\/01\/TorreGasNatural_Barcelona-scaled.jpg\",\"datePublished\":\"2015-03-16T08:17:08+00:00\",\"dateModified\":\"2023-09-19T12:39:10+00:00\",\"description\":\"Hem fet un r\u00e0nquing dels edificis m\u00e9s curiosos de Barcelona que s\u00f3n obres d'art de l'arquitectura moderna. Aqu\u00ed teniu la primera part!\",\"breadcrumb\":{\"@id\":\"https:\/\/www.amatimmobiliaris.com\/w\/ca\/2015\/03\/i-ranquing-els-edificis-mes-curiosos-de-barcelona\/#breadcrumb\"},\"inLanguage\":\"ca\",\"potentialAction\":[{\"@type\":\"ReadAction\",\"target\":[\"https:\/\/www.amatimmobiliaris.com\/w\/ca\/2015\/03\/i-ranquing-els-edificis-mes-curiosos-de-barcelona\/\"]}]},{\"@type\":\"ImageObject\",\"inLanguage\":\"ca\",\"@id\":\"https:\/\/www.amatimmobiliaris.com\/w\/ca\/2015\/03\/i-ranquing-els-edificis-mes-curiosos-de-barcelona\/#primaryimage\",\"url\":\"https:\/\/www.amatimmobiliaris.com\/w\/wp-content\/uploads\/2022\/01\/TorreGasNatural_Barcelona-scaled.jpg\",\"contentUrl\":\"https:\/\/www.amatimmobiliaris.com\/w\/wp-content\/uploads\/2022\/01\/TorreGasNatural_Barcelona-scaled.jpg\",\"width\":2560,\"height\":1920},{\"@type\":\"BreadcrumbList\",\"@id\":\"https:\/\/www.amatimmobiliaris.com\/w\/ca\/2015\/03\/i-ranquing-els-edificis-mes-curiosos-de-barcelona\/#breadcrumb\",\"itemListElement\":[{\"@type\":\"ListItem\",\"position\":1,\"name\":\"Home\",\"item\":\"https:\/\/www.amatimmobiliaris.com\/w\/ca\/\"},{\"@type\":\"ListItem\",\"position\":2,\"name\":\"Arquitectura i decoraci\u00f3\",\"item\":\"https:\/\/www.amatimmobiliaris.com\/w\/ca\/categoria-ca\/arquitectura-i-decoracio-ca\/\"},{\"@type\":\"ListItem\",\"position\":3,\"name\":\"(I) R\u00e0nquing: Els edificis m\u00e9s curiosos de Barcelona\"}]},{\"@type\":\"WebSite\",\"@id\":\"https:\/\/www.amatimmobiliaris.com\/w\/#website\",\"url\":\"https:\/\/www.amatimmobiliaris.com\/w\/\",\"name\":\"Amat Immobiliaris\",\"description\":\"Empresa familiar del sector inmobiliario con oficinas en Barcelona, Sant Cugat del Vall\u00e9s y Sant Just Desvern. Te ayudamos a comprar, alquilar o vender tu casa o piso. Somos un equipo coherente con una cultura de empresa honesta, innovadora y eficaz. Tambi\u00e9n en www.amatluxury.com\",\"publisher\":{\"@id\":\"https:\/\/www.amatimmobiliaris.com\/w\/#organization\"},\"alternateName\":\"AmatImmo\",\"potentialAction\":[{\"@type\":\"SearchAction\",\"target\":{\"@type\":\"EntryPoint\",\"urlTemplate\":\"https:\/\/www.amatimmobiliaris.com\/w\/?s={search_term_string}\"},\"query-input\":{\"@type\":\"PropertyValueSpecification\",\"valueRequired\":true,\"valueName\":\"search_term_string\"}}],\"inLanguage\":\"ca\"},{\"@type\":\"Organization\",\"@id\":\"https:\/\/www.amatimmobiliaris.com\/w\/#organization\",\"name\":\"Amat Immobiliaris\",\"url\":\"https:\/\/www.amatimmobiliaris.com\/w\/\",\"logo\":{\"@type\":\"ImageObject\",\"inLanguage\":\"ca\",\"@id\":\"https:\/\/www.amatimmobiliaris.com\/w\/#\/schema\/logo\/image\/\",\"url\":\"https:\/\/www.amatimmobiliaris.com\/w\/wp-content\/uploads\/2022\/10\/amat-logo.jpg\",\"contentUrl\":\"https:\/\/www.amatimmobiliaris.com\/w\/wp-content\/uploads\/2022\/10\/amat-logo.jpg\",\"width\":900,\"height\":900,\"caption\":\"Amat Immobiliaris\"},\"image\":{\"@id\":\"https:\/\/www.amatimmobiliaris.com\/w\/#\/schema\/logo\/image\/\"},\"sameAs\":[\"https:\/\/www.facebook.com\/amatimmobiliaris\",\"https:\/\/x.com\/amat_cat\",\"https:\/\/www.instagram.com\/amat_immo\/\",\"https:\/\/www.linkedin.com\/company\/amat-finques\/\",\"https:\/\/www.youtube.com\/@amatimmobiliaris\"]},{\"@type\":\"Person\",\"@id\":\"https:\/\/www.amatimmobiliaris.com\/w\/#\/schema\/person\/c880da71d1e156e7ea6774ffb445e034\",\"name\":\"Amat Immobiliaris\",\"sameAs\":[\"http:\/\/amat-inmo-wp.localhost\"]}]}<\/script>\n<!-- \/ Yoast SEO plugin. -->","yoast_head_json":{"title":"(I) R\u00e0nquing: Els edificis m\u00e9s curiosos de Barcelona | Amat Immobiliaris","description":"Hem fet un r\u00e0nquing dels edificis m\u00e9s curiosos de Barcelona que s\u00f3n obres d'art de l'arquitectura moderna. Aqu\u00ed teniu la primera part!","robots":{"index":"index","follow":"follow","max-snippet":"max-snippet:-1","max-image-preview":"max-image-preview:large","max-video-preview":"max-video-preview:-1"},"canonical":"https:\/\/www.amatimmobiliaris.com\/w\/ca\/2015\/03\/i-ranquing-els-edificis-mes-curiosos-de-barcelona\/","og_locale":"ca_ES","og_type":"article","og_title":"(I) R\u00e0nquing: Els edificis m\u00e9s curiosos de Barcelona | Amat Immobiliaris","og_description":"Hem fet un r\u00e0nquing dels edificis m\u00e9s curiosos de Barcelona que s\u00f3n obres d'art de l'arquitectura moderna. Aqu\u00ed teniu la primera part!","og_url":"https:\/\/www.amatimmobiliaris.com\/w\/ca\/2015\/03\/i-ranquing-els-edificis-mes-curiosos-de-barcelona\/","og_site_name":"Amat Immobiliaris","article_publisher":"https:\/\/www.facebook.com\/amatimmobiliaris","article_published_time":"2015-03-16T08:17:08+00:00","article_modified_time":"2023-09-19T12:39:10+00:00","og_image":[{"width":2560,"height":1920,"url":"https:\/\/www.amatimmobiliaris.com\/w\/wp-content\/uploads\/2022\/01\/TorreGasNatural_Barcelona-scaled.jpg","type":"image\/jpeg"}],"author":"Amat Immobiliaris","twitter_card":"summary_large_image","twitter_creator":"@amat_cat","twitter_site":"@amat_cat","twitter_misc":{"Escrit per":"Amat Immobiliaris","Temps estimat de lectura":"6 minuts"},"schema":{"@context":"https:\/\/schema.org","@graph":[{"@type":"Article","@id":"https:\/\/www.amatimmobiliaris.com\/w\/ca\/2015\/03\/i-ranquing-els-edificis-mes-curiosos-de-barcelona\/#article","isPartOf":{"@id":"https:\/\/www.amatimmobiliaris.com\/w\/ca\/2015\/03\/i-ranquing-els-edificis-mes-curiosos-de-barcelona\/"},"author":{"name":"Amat Immobiliaris","@id":"https:\/\/www.amatimmobiliaris.com\/w\/#\/schema\/person\/c880da71d1e156e7ea6774ffb445e034"},"headline":"(I) R\u00e0nquing: Els edificis m\u00e9s curiosos de Barcelona","datePublished":"2015-03-16T08:17:08+00:00","dateModified":"2023-09-19T12:39:10+00:00","mainEntityOfPage":{"@id":"https:\/\/www.amatimmobiliaris.com\/w\/ca\/2015\/03\/i-ranquing-els-edificis-mes-curiosos-de-barcelona\/"},"wordCount":853,"publisher":{"@id":"https:\/\/www.amatimmobiliaris.com\/w\/#organization"},"image":{"@id":"https:\/\/www.amatimmobiliaris.com\/w\/ca\/2015\/03\/i-ranquing-els-edificis-mes-curiosos-de-barcelona\/#primaryimage"},"thumbnailUrl":"https:\/\/www.amatimmobiliaris.com\/w\/wp-content\/uploads\/2022\/01\/TorreGasNatural_Barcelona-scaled.jpg","keywords":["Arquitecte","Arquitectura","Barcelona","Cultura","Edificis"],"articleSection":["Arquitectura i decoraci\u00f3","Cultura"],"inLanguage":"ca"},{"@type":"WebPage","@id":"https:\/\/www.amatimmobiliaris.com\/w\/ca\/2015\/03\/i-ranquing-els-edificis-mes-curiosos-de-barcelona\/","url":"https:\/\/www.amatimmobiliaris.com\/w\/ca\/2015\/03\/i-ranquing-els-edificis-mes-curiosos-de-barcelona\/","name":"(I) R\u00e0nquing: Els edificis m\u00e9s curiosos de Barcelona | Amat Immobiliaris","isPartOf":{"@id":"https:\/\/www.amatimmobiliaris.com\/w\/#website"},"primaryImageOfPage":{"@id":"https:\/\/www.amatimmobiliaris.com\/w\/ca\/2015\/03\/i-ranquing-els-edificis-mes-curiosos-de-barcelona\/#primaryimage"},"image":{"@id":"https:\/\/www.amatimmobiliaris.com\/w\/ca\/2015\/03\/i-ranquing-els-edificis-mes-curiosos-de-barcelona\/#primaryimage"},"thumbnailUrl":"https:\/\/www.amatimmobiliaris.com\/w\/wp-content\/uploads\/2022\/01\/TorreGasNatural_Barcelona-scaled.jpg","datePublished":"2015-03-16T08:17:08+00:00","dateModified":"2023-09-19T12:39:10+00:00","description":"Hem fet un r\u00e0nquing dels edificis m\u00e9s curiosos de Barcelona que s\u00f3n obres d'art de l'arquitectura moderna. Aqu\u00ed teniu la primera part!","breadcrumb":{"@id":"https:\/\/www.amatimmobiliaris.com\/w\/ca\/2015\/03\/i-ranquing-els-edificis-mes-curiosos-de-barcelona\/#breadcrumb"},"inLanguage":"ca","potentialAction":[{"@type":"ReadAction","target":["https:\/\/www.amatimmobiliaris.com\/w\/ca\/2015\/03\/i-ranquing-els-edificis-mes-curiosos-de-barcelona\/"]}]},{"@type":"ImageObject","inLanguage":"ca","@id":"https:\/\/www.amatimmobiliaris.com\/w\/ca\/2015\/03\/i-ranquing-els-edificis-mes-curiosos-de-barcelona\/#primaryimage","url":"https:\/\/www.amatimmobiliaris.com\/w\/wp-content\/uploads\/2022\/01\/TorreGasNatural_Barcelona-scaled.jpg","contentUrl":"https:\/\/www.amatimmobiliaris.com\/w\/wp-content\/uploads\/2022\/01\/TorreGasNatural_Barcelona-scaled.jpg","width":2560,"height":1920},{"@type":"BreadcrumbList","@id":"https:\/\/www.amatimmobiliaris.com\/w\/ca\/2015\/03\/i-ranquing-els-edificis-mes-curiosos-de-barcelona\/#breadcrumb","itemListElement":[{"@type":"ListItem","position":1,"name":"Home","item":"https:\/\/www.amatimmobiliaris.com\/w\/ca\/"},{"@type":"ListItem","position":2,"name":"Arquitectura i decoraci\u00f3","item":"https:\/\/www.amatimmobiliaris.com\/w\/ca\/categoria-ca\/arquitectura-i-decoracio-ca\/"},{"@type":"ListItem","position":3,"name":"(I) R\u00e0nquing: Els edificis m\u00e9s curiosos de Barcelona"}]},{"@type":"WebSite","@id":"https:\/\/www.amatimmobiliaris.com\/w\/#website","url":"https:\/\/www.amatimmobiliaris.com\/w\/","name":"Amat Immobiliaris","description":"Empresa familiar del sector inmobiliario con oficinas en Barcelona, Sant Cugat del Vall\u00e9s y Sant Just Desvern. Te ayudamos a comprar, alquilar o vender tu casa o piso. Somos un equipo coherente con una cultura de empresa honesta, innovadora y eficaz. Tambi\u00e9n en www.amatluxury.com","publisher":{"@id":"https:\/\/www.amatimmobiliaris.com\/w\/#organization"},"alternateName":"AmatImmo","potentialAction":[{"@type":"SearchAction","target":{"@type":"EntryPoint","urlTemplate":"https:\/\/www.amatimmobiliaris.com\/w\/?s={search_term_string}"},"query-input":{"@type":"PropertyValueSpecification","valueRequired":true,"valueName":"search_term_string"}}],"inLanguage":"ca"},{"@type":"Organization","@id":"https:\/\/www.amatimmobiliaris.com\/w\/#organization","name":"Amat Immobiliaris","url":"https:\/\/www.amatimmobiliaris.com\/w\/","logo":{"@type":"ImageObject","inLanguage":"ca","@id":"https:\/\/www.amatimmobiliaris.com\/w\/#\/schema\/logo\/image\/","url":"https:\/\/www.amatimmobiliaris.com\/w\/wp-content\/uploads\/2022\/10\/amat-logo.jpg","contentUrl":"https:\/\/www.amatimmobiliaris.com\/w\/wp-content\/uploads\/2022\/10\/amat-logo.jpg","width":900,"height":900,"caption":"Amat Immobiliaris"},"image":{"@id":"https:\/\/www.amatimmobiliaris.com\/w\/#\/schema\/logo\/image\/"},"sameAs":["https:\/\/www.facebook.com\/amatimmobiliaris","https:\/\/x.com\/amat_cat","https:\/\/www.instagram.com\/amat_immo\/","https:\/\/www.linkedin.com\/company\/amat-finques\/","https:\/\/www.youtube.com\/@amatimmobiliaris"]},{"@type":"Person","@id":"https:\/\/www.amatimmobiliaris.com\/w\/#\/schema\/person\/c880da71d1e156e7ea6774ffb445e034","name":"Amat Immobiliaris","sameAs":["http:\/\/amat-inmo-wp.localhost"]}]}},"_links":{"self":[{"href":"https:\/\/www.amatimmobiliaris.com\/w\/ca\/wp-json\/wp\/v2\/posts\/1804"}],"collection":[{"href":"https:\/\/www.amatimmobiliaris.com\/w\/ca\/wp-json\/wp\/v2\/posts"}],"about":[{"href":"https:\/\/www.amatimmobiliaris.com\/w\/ca\/wp-json\/wp\/v2\/types\/post"}],"author":[{"embeddable":true,"href":"https:\/\/www.amatimmobiliaris.com\/w\/ca\/wp-json\/wp\/v2\/users\/1"}],"replies":[{"embeddable":true,"href":"https:\/\/www.amatimmobiliaris.com\/w\/ca\/wp-json\/wp\/v2\/comments?post=1804"}],"version-history":[{"count":6,"href":"https:\/\/www.amatimmobiliaris.com\/w\/ca\/wp-json\/wp\/v2\/posts\/1804\/revisions"}],"predecessor-version":[{"id":30565,"href":"https:\/\/www.amatimmobiliaris.com\/w\/ca\/wp-json\/wp\/v2\/posts\/1804\/revisions\/30565"}],"wp:featuredmedia":[{"embeddable":true,"href":"https:\/\/www.amatimmobiliaris.com\/w\/ca\/wp-json\/wp\/v2\/media\/1805"}],"wp:attachment":[{"href":"https:\/\/www.amatimmobiliaris.com\/w\/ca\/wp-json\/wp\/v2\/media?parent=1804"}],"wp:term":[{"taxonomy":"category","embeddable":true,"href":"https:\/\/www.amatimmobiliaris.com\/w\/ca\/wp-json\/wp\/v2\/categories?post=1804"},{"taxonomy":"post_tag","embeddable":true,"href":"https:\/\/www.amatimmobiliaris.com\/w\/ca\/wp-json\/wp\/v2\/tags?post=1804"}],"curies":[{"name":"wp","href":"https:\/\/api.w.org\/{rel}","templated":true}]}}