{"id":1685,"date":"2016-02-04T11:34:26","date_gmt":"2016-02-04T11:34:26","guid":{"rendered":"https:\/\/amat-inmo-wp.localhost\/2017\/01\/23\/quina-la-historia-ledifici-espanya\/"},"modified":"2023-09-19T11:16:47","modified_gmt":"2023-09-19T11:16:47","slug":"quina-la-historia-ledifici-espanya","status":"publish","type":"post","link":"https:\/\/www.amatimmobiliaris.com\/w\/ca\/2016\/02\/quina-la-historia-ledifici-espanya\/","title":{"rendered":"Quina \u00e9s la hist\u00f2ria de l&#8217;edifici espanya?"},"content":{"rendered":"<p>Des de la compra de l&#8217;Edifici Espanya, a Madrid, pel grup empresarial xin\u00e8s <a href=\"https:\/\/www.wanda-group.com\/\"><span id=\"tr_2\" class=\"tr_\" data-source=\"\" data-orig=\"Wanda\">Wanda<\/span><\/a> el 2014, el flux de not\u00edcies del conflicte no ha parat.<\/p>\n<p>Despr\u00e9s de la seva <a title=\"venda\" href=\"https:\/\/www.amatimmobiliaris.com\/en\/properties-for-sale\">venda<\/a> el 2005 per part de <a title=\"Metrovacesa\" href=\"https:\/\/es.wikipedia.org\/wiki\/Metrovacesa\"><span id=\"tr_3\" class=\"tr_\" data-source=\"\" data-orig=\"Metrovacesa\">Metrovacesa<\/span><\/a> per un total de 389 milions d&#8217;euros i la posterior adquisici\u00f3 del 50% de l&#8217;edifici per Santander Real Estate, l&#8217;edifici va ser finalment tancat el 2012 fins dos anys m\u00e9s tard, quan <a class=\"new\" title=\"Wang Jianlin (a\u00fan no redactado)\" href=\"https:\/\/es.wikipedia.org\/wiki\/Wang_Jianlin\"><span id=\"tr_4\" class=\"tr_\" data-source=\"\" data-orig=\"Wang Jianlin,\">Wang Jianlin,<\/span><\/a><span id=\"tr_9\" class=\"tr_\" data-source=\"\" data-orig=\"Wang Jianlin (a\u00fan no redactado)\" data-hidden=\"y\"><\/span> l&#8217;home m\u00e9s ric de la Xina, es va interessar en ell. El grup especialitzat en hotels i botigues de luxe, el va adquirir per 256 milions d&#8217;euros.<\/p>\n<p><a href=\"https:\/\/www.republica.com\/economia\/wanda-esta-reconsiderando-por-completo-las-obras-del-edificio-espana-20160128-1651438171\/\">Fa\u00e7ana de l&#8217;edifici Espanya<\/a><a href=\"https:\/\/www.republica.com\/economia\/wanda-esta-reconsiderando-por-completo-las-obras-del-edificio-espana-20160128-1651438171\/\"><br \/>\n<\/a><a href=\"https:\/\/www.republica.com\/economia\/wanda-esta-reconsiderando-por-completo-las-obras-del-edificio-espana-20160128-1651438171\/\"><img loading=\"lazy\" decoding=\"async\" class=\"aligncenter wp-image-4150\" src=\"https:\/\/www.amatimmobiliaris.com\/w\/wp-content\/uploads\/2022\/01\/Edificio_Espaa_Madrid_04-scaled.jpg\" alt=\"Fachada Edificio Espa\u00f1a\" width=\"874\" height=\"654\" \/><\/a><\/p>\n<p style=\"text-align: center;\"><img loading=\"lazy\" decoding=\"async\" class=\"alignnone wp-image-6318\" src=\"https:\/\/www.amatimmobiliaris.com\/w\/wp-content\/uploads\/2022\/01\/edificio-espaa-21-300x221.jpg\" width=\"744\" height=\"547\" \/><a href=\"https:\/\/www.republica.com\/economia\/wanda-esta-reconsiderando-por-completo-las-obras-del-edificio-espana-20160128-1651438171\/\">Edifici Espanya des de l&#8217;aire<\/a><\/p>\n<p style=\"text-align: center;\"><img loading=\"lazy\" decoding=\"async\" class=\"aligncenter wp-image-6320 size-full\" src=\"https:\/\/www.amatimmobiliaris.com\/w\/wp-content\/uploads\/2022\/01\/ao-48-edificio-espaa.jpg\" width=\"680\" height=\"520\" \/><a href=\"http:\/\/caminandopormadrid.blogspot.com\/2014\/03\/el-edificio-espana-1-la-construccion.html\">Construcci\u00f3 de l&#8217;Edifici Espanya el 1948<\/a><\/p>\n<p>&nbsp;<\/p>\n<p>Per\u00f2, <strong>Qu\u00e8 \u00e9s realment l&#8217;edifici Espanya? Quina \u00e9s la seva hist\u00f2ria?<\/strong><\/p>\n<p>L&#8217;Edifici Espanya, d&#8217;estil neobarroc i obra dels germans Otamendi, Jos\u00e9 Maria i Julian, propietaris de la Companyia Immobili\u00e0ria Metropolitana, va comen\u00e7ar la seva construcci\u00f3 el 1948 al centre de Madrid, a pla\u00e7a Espanya. Es va acabar cinc anys m\u00e9s tard, temps r\u00e8cord a l&#8217;\u00e8poca i, amb les seves 25 plantes i 117 metres d&#8217;al\u00e7ada, es convertiria en el gratacels m\u00e9s alt d&#8217;Europa. Era tan imponent que el van batejar &#8220;l&#8217;edifici tac&#8221;, per la gran quantitat de paraulotes que la gent deixava anar en veure l&#8217;imponent estructura per primera vegada.<\/p>\n<p>A m\u00e9s d&#8217;aquests, va batre altre r\u00e8cords:<\/p>\n<ul>\n<li>Va costar 210 milions de pessetes, una gran suma en la d\u00e8cada de 1950.<\/li>\n<li>Tenia 32 ascensors.<\/li>\n<li>Tenia un restaurant a la planta superior, amb piscina!<\/li>\n<\/ul>\n<p>Fins al 2006 albergava l&#8217; <span id=\"tr_6\" class=\"tr_\" data-source=\"\" data-orig=\"Hotel Crowne Plaza\">Hotel Crowne Plaza<\/span>, un centre comercial, pisos i oficines i, des de la seva construcci\u00f3, va ser considerat un dels grans elements identificatius de la dictadura franquista, ja que el r\u00e8gim havia de projectar una nova imatge internacional.<\/p>\n<p>Despr\u00e9s de la seva venda, l&#8217;edifici va caure en l&#8217;oblit, i el seu interior es va reduir a runa.<\/p>\n<p><a href=\"https:\/\/www.amatimmobiliaris.com\/w\/wp-content\/uploads\/2022\/01\/edificio_espana_03.jpg\"><img loading=\"lazy\" decoding=\"async\" class=\"aligncenter wp-image-4147 \" src=\"https:\/\/www.amatimmobiliaris.com\/w\/wp-content\/uploads\/2022\/01\/edificio_espana_03.jpg\" alt=\"edificio_espana_03\" width=\"731\" height=\"488\" \/><\/a><\/p>\n<p style=\"text-align: center;\"><img loading=\"lazy\" decoding=\"async\" class=\"aligncenter wp-image-6321 size-full\" src=\"https:\/\/www.amatimmobiliaris.com\/w\/wp-content\/uploads\/2022\/01\/edificio-espaa.jpg\" width=\"848\" height=\"476\" \/><a href=\"https:\/\/www.teinteresa.es\/teinteresa\/Grupo-Wanda-Edificio-Espana-reconstruccion_0_1424258054.html\" class=\"broken_link\" rel=\"nofollow\">Interior de l&#8217;edifici<\/a><\/p>\n<p>Actualment, l&#8217;edifici \u00e9s not\u00edcia pel conflicte d&#8217;interessos entre l&#8217;Ajuntament de Madrid i Wanda. Pel que sembla, la fa\u00e7ana est\u00e0 protegida per la Llei de protecci\u00f3 dels edificis hist\u00f2rics, per tant, no es podria demolir, com era la primera intenci\u00f3 de Jianling, que pretenia desmuntar,-la restaurar-la i tornar-la a muntar.<\/p>\n<p>A data d&#8217;avui, 4 de febrer, el grup xin\u00e8s <a href=\"https:\/\/www.elmundo.es\/madrid\/2016\/02\/04\/56b2832ee2704e7f648b456c.html\">afirma als mitjans de comunicaci\u00f3<\/a> que est\u00e0 considerant la seva venda a causa de les dificultats trobades per desenvolupar el seu projecte.<\/p>\n<h2><\/h2>\n","protected":false},"excerpt":{"rendered":"<p>Des de la compra de l&#8217;Edifici Espanya, a Madrid, pel grup empresarial xin\u00e8s Wanda el 2014, el flux de not\u00edcies del conflicte no ha parat. Despr\u00e9s de la seva venda el 2005 per part de Metrovacesa per un total de 389 milions d&#8217;euros i la posterior adquisici\u00f3 del 50% de l&#8217;edifici per Santander Real Estate, [&hellip;]<\/p>\n","protected":false},"author":1,"featured_media":1686,"comment_status":"closed","ping_status":"closed","sticky":false,"template":"","format":"standard","meta":{"content-type":"","footnotes":""},"categories":[1151],"tags":[],"yoast_head":"<!-- This site is optimized with the Yoast SEO plugin v23.9 - https:\/\/yoast.com\/wordpress\/plugins\/seo\/ -->\n<title>Quina \u00e9s la hist\u00f2ria de l&#039;edifici espanya? | Amat Immobiliaris<\/title>\n<meta name=\"robots\" content=\"index, follow, max-snippet:-1, max-image-preview:large, max-video-preview:-1\" \/>\n<link rel=\"canonical\" href=\"https:\/\/www.amatimmobiliaris.com\/w\/ca\/2016\/02\/quina-la-historia-ledifici-espanya\/\" \/>\n<meta property=\"og:locale\" content=\"ca_ES\" \/>\n<meta property=\"og:type\" content=\"article\" \/>\n<meta property=\"og:title\" content=\"Quina \u00e9s la hist\u00f2ria de l&#039;edifici espanya? | Amat Immobiliaris\" \/>\n<meta property=\"og:description\" content=\"Des de la compra de l&#8217;Edifici Espanya, a Madrid, pel grup empresarial xin\u00e8s Wanda el 2014, el flux de not\u00edcies del conflicte no ha parat. Despr\u00e9s de la seva venda el 2005 per part de Metrovacesa per un total de 389 milions d&#8217;euros i la posterior adquisici\u00f3 del 50% de l&#8217;edifici per Santander Real Estate, [&hellip;]\" \/>\n<meta property=\"og:url\" content=\"https:\/\/www.amatimmobiliaris.com\/w\/ca\/2016\/02\/quina-la-historia-ledifici-espanya\/\" \/>\n<meta property=\"og:site_name\" content=\"Amat Immobiliaris\" \/>\n<meta property=\"article:publisher\" content=\"https:\/\/www.facebook.com\/amatimmobiliaris\" \/>\n<meta property=\"article:published_time\" content=\"2016-02-04T11:34:26+00:00\" \/>\n<meta property=\"article:modified_time\" content=\"2023-09-19T11:16:47+00:00\" \/>\n<meta property=\"og:image\" content=\"https:\/\/www.amatimmobiliaris.com\/w\/wp-content\/uploads\/2022\/01\/Edificio_Espaa_Madrid_04-scaled.jpg\" \/>\n\t<meta property=\"og:image:width\" content=\"2560\" \/>\n\t<meta property=\"og:image:height\" content=\"1916\" \/>\n\t<meta property=\"og:image:type\" content=\"image\/jpeg\" \/>\n<meta name=\"author\" content=\"Amat Immobiliaris\" \/>\n<meta name=\"twitter:card\" content=\"summary_large_image\" \/>\n<meta name=\"twitter:creator\" content=\"@amat_cat\" \/>\n<meta name=\"twitter:site\" content=\"@amat_cat\" \/>\n<meta name=\"twitter:label1\" content=\"Escrit per\" \/>\n\t<meta name=\"twitter:data1\" content=\"Amat Immobiliaris\" \/>\n\t<meta name=\"twitter:label2\" content=\"Temps estimat de lectura\" \/>\n\t<meta name=\"twitter:data2\" content=\"3 minuts\" \/>\n<script type=\"application\/ld+json\" class=\"yoast-schema-graph\">{\"@context\":\"https:\/\/schema.org\",\"@graph\":[{\"@type\":\"Article\",\"@id\":\"https:\/\/www.amatimmobiliaris.com\/w\/ca\/2016\/02\/quina-la-historia-ledifici-espanya\/#article\",\"isPartOf\":{\"@id\":\"https:\/\/www.amatimmobiliaris.com\/w\/ca\/2016\/02\/quina-la-historia-ledifici-espanya\/\"},\"author\":{\"name\":\"Amat Immobiliaris\",\"@id\":\"https:\/\/www.amatimmobiliaris.com\/w\/#\/schema\/person\/c880da71d1e156e7ea6774ffb445e034\"},\"headline\":\"Quina \u00e9s la hist\u00f2ria de l&#8217;edifici espanya?\",\"datePublished\":\"2016-02-04T11:34:26+00:00\",\"dateModified\":\"2023-09-19T11:16:47+00:00\",\"mainEntityOfPage\":{\"@id\":\"https:\/\/www.amatimmobiliaris.com\/w\/ca\/2016\/02\/quina-la-historia-ledifici-espanya\/\"},\"wordCount\":409,\"publisher\":{\"@id\":\"https:\/\/www.amatimmobiliaris.com\/w\/#organization\"},\"image\":{\"@id\":\"https:\/\/www.amatimmobiliaris.com\/w\/ca\/2016\/02\/quina-la-historia-ledifici-espanya\/#primaryimage\"},\"thumbnailUrl\":\"https:\/\/www.amatimmobiliaris.com\/w\/wp-content\/uploads\/2022\/01\/Edificio_Espaa_Madrid_04-scaled.jpg\",\"articleSection\":[\"Arquitectura i decoraci\u00f3\"],\"inLanguage\":\"ca\"},{\"@type\":\"WebPage\",\"@id\":\"https:\/\/www.amatimmobiliaris.com\/w\/ca\/2016\/02\/quina-la-historia-ledifici-espanya\/\",\"url\":\"https:\/\/www.amatimmobiliaris.com\/w\/ca\/2016\/02\/quina-la-historia-ledifici-espanya\/\",\"name\":\"Quina \u00e9s la hist\u00f2ria de l'edifici espanya? | Amat Immobiliaris\",\"isPartOf\":{\"@id\":\"https:\/\/www.amatimmobiliaris.com\/w\/#website\"},\"primaryImageOfPage\":{\"@id\":\"https:\/\/www.amatimmobiliaris.com\/w\/ca\/2016\/02\/quina-la-historia-ledifici-espanya\/#primaryimage\"},\"image\":{\"@id\":\"https:\/\/www.amatimmobiliaris.com\/w\/ca\/2016\/02\/quina-la-historia-ledifici-espanya\/#primaryimage\"},\"thumbnailUrl\":\"https:\/\/www.amatimmobiliaris.com\/w\/wp-content\/uploads\/2022\/01\/Edificio_Espaa_Madrid_04-scaled.jpg\",\"datePublished\":\"2016-02-04T11:34:26+00:00\",\"dateModified\":\"2023-09-19T11:16:47+00:00\",\"breadcrumb\":{\"@id\":\"https:\/\/www.amatimmobiliaris.com\/w\/ca\/2016\/02\/quina-la-historia-ledifici-espanya\/#breadcrumb\"},\"inLanguage\":\"ca\",\"potentialAction\":[{\"@type\":\"ReadAction\",\"target\":[\"https:\/\/www.amatimmobiliaris.com\/w\/ca\/2016\/02\/quina-la-historia-ledifici-espanya\/\"]}]},{\"@type\":\"ImageObject\",\"inLanguage\":\"ca\",\"@id\":\"https:\/\/www.amatimmobiliaris.com\/w\/ca\/2016\/02\/quina-la-historia-ledifici-espanya\/#primaryimage\",\"url\":\"https:\/\/www.amatimmobiliaris.com\/w\/wp-content\/uploads\/2022\/01\/Edificio_Espaa_Madrid_04-scaled.jpg\",\"contentUrl\":\"https:\/\/www.amatimmobiliaris.com\/w\/wp-content\/uploads\/2022\/01\/Edificio_Espaa_Madrid_04-scaled.jpg\",\"width\":2560,\"height\":1916},{\"@type\":\"BreadcrumbList\",\"@id\":\"https:\/\/www.amatimmobiliaris.com\/w\/ca\/2016\/02\/quina-la-historia-ledifici-espanya\/#breadcrumb\",\"itemListElement\":[{\"@type\":\"ListItem\",\"position\":1,\"name\":\"Home\",\"item\":\"https:\/\/www.amatimmobiliaris.com\/w\/ca\/\"},{\"@type\":\"ListItem\",\"position\":2,\"name\":\"Arquitectura i decoraci\u00f3\",\"item\":\"https:\/\/www.amatimmobiliaris.com\/w\/ca\/categoria-ca\/arquitectura-i-decoracio-ca\/\"},{\"@type\":\"ListItem\",\"position\":3,\"name\":\"Quina \u00e9s la hist\u00f2ria de l&#8217;edifici espanya?\"}]},{\"@type\":\"WebSite\",\"@id\":\"https:\/\/www.amatimmobiliaris.com\/w\/#website\",\"url\":\"https:\/\/www.amatimmobiliaris.com\/w\/\",\"name\":\"Amat Immobiliaris\",\"description\":\"Empresa familiar del sector inmobiliario con oficinas en Barcelona, Sant Cugat del Vall\u00e9s y Sant Just Desvern. Te ayudamos a comprar, alquilar o vender tu casa o piso. Somos un equipo coherente con una cultura de empresa honesta, innovadora y eficaz. Tambi\u00e9n en www.amatluxury.com\",\"publisher\":{\"@id\":\"https:\/\/www.amatimmobiliaris.com\/w\/#organization\"},\"alternateName\":\"AmatImmo\",\"potentialAction\":[{\"@type\":\"SearchAction\",\"target\":{\"@type\":\"EntryPoint\",\"urlTemplate\":\"https:\/\/www.amatimmobiliaris.com\/w\/?s={search_term_string}\"},\"query-input\":{\"@type\":\"PropertyValueSpecification\",\"valueRequired\":true,\"valueName\":\"search_term_string\"}}],\"inLanguage\":\"ca\"},{\"@type\":\"Organization\",\"@id\":\"https:\/\/www.amatimmobiliaris.com\/w\/#organization\",\"name\":\"Amat Immobiliaris\",\"url\":\"https:\/\/www.amatimmobiliaris.com\/w\/\",\"logo\":{\"@type\":\"ImageObject\",\"inLanguage\":\"ca\",\"@id\":\"https:\/\/www.amatimmobiliaris.com\/w\/#\/schema\/logo\/image\/\",\"url\":\"https:\/\/www.amatimmobiliaris.com\/w\/wp-content\/uploads\/2022\/10\/amat-logo.jpg\",\"contentUrl\":\"https:\/\/www.amatimmobiliaris.com\/w\/wp-content\/uploads\/2022\/10\/amat-logo.jpg\",\"width\":900,\"height\":900,\"caption\":\"Amat Immobiliaris\"},\"image\":{\"@id\":\"https:\/\/www.amatimmobiliaris.com\/w\/#\/schema\/logo\/image\/\"},\"sameAs\":[\"https:\/\/www.facebook.com\/amatimmobiliaris\",\"https:\/\/x.com\/amat_cat\",\"https:\/\/www.instagram.com\/amat_immo\/\",\"https:\/\/www.linkedin.com\/company\/amat-finques\/\",\"https:\/\/www.youtube.com\/@amatimmobiliaris\"]},{\"@type\":\"Person\",\"@id\":\"https:\/\/www.amatimmobiliaris.com\/w\/#\/schema\/person\/c880da71d1e156e7ea6774ffb445e034\",\"name\":\"Amat Immobiliaris\",\"sameAs\":[\"http:\/\/amat-inmo-wp.localhost\"]}]}<\/script>\n<!-- \/ Yoast SEO plugin. -->","yoast_head_json":{"title":"Quina \u00e9s la hist\u00f2ria de l'edifici espanya? | Amat Immobiliaris","robots":{"index":"index","follow":"follow","max-snippet":"max-snippet:-1","max-image-preview":"max-image-preview:large","max-video-preview":"max-video-preview:-1"},"canonical":"https:\/\/www.amatimmobiliaris.com\/w\/ca\/2016\/02\/quina-la-historia-ledifici-espanya\/","og_locale":"ca_ES","og_type":"article","og_title":"Quina \u00e9s la hist\u00f2ria de l'edifici espanya? | Amat Immobiliaris","og_description":"Des de la compra de l&#8217;Edifici Espanya, a Madrid, pel grup empresarial xin\u00e8s Wanda el 2014, el flux de not\u00edcies del conflicte no ha parat. Despr\u00e9s de la seva venda el 2005 per part de Metrovacesa per un total de 389 milions d&#8217;euros i la posterior adquisici\u00f3 del 50% de l&#8217;edifici per Santander Real Estate, [&hellip;]","og_url":"https:\/\/www.amatimmobiliaris.com\/w\/ca\/2016\/02\/quina-la-historia-ledifici-espanya\/","og_site_name":"Amat Immobiliaris","article_publisher":"https:\/\/www.facebook.com\/amatimmobiliaris","article_published_time":"2016-02-04T11:34:26+00:00","article_modified_time":"2023-09-19T11:16:47+00:00","og_image":[{"width":2560,"height":1916,"url":"https:\/\/www.amatimmobiliaris.com\/w\/wp-content\/uploads\/2022\/01\/Edificio_Espaa_Madrid_04-scaled.jpg","type":"image\/jpeg"}],"author":"Amat Immobiliaris","twitter_card":"summary_large_image","twitter_creator":"@amat_cat","twitter_site":"@amat_cat","twitter_misc":{"Escrit per":"Amat Immobiliaris","Temps estimat de lectura":"3 minuts"},"schema":{"@context":"https:\/\/schema.org","@graph":[{"@type":"Article","@id":"https:\/\/www.amatimmobiliaris.com\/w\/ca\/2016\/02\/quina-la-historia-ledifici-espanya\/#article","isPartOf":{"@id":"https:\/\/www.amatimmobiliaris.com\/w\/ca\/2016\/02\/quina-la-historia-ledifici-espanya\/"},"author":{"name":"Amat Immobiliaris","@id":"https:\/\/www.amatimmobiliaris.com\/w\/#\/schema\/person\/c880da71d1e156e7ea6774ffb445e034"},"headline":"Quina \u00e9s la hist\u00f2ria de l&#8217;edifici espanya?","datePublished":"2016-02-04T11:34:26+00:00","dateModified":"2023-09-19T11:16:47+00:00","mainEntityOfPage":{"@id":"https:\/\/www.amatimmobiliaris.com\/w\/ca\/2016\/02\/quina-la-historia-ledifici-espanya\/"},"wordCount":409,"publisher":{"@id":"https:\/\/www.amatimmobiliaris.com\/w\/#organization"},"image":{"@id":"https:\/\/www.amatimmobiliaris.com\/w\/ca\/2016\/02\/quina-la-historia-ledifici-espanya\/#primaryimage"},"thumbnailUrl":"https:\/\/www.amatimmobiliaris.com\/w\/wp-content\/uploads\/2022\/01\/Edificio_Espaa_Madrid_04-scaled.jpg","articleSection":["Arquitectura i decoraci\u00f3"],"inLanguage":"ca"},{"@type":"WebPage","@id":"https:\/\/www.amatimmobiliaris.com\/w\/ca\/2016\/02\/quina-la-historia-ledifici-espanya\/","url":"https:\/\/www.amatimmobiliaris.com\/w\/ca\/2016\/02\/quina-la-historia-ledifici-espanya\/","name":"Quina \u00e9s la hist\u00f2ria de l'edifici espanya? | Amat Immobiliaris","isPartOf":{"@id":"https:\/\/www.amatimmobiliaris.com\/w\/#website"},"primaryImageOfPage":{"@id":"https:\/\/www.amatimmobiliaris.com\/w\/ca\/2016\/02\/quina-la-historia-ledifici-espanya\/#primaryimage"},"image":{"@id":"https:\/\/www.amatimmobiliaris.com\/w\/ca\/2016\/02\/quina-la-historia-ledifici-espanya\/#primaryimage"},"thumbnailUrl":"https:\/\/www.amatimmobiliaris.com\/w\/wp-content\/uploads\/2022\/01\/Edificio_Espaa_Madrid_04-scaled.jpg","datePublished":"2016-02-04T11:34:26+00:00","dateModified":"2023-09-19T11:16:47+00:00","breadcrumb":{"@id":"https:\/\/www.amatimmobiliaris.com\/w\/ca\/2016\/02\/quina-la-historia-ledifici-espanya\/#breadcrumb"},"inLanguage":"ca","potentialAction":[{"@type":"ReadAction","target":["https:\/\/www.amatimmobiliaris.com\/w\/ca\/2016\/02\/quina-la-historia-ledifici-espanya\/"]}]},{"@type":"ImageObject","inLanguage":"ca","@id":"https:\/\/www.amatimmobiliaris.com\/w\/ca\/2016\/02\/quina-la-historia-ledifici-espanya\/#primaryimage","url":"https:\/\/www.amatimmobiliaris.com\/w\/wp-content\/uploads\/2022\/01\/Edificio_Espaa_Madrid_04-scaled.jpg","contentUrl":"https:\/\/www.amatimmobiliaris.com\/w\/wp-content\/uploads\/2022\/01\/Edificio_Espaa_Madrid_04-scaled.jpg","width":2560,"height":1916},{"@type":"BreadcrumbList","@id":"https:\/\/www.amatimmobiliaris.com\/w\/ca\/2016\/02\/quina-la-historia-ledifici-espanya\/#breadcrumb","itemListElement":[{"@type":"ListItem","position":1,"name":"Home","item":"https:\/\/www.amatimmobiliaris.com\/w\/ca\/"},{"@type":"ListItem","position":2,"name":"Arquitectura i decoraci\u00f3","item":"https:\/\/www.amatimmobiliaris.com\/w\/ca\/categoria-ca\/arquitectura-i-decoracio-ca\/"},{"@type":"ListItem","position":3,"name":"Quina \u00e9s la hist\u00f2ria de l&#8217;edifici espanya?"}]},{"@type":"WebSite","@id":"https:\/\/www.amatimmobiliaris.com\/w\/#website","url":"https:\/\/www.amatimmobiliaris.com\/w\/","name":"Amat Immobiliaris","description":"Empresa familiar del sector inmobiliario con oficinas en Barcelona, Sant Cugat del Vall\u00e9s y Sant Just Desvern. Te ayudamos a comprar, alquilar o vender tu casa o piso. Somos un equipo coherente con una cultura de empresa honesta, innovadora y eficaz. Tambi\u00e9n en www.amatluxury.com","publisher":{"@id":"https:\/\/www.amatimmobiliaris.com\/w\/#organization"},"alternateName":"AmatImmo","potentialAction":[{"@type":"SearchAction","target":{"@type":"EntryPoint","urlTemplate":"https:\/\/www.amatimmobiliaris.com\/w\/?s={search_term_string}"},"query-input":{"@type":"PropertyValueSpecification","valueRequired":true,"valueName":"search_term_string"}}],"inLanguage":"ca"},{"@type":"Organization","@id":"https:\/\/www.amatimmobiliaris.com\/w\/#organization","name":"Amat Immobiliaris","url":"https:\/\/www.amatimmobiliaris.com\/w\/","logo":{"@type":"ImageObject","inLanguage":"ca","@id":"https:\/\/www.amatimmobiliaris.com\/w\/#\/schema\/logo\/image\/","url":"https:\/\/www.amatimmobiliaris.com\/w\/wp-content\/uploads\/2022\/10\/amat-logo.jpg","contentUrl":"https:\/\/www.amatimmobiliaris.com\/w\/wp-content\/uploads\/2022\/10\/amat-logo.jpg","width":900,"height":900,"caption":"Amat Immobiliaris"},"image":{"@id":"https:\/\/www.amatimmobiliaris.com\/w\/#\/schema\/logo\/image\/"},"sameAs":["https:\/\/www.facebook.com\/amatimmobiliaris","https:\/\/x.com\/amat_cat","https:\/\/www.instagram.com\/amat_immo\/","https:\/\/www.linkedin.com\/company\/amat-finques\/","https:\/\/www.youtube.com\/@amatimmobiliaris"]},{"@type":"Person","@id":"https:\/\/www.amatimmobiliaris.com\/w\/#\/schema\/person\/c880da71d1e156e7ea6774ffb445e034","name":"Amat Immobiliaris","sameAs":["http:\/\/amat-inmo-wp.localhost"]}]}},"_links":{"self":[{"href":"https:\/\/www.amatimmobiliaris.com\/w\/ca\/wp-json\/wp\/v2\/posts\/1685"}],"collection":[{"href":"https:\/\/www.amatimmobiliaris.com\/w\/ca\/wp-json\/wp\/v2\/posts"}],"about":[{"href":"https:\/\/www.amatimmobiliaris.com\/w\/ca\/wp-json\/wp\/v2\/types\/post"}],"author":[{"embeddable":true,"href":"https:\/\/www.amatimmobiliaris.com\/w\/ca\/wp-json\/wp\/v2\/users\/1"}],"replies":[{"embeddable":true,"href":"https:\/\/www.amatimmobiliaris.com\/w\/ca\/wp-json\/wp\/v2\/comments?post=1685"}],"version-history":[{"count":8,"href":"https:\/\/www.amatimmobiliaris.com\/w\/ca\/wp-json\/wp\/v2\/posts\/1685\/revisions"}],"predecessor-version":[{"id":30489,"href":"https:\/\/www.amatimmobiliaris.com\/w\/ca\/wp-json\/wp\/v2\/posts\/1685\/revisions\/30489"}],"wp:featuredmedia":[{"embeddable":true,"href":"https:\/\/www.amatimmobiliaris.com\/w\/ca\/wp-json\/wp\/v2\/media\/1686"}],"wp:attachment":[{"href":"https:\/\/www.amatimmobiliaris.com\/w\/ca\/wp-json\/wp\/v2\/media?parent=1685"}],"wp:term":[{"taxonomy":"category","embeddable":true,"href":"https:\/\/www.amatimmobiliaris.com\/w\/ca\/wp-json\/wp\/v2\/categories?post=1685"},{"taxonomy":"post_tag","embeddable":true,"href":"https:\/\/www.amatimmobiliaris.com\/w\/ca\/wp-json\/wp\/v2\/tags?post=1685"}],"curies":[{"name":"wp","href":"https:\/\/api.w.org\/{rel}","templated":true}]}}