{"id":1656,"date":"2016-02-09T11:24:52","date_gmt":"2016-02-09T11:24:52","guid":{"rendered":"https:\/\/amat-inmo-wp.localhost\/2017\/01\/23\/una-cova-luxe-per-200-mil-euros\/"},"modified":"2023-09-19T11:16:46","modified_gmt":"2023-09-19T11:16:46","slug":"una-cova-luxe-per-200-mil-euros","status":"publish","type":"post","link":"https:\/\/www.amatimmobiliaris.com\/w\/ca\/2016\/02\/una-cova-luxe-per-200-mil-euros\/","title":{"rendered":"Una cova de luxe per 200 mil euros"},"content":{"rendered":"<p style=\"text-align: justify;\">Una <strong>cova de luxe<\/strong> de 250 milions d&#8217;anys ha esdevingut la casa d&#8217;Angelo Mastropietro, un itali\u00e0 que ha invertit en ella ni m\u00e9s ni menys que 200 mil euros. La construcci\u00f3, <strong>localitzada al bosc de Wyre, Worcestershire, Anglaterra<\/strong>, va ser habitada gaireb\u00e9 8 segles, fins al 1962 i, despr\u00e9s de m\u00e9s de 50 anys abandonada, aquest ex-directiu de RRHH va decidir reformar-la i convertir-la en la seva llar el 2010.<\/p>\n<p style=\"text-align: justify;\"><img loading=\"lazy\" decoding=\"async\" class=\"aligncenter wp-image-6313 size-full\" src=\"https:\/\/www.amatimmobiliaris.com\/w\/wp-content\/uploads\/2022\/01\/construccin-cueva.jpg\" width=\"963\" height=\"524\" \/><\/p>\n<p>Aproximadament 5 anys m\u00e9s tard, el ja conegut com<strong>l&#8217;home modern de les cavernes<\/strong>&#8216; va acabar les reformes convertint la cova, amb les seves pr\u00f2pies mans, en un habitatge de luxe i confort amb res a envejar a les grans construccions.<\/p>\n<p>El resultat ha estat una casa de 65 m2 de luxe, ja que <strong>disposa d&#8217;il\u00b7luminaci\u00f3 LED, Wi-Fi, calefacci\u00f3<\/strong> i, per descomptat, un extens bosc-jard\u00ed d&#8217;una hect\u00e0rea. Totes aquestes comoditats han costat una inversi\u00f3 de 100.000 euros!<\/p>\n<p style=\"text-align: justify;\"><a href=\"https:\/\/www.amatimmobiliaris.com\/w\/wp-content\/uploads\/2022\/01\/sala-de-estar2.jpg\"><img loading=\"lazy\" decoding=\"async\" class=\"aligncenter wp-image-4196 size-full\" src=\"https:\/\/www.amatimmobiliaris.com\/w\/wp-content\/uploads\/2022\/01\/sala-de-estar2.jpg\" alt=\"sala de estar2\" width=\"958\" height=\"614\" \/><\/a><\/p>\n<p style=\"text-align: justify;\"><a href=\"https:\/\/www.amatimmobiliaris.com\/w\/wp-content\/uploads\/2022\/01\/sala-de-estar.jpg\"><img loading=\"lazy\" decoding=\"async\" class=\"aligncenter wp-image-4193 size-full\" src=\"https:\/\/www.amatimmobiliaris.com\/w\/wp-content\/uploads\/2022\/01\/sala-de-estar.jpg\" alt=\"sala de estar\" width=\"962\" height=\"641\" \/><\/a><\/p>\n<p style=\"text-align: justify;\"><img loading=\"lazy\" decoding=\"async\" class=\"aligncenter wp-image-6312 size-full\" src=\"https:\/\/www.amatimmobiliaris.com\/w\/wp-content\/uploads\/2022\/01\/saln-mm9plu44yalr4hw9asxmnipcu8zggodnfho9r0iw1k.jpg\" width=\"940\" height=\"300\" \/><\/p>\n<p style=\"text-align: justify;\"><a href=\"https:\/\/www.amatimmobiliaris.com\/w\/wp-content\/uploads\/2022\/01\/recibidor.jpg\"><img loading=\"lazy\" decoding=\"async\" class=\"aligncenter wp-image-4191 size-full\" src=\"https:\/\/www.amatimmobiliaris.com\/w\/wp-content\/uploads\/2022\/01\/recibidor.jpg\" alt=\"recibidor\" width=\"962\" height=\"641\" \/><\/a><\/p>\n<p style=\"text-align: justify;\"><img loading=\"lazy\" decoding=\"async\" class=\"aligncenter wp-image-6315 size-full\" src=\"https:\/\/www.amatimmobiliaris.com\/w\/wp-content\/uploads\/2022\/01\/bao.jpg\" width=\"961\" height=\"616\" \/><\/p>\n<p style=\"text-align: justify;\"><img loading=\"lazy\" decoding=\"async\" class=\"aligncenter wp-image-6316 size-full\" src=\"https:\/\/www.amatimmobiliaris.com\/w\/wp-content\/uploads\/2022\/01\/bao-2.jpg\" width=\"470\" height=\"623\" \/><\/p>\n<p style=\"text-align: justify;\"><a href=\"https:\/\/www.amatimmobiliaris.com\/w\/wp-content\/uploads\/2022\/01\/cocina.jpg\"><img loading=\"lazy\" decoding=\"async\" class=\"aligncenter wp-image-4192 size-full\" src=\"https:\/\/www.amatimmobiliaris.com\/w\/wp-content\/uploads\/2022\/01\/cocina.jpg\" alt=\"cocina\" width=\"962\" height=\"641\" \/><\/a><\/p>\n<p>Mastropietro va descobrir la cova el 1999 on es va refugiar d&#8217;una tempesta mentre passejava per les pistes forestals del bosc i ara, despr\u00e9s d&#8217;haver passat una d\u00e8cada treballant a Austr\u00e0lia com a director de recursos humans, es va assabentar que era a la <a title=\"venda\" href=\"https:\/\/www.amatimmobiliaris.com\/en\/properties-for-sale\">venda<\/a> es va fer amb ella.<\/p>\n<p><strong>El seu cognom ja ho diu tot: &#8220;mestre tallador de pedra&#8217; en itali\u00e0<\/strong>, aix\u00ed que sembla que aquest projecte vital on s&#8217;ha refugiat despr\u00e9s de ser diagnosticat amb esclerosi m\u00faltiple, era el seu dest\u00ed.<\/p>\n<p>Actualment la cova t\u00e9 tamb\u00e9 una <strong>habitaci\u00f3 per llogar<\/strong>. Per <em>nom\u00e9s <\/em>280 \u20ac per nit<em>,<\/em> pots <a href=\"https:\/\/www.therockhouseretreat.co.uk\/\">allotjar-te <\/a>en una cova prehist\u00f2rica amb tots els luxes del segle XXI.<\/p>\n<p><a href=\"https:\/\/www.amatimmobiliaris.com\/w\/wp-content\/uploads\/2022\/01\/dormitorio.jpg\"><img loading=\"lazy\" decoding=\"async\" class=\"aligncenter wp-image-4195 size-full\" src=\"https:\/\/www.amatimmobiliaris.com\/w\/wp-content\/uploads\/2022\/01\/dormitorio.jpg\" alt=\"dormitorio\" width=\"962\" height=\"701\" \/><\/a><\/p>\n<p>&#8212;&#8212;-<\/p>\n<p>Fotograf\u00edas\u00a0 <em><a href=\"https:\/\/www.therockhouseretreat.co.uk\/\">http:\/\/www.therockhouseretreat.co.uk\/<\/a><\/em><\/p>\n<p>&nbsp;<\/p>\n","protected":false},"excerpt":{"rendered":"<p>Una cova de luxe de 250 milions d&#8217;anys ha esdevingut la casa d&#8217;Angelo Mastropietro, un itali\u00e0 que ha invertit en ella ni m\u00e9s ni menys que 200 mil euros. La construcci\u00f3, localitzada al bosc de Wyre, Worcestershire, Anglaterra, va ser habitada gaireb\u00e9 8 segles, fins al 1962 i, despr\u00e9s de m\u00e9s de 50 anys abandonada, [&hellip;]<\/p>\n","protected":false},"author":1,"featured_media":1657,"comment_status":"closed","ping_status":"closed","sticky":false,"template":"","format":"standard","meta":{"content-type":"","footnotes":""},"categories":[1151],"tags":[],"yoast_head":"<!-- This site is optimized with the Yoast SEO plugin v23.9 - https:\/\/yoast.com\/wordpress\/plugins\/seo\/ -->\n<title>Una cova de luxe per 200 mil euros | Amat Immobiliaris<\/title>\n<meta name=\"robots\" content=\"index, follow, max-snippet:-1, max-image-preview:large, max-video-preview:-1\" \/>\n<link rel=\"canonical\" href=\"https:\/\/www.amatimmobiliaris.com\/w\/ca\/2016\/02\/una-cova-luxe-per-200-mil-euros\/\" \/>\n<meta property=\"og:locale\" content=\"ca_ES\" \/>\n<meta property=\"og:type\" content=\"article\" \/>\n<meta property=\"og:title\" content=\"Una cova de luxe per 200 mil euros | Amat Immobiliaris\" \/>\n<meta property=\"og:description\" content=\"Una cova de luxe de 250 milions d&#8217;anys ha esdevingut la casa d&#8217;Angelo Mastropietro, un itali\u00e0 que ha invertit en ella ni m\u00e9s ni menys que 200 mil euros. La construcci\u00f3, localitzada al bosc de Wyre, Worcestershire, Anglaterra, va ser habitada gaireb\u00e9 8 segles, fins al 1962 i, despr\u00e9s de m\u00e9s de 50 anys abandonada, [&hellip;]\" \/>\n<meta property=\"og:url\" content=\"https:\/\/www.amatimmobiliaris.com\/w\/ca\/2016\/02\/una-cova-luxe-per-200-mil-euros\/\" \/>\n<meta property=\"og:site_name\" content=\"Amat Immobiliaris\" \/>\n<meta property=\"article:publisher\" content=\"https:\/\/www.facebook.com\/amatimmobiliaris\" \/>\n<meta property=\"article:published_time\" content=\"2016-02-09T11:24:52+00:00\" \/>\n<meta property=\"article:modified_time\" content=\"2023-09-19T11:16:46+00:00\" \/>\n<meta property=\"og:image\" content=\"https:\/\/www.amatimmobiliaris.com\/w\/wp-content\/uploads\/2022\/01\/construccin-cueva.jpg\" \/>\n\t<meta property=\"og:image:width\" content=\"963\" \/>\n\t<meta property=\"og:image:height\" content=\"524\" \/>\n\t<meta property=\"og:image:type\" content=\"image\/jpeg\" \/>\n<meta name=\"author\" content=\"Amat Immobiliaris\" \/>\n<meta name=\"twitter:card\" content=\"summary_large_image\" \/>\n<meta name=\"twitter:creator\" content=\"@amat_cat\" \/>\n<meta name=\"twitter:site\" content=\"@amat_cat\" \/>\n<meta name=\"twitter:label1\" content=\"Escrit per\" \/>\n\t<meta name=\"twitter:data1\" content=\"Amat Immobiliaris\" \/>\n\t<meta name=\"twitter:label2\" content=\"Temps estimat de lectura\" \/>\n\t<meta name=\"twitter:data2\" content=\"3 minuts\" \/>\n<script type=\"application\/ld+json\" class=\"yoast-schema-graph\">{\"@context\":\"https:\/\/schema.org\",\"@graph\":[{\"@type\":\"Article\",\"@id\":\"https:\/\/www.amatimmobiliaris.com\/w\/ca\/2016\/02\/una-cova-luxe-per-200-mil-euros\/#article\",\"isPartOf\":{\"@id\":\"https:\/\/www.amatimmobiliaris.com\/w\/ca\/2016\/02\/una-cova-luxe-per-200-mil-euros\/\"},\"author\":{\"name\":\"Amat Immobiliaris\",\"@id\":\"https:\/\/www.amatimmobiliaris.com\/w\/#\/schema\/person\/c880da71d1e156e7ea6774ffb445e034\"},\"headline\":\"Una cova de luxe per 200 mil euros\",\"datePublished\":\"2016-02-09T11:24:52+00:00\",\"dateModified\":\"2023-09-19T11:16:46+00:00\",\"mainEntityOfPage\":{\"@id\":\"https:\/\/www.amatimmobiliaris.com\/w\/ca\/2016\/02\/una-cova-luxe-per-200-mil-euros\/\"},\"wordCount\":276,\"publisher\":{\"@id\":\"https:\/\/www.amatimmobiliaris.com\/w\/#organization\"},\"image\":{\"@id\":\"https:\/\/www.amatimmobiliaris.com\/w\/ca\/2016\/02\/una-cova-luxe-per-200-mil-euros\/#primaryimage\"},\"thumbnailUrl\":\"https:\/\/www.amatimmobiliaris.com\/w\/wp-content\/uploads\/2022\/01\/construccin-cueva.jpg\",\"articleSection\":[\"Arquitectura i decoraci\u00f3\"],\"inLanguage\":\"ca\"},{\"@type\":\"WebPage\",\"@id\":\"https:\/\/www.amatimmobiliaris.com\/w\/ca\/2016\/02\/una-cova-luxe-per-200-mil-euros\/\",\"url\":\"https:\/\/www.amatimmobiliaris.com\/w\/ca\/2016\/02\/una-cova-luxe-per-200-mil-euros\/\",\"name\":\"Una cova de luxe per 200 mil euros | Amat Immobiliaris\",\"isPartOf\":{\"@id\":\"https:\/\/www.amatimmobiliaris.com\/w\/#website\"},\"primaryImageOfPage\":{\"@id\":\"https:\/\/www.amatimmobiliaris.com\/w\/ca\/2016\/02\/una-cova-luxe-per-200-mil-euros\/#primaryimage\"},\"image\":{\"@id\":\"https:\/\/www.amatimmobiliaris.com\/w\/ca\/2016\/02\/una-cova-luxe-per-200-mil-euros\/#primaryimage\"},\"thumbnailUrl\":\"https:\/\/www.amatimmobiliaris.com\/w\/wp-content\/uploads\/2022\/01\/construccin-cueva.jpg\",\"datePublished\":\"2016-02-09T11:24:52+00:00\",\"dateModified\":\"2023-09-19T11:16:46+00:00\",\"breadcrumb\":{\"@id\":\"https:\/\/www.amatimmobiliaris.com\/w\/ca\/2016\/02\/una-cova-luxe-per-200-mil-euros\/#breadcrumb\"},\"inLanguage\":\"ca\",\"potentialAction\":[{\"@type\":\"ReadAction\",\"target\":[\"https:\/\/www.amatimmobiliaris.com\/w\/ca\/2016\/02\/una-cova-luxe-per-200-mil-euros\/\"]}]},{\"@type\":\"ImageObject\",\"inLanguage\":\"ca\",\"@id\":\"https:\/\/www.amatimmobiliaris.com\/w\/ca\/2016\/02\/una-cova-luxe-per-200-mil-euros\/#primaryimage\",\"url\":\"https:\/\/www.amatimmobiliaris.com\/w\/wp-content\/uploads\/2022\/01\/construccin-cueva.jpg\",\"contentUrl\":\"https:\/\/www.amatimmobiliaris.com\/w\/wp-content\/uploads\/2022\/01\/construccin-cueva.jpg\",\"width\":963,\"height\":524},{\"@type\":\"BreadcrumbList\",\"@id\":\"https:\/\/www.amatimmobiliaris.com\/w\/ca\/2016\/02\/una-cova-luxe-per-200-mil-euros\/#breadcrumb\",\"itemListElement\":[{\"@type\":\"ListItem\",\"position\":1,\"name\":\"Home\",\"item\":\"https:\/\/www.amatimmobiliaris.com\/w\/ca\/\"},{\"@type\":\"ListItem\",\"position\":2,\"name\":\"Arquitectura i decoraci\u00f3\",\"item\":\"https:\/\/www.amatimmobiliaris.com\/w\/ca\/categoria-ca\/arquitectura-i-decoracio-ca\/\"},{\"@type\":\"ListItem\",\"position\":3,\"name\":\"Una cova de luxe per 200 mil euros\"}]},{\"@type\":\"WebSite\",\"@id\":\"https:\/\/www.amatimmobiliaris.com\/w\/#website\",\"url\":\"https:\/\/www.amatimmobiliaris.com\/w\/\",\"name\":\"Amat Immobiliaris\",\"description\":\"Empresa familiar del sector inmobiliario con oficinas en Barcelona, Sant Cugat del Vall\u00e9s y Sant Just Desvern. Te ayudamos a comprar, alquilar o vender tu casa o piso. Somos un equipo coherente con una cultura de empresa honesta, innovadora y eficaz. Tambi\u00e9n en www.amatluxury.com\",\"publisher\":{\"@id\":\"https:\/\/www.amatimmobiliaris.com\/w\/#organization\"},\"alternateName\":\"AmatImmo\",\"potentialAction\":[{\"@type\":\"SearchAction\",\"target\":{\"@type\":\"EntryPoint\",\"urlTemplate\":\"https:\/\/www.amatimmobiliaris.com\/w\/?s={search_term_string}\"},\"query-input\":{\"@type\":\"PropertyValueSpecification\",\"valueRequired\":true,\"valueName\":\"search_term_string\"}}],\"inLanguage\":\"ca\"},{\"@type\":\"Organization\",\"@id\":\"https:\/\/www.amatimmobiliaris.com\/w\/#organization\",\"name\":\"Amat Immobiliaris\",\"url\":\"https:\/\/www.amatimmobiliaris.com\/w\/\",\"logo\":{\"@type\":\"ImageObject\",\"inLanguage\":\"ca\",\"@id\":\"https:\/\/www.amatimmobiliaris.com\/w\/#\/schema\/logo\/image\/\",\"url\":\"https:\/\/www.amatimmobiliaris.com\/w\/wp-content\/uploads\/2022\/10\/amat-logo.jpg\",\"contentUrl\":\"https:\/\/www.amatimmobiliaris.com\/w\/wp-content\/uploads\/2022\/10\/amat-logo.jpg\",\"width\":900,\"height\":900,\"caption\":\"Amat Immobiliaris\"},\"image\":{\"@id\":\"https:\/\/www.amatimmobiliaris.com\/w\/#\/schema\/logo\/image\/\"},\"sameAs\":[\"https:\/\/www.facebook.com\/amatimmobiliaris\",\"https:\/\/x.com\/amat_cat\",\"https:\/\/www.instagram.com\/amat_immo\/\",\"https:\/\/www.linkedin.com\/company\/amat-finques\/\",\"https:\/\/www.youtube.com\/@amatimmobiliaris\"]},{\"@type\":\"Person\",\"@id\":\"https:\/\/www.amatimmobiliaris.com\/w\/#\/schema\/person\/c880da71d1e156e7ea6774ffb445e034\",\"name\":\"Amat Immobiliaris\",\"sameAs\":[\"http:\/\/amat-inmo-wp.localhost\"]}]}<\/script>\n<!-- \/ Yoast SEO plugin. -->","yoast_head_json":{"title":"Una cova de luxe per 200 mil euros | Amat Immobiliaris","robots":{"index":"index","follow":"follow","max-snippet":"max-snippet:-1","max-image-preview":"max-image-preview:large","max-video-preview":"max-video-preview:-1"},"canonical":"https:\/\/www.amatimmobiliaris.com\/w\/ca\/2016\/02\/una-cova-luxe-per-200-mil-euros\/","og_locale":"ca_ES","og_type":"article","og_title":"Una cova de luxe per 200 mil euros | Amat Immobiliaris","og_description":"Una cova de luxe de 250 milions d&#8217;anys ha esdevingut la casa d&#8217;Angelo Mastropietro, un itali\u00e0 que ha invertit en ella ni m\u00e9s ni menys que 200 mil euros. La construcci\u00f3, localitzada al bosc de Wyre, Worcestershire, Anglaterra, va ser habitada gaireb\u00e9 8 segles, fins al 1962 i, despr\u00e9s de m\u00e9s de 50 anys abandonada, [&hellip;]","og_url":"https:\/\/www.amatimmobiliaris.com\/w\/ca\/2016\/02\/una-cova-luxe-per-200-mil-euros\/","og_site_name":"Amat Immobiliaris","article_publisher":"https:\/\/www.facebook.com\/amatimmobiliaris","article_published_time":"2016-02-09T11:24:52+00:00","article_modified_time":"2023-09-19T11:16:46+00:00","og_image":[{"width":963,"height":524,"url":"https:\/\/www.amatimmobiliaris.com\/w\/wp-content\/uploads\/2022\/01\/construccin-cueva.jpg","type":"image\/jpeg"}],"author":"Amat Immobiliaris","twitter_card":"summary_large_image","twitter_creator":"@amat_cat","twitter_site":"@amat_cat","twitter_misc":{"Escrit per":"Amat Immobiliaris","Temps estimat de lectura":"3 minuts"},"schema":{"@context":"https:\/\/schema.org","@graph":[{"@type":"Article","@id":"https:\/\/www.amatimmobiliaris.com\/w\/ca\/2016\/02\/una-cova-luxe-per-200-mil-euros\/#article","isPartOf":{"@id":"https:\/\/www.amatimmobiliaris.com\/w\/ca\/2016\/02\/una-cova-luxe-per-200-mil-euros\/"},"author":{"name":"Amat Immobiliaris","@id":"https:\/\/www.amatimmobiliaris.com\/w\/#\/schema\/person\/c880da71d1e156e7ea6774ffb445e034"},"headline":"Una cova de luxe per 200 mil euros","datePublished":"2016-02-09T11:24:52+00:00","dateModified":"2023-09-19T11:16:46+00:00","mainEntityOfPage":{"@id":"https:\/\/www.amatimmobiliaris.com\/w\/ca\/2016\/02\/una-cova-luxe-per-200-mil-euros\/"},"wordCount":276,"publisher":{"@id":"https:\/\/www.amatimmobiliaris.com\/w\/#organization"},"image":{"@id":"https:\/\/www.amatimmobiliaris.com\/w\/ca\/2016\/02\/una-cova-luxe-per-200-mil-euros\/#primaryimage"},"thumbnailUrl":"https:\/\/www.amatimmobiliaris.com\/w\/wp-content\/uploads\/2022\/01\/construccin-cueva.jpg","articleSection":["Arquitectura i decoraci\u00f3"],"inLanguage":"ca"},{"@type":"WebPage","@id":"https:\/\/www.amatimmobiliaris.com\/w\/ca\/2016\/02\/una-cova-luxe-per-200-mil-euros\/","url":"https:\/\/www.amatimmobiliaris.com\/w\/ca\/2016\/02\/una-cova-luxe-per-200-mil-euros\/","name":"Una cova de luxe per 200 mil euros | Amat Immobiliaris","isPartOf":{"@id":"https:\/\/www.amatimmobiliaris.com\/w\/#website"},"primaryImageOfPage":{"@id":"https:\/\/www.amatimmobiliaris.com\/w\/ca\/2016\/02\/una-cova-luxe-per-200-mil-euros\/#primaryimage"},"image":{"@id":"https:\/\/www.amatimmobiliaris.com\/w\/ca\/2016\/02\/una-cova-luxe-per-200-mil-euros\/#primaryimage"},"thumbnailUrl":"https:\/\/www.amatimmobiliaris.com\/w\/wp-content\/uploads\/2022\/01\/construccin-cueva.jpg","datePublished":"2016-02-09T11:24:52+00:00","dateModified":"2023-09-19T11:16:46+00:00","breadcrumb":{"@id":"https:\/\/www.amatimmobiliaris.com\/w\/ca\/2016\/02\/una-cova-luxe-per-200-mil-euros\/#breadcrumb"},"inLanguage":"ca","potentialAction":[{"@type":"ReadAction","target":["https:\/\/www.amatimmobiliaris.com\/w\/ca\/2016\/02\/una-cova-luxe-per-200-mil-euros\/"]}]},{"@type":"ImageObject","inLanguage":"ca","@id":"https:\/\/www.amatimmobiliaris.com\/w\/ca\/2016\/02\/una-cova-luxe-per-200-mil-euros\/#primaryimage","url":"https:\/\/www.amatimmobiliaris.com\/w\/wp-content\/uploads\/2022\/01\/construccin-cueva.jpg","contentUrl":"https:\/\/www.amatimmobiliaris.com\/w\/wp-content\/uploads\/2022\/01\/construccin-cueva.jpg","width":963,"height":524},{"@type":"BreadcrumbList","@id":"https:\/\/www.amatimmobiliaris.com\/w\/ca\/2016\/02\/una-cova-luxe-per-200-mil-euros\/#breadcrumb","itemListElement":[{"@type":"ListItem","position":1,"name":"Home","item":"https:\/\/www.amatimmobiliaris.com\/w\/ca\/"},{"@type":"ListItem","position":2,"name":"Arquitectura i decoraci\u00f3","item":"https:\/\/www.amatimmobiliaris.com\/w\/ca\/categoria-ca\/arquitectura-i-decoracio-ca\/"},{"@type":"ListItem","position":3,"name":"Una cova de luxe per 200 mil euros"}]},{"@type":"WebSite","@id":"https:\/\/www.amatimmobiliaris.com\/w\/#website","url":"https:\/\/www.amatimmobiliaris.com\/w\/","name":"Amat Immobiliaris","description":"Empresa familiar del sector inmobiliario con oficinas en Barcelona, Sant Cugat del Vall\u00e9s y Sant Just Desvern. Te ayudamos a comprar, alquilar o vender tu casa o piso. Somos un equipo coherente con una cultura de empresa honesta, innovadora y eficaz. Tambi\u00e9n en www.amatluxury.com","publisher":{"@id":"https:\/\/www.amatimmobiliaris.com\/w\/#organization"},"alternateName":"AmatImmo","potentialAction":[{"@type":"SearchAction","target":{"@type":"EntryPoint","urlTemplate":"https:\/\/www.amatimmobiliaris.com\/w\/?s={search_term_string}"},"query-input":{"@type":"PropertyValueSpecification","valueRequired":true,"valueName":"search_term_string"}}],"inLanguage":"ca"},{"@type":"Organization","@id":"https:\/\/www.amatimmobiliaris.com\/w\/#organization","name":"Amat Immobiliaris","url":"https:\/\/www.amatimmobiliaris.com\/w\/","logo":{"@type":"ImageObject","inLanguage":"ca","@id":"https:\/\/www.amatimmobiliaris.com\/w\/#\/schema\/logo\/image\/","url":"https:\/\/www.amatimmobiliaris.com\/w\/wp-content\/uploads\/2022\/10\/amat-logo.jpg","contentUrl":"https:\/\/www.amatimmobiliaris.com\/w\/wp-content\/uploads\/2022\/10\/amat-logo.jpg","width":900,"height":900,"caption":"Amat Immobiliaris"},"image":{"@id":"https:\/\/www.amatimmobiliaris.com\/w\/#\/schema\/logo\/image\/"},"sameAs":["https:\/\/www.facebook.com\/amatimmobiliaris","https:\/\/x.com\/amat_cat","https:\/\/www.instagram.com\/amat_immo\/","https:\/\/www.linkedin.com\/company\/amat-finques\/","https:\/\/www.youtube.com\/@amatimmobiliaris"]},{"@type":"Person","@id":"https:\/\/www.amatimmobiliaris.com\/w\/#\/schema\/person\/c880da71d1e156e7ea6774ffb445e034","name":"Amat Immobiliaris","sameAs":["http:\/\/amat-inmo-wp.localhost"]}]}},"_links":{"self":[{"href":"https:\/\/www.amatimmobiliaris.com\/w\/ca\/wp-json\/wp\/v2\/posts\/1656"}],"collection":[{"href":"https:\/\/www.amatimmobiliaris.com\/w\/ca\/wp-json\/wp\/v2\/posts"}],"about":[{"href":"https:\/\/www.amatimmobiliaris.com\/w\/ca\/wp-json\/wp\/v2\/types\/post"}],"author":[{"embeddable":true,"href":"https:\/\/www.amatimmobiliaris.com\/w\/ca\/wp-json\/wp\/v2\/users\/1"}],"replies":[{"embeddable":true,"href":"https:\/\/www.amatimmobiliaris.com\/w\/ca\/wp-json\/wp\/v2\/comments?post=1656"}],"version-history":[{"count":4,"href":"https:\/\/www.amatimmobiliaris.com\/w\/ca\/wp-json\/wp\/v2\/posts\/1656\/revisions"}],"predecessor-version":[{"id":30487,"href":"https:\/\/www.amatimmobiliaris.com\/w\/ca\/wp-json\/wp\/v2\/posts\/1656\/revisions\/30487"}],"wp:featuredmedia":[{"embeddable":true,"href":"https:\/\/www.amatimmobiliaris.com\/w\/ca\/wp-json\/wp\/v2\/media\/1657"}],"wp:attachment":[{"href":"https:\/\/www.amatimmobiliaris.com\/w\/ca\/wp-json\/wp\/v2\/media?parent=1656"}],"wp:term":[{"taxonomy":"category","embeddable":true,"href":"https:\/\/www.amatimmobiliaris.com\/w\/ca\/wp-json\/wp\/v2\/categories?post=1656"},{"taxonomy":"post_tag","embeddable":true,"href":"https:\/\/www.amatimmobiliaris.com\/w\/ca\/wp-json\/wp\/v2\/tags?post=1656"}],"curies":[{"name":"wp","href":"https:\/\/api.w.org\/{rel}","templated":true}]}}