{"id":1655,"date":"2016-02-10T11:21:40","date_gmt":"2016-02-10T11:21:40","guid":{"rendered":"https:\/\/amat-inmo-wp.localhost\/2017\/01\/23\/som-pioners-ladministracio-linia\/"},"modified":"2023-04-26T08:35:13","modified_gmt":"2023-04-26T08:35:13","slug":"som-pioners-ladministracio-linia","status":"publish","type":"post","link":"https:\/\/www.amatimmobiliaris.com\/w\/ca\/2016\/02\/som-pioners-ladministracio-linia\/","title":{"rendered":"Som pioners en l&#8217;administraci\u00f3 en l\u00ednia"},"content":{"rendered":"<p>A Amat Immobiliaris una de les coses que m\u00e9s <strong>ens preocupa \u00e9s saber el que necessiten els nostres clients<\/strong> i, al mateix temps, sempre tenir un projecte en marxa. Una empresa que no sap el que volen els seus clients i no t\u00e9 projectes \u00e9s una empresa estancada i, en definitiva, una empresa morta.<\/p>\n<p>Avui dia tenim moltes eines de <a title=\"contacte\" href=\"https:\/\/www.amatimmobiliaris.com\/w\/ca\/contacte\/\">contacte<\/a> amb els clients, sobretot perqu\u00e8 tamb\u00e9 tenen molts canals per connectar amb nosaltres. Per\u00f2, a principis de segle, l&#8217;any 2000, els canals de contacte amb els clients eren molt m\u00e9s limitats. Com sempre, busc\u00e0vem projectes motivadors, i vam decidir crear un &#8220;focus group&#8221; amb un conjunt de clients importants per l&#8217;empresa, amb perfil empresarial alt.<\/p>\n<p>Eren anys incipients al m\u00f3n d&#8217;Internet, res a veure amb el que coneixem avui, i la conclusi\u00f3 que va mextreure va ser que els nostres clients volien tenir alguns serveis de gesti\u00f3, per\u00f2 tenir-los en l\u00ednia.<\/p>\n<p>Ens va semblar un projecte estimulant i ens vam posar a treballar. Poc despr\u00e9s ja era una realitat. El repte per a aquest prop\u00f2sit era explicar i implicar a aquest nou servei a la gran massa de clients de tota la vida, <strong>nom\u00e9s aix\u00ed, l&#8217;administraci\u00f3 en l\u00ednia es convertiria en un servei \u00fatil de veritat<\/strong>. Despr\u00e9s de molta comunicaci\u00f3, formaci\u00f3 i perseveran\u00e7a del nostre equip, en l&#8217;actualitat per als nostres clients la gesti\u00f3 Online \u00e9s un servei apreciat, totalment integrat i en cont\u00ednua millora i evoluci\u00f3.<\/p>\n<p>Avui dia <strong>qualsevol client<\/strong> el departament de patrimoni del lloguer amb acc\u00e9s en l\u00ednia de la nostra companyia <strong>pot consultar tota la informaci\u00f3 connectat des de casa<\/strong> (pagaments, factures, diari IVA, incid\u00e8ncies, contractes i rebuts). En el cas de comunitats, es poden consultar pressupostos i rebuts aix\u00ed com incid\u00e8ncies, i els presidents de comunitat poden conformar factures, per exemple.<\/p>\n<p>Per\u00f2 darrere de tota aquesta informaci\u00f3 disponible pels clients, hi ha una feina molt important de planificaci\u00f3, automatitzaci\u00f3 i formaci\u00f3 d&#8217;equips de patrimoni per donar contingut informatiu i de gesti\u00f3 real a l&#8217;administraci\u00f3 en l\u00ednia. Des del primer dia sab\u00edem que havia de ser alguna cosa \u00fatil i no simple cosm\u00e8tica, per aix\u00f2 <strong>des del 2004 tenim la comptabilitat en temps real, el que permet poder donar informaci\u00f3 real al moment.<\/strong><\/p>\n<p>En resum, el servei en l\u00ednia facilita les tasques dels presidents de les comunitats, informa temps real als propietaris de vertical, arrendataris i membres de la comunitat i, sobretot, \u00e9s una eina de control del nostre servei, de transpar\u00e8ncia i coneixement de l&#8217;estat dels patrimonis que ens han confiat per a gestionar.<\/p>\n","protected":false},"excerpt":{"rendered":"<p>A Amat Immobiliaris una de les coses que m\u00e9s ens preocupa \u00e9s saber el que necessiten els nostres clients i, al mateix temps, sempre tenir un projecte en marxa. Una empresa que no sap el que volen els seus clients i no t\u00e9 projectes \u00e9s una empresa estancada i, en definitiva, una empresa morta. Avui [&hellip;]<\/p>\n","protected":false},"author":1,"featured_media":0,"comment_status":"closed","ping_status":"closed","sticky":false,"template":"","format":"standard","meta":{"content-type":"","footnotes":""},"categories":[1147],"tags":[],"yoast_head":"<!-- This site is optimized with the Yoast SEO plugin v23.9 - https:\/\/yoast.com\/wordpress\/plugins\/seo\/ -->\n<title>Som pioners en l&#039;administraci\u00f3 en l\u00ednia | Amat Immobiliaris<\/title>\n<meta name=\"robots\" content=\"index, follow, max-snippet:-1, max-image-preview:large, max-video-preview:-1\" \/>\n<link rel=\"canonical\" href=\"https:\/\/www.amatimmobiliaris.com\/w\/ca\/2016\/02\/som-pioners-ladministracio-linia\/\" \/>\n<meta property=\"og:locale\" content=\"ca_ES\" \/>\n<meta property=\"og:type\" content=\"article\" \/>\n<meta property=\"og:title\" content=\"Som pioners en l&#039;administraci\u00f3 en l\u00ednia | Amat Immobiliaris\" \/>\n<meta property=\"og:description\" content=\"A Amat Immobiliaris una de les coses que m\u00e9s ens preocupa \u00e9s saber el que necessiten els nostres clients i, al mateix temps, sempre tenir un projecte en marxa. Una empresa que no sap el que volen els seus clients i no t\u00e9 projectes \u00e9s una empresa estancada i, en definitiva, una empresa morta. Avui [&hellip;]\" \/>\n<meta property=\"og:url\" content=\"https:\/\/www.amatimmobiliaris.com\/w\/ca\/2016\/02\/som-pioners-ladministracio-linia\/\" \/>\n<meta property=\"og:site_name\" content=\"Amat Immobiliaris\" \/>\n<meta property=\"article:publisher\" content=\"https:\/\/www.facebook.com\/amatimmobiliaris\" \/>\n<meta property=\"article:published_time\" content=\"2016-02-10T11:21:40+00:00\" \/>\n<meta property=\"article:modified_time\" content=\"2023-04-26T08:35:13+00:00\" \/>\n<meta property=\"og:image\" content=\"https:\/\/www.amatimmobiliaris.com\/w\/wp-content\/uploads\/2022\/01\/2014-Saga-familiar-Amat-dw-1-1024x683.jpg\" \/>\n\t<meta property=\"og:image:width\" content=\"1024\" \/>\n\t<meta property=\"og:image:height\" content=\"683\" \/>\n\t<meta property=\"og:image:type\" content=\"image\/jpeg\" \/>\n<meta name=\"author\" content=\"Amat Immobiliaris\" \/>\n<meta name=\"twitter:card\" content=\"summary_large_image\" \/>\n<meta name=\"twitter:creator\" content=\"@amat_cat\" \/>\n<meta name=\"twitter:site\" content=\"@amat_cat\" \/>\n<meta name=\"twitter:label1\" content=\"Escrit per\" \/>\n\t<meta name=\"twitter:data1\" content=\"Amat Immobiliaris\" \/>\n\t<meta name=\"twitter:label2\" content=\"Temps estimat de lectura\" \/>\n\t<meta name=\"twitter:data2\" content=\"2 minuts\" \/>\n<script type=\"application\/ld+json\" class=\"yoast-schema-graph\">{\"@context\":\"https:\/\/schema.org\",\"@graph\":[{\"@type\":\"Article\",\"@id\":\"https:\/\/www.amatimmobiliaris.com\/w\/ca\/2016\/02\/som-pioners-ladministracio-linia\/#article\",\"isPartOf\":{\"@id\":\"https:\/\/www.amatimmobiliaris.com\/w\/ca\/2016\/02\/som-pioners-ladministracio-linia\/\"},\"author\":{\"name\":\"Amat Immobiliaris\",\"@id\":\"https:\/\/www.amatimmobiliaris.com\/w\/#\/schema\/person\/c880da71d1e156e7ea6774ffb445e034\"},\"headline\":\"Som pioners en l&#8217;administraci\u00f3 en l\u00ednia\",\"datePublished\":\"2016-02-10T11:21:40+00:00\",\"dateModified\":\"2023-04-26T08:35:13+00:00\",\"mainEntityOfPage\":{\"@id\":\"https:\/\/www.amatimmobiliaris.com\/w\/ca\/2016\/02\/som-pioners-ladministracio-linia\/\"},\"wordCount\":446,\"publisher\":{\"@id\":\"https:\/\/www.amatimmobiliaris.com\/w\/#organization\"},\"articleSection\":[\"El m\u00f3n Amat\"],\"inLanguage\":\"ca\"},{\"@type\":\"WebPage\",\"@id\":\"https:\/\/www.amatimmobiliaris.com\/w\/ca\/2016\/02\/som-pioners-ladministracio-linia\/\",\"url\":\"https:\/\/www.amatimmobiliaris.com\/w\/ca\/2016\/02\/som-pioners-ladministracio-linia\/\",\"name\":\"Som pioners en l'administraci\u00f3 en l\u00ednia | Amat Immobiliaris\",\"isPartOf\":{\"@id\":\"https:\/\/www.amatimmobiliaris.com\/w\/#website\"},\"datePublished\":\"2016-02-10T11:21:40+00:00\",\"dateModified\":\"2023-04-26T08:35:13+00:00\",\"breadcrumb\":{\"@id\":\"https:\/\/www.amatimmobiliaris.com\/w\/ca\/2016\/02\/som-pioners-ladministracio-linia\/#breadcrumb\"},\"inLanguage\":\"ca\",\"potentialAction\":[{\"@type\":\"ReadAction\",\"target\":[\"https:\/\/www.amatimmobiliaris.com\/w\/ca\/2016\/02\/som-pioners-ladministracio-linia\/\"]}]},{\"@type\":\"BreadcrumbList\",\"@id\":\"https:\/\/www.amatimmobiliaris.com\/w\/ca\/2016\/02\/som-pioners-ladministracio-linia\/#breadcrumb\",\"itemListElement\":[{\"@type\":\"ListItem\",\"position\":1,\"name\":\"Home\",\"item\":\"https:\/\/www.amatimmobiliaris.com\/w\/ca\/\"},{\"@type\":\"ListItem\",\"position\":2,\"name\":\"El m\u00f3n Amat\",\"item\":\"https:\/\/www.amatimmobiliaris.com\/w\/ca\/categoria-ca\/el-mon-amat-ca\/\"},{\"@type\":\"ListItem\",\"position\":3,\"name\":\"Som pioners en l&#8217;administraci\u00f3 en l\u00ednia\"}]},{\"@type\":\"WebSite\",\"@id\":\"https:\/\/www.amatimmobiliaris.com\/w\/#website\",\"url\":\"https:\/\/www.amatimmobiliaris.com\/w\/\",\"name\":\"Amat Immobiliaris\",\"description\":\"Empresa familiar del sector inmobiliario con oficinas en Barcelona, Sant Cugat del Vall\u00e9s y Sant Just Desvern. Te ayudamos a comprar, alquilar o vender tu casa o piso. Somos un equipo coherente con una cultura de empresa honesta, innovadora y eficaz. Tambi\u00e9n en www.amatluxury.com\",\"publisher\":{\"@id\":\"https:\/\/www.amatimmobiliaris.com\/w\/#organization\"},\"alternateName\":\"AmatImmo\",\"potentialAction\":[{\"@type\":\"SearchAction\",\"target\":{\"@type\":\"EntryPoint\",\"urlTemplate\":\"https:\/\/www.amatimmobiliaris.com\/w\/?s={search_term_string}\"},\"query-input\":{\"@type\":\"PropertyValueSpecification\",\"valueRequired\":true,\"valueName\":\"search_term_string\"}}],\"inLanguage\":\"ca\"},{\"@type\":\"Organization\",\"@id\":\"https:\/\/www.amatimmobiliaris.com\/w\/#organization\",\"name\":\"Amat Immobiliaris\",\"url\":\"https:\/\/www.amatimmobiliaris.com\/w\/\",\"logo\":{\"@type\":\"ImageObject\",\"inLanguage\":\"ca\",\"@id\":\"https:\/\/www.amatimmobiliaris.com\/w\/#\/schema\/logo\/image\/\",\"url\":\"https:\/\/www.amatimmobiliaris.com\/w\/wp-content\/uploads\/2022\/10\/amat-logo.jpg\",\"contentUrl\":\"https:\/\/www.amatimmobiliaris.com\/w\/wp-content\/uploads\/2022\/10\/amat-logo.jpg\",\"width\":900,\"height\":900,\"caption\":\"Amat Immobiliaris\"},\"image\":{\"@id\":\"https:\/\/www.amatimmobiliaris.com\/w\/#\/schema\/logo\/image\/\"},\"sameAs\":[\"https:\/\/www.facebook.com\/amatimmobiliaris\",\"https:\/\/x.com\/amat_cat\",\"https:\/\/www.instagram.com\/amat_immo\/\",\"https:\/\/www.linkedin.com\/company\/amat-finques\/\",\"https:\/\/www.youtube.com\/@amatimmobiliaris\"]},{\"@type\":\"Person\",\"@id\":\"https:\/\/www.amatimmobiliaris.com\/w\/#\/schema\/person\/c880da71d1e156e7ea6774ffb445e034\",\"name\":\"Amat Immobiliaris\",\"sameAs\":[\"http:\/\/amat-inmo-wp.localhost\"]}]}<\/script>\n<!-- \/ Yoast SEO plugin. -->","yoast_head_json":{"title":"Som pioners en l'administraci\u00f3 en l\u00ednia | Amat Immobiliaris","robots":{"index":"index","follow":"follow","max-snippet":"max-snippet:-1","max-image-preview":"max-image-preview:large","max-video-preview":"max-video-preview:-1"},"canonical":"https:\/\/www.amatimmobiliaris.com\/w\/ca\/2016\/02\/som-pioners-ladministracio-linia\/","og_locale":"ca_ES","og_type":"article","og_title":"Som pioners en l'administraci\u00f3 en l\u00ednia | Amat Immobiliaris","og_description":"A Amat Immobiliaris una de les coses que m\u00e9s ens preocupa \u00e9s saber el que necessiten els nostres clients i, al mateix temps, sempre tenir un projecte en marxa. Una empresa que no sap el que volen els seus clients i no t\u00e9 projectes \u00e9s una empresa estancada i, en definitiva, una empresa morta. Avui [&hellip;]","og_url":"https:\/\/www.amatimmobiliaris.com\/w\/ca\/2016\/02\/som-pioners-ladministracio-linia\/","og_site_name":"Amat Immobiliaris","article_publisher":"https:\/\/www.facebook.com\/amatimmobiliaris","article_published_time":"2016-02-10T11:21:40+00:00","article_modified_time":"2023-04-26T08:35:13+00:00","og_image":[{"width":1024,"height":683,"url":"https:\/\/www.amatimmobiliaris.com\/w\/wp-content\/uploads\/2022\/01\/2014-Saga-familiar-Amat-dw-1-1024x683.jpg","type":"image\/jpeg"}],"author":"Amat Immobiliaris","twitter_card":"summary_large_image","twitter_creator":"@amat_cat","twitter_site":"@amat_cat","twitter_misc":{"Escrit per":"Amat Immobiliaris","Temps estimat de lectura":"2 minuts"},"schema":{"@context":"https:\/\/schema.org","@graph":[{"@type":"Article","@id":"https:\/\/www.amatimmobiliaris.com\/w\/ca\/2016\/02\/som-pioners-ladministracio-linia\/#article","isPartOf":{"@id":"https:\/\/www.amatimmobiliaris.com\/w\/ca\/2016\/02\/som-pioners-ladministracio-linia\/"},"author":{"name":"Amat Immobiliaris","@id":"https:\/\/www.amatimmobiliaris.com\/w\/#\/schema\/person\/c880da71d1e156e7ea6774ffb445e034"},"headline":"Som pioners en l&#8217;administraci\u00f3 en l\u00ednia","datePublished":"2016-02-10T11:21:40+00:00","dateModified":"2023-04-26T08:35:13+00:00","mainEntityOfPage":{"@id":"https:\/\/www.amatimmobiliaris.com\/w\/ca\/2016\/02\/som-pioners-ladministracio-linia\/"},"wordCount":446,"publisher":{"@id":"https:\/\/www.amatimmobiliaris.com\/w\/#organization"},"articleSection":["El m\u00f3n Amat"],"inLanguage":"ca"},{"@type":"WebPage","@id":"https:\/\/www.amatimmobiliaris.com\/w\/ca\/2016\/02\/som-pioners-ladministracio-linia\/","url":"https:\/\/www.amatimmobiliaris.com\/w\/ca\/2016\/02\/som-pioners-ladministracio-linia\/","name":"Som pioners en l'administraci\u00f3 en l\u00ednia | Amat Immobiliaris","isPartOf":{"@id":"https:\/\/www.amatimmobiliaris.com\/w\/#website"},"datePublished":"2016-02-10T11:21:40+00:00","dateModified":"2023-04-26T08:35:13+00:00","breadcrumb":{"@id":"https:\/\/www.amatimmobiliaris.com\/w\/ca\/2016\/02\/som-pioners-ladministracio-linia\/#breadcrumb"},"inLanguage":"ca","potentialAction":[{"@type":"ReadAction","target":["https:\/\/www.amatimmobiliaris.com\/w\/ca\/2016\/02\/som-pioners-ladministracio-linia\/"]}]},{"@type":"BreadcrumbList","@id":"https:\/\/www.amatimmobiliaris.com\/w\/ca\/2016\/02\/som-pioners-ladministracio-linia\/#breadcrumb","itemListElement":[{"@type":"ListItem","position":1,"name":"Home","item":"https:\/\/www.amatimmobiliaris.com\/w\/ca\/"},{"@type":"ListItem","position":2,"name":"El m\u00f3n Amat","item":"https:\/\/www.amatimmobiliaris.com\/w\/ca\/categoria-ca\/el-mon-amat-ca\/"},{"@type":"ListItem","position":3,"name":"Som pioners en l&#8217;administraci\u00f3 en l\u00ednia"}]},{"@type":"WebSite","@id":"https:\/\/www.amatimmobiliaris.com\/w\/#website","url":"https:\/\/www.amatimmobiliaris.com\/w\/","name":"Amat Immobiliaris","description":"Empresa familiar del sector inmobiliario con oficinas en Barcelona, Sant Cugat del Vall\u00e9s y Sant Just Desvern. Te ayudamos a comprar, alquilar o vender tu casa o piso. Somos un equipo coherente con una cultura de empresa honesta, innovadora y eficaz. Tambi\u00e9n en www.amatluxury.com","publisher":{"@id":"https:\/\/www.amatimmobiliaris.com\/w\/#organization"},"alternateName":"AmatImmo","potentialAction":[{"@type":"SearchAction","target":{"@type":"EntryPoint","urlTemplate":"https:\/\/www.amatimmobiliaris.com\/w\/?s={search_term_string}"},"query-input":{"@type":"PropertyValueSpecification","valueRequired":true,"valueName":"search_term_string"}}],"inLanguage":"ca"},{"@type":"Organization","@id":"https:\/\/www.amatimmobiliaris.com\/w\/#organization","name":"Amat Immobiliaris","url":"https:\/\/www.amatimmobiliaris.com\/w\/","logo":{"@type":"ImageObject","inLanguage":"ca","@id":"https:\/\/www.amatimmobiliaris.com\/w\/#\/schema\/logo\/image\/","url":"https:\/\/www.amatimmobiliaris.com\/w\/wp-content\/uploads\/2022\/10\/amat-logo.jpg","contentUrl":"https:\/\/www.amatimmobiliaris.com\/w\/wp-content\/uploads\/2022\/10\/amat-logo.jpg","width":900,"height":900,"caption":"Amat Immobiliaris"},"image":{"@id":"https:\/\/www.amatimmobiliaris.com\/w\/#\/schema\/logo\/image\/"},"sameAs":["https:\/\/www.facebook.com\/amatimmobiliaris","https:\/\/x.com\/amat_cat","https:\/\/www.instagram.com\/amat_immo\/","https:\/\/www.linkedin.com\/company\/amat-finques\/","https:\/\/www.youtube.com\/@amatimmobiliaris"]},{"@type":"Person","@id":"https:\/\/www.amatimmobiliaris.com\/w\/#\/schema\/person\/c880da71d1e156e7ea6774ffb445e034","name":"Amat Immobiliaris","sameAs":["http:\/\/amat-inmo-wp.localhost"]}]}},"_links":{"self":[{"href":"https:\/\/www.amatimmobiliaris.com\/w\/ca\/wp-json\/wp\/v2\/posts\/1655"}],"collection":[{"href":"https:\/\/www.amatimmobiliaris.com\/w\/ca\/wp-json\/wp\/v2\/posts"}],"about":[{"href":"https:\/\/www.amatimmobiliaris.com\/w\/ca\/wp-json\/wp\/v2\/types\/post"}],"author":[{"embeddable":true,"href":"https:\/\/www.amatimmobiliaris.com\/w\/ca\/wp-json\/wp\/v2\/users\/1"}],"replies":[{"embeddable":true,"href":"https:\/\/www.amatimmobiliaris.com\/w\/ca\/wp-json\/wp\/v2\/comments?post=1655"}],"version-history":[{"count":2,"href":"https:\/\/www.amatimmobiliaris.com\/w\/ca\/wp-json\/wp\/v2\/posts\/1655\/revisions"}],"predecessor-version":[{"id":23152,"href":"https:\/\/www.amatimmobiliaris.com\/w\/ca\/wp-json\/wp\/v2\/posts\/1655\/revisions\/23152"}],"wp:attachment":[{"href":"https:\/\/www.amatimmobiliaris.com\/w\/ca\/wp-json\/wp\/v2\/media?parent=1655"}],"wp:term":[{"taxonomy":"category","embeddable":true,"href":"https:\/\/www.amatimmobiliaris.com\/w\/ca\/wp-json\/wp\/v2\/categories?post=1655"},{"taxonomy":"post_tag","embeddable":true,"href":"https:\/\/www.amatimmobiliaris.com\/w\/ca\/wp-json\/wp\/v2\/tags?post=1655"}],"curies":[{"name":"wp","href":"https:\/\/api.w.org\/{rel}","templated":true}]}}