{"id":1560,"date":"2016-04-21T10:35:14","date_gmt":"2016-04-21T10:35:14","guid":{"rendered":"https:\/\/amat-inmo-wp.localhost\/2017\/01\/23\/los-billonarios-ven-mas-alla-los-datos-inmobiliarios\/"},"modified":"2023-04-24T15:13:21","modified_gmt":"2023-04-24T15:13:21","slug":"els-bilionaris-veuen-mes-enlla-de-les-dades-immobiliaries","status":"publish","type":"post","link":"https:\/\/www.amatimmobiliaris.com\/w\/ca\/2016\/04\/els-bilionaris-veuen-mes-enlla-de-les-dades-immobiliaries\/","title":{"rendered":"Els bilionaris veuen m\u00e9s enll\u00e0 de les dades immobili\u00e0ries"},"content":{"rendered":"<p><strong>Un munt de multimilionaris estan posant els seus diners en el mercat immobiliari espanyol. Per qu\u00e8?<\/strong><\/p>\n<p>Bill Gates, l&#8217;home m\u00e9s ric del m\u00f3n, ha invertit en 2013 m\u00e9s de 113,5 milions d&#8217;euros en el mercat immobiliari espanyol a trav\u00e9s de FCC, una empresa immobili\u00e0ria amb seu a Barcelona. Dos anys m\u00e9s tard, George Soros i Carlos Slim, entre les fortunes m\u00e9s grans del m\u00f3n, es van unir a ell i vna fer una gran aposta en la recuperaci\u00f3 del mercat immobiliari espanyol.<\/p>\n<p>La ra\u00f3 principal? L&#8217;economia, senzillament. Cap d&#8217;ells va al\u00b7legar el preu dels immobles o d&#8217;altres estudis estad\u00edstics com raonament per invertir.<\/p>\n<h3><strong>ELS MULTIMILIONARIS VEUEN M\u00c9S ENLL\u00c0 DE LES DADES IMMOBILI\u00c0RIES<\/strong><\/h3>\n<p>Les estad\u00edstiques tradicionals com els preus de l&#8217;habitatge o el volum de vendes ens diu on som, per\u00f2 els hi falta el context necessari per fer prediccions a l&#8217;estil de Bill Gates. Per apostar en el futur, les empreses immobili\u00e0ries necessiten tenir una visi\u00f3 m\u00e9s creativa del mercat. Per exemple, les dades de turisme no tendeixen a ser una part important del titular immobiliari, per\u00f2 <strong>Tenen aquestes dades cap valor com a indicador addicional<\/strong>?<\/p>\n<p style=\"text-align: justify;\"><a href=\"https:\/\/www.amatimmobiliaris.com\/w\/wp-content\/uploads\/2022\/01\/turisme-vs-compres.png\"><img loading=\"lazy\" decoding=\"async\" class=\" wp-image-4570 aligncenter\" src=\"https:\/\/www.amatimmobiliaris.com\/w\/wp-content\/uploads\/2022\/01\/turisme-vs-compres-300x150.png\" alt=\"turisme vs compres\" width=\"420\" height=\"210\" \/><\/a><\/p>\n<p><span id=\"tr_2\" class=\"tr_\" data-source=\"\" data-orig=\"Frontur\">Frontur<\/span> ha anunciat un increment de l&#8217;11,4% en les arribades de turisme al gener\/febrer de 2016 des de les fonts principals d&#8217;inversors immobiliaris a Espanya, que inclouen Anglaterra, It\u00e0lia, Alemanya, B\u00e8lgica i els pa\u00efsos n\u00f2rdics.<\/p>\n<h3><strong>M\u00c9S SIGNES<br \/>\n<\/strong><\/h3>\n<p>Observar el mercat com un multimilionari no requereix un profund coneixement de l&#8217;economia, si tenim en compte algunes preguntes molt simples:<\/p>\n<ul>\n<li>V\u00e9nen estrangers a Espanya?<\/li>\n<li>Poder permetre&#8217;s <a title=\"comprar\" href=\"https:\/\/www.amatimmobiliaris.com\/ca\/immobles-en-venda\" target=\"_blank\" rel=\"noopener\">comprar<\/a>?<\/li>\n<li>\u00c9s l&#8217;habitatge espanyol una bona inversi\u00f3?<\/li>\n<\/ul>\n<h3><strong>ALGUNES DADES M\u00c9S SIGNIFICATIVES<br \/>\n<\/strong><\/h3>\n<p><strong>1. Creixement del PIB<\/strong><\/p>\n<p>Un creixement elevat del producte interior brut en general significa compradors feli\u00e7os i ens ofereix una manera r\u00e0pida de saber si els inversors internacionals tenen ganes de gastar. Per altra banda, Espanya i Alemanya per\u00f2 de forma continuada i Anglaterra supera les dades de la zona euro amb un creixement del 2,9%. D&#8217;altra banda, els compradors russos seran m\u00e9s dif\u00edcils de trobar ja que el pa\u00eds est\u00e0 creixent a 0,6%.<\/p>\n<p><strong>2 Les tases de canvi per a monedes vs. IPV<\/strong><\/p>\n<p>La moneda \u00e9s una difer\u00e8ncia evident per als compradors internacionals i un euro feble pot portar una venda d&#8217;habitatge m\u00e9s barat. Els compradors brit\u00e0nics tenen ara un 25% m\u00e9s poder adquisitiu del que va ser el 2008 quan la lliura va reduir considerablement l&#8217;euro. En qualsevol cas, l&#8217;efecte pot ser ampliat molt m\u00e9s si tenim en compte l&#8217;\u00edndex de preus de l&#8217;habitatge.<\/p>\n<p>Per exemple: Imagina un comprador brit\u00e0nic que s&#8217;enamora d&#8217;una casa costant 200.000 \u20ac el 2008 &#8211; un cost de \u00a3 196,000. El IPV diu que la mateixa casa ara costa 31% menys i la major taxa de canvi d&#8217;avui, la mateixa casa podria costar fins al 43% menys.<\/p>\n<p><strong>3 Valors de <a title=\"Llogar\" href=\"https:\/\/www.amatimmobiliaris.com\/ca\/immobles-en-lloguer\" target=\"_blank\" rel=\"noopener\">Llogar<\/a><\/strong><\/p>\n<p>Alguns compradors internacionals es traslladen a Espanya, per\u00f2 molts no ho fan. Aquests inversors estan buscant una s\u00f2lida rendibilitat en les seves inversions ja sigui incrementant el valor de l&#8217;habitatge o mitjan\u00e7ant ingressos de lloguer. L&#8217;augment en els ingressos augmenta el rendiment i tranquil\u00b7litza els compradors internacionals. \u00c9s la manera m\u00e9s f\u00e0cil de seguir-los \u00e9s comportament de l&#8217;IPC (cost de la vida).<\/p>\n<p>B\u00e0sicament, l&#8217;\u00fanic problema al mercat espanyol, s\u00f3n les lleis restrictives per a lloguer a curt termini. En una economia de tipus AirBnb, es podrien suprimir les ganes de compradors fent el lloguer vacacional molt m\u00e9s complicat.<\/p>\n<p style=\"text-align: right;\">Sian Burton<\/p>\n<p style=\"text-align: right;\"><a href=\"https:\/\/www.kyero.com\/\" class=\"broken_link\" rel=\"nofollow\">Kyero.com<\/a><\/p>\n","protected":false},"excerpt":{"rendered":"<p>Un munt de multimilionaris estan posant els seus diners en el mercat immobiliari espanyol. Per qu\u00e8? Bill Gates, l&#8217;home m\u00e9s ric del m\u00f3n, ha invertit en 2013 m\u00e9s de 113,5 milions d&#8217;euros en el mercat immobiliari espanyol a trav\u00e9s de FCC, una empresa immobili\u00e0ria amb seu a Barcelona. Dos anys m\u00e9s tard, George Soros i [&hellip;]<\/p>\n","protected":false},"author":1,"featured_media":1561,"comment_status":"closed","ping_status":"closed","sticky":false,"template":"","format":"standard","meta":{"content-type":"","footnotes":""},"categories":[1160],"tags":[],"yoast_head":"<!-- This site is optimized with the Yoast SEO plugin v23.9 - https:\/\/yoast.com\/wordpress\/plugins\/seo\/ -->\n<title>Els bilionaris veuen m\u00e9s enll\u00e0 de les dades immobili\u00e0ries | Amat Immobiliaris<\/title>\n<meta name=\"robots\" content=\"index, follow, max-snippet:-1, max-image-preview:large, max-video-preview:-1\" \/>\n<link rel=\"canonical\" href=\"https:\/\/www.amatimmobiliaris.com\/w\/ca\/2016\/04\/els-bilionaris-veuen-mes-enlla-de-les-dades-immobiliaries\/\" \/>\n<meta property=\"og:locale\" content=\"ca_ES\" \/>\n<meta property=\"og:type\" content=\"article\" \/>\n<meta property=\"og:title\" content=\"Els bilionaris veuen m\u00e9s enll\u00e0 de les dades immobili\u00e0ries | Amat Immobiliaris\" \/>\n<meta property=\"og:description\" content=\"Un munt de multimilionaris estan posant els seus diners en el mercat immobiliari espanyol. Per qu\u00e8? Bill Gates, l&#8217;home m\u00e9s ric del m\u00f3n, ha invertit en 2013 m\u00e9s de 113,5 milions d&#8217;euros en el mercat immobiliari espanyol a trav\u00e9s de FCC, una empresa immobili\u00e0ria amb seu a Barcelona. Dos anys m\u00e9s tard, George Soros i [&hellip;]\" \/>\n<meta property=\"og:url\" content=\"https:\/\/www.amatimmobiliaris.com\/w\/ca\/2016\/04\/els-bilionaris-veuen-mes-enlla-de-les-dades-immobiliaries\/\" \/>\n<meta property=\"og:site_name\" content=\"Amat Immobiliaris\" \/>\n<meta property=\"article:publisher\" content=\"https:\/\/www.facebook.com\/amatimmobiliaris\" \/>\n<meta property=\"article:published_time\" content=\"2016-04-21T10:35:14+00:00\" \/>\n<meta property=\"article:modified_time\" content=\"2023-04-24T15:13:21+00:00\" \/>\n<meta property=\"og:image\" content=\"https:\/\/www.amatimmobiliaris.com\/w\/wp-content\/uploads\/2022\/01\/turisme-vs-compres.png\" \/>\n\t<meta property=\"og:image:width\" content=\"1128\" \/>\n\t<meta property=\"og:image:height\" content=\"564\" \/>\n\t<meta property=\"og:image:type\" content=\"image\/png\" \/>\n<meta name=\"author\" content=\"Amat Immobiliaris\" \/>\n<meta name=\"twitter:card\" content=\"summary_large_image\" \/>\n<meta name=\"twitter:creator\" content=\"@amat_cat\" \/>\n<meta name=\"twitter:site\" content=\"@amat_cat\" \/>\n<meta name=\"twitter:label1\" content=\"Escrit per\" \/>\n\t<meta name=\"twitter:data1\" content=\"Amat Immobiliaris\" \/>\n\t<meta name=\"twitter:label2\" content=\"Temps estimat de lectura\" \/>\n\t<meta name=\"twitter:data2\" content=\"3 minuts\" \/>\n<script type=\"application\/ld+json\" class=\"yoast-schema-graph\">{\"@context\":\"https:\/\/schema.org\",\"@graph\":[{\"@type\":\"Article\",\"@id\":\"https:\/\/www.amatimmobiliaris.com\/w\/ca\/2016\/04\/els-bilionaris-veuen-mes-enlla-de-les-dades-immobiliaries\/#article\",\"isPartOf\":{\"@id\":\"https:\/\/www.amatimmobiliaris.com\/w\/ca\/2016\/04\/els-bilionaris-veuen-mes-enlla-de-les-dades-immobiliaries\/\"},\"author\":{\"name\":\"Amat Immobiliaris\",\"@id\":\"https:\/\/www.amatimmobiliaris.com\/w\/#\/schema\/person\/c880da71d1e156e7ea6774ffb445e034\"},\"headline\":\"Els bilionaris veuen m\u00e9s enll\u00e0 de les dades immobili\u00e0ries\",\"datePublished\":\"2016-04-21T10:35:14+00:00\",\"dateModified\":\"2023-04-24T15:13:21+00:00\",\"mainEntityOfPage\":{\"@id\":\"https:\/\/www.amatimmobiliaris.com\/w\/ca\/2016\/04\/els-bilionaris-veuen-mes-enlla-de-les-dades-immobiliaries\/\"},\"wordCount\":599,\"publisher\":{\"@id\":\"https:\/\/www.amatimmobiliaris.com\/w\/#organization\"},\"image\":{\"@id\":\"https:\/\/www.amatimmobiliaris.com\/w\/ca\/2016\/04\/els-bilionaris-veuen-mes-enlla-de-les-dades-immobiliaries\/#primaryimage\"},\"thumbnailUrl\":\"https:\/\/www.amatimmobiliaris.com\/w\/wp-content\/uploads\/2022\/01\/turisme-vs-compres.png\",\"articleSection\":[\"Sector Immobiliari\"],\"inLanguage\":\"ca\"},{\"@type\":\"WebPage\",\"@id\":\"https:\/\/www.amatimmobiliaris.com\/w\/ca\/2016\/04\/els-bilionaris-veuen-mes-enlla-de-les-dades-immobiliaries\/\",\"url\":\"https:\/\/www.amatimmobiliaris.com\/w\/ca\/2016\/04\/els-bilionaris-veuen-mes-enlla-de-les-dades-immobiliaries\/\",\"name\":\"Els bilionaris veuen m\u00e9s enll\u00e0 de les dades immobili\u00e0ries | Amat Immobiliaris\",\"isPartOf\":{\"@id\":\"https:\/\/www.amatimmobiliaris.com\/w\/#website\"},\"primaryImageOfPage\":{\"@id\":\"https:\/\/www.amatimmobiliaris.com\/w\/ca\/2016\/04\/els-bilionaris-veuen-mes-enlla-de-les-dades-immobiliaries\/#primaryimage\"},\"image\":{\"@id\":\"https:\/\/www.amatimmobiliaris.com\/w\/ca\/2016\/04\/els-bilionaris-veuen-mes-enlla-de-les-dades-immobiliaries\/#primaryimage\"},\"thumbnailUrl\":\"https:\/\/www.amatimmobiliaris.com\/w\/wp-content\/uploads\/2022\/01\/turisme-vs-compres.png\",\"datePublished\":\"2016-04-21T10:35:14+00:00\",\"dateModified\":\"2023-04-24T15:13:21+00:00\",\"breadcrumb\":{\"@id\":\"https:\/\/www.amatimmobiliaris.com\/w\/ca\/2016\/04\/els-bilionaris-veuen-mes-enlla-de-les-dades-immobiliaries\/#breadcrumb\"},\"inLanguage\":\"ca\",\"potentialAction\":[{\"@type\":\"ReadAction\",\"target\":[\"https:\/\/www.amatimmobiliaris.com\/w\/ca\/2016\/04\/els-bilionaris-veuen-mes-enlla-de-les-dades-immobiliaries\/\"]}]},{\"@type\":\"ImageObject\",\"inLanguage\":\"ca\",\"@id\":\"https:\/\/www.amatimmobiliaris.com\/w\/ca\/2016\/04\/els-bilionaris-veuen-mes-enlla-de-les-dades-immobiliaries\/#primaryimage\",\"url\":\"https:\/\/www.amatimmobiliaris.com\/w\/wp-content\/uploads\/2022\/01\/turisme-vs-compres.png\",\"contentUrl\":\"https:\/\/www.amatimmobiliaris.com\/w\/wp-content\/uploads\/2022\/01\/turisme-vs-compres.png\",\"width\":1128,\"height\":564},{\"@type\":\"BreadcrumbList\",\"@id\":\"https:\/\/www.amatimmobiliaris.com\/w\/ca\/2016\/04\/els-bilionaris-veuen-mes-enlla-de-les-dades-immobiliaries\/#breadcrumb\",\"itemListElement\":[{\"@type\":\"ListItem\",\"position\":1,\"name\":\"Home\",\"item\":\"https:\/\/www.amatimmobiliaris.com\/w\/ca\/\"},{\"@type\":\"ListItem\",\"position\":2,\"name\":\"Not\u00edcies\",\"item\":\"https:\/\/www.amatimmobiliaris.com\/w\/ca\/categoria-ca\/noticies-ca\/\"},{\"@type\":\"ListItem\",\"position\":3,\"name\":\"Sector Immobiliari\",\"item\":\"https:\/\/www.amatimmobiliaris.com\/w\/ca\/categoria-ca\/noticies-ca\/sector-immobiliari-ca\/\"},{\"@type\":\"ListItem\",\"position\":4,\"name\":\"Els bilionaris veuen m\u00e9s enll\u00e0 de les dades immobili\u00e0ries\"}]},{\"@type\":\"WebSite\",\"@id\":\"https:\/\/www.amatimmobiliaris.com\/w\/#website\",\"url\":\"https:\/\/www.amatimmobiliaris.com\/w\/\",\"name\":\"Amat Immobiliaris\",\"description\":\"Empresa familiar del sector inmobiliario con oficinas en Barcelona, Sant Cugat del Vall\u00e9s y Sant Just Desvern. Te ayudamos a comprar, alquilar o vender tu casa o piso. Somos un equipo coherente con una cultura de empresa honesta, innovadora y eficaz. Tambi\u00e9n en www.amatluxury.com\",\"publisher\":{\"@id\":\"https:\/\/www.amatimmobiliaris.com\/w\/#organization\"},\"alternateName\":\"AmatImmo\",\"potentialAction\":[{\"@type\":\"SearchAction\",\"target\":{\"@type\":\"EntryPoint\",\"urlTemplate\":\"https:\/\/www.amatimmobiliaris.com\/w\/?s={search_term_string}\"},\"query-input\":{\"@type\":\"PropertyValueSpecification\",\"valueRequired\":true,\"valueName\":\"search_term_string\"}}],\"inLanguage\":\"ca\"},{\"@type\":\"Organization\",\"@id\":\"https:\/\/www.amatimmobiliaris.com\/w\/#organization\",\"name\":\"Amat Immobiliaris\",\"url\":\"https:\/\/www.amatimmobiliaris.com\/w\/\",\"logo\":{\"@type\":\"ImageObject\",\"inLanguage\":\"ca\",\"@id\":\"https:\/\/www.amatimmobiliaris.com\/w\/#\/schema\/logo\/image\/\",\"url\":\"https:\/\/www.amatimmobiliaris.com\/w\/wp-content\/uploads\/2022\/10\/amat-logo.jpg\",\"contentUrl\":\"https:\/\/www.amatimmobiliaris.com\/w\/wp-content\/uploads\/2022\/10\/amat-logo.jpg\",\"width\":900,\"height\":900,\"caption\":\"Amat Immobiliaris\"},\"image\":{\"@id\":\"https:\/\/www.amatimmobiliaris.com\/w\/#\/schema\/logo\/image\/\"},\"sameAs\":[\"https:\/\/www.facebook.com\/amatimmobiliaris\",\"https:\/\/x.com\/amat_cat\",\"https:\/\/www.instagram.com\/amat_immo\/\",\"https:\/\/www.linkedin.com\/company\/amat-finques\/\",\"https:\/\/www.youtube.com\/@amatimmobiliaris\"]},{\"@type\":\"Person\",\"@id\":\"https:\/\/www.amatimmobiliaris.com\/w\/#\/schema\/person\/c880da71d1e156e7ea6774ffb445e034\",\"name\":\"Amat Immobiliaris\",\"sameAs\":[\"http:\/\/amat-inmo-wp.localhost\"]}]}<\/script>\n<!-- \/ Yoast SEO plugin. -->","yoast_head_json":{"title":"Els bilionaris veuen m\u00e9s enll\u00e0 de les dades immobili\u00e0ries | Amat Immobiliaris","robots":{"index":"index","follow":"follow","max-snippet":"max-snippet:-1","max-image-preview":"max-image-preview:large","max-video-preview":"max-video-preview:-1"},"canonical":"https:\/\/www.amatimmobiliaris.com\/w\/ca\/2016\/04\/els-bilionaris-veuen-mes-enlla-de-les-dades-immobiliaries\/","og_locale":"ca_ES","og_type":"article","og_title":"Els bilionaris veuen m\u00e9s enll\u00e0 de les dades immobili\u00e0ries | Amat Immobiliaris","og_description":"Un munt de multimilionaris estan posant els seus diners en el mercat immobiliari espanyol. Per qu\u00e8? Bill Gates, l&#8217;home m\u00e9s ric del m\u00f3n, ha invertit en 2013 m\u00e9s de 113,5 milions d&#8217;euros en el mercat immobiliari espanyol a trav\u00e9s de FCC, una empresa immobili\u00e0ria amb seu a Barcelona. Dos anys m\u00e9s tard, George Soros i [&hellip;]","og_url":"https:\/\/www.amatimmobiliaris.com\/w\/ca\/2016\/04\/els-bilionaris-veuen-mes-enlla-de-les-dades-immobiliaries\/","og_site_name":"Amat Immobiliaris","article_publisher":"https:\/\/www.facebook.com\/amatimmobiliaris","article_published_time":"2016-04-21T10:35:14+00:00","article_modified_time":"2023-04-24T15:13:21+00:00","og_image":[{"width":1128,"height":564,"url":"https:\/\/www.amatimmobiliaris.com\/w\/wp-content\/uploads\/2022\/01\/turisme-vs-compres.png","type":"image\/png"}],"author":"Amat Immobiliaris","twitter_card":"summary_large_image","twitter_creator":"@amat_cat","twitter_site":"@amat_cat","twitter_misc":{"Escrit per":"Amat Immobiliaris","Temps estimat de lectura":"3 minuts"},"schema":{"@context":"https:\/\/schema.org","@graph":[{"@type":"Article","@id":"https:\/\/www.amatimmobiliaris.com\/w\/ca\/2016\/04\/els-bilionaris-veuen-mes-enlla-de-les-dades-immobiliaries\/#article","isPartOf":{"@id":"https:\/\/www.amatimmobiliaris.com\/w\/ca\/2016\/04\/els-bilionaris-veuen-mes-enlla-de-les-dades-immobiliaries\/"},"author":{"name":"Amat Immobiliaris","@id":"https:\/\/www.amatimmobiliaris.com\/w\/#\/schema\/person\/c880da71d1e156e7ea6774ffb445e034"},"headline":"Els bilionaris veuen m\u00e9s enll\u00e0 de les dades immobili\u00e0ries","datePublished":"2016-04-21T10:35:14+00:00","dateModified":"2023-04-24T15:13:21+00:00","mainEntityOfPage":{"@id":"https:\/\/www.amatimmobiliaris.com\/w\/ca\/2016\/04\/els-bilionaris-veuen-mes-enlla-de-les-dades-immobiliaries\/"},"wordCount":599,"publisher":{"@id":"https:\/\/www.amatimmobiliaris.com\/w\/#organization"},"image":{"@id":"https:\/\/www.amatimmobiliaris.com\/w\/ca\/2016\/04\/els-bilionaris-veuen-mes-enlla-de-les-dades-immobiliaries\/#primaryimage"},"thumbnailUrl":"https:\/\/www.amatimmobiliaris.com\/w\/wp-content\/uploads\/2022\/01\/turisme-vs-compres.png","articleSection":["Sector Immobiliari"],"inLanguage":"ca"},{"@type":"WebPage","@id":"https:\/\/www.amatimmobiliaris.com\/w\/ca\/2016\/04\/els-bilionaris-veuen-mes-enlla-de-les-dades-immobiliaries\/","url":"https:\/\/www.amatimmobiliaris.com\/w\/ca\/2016\/04\/els-bilionaris-veuen-mes-enlla-de-les-dades-immobiliaries\/","name":"Els bilionaris veuen m\u00e9s enll\u00e0 de les dades immobili\u00e0ries | Amat Immobiliaris","isPartOf":{"@id":"https:\/\/www.amatimmobiliaris.com\/w\/#website"},"primaryImageOfPage":{"@id":"https:\/\/www.amatimmobiliaris.com\/w\/ca\/2016\/04\/els-bilionaris-veuen-mes-enlla-de-les-dades-immobiliaries\/#primaryimage"},"image":{"@id":"https:\/\/www.amatimmobiliaris.com\/w\/ca\/2016\/04\/els-bilionaris-veuen-mes-enlla-de-les-dades-immobiliaries\/#primaryimage"},"thumbnailUrl":"https:\/\/www.amatimmobiliaris.com\/w\/wp-content\/uploads\/2022\/01\/turisme-vs-compres.png","datePublished":"2016-04-21T10:35:14+00:00","dateModified":"2023-04-24T15:13:21+00:00","breadcrumb":{"@id":"https:\/\/www.amatimmobiliaris.com\/w\/ca\/2016\/04\/els-bilionaris-veuen-mes-enlla-de-les-dades-immobiliaries\/#breadcrumb"},"inLanguage":"ca","potentialAction":[{"@type":"ReadAction","target":["https:\/\/www.amatimmobiliaris.com\/w\/ca\/2016\/04\/els-bilionaris-veuen-mes-enlla-de-les-dades-immobiliaries\/"]}]},{"@type":"ImageObject","inLanguage":"ca","@id":"https:\/\/www.amatimmobiliaris.com\/w\/ca\/2016\/04\/els-bilionaris-veuen-mes-enlla-de-les-dades-immobiliaries\/#primaryimage","url":"https:\/\/www.amatimmobiliaris.com\/w\/wp-content\/uploads\/2022\/01\/turisme-vs-compres.png","contentUrl":"https:\/\/www.amatimmobiliaris.com\/w\/wp-content\/uploads\/2022\/01\/turisme-vs-compres.png","width":1128,"height":564},{"@type":"BreadcrumbList","@id":"https:\/\/www.amatimmobiliaris.com\/w\/ca\/2016\/04\/els-bilionaris-veuen-mes-enlla-de-les-dades-immobiliaries\/#breadcrumb","itemListElement":[{"@type":"ListItem","position":1,"name":"Home","item":"https:\/\/www.amatimmobiliaris.com\/w\/ca\/"},{"@type":"ListItem","position":2,"name":"Not\u00edcies","item":"https:\/\/www.amatimmobiliaris.com\/w\/ca\/categoria-ca\/noticies-ca\/"},{"@type":"ListItem","position":3,"name":"Sector Immobiliari","item":"https:\/\/www.amatimmobiliaris.com\/w\/ca\/categoria-ca\/noticies-ca\/sector-immobiliari-ca\/"},{"@type":"ListItem","position":4,"name":"Els bilionaris veuen m\u00e9s enll\u00e0 de les dades immobili\u00e0ries"}]},{"@type":"WebSite","@id":"https:\/\/www.amatimmobiliaris.com\/w\/#website","url":"https:\/\/www.amatimmobiliaris.com\/w\/","name":"Amat Immobiliaris","description":"Empresa familiar del sector inmobiliario con oficinas en Barcelona, Sant Cugat del Vall\u00e9s y Sant Just Desvern. Te ayudamos a comprar, alquilar o vender tu casa o piso. Somos un equipo coherente con una cultura de empresa honesta, innovadora y eficaz. Tambi\u00e9n en www.amatluxury.com","publisher":{"@id":"https:\/\/www.amatimmobiliaris.com\/w\/#organization"},"alternateName":"AmatImmo","potentialAction":[{"@type":"SearchAction","target":{"@type":"EntryPoint","urlTemplate":"https:\/\/www.amatimmobiliaris.com\/w\/?s={search_term_string}"},"query-input":{"@type":"PropertyValueSpecification","valueRequired":true,"valueName":"search_term_string"}}],"inLanguage":"ca"},{"@type":"Organization","@id":"https:\/\/www.amatimmobiliaris.com\/w\/#organization","name":"Amat Immobiliaris","url":"https:\/\/www.amatimmobiliaris.com\/w\/","logo":{"@type":"ImageObject","inLanguage":"ca","@id":"https:\/\/www.amatimmobiliaris.com\/w\/#\/schema\/logo\/image\/","url":"https:\/\/www.amatimmobiliaris.com\/w\/wp-content\/uploads\/2022\/10\/amat-logo.jpg","contentUrl":"https:\/\/www.amatimmobiliaris.com\/w\/wp-content\/uploads\/2022\/10\/amat-logo.jpg","width":900,"height":900,"caption":"Amat Immobiliaris"},"image":{"@id":"https:\/\/www.amatimmobiliaris.com\/w\/#\/schema\/logo\/image\/"},"sameAs":["https:\/\/www.facebook.com\/amatimmobiliaris","https:\/\/x.com\/amat_cat","https:\/\/www.instagram.com\/amat_immo\/","https:\/\/www.linkedin.com\/company\/amat-finques\/","https:\/\/www.youtube.com\/@amatimmobiliaris"]},{"@type":"Person","@id":"https:\/\/www.amatimmobiliaris.com\/w\/#\/schema\/person\/c880da71d1e156e7ea6774ffb445e034","name":"Amat Immobiliaris","sameAs":["http:\/\/amat-inmo-wp.localhost"]}]}},"_links":{"self":[{"href":"https:\/\/www.amatimmobiliaris.com\/w\/ca\/wp-json\/wp\/v2\/posts\/1560"}],"collection":[{"href":"https:\/\/www.amatimmobiliaris.com\/w\/ca\/wp-json\/wp\/v2\/posts"}],"about":[{"href":"https:\/\/www.amatimmobiliaris.com\/w\/ca\/wp-json\/wp\/v2\/types\/post"}],"author":[{"embeddable":true,"href":"https:\/\/www.amatimmobiliaris.com\/w\/ca\/wp-json\/wp\/v2\/users\/1"}],"replies":[{"embeddable":true,"href":"https:\/\/www.amatimmobiliaris.com\/w\/ca\/wp-json\/wp\/v2\/comments?post=1560"}],"version-history":[{"count":5,"href":"https:\/\/www.amatimmobiliaris.com\/w\/ca\/wp-json\/wp\/v2\/posts\/1560\/revisions"}],"predecessor-version":[{"id":25555,"href":"https:\/\/www.amatimmobiliaris.com\/w\/ca\/wp-json\/wp\/v2\/posts\/1560\/revisions\/25555"}],"wp:featuredmedia":[{"embeddable":true,"href":"https:\/\/www.amatimmobiliaris.com\/w\/ca\/wp-json\/wp\/v2\/media\/1561"}],"wp:attachment":[{"href":"https:\/\/www.amatimmobiliaris.com\/w\/ca\/wp-json\/wp\/v2\/media?parent=1560"}],"wp:term":[{"taxonomy":"category","embeddable":true,"href":"https:\/\/www.amatimmobiliaris.com\/w\/ca\/wp-json\/wp\/v2\/categories?post=1560"},{"taxonomy":"post_tag","embeddable":true,"href":"https:\/\/www.amatimmobiliaris.com\/w\/ca\/wp-json\/wp\/v2\/tags?post=1560"}],"curies":[{"name":"wp","href":"https:\/\/api.w.org\/{rel}","templated":true}]}}