{"id":1480,"date":"2017-01-23T09:01:12","date_gmt":"2017-01-23T09:01:12","guid":{"rendered":"https:\/\/amat-inmo-wp.localhost\/2017\/01\/23\/home-staging-versus-decoracio\/"},"modified":"2023-04-27T13:31:39","modified_gmt":"2023-04-27T13:31:39","slug":"home-staging-versus-decoracio","status":"publish","type":"post","link":"https:\/\/www.amatimmobiliaris.com\/w\/ca\/2017\/01\/home-staging-versus-decoracio\/","title":{"rendered":"Home staging versus decoraci\u00f3"},"content":{"rendered":"<p style=\"text-align: justify;\">Una de les raons que es donen amb m\u00e9s freq\u00fc\u00e8ncia per no rec\u00f3rrer al <strong><span id=\"tr_2\" class=\"tr_\" data-source=\"\" data-orig=\"Home Staging\">Home Staging<\/span><\/strong> a l&#8217;hora de vendre o llogar la casa nostra \u00e9s considerar que la nostra propietat ja est\u00e0 decorada i no necessita cap altra intervenci\u00f3. Res m\u00e9s lluny de la realitat.<\/p>\n<p style=\"text-align: center;\">\u00a0 \u00a0 \u00a0 \u00a0 \u00a0 \u00a0 \u00a0 \u00a0 \u00a0 \u00a0 \u00a0 \u00a0 \u00a0 \u00a0 \u00a0 \u00a0 <a href=\"https:\/\/www.amatimmobiliaris.com\/w\/wp-content\/uploads\/2022\/01\/exotico.jpg\"><img loading=\"lazy\" decoding=\"async\" class=\"wp-image-4849 size-full aligncenter\" src=\"https:\/\/www.amatimmobiliaris.com\/w\/wp-content\/uploads\/2022\/01\/exotico.jpg\" alt=\"exotico\" width=\"735\" height=\"735\" \/><\/a>\u00a0\u00a0 <a href=\"https:\/\/www.instagram.com\/maisonsdumonde_es\/\">Estil Ex\u00f2tic de Maison du Monde<\/a><\/p>\n<p style=\"text-align: justify;\">Quan una persona est\u00e0 buscant una casa, en realitat est\u00e0 buscant un estil de vida i pot no ser necess\u00e0riament el nostre. Potser hem estat vivint en aquesta casa tota la vida&#8230; Creus que ara s&#8217;enamoraria una parella que comen\u00e7a la seva? <strong>El home staging proporcion un estil ser\u00e8, tranquil i acollidor, per\u00f2 cap en particular<\/strong>. Les persones que visiten la casa, cadascun amb diferents prefer\u00e8ncies decoratives, han de ser capaces de sentir que la faran seva si es decideixen per aquell immoble.<\/p>\n<p style=\"text-align: center;\"><a href=\"https:\/\/www.amatimmobiliaris.com\/w\/wp-content\/uploads\/2022\/01\/shabby-chic.jpg\"><img loading=\"lazy\" decoding=\"async\" class=\"wp-image-4851 size-full aligncenter\" src=\"https:\/\/www.amatimmobiliaris.com\/w\/wp-content\/uploads\/2022\/01\/shabby-chic.jpg\" alt=\"shabby-chic\" width=\"850\" height=\"478\" \/><\/a>\u00a0\u00a0 \u00a0 \u00a0\u00a0 <a href=\"https:\/\/www.google.com\/search?q=Estilo+Shabby+Chic+de+Westwing&amp;rlz=1C1GCEA_enES1014ES1014&amp;sxsrf=APwXEderw4rzWRcL79GUUYuNhb-lqauXMQ:1681312677156&amp;source=lnms&amp;tbm=isch&amp;sa=X&amp;ved=2ahUKEwjq-oLn0aT-AhWO6KQKHVhQD4QQ_AUoAXoECAEQAw&amp;biw=1920&amp;bih=872&amp;dpr=1\">Estilo Shabby Chic de Westwing<\/a><\/p>\n<p style=\"text-align: justify;\"><strong>Si ja has pres la determinaci\u00f3 de vendre casa teva, has de comen\u00e7ar a distanciar-te, a acomiadar-se d&#8217;ella<\/strong>. Tot el proc\u00e9s comen\u00e7a per considerar-la un actiu financer, en aquest cas, immobiliari, del qual espera obtenir un benefici, el m\u00e9s gran possible. <strong>Preparar-la pel llan\u00e7ament al mercat \u00e9s la funci\u00f3 del home staging.<\/strong><\/p>\n<p style=\"text-align: center;\"><a href=\"https:\/\/www.amatimmobiliaris.com\/w\/wp-content\/uploads\/2022\/01\/africa.jpg\"><img loading=\"lazy\" decoding=\"async\" class=\"aligncenter wp-image-4846 size-large\" src=\"https:\/\/www.amatimmobiliaris.com\/w\/wp-content\/uploads\/2022\/01\/africa-1024x528.jpg\" alt=\"africa\" width=\"1024\" height=\"528\" \/><\/a>\u00a0 \u00a0 \u00a0 \u00a0 \u00a0\u00a0 <a href=\"https:\/\/www.google.com\/search?q=Estil+Africa+de+Westwing&amp;tbm=isch&amp;ved=2ahUKEwjcu7f10aT-AhWxmicCHWa4CzoQ2-cCegQIABAA&amp;oq=Estil+Africa+de+Westwing&amp;gs_lcp=CgNpbWcQAzoECCMQJ1D_A1j_A2ClBmgAcAB4AIABc4gB4wGSAQMwLjKYAQCgAQGqAQtnd3Mtd2l6LWltZ8ABAQ&amp;sclient=img&amp;ei=w8s2ZJzOFrG1nsEP5vCu0AM&amp;bih=872&amp;biw=1920&amp;rlz=1C1GCEA_enES1014ES1014\">Estil Africa de Westwing<\/a><\/p>\n<p style=\"text-align: center;\"><a href=\"https:\/\/www.amatimmobiliaris.com\/w\/wp-content\/uploads\/2022\/01\/clasico.jpg\"><img loading=\"lazy\" decoding=\"async\" class=\"aligncenter wp-image-4847 size-full\" src=\"https:\/\/www.amatimmobiliaris.com\/w\/wp-content\/uploads\/2022\/01\/clasico.jpg\" alt=\"clasico\" width=\"735\" height=\"735\" \/><\/a>\u00a0 \u00a0 \u00a0 \u00a0 \u00a0 \u00a0 \u00a0 \u00a0 \u00a0 \u00a0 \u00a0 \u00a0 <a href=\"https:\/\/www.instagram.com\/maisonsdumonde_es\/\">Estil Cl\u00e1sico de Maison du Monde<\/a><\/p>\n<p style=\"text-align: justify;\">Hi ha dotzenes de diferents estils decoratius, per\u00f2 la gent que busca casa sempre coincideix en voler un immoble acollidor i llumin\u00f3s, ser\u00e8 i organitzat. S\u00f3n precisament aquestes necessitats les que el home staging treballa, no els estils decoratius.<\/p>\n<p style=\"text-align: center;\"><a href=\"https:\/\/www.amatimmobiliaris.com\/w\/wp-content\/uploads\/2022\/01\/industrial.jpg\"><img loading=\"lazy\" decoding=\"async\" class=\"aligncenter wp-image-4850 size-full\" src=\"https:\/\/www.amatimmobiliaris.com\/w\/wp-content\/uploads\/2022\/01\/industrial.jpg\" alt=\"industrial\" width=\"735\" height=\"735\" \/><\/a>\u00a0\u00a0 \u00a0 \u00a0 \u00a0 \u00a0 \u00a0 \u00a0 \u00a0 \u00a0 <a href=\"https:\/\/www.instagram.com\/maisonsdumonde_es\/\">Estil Industrial de Maison du Monde<\/a><\/p>\n<p style=\"text-align: justify;\">Quan decorem, hem de tenir en compte les prefer\u00e8ncies de la persona en q\u00fcesti\u00f3. Pintura, gravats, detalls, etc., sempre seran q\u00fcestions personals i espec\u00edfiques. Tot est\u00e0 perm\u00e8s, qualsevol color, per atrevit que sigui, mentre agradi al propietari de la casa. Per\u00f2<strong> quan es tracta de vendre-la, si una casa t\u00e9 un estil o una decoraci\u00f3 molt marcada, el seu target es veur\u00e0 substancialment redu\u00eft <\/strong>ja que nom\u00e9s ser\u00e0 interessant pel petit percentatge de compradors als que agradi aquesta tend\u00e8ncia.<\/p>\n<p style=\"text-align: center;\"><a href=\"https:\/\/www.amatimmobiliaris.com\/w\/wp-content\/uploads\/2022\/01\/colonial.jpg\"><img loading=\"lazy\" decoding=\"async\" class=\"aligncenter wp-image-4848 size-full\" src=\"https:\/\/www.amatimmobiliaris.com\/w\/wp-content\/uploads\/2022\/01\/colonial.jpg\" alt=\"colonial\" width=\"735\" height=\"735\" \/><\/a>\u00a0 \u00a0 \u00a0 <a href=\"https:\/\/www.instagram.com\/maisonsdumonde_es\/\">Estil Colonial de Maison du Monde<\/a><\/p>\n<p style=\"text-align: justify;\">Aix\u00f2 tamb\u00e9 passar\u00e0 si l&#8217;habitatge est\u00e0 massa ple. El 85% de les persones no s\u00f3n capaces d&#8217;imaginar el seu potencial pel que s&#8217;hauran d&#8217;eliminar l&#8217;exc\u00e9s de mobles i objectes personals, el que ser\u00e0 essencial per mostrar el millor d&#8217;una casa.<\/p>\n<p style=\"text-align: justify;\">\u00a0 \u00a0 \u00a0 \u00a0 \u00a0 \u00a0 \u00a0 \u00a0 \u00a0 \u00a0 \u00a0 \u00a0 \u00a0 \u00a0 \u00a0 <a href=\"https:\/\/www.amatimmobiliaris.com\/w\/wp-content\/uploads\/2022\/01\/antes-hs.jpg\"><img loading=\"lazy\" decoding=\"async\" class=\"aligncenter wp-image-4859 size-full\" src=\"https:\/\/www.amatimmobiliaris.com\/w\/wp-content\/uploads\/2022\/01\/antes-hs.jpg\" alt=\"antes hs\" width=\"720\" height=\"646\" \/><\/a><\/p>\n<p style=\"text-align: center;\">ABANS de la intervenci\u00f3 de THE HOUSE Home Staging<\/p>\n<p style=\"text-align: justify;\"><strong>Un bon home staging nom\u00e9s deixar\u00e0 el mobiliari necessari<\/strong> per &#8220;dibuixar&#8221; espais on poder circular lliurement i aconseguir\u00e0 que l&#8217;espai es vegi m\u00e9s gran, el que sempre \u00e9s positiu en la percepci\u00f3 d&#8217;un habitatge.<\/p>\n<p style=\"text-align: center;\"><a href=\"https:\/\/www.amatimmobiliaris.com\/w\/wp-content\/uploads\/2022\/01\/despues-hs.jpg\"><img loading=\"lazy\" decoding=\"async\" class=\"aligncenter wp-image-4860 size-full\" src=\"https:\/\/www.amatimmobiliaris.com\/w\/wp-content\/uploads\/2022\/01\/despues-hs.jpg\" alt=\"despues hs\" width=\"750\" height=\"450\" \/><\/a>\u00a0 \u00a0 \u00a0 \u00a0 \u00a0 \u00a0 \u00a0 \u00a0 \u00a0 \u00a0 \u00a0 \u00a0 \u00a0 \u00a0 DESPR\u00c9S de la intervenci\u00f3 de THE HOUSE Home Staging<\/p>\n<p style=\"text-align: justify;\">Podria semblar que intentant que una casa no tingui un estil particular, el resultat sigui un habitatge que no tingui detalls decoratius. No \u00e9s aix\u00ed. Simplement la paleta de color ser\u00e0 simple i basada en colors neutres com el gris, els torrats i els beix.<\/p>\n<p style=\"text-align: justify;\"><a href=\"https:\/\/www.amatimmobiliaris.com\/w\/wp-content\/uploads\/2022\/01\/hs1.jpg\"><img loading=\"lazy\" decoding=\"async\" class=\"aligncenter wp-image-4861 size-large\" src=\"https:\/\/www.amatimmobiliaris.com\/w\/wp-content\/uploads\/2022\/01\/hs1-1024x684.jpg\" alt=\"hs1\" width=\"1024\" height=\"684\" \/><\/a><\/p>\n<p style=\"text-align: center;\"><a href=\"https:\/\/www.amatimmobiliaris.com\/w\/wp-content\/uploads\/2022\/01\/hs2.jpg\"><img loading=\"lazy\" decoding=\"async\" class=\"aligncenter wp-image-4862 size-large\" src=\"https:\/\/www.amatimmobiliaris.com\/w\/wp-content\/uploads\/2022\/01\/hs2-1024x684.jpg\" alt=\"hs2\" width=\"1024\" height=\"684\" \/><\/a>\u00a0 \u00a0 \u00a0 \u00a0 \u00a0 \u00a0 \u00a0 \u00a0 \u00a0 \u00a0 \u00a0 \u00a0 \u00a0 \u00a0 \u00a0 \u00a0 \u00a0 \u00a0 \u00a0 Home Staging realitzat per THE HOUSE HS<\/p>\n<p>Tamb\u00e9 \u00e9s important afegir a la nostra &#8220;posada en escena&#8221; un toc de tend\u00e8ncia decorativa, ja sigui en objectes, colors o estampats.<\/p>\n<p>Quan busquem una llar, tots volem una casa nova i actualitzada, encara que sigui de segona m\u00e0!<\/p>\n<p>Si vols saber una mica m\u00e9s sobre <a href=\"https:\/\/www.thehousehomestaging.com\/\"><span id=\"tr_3\" class=\"tr_\" data-source=\"\" data-orig=\"The House\">The House<\/span><\/a> i el home staging clica <a href=\"https:\/\/www.youtube.com\/watch?v=fhTBCpDmQEk&amp;list=PLe1er1poVnDpa0UTSFuMM-2lw3obcZ3_E&amp;index=1\">aqu\u00ed<\/a> per veure l&#8217;entrevista que ens van fer.<\/p>\n<p>&nbsp;<\/p>\n<p>&nbsp;<\/p>\n<p style=\"text-align: right;\"><strong>Clementina Chereguini<\/strong><\/p>\n<p style=\"text-align: right;\"><strong>Consultora de Home Staging<\/strong><\/p>\n<p>&nbsp;<\/p>\n<p>&nbsp;<\/p>\n<p>&nbsp;<\/p>\n<p>&nbsp;<\/p>\n<p>&nbsp;<\/p>\n<p>&nbsp;<\/p>\n<p>&nbsp;<\/p>\n","protected":false},"excerpt":{"rendered":"<p>Una de les raons que es donen amb m\u00e9s freq\u00fc\u00e8ncia per no rec\u00f3rrer al Home Staging a l&#8217;hora de vendre o llogar la casa nostra \u00e9s considerar que la nostra propietat ja est\u00e0 decorada i no necessita cap altra intervenci\u00f3. Res m\u00e9s lluny de la realitat. \u00a0 \u00a0 \u00a0 \u00a0 \u00a0 \u00a0 \u00a0 \u00a0 \u00a0 [&hellip;]<\/p>\n","protected":false},"author":1,"featured_media":1481,"comment_status":"closed","ping_status":"open","sticky":false,"template":"","format":"standard","meta":{"content-type":"","footnotes":""},"categories":[879],"tags":[],"yoast_head":"<!-- This site is optimized with the Yoast SEO plugin v23.9 - https:\/\/yoast.com\/wordpress\/plugins\/seo\/ -->\n<title>Home staging versus decoraci\u00f3 | Amat Immobiliaris<\/title>\n<meta name=\"robots\" content=\"index, follow, max-snippet:-1, max-image-preview:large, max-video-preview:-1\" \/>\n<link rel=\"canonical\" href=\"https:\/\/www.amatimmobiliaris.com\/w\/ca\/2017\/01\/home-staging-versus-decoracio\/\" \/>\n<meta property=\"og:locale\" content=\"ca_ES\" \/>\n<meta property=\"og:type\" content=\"article\" \/>\n<meta property=\"og:title\" content=\"Home staging versus decoraci\u00f3 | Amat Immobiliaris\" \/>\n<meta property=\"og:description\" content=\"Una de les raons que es donen amb m\u00e9s freq\u00fc\u00e8ncia per no rec\u00f3rrer al Home Staging a l&#8217;hora de vendre o llogar la casa nostra \u00e9s considerar que la nostra propietat ja est\u00e0 decorada i no necessita cap altra intervenci\u00f3. Res m\u00e9s lluny de la realitat. \u00a0 \u00a0 \u00a0 \u00a0 \u00a0 \u00a0 \u00a0 \u00a0 \u00a0 [&hellip;]\" \/>\n<meta property=\"og:url\" content=\"https:\/\/www.amatimmobiliaris.com\/w\/ca\/2017\/01\/home-staging-versus-decoracio\/\" \/>\n<meta property=\"og:site_name\" content=\"Amat Immobiliaris\" \/>\n<meta property=\"article:publisher\" content=\"https:\/\/www.facebook.com\/amatimmobiliaris\" \/>\n<meta property=\"article:published_time\" content=\"2017-01-23T09:01:12+00:00\" \/>\n<meta property=\"article:modified_time\" content=\"2023-04-27T13:31:39+00:00\" \/>\n<meta property=\"og:image\" content=\"https:\/\/www.amatimmobiliaris.com\/w\/wp-content\/uploads\/2022\/01\/exotico.jpg\" \/>\n\t<meta property=\"og:image:width\" content=\"735\" \/>\n\t<meta property=\"og:image:height\" content=\"735\" \/>\n\t<meta property=\"og:image:type\" content=\"image\/jpeg\" \/>\n<meta name=\"author\" content=\"Amat Immobiliaris\" \/>\n<meta name=\"twitter:card\" content=\"summary_large_image\" \/>\n<meta name=\"twitter:creator\" content=\"@amat_cat\" \/>\n<meta name=\"twitter:site\" content=\"@amat_cat\" \/>\n<meta name=\"twitter:label1\" content=\"Escrit per\" \/>\n\t<meta name=\"twitter:data1\" content=\"Amat Immobiliaris\" \/>\n\t<meta name=\"twitter:label2\" content=\"Temps estimat de lectura\" \/>\n\t<meta name=\"twitter:data2\" content=\"3 minuts\" \/>\n<script type=\"application\/ld+json\" class=\"yoast-schema-graph\">{\"@context\":\"https:\/\/schema.org\",\"@graph\":[{\"@type\":\"Article\",\"@id\":\"https:\/\/www.amatimmobiliaris.com\/w\/ca\/2017\/01\/home-staging-versus-decoracio\/#article\",\"isPartOf\":{\"@id\":\"https:\/\/www.amatimmobiliaris.com\/w\/ca\/2017\/01\/home-staging-versus-decoracio\/\"},\"author\":{\"name\":\"Amat Immobiliaris\",\"@id\":\"https:\/\/www.amatimmobiliaris.com\/w\/#\/schema\/person\/c880da71d1e156e7ea6774ffb445e034\"},\"headline\":\"Home staging versus decoraci\u00f3\",\"datePublished\":\"2017-01-23T09:01:12+00:00\",\"dateModified\":\"2023-04-27T13:31:39+00:00\",\"mainEntityOfPage\":{\"@id\":\"https:\/\/www.amatimmobiliaris.com\/w\/ca\/2017\/01\/home-staging-versus-decoracio\/\"},\"wordCount\":586,\"publisher\":{\"@id\":\"https:\/\/www.amatimmobiliaris.com\/w\/#organization\"},\"image\":{\"@id\":\"https:\/\/www.amatimmobiliaris.com\/w\/ca\/2017\/01\/home-staging-versus-decoracio\/#primaryimage\"},\"thumbnailUrl\":\"https:\/\/www.amatimmobiliaris.com\/w\/wp-content\/uploads\/2022\/01\/exotico.jpg\",\"articleSection\":[\"Arquitectura y decoraci\u00f3n\"],\"inLanguage\":\"ca\"},{\"@type\":\"WebPage\",\"@id\":\"https:\/\/www.amatimmobiliaris.com\/w\/ca\/2017\/01\/home-staging-versus-decoracio\/\",\"url\":\"https:\/\/www.amatimmobiliaris.com\/w\/ca\/2017\/01\/home-staging-versus-decoracio\/\",\"name\":\"Home staging versus decoraci\u00f3 | Amat Immobiliaris\",\"isPartOf\":{\"@id\":\"https:\/\/www.amatimmobiliaris.com\/w\/#website\"},\"primaryImageOfPage\":{\"@id\":\"https:\/\/www.amatimmobiliaris.com\/w\/ca\/2017\/01\/home-staging-versus-decoracio\/#primaryimage\"},\"image\":{\"@id\":\"https:\/\/www.amatimmobiliaris.com\/w\/ca\/2017\/01\/home-staging-versus-decoracio\/#primaryimage\"},\"thumbnailUrl\":\"https:\/\/www.amatimmobiliaris.com\/w\/wp-content\/uploads\/2022\/01\/exotico.jpg\",\"datePublished\":\"2017-01-23T09:01:12+00:00\",\"dateModified\":\"2023-04-27T13:31:39+00:00\",\"breadcrumb\":{\"@id\":\"https:\/\/www.amatimmobiliaris.com\/w\/ca\/2017\/01\/home-staging-versus-decoracio\/#breadcrumb\"},\"inLanguage\":\"ca\",\"potentialAction\":[{\"@type\":\"ReadAction\",\"target\":[\"https:\/\/www.amatimmobiliaris.com\/w\/ca\/2017\/01\/home-staging-versus-decoracio\/\"]}]},{\"@type\":\"ImageObject\",\"inLanguage\":\"ca\",\"@id\":\"https:\/\/www.amatimmobiliaris.com\/w\/ca\/2017\/01\/home-staging-versus-decoracio\/#primaryimage\",\"url\":\"https:\/\/www.amatimmobiliaris.com\/w\/wp-content\/uploads\/2022\/01\/exotico.jpg\",\"contentUrl\":\"https:\/\/www.amatimmobiliaris.com\/w\/wp-content\/uploads\/2022\/01\/exotico.jpg\",\"width\":735,\"height\":735},{\"@type\":\"BreadcrumbList\",\"@id\":\"https:\/\/www.amatimmobiliaris.com\/w\/ca\/2017\/01\/home-staging-versus-decoracio\/#breadcrumb\",\"itemListElement\":[{\"@type\":\"ListItem\",\"position\":1,\"name\":\"Home\",\"item\":\"https:\/\/www.amatimmobiliaris.com\/w\/ca\/\"},{\"@type\":\"ListItem\",\"position\":2,\"name\":\"Arquitectura y decoraci\u00f3n\",\"item\":\"https:\/\/www.amatimmobiliaris.com\/w\/category\/arquitectura-y-decoracion\/\"},{\"@type\":\"ListItem\",\"position\":3,\"name\":\"Home staging versus decoraci\u00f3\"}]},{\"@type\":\"WebSite\",\"@id\":\"https:\/\/www.amatimmobiliaris.com\/w\/#website\",\"url\":\"https:\/\/www.amatimmobiliaris.com\/w\/\",\"name\":\"Amat Immobiliaris\",\"description\":\"Empresa familiar del sector inmobiliario con oficinas en Barcelona, Sant Cugat del Vall\u00e9s y Sant Just Desvern. Te ayudamos a comprar, alquilar o vender tu casa o piso. Somos un equipo coherente con una cultura de empresa honesta, innovadora y eficaz. Tambi\u00e9n en www.amatluxury.com\",\"publisher\":{\"@id\":\"https:\/\/www.amatimmobiliaris.com\/w\/#organization\"},\"alternateName\":\"AmatImmo\",\"potentialAction\":[{\"@type\":\"SearchAction\",\"target\":{\"@type\":\"EntryPoint\",\"urlTemplate\":\"https:\/\/www.amatimmobiliaris.com\/w\/?s={search_term_string}\"},\"query-input\":{\"@type\":\"PropertyValueSpecification\",\"valueRequired\":true,\"valueName\":\"search_term_string\"}}],\"inLanguage\":\"ca\"},{\"@type\":\"Organization\",\"@id\":\"https:\/\/www.amatimmobiliaris.com\/w\/#organization\",\"name\":\"Amat Immobiliaris\",\"url\":\"https:\/\/www.amatimmobiliaris.com\/w\/\",\"logo\":{\"@type\":\"ImageObject\",\"inLanguage\":\"ca\",\"@id\":\"https:\/\/www.amatimmobiliaris.com\/w\/#\/schema\/logo\/image\/\",\"url\":\"https:\/\/www.amatimmobiliaris.com\/w\/wp-content\/uploads\/2022\/10\/amat-logo.jpg\",\"contentUrl\":\"https:\/\/www.amatimmobiliaris.com\/w\/wp-content\/uploads\/2022\/10\/amat-logo.jpg\",\"width\":900,\"height\":900,\"caption\":\"Amat Immobiliaris\"},\"image\":{\"@id\":\"https:\/\/www.amatimmobiliaris.com\/w\/#\/schema\/logo\/image\/\"},\"sameAs\":[\"https:\/\/www.facebook.com\/amatimmobiliaris\",\"https:\/\/x.com\/amat_cat\",\"https:\/\/www.instagram.com\/amat_immo\/\",\"https:\/\/www.linkedin.com\/company\/amat-finques\/\",\"https:\/\/www.youtube.com\/@amatimmobiliaris\"]},{\"@type\":\"Person\",\"@id\":\"https:\/\/www.amatimmobiliaris.com\/w\/#\/schema\/person\/c880da71d1e156e7ea6774ffb445e034\",\"name\":\"Amat Immobiliaris\",\"sameAs\":[\"http:\/\/amat-inmo-wp.localhost\"]}]}<\/script>\n<!-- \/ Yoast SEO plugin. -->","yoast_head_json":{"title":"Home staging versus decoraci\u00f3 | Amat Immobiliaris","robots":{"index":"index","follow":"follow","max-snippet":"max-snippet:-1","max-image-preview":"max-image-preview:large","max-video-preview":"max-video-preview:-1"},"canonical":"https:\/\/www.amatimmobiliaris.com\/w\/ca\/2017\/01\/home-staging-versus-decoracio\/","og_locale":"ca_ES","og_type":"article","og_title":"Home staging versus decoraci\u00f3 | Amat Immobiliaris","og_description":"Una de les raons que es donen amb m\u00e9s freq\u00fc\u00e8ncia per no rec\u00f3rrer al Home Staging a l&#8217;hora de vendre o llogar la casa nostra \u00e9s considerar que la nostra propietat ja est\u00e0 decorada i no necessita cap altra intervenci\u00f3. Res m\u00e9s lluny de la realitat. \u00a0 \u00a0 \u00a0 \u00a0 \u00a0 \u00a0 \u00a0 \u00a0 \u00a0 [&hellip;]","og_url":"https:\/\/www.amatimmobiliaris.com\/w\/ca\/2017\/01\/home-staging-versus-decoracio\/","og_site_name":"Amat Immobiliaris","article_publisher":"https:\/\/www.facebook.com\/amatimmobiliaris","article_published_time":"2017-01-23T09:01:12+00:00","article_modified_time":"2023-04-27T13:31:39+00:00","og_image":[{"width":735,"height":735,"url":"https:\/\/www.amatimmobiliaris.com\/w\/wp-content\/uploads\/2022\/01\/exotico.jpg","type":"image\/jpeg"}],"author":"Amat Immobiliaris","twitter_card":"summary_large_image","twitter_creator":"@amat_cat","twitter_site":"@amat_cat","twitter_misc":{"Escrit per":"Amat Immobiliaris","Temps estimat de lectura":"3 minuts"},"schema":{"@context":"https:\/\/schema.org","@graph":[{"@type":"Article","@id":"https:\/\/www.amatimmobiliaris.com\/w\/ca\/2017\/01\/home-staging-versus-decoracio\/#article","isPartOf":{"@id":"https:\/\/www.amatimmobiliaris.com\/w\/ca\/2017\/01\/home-staging-versus-decoracio\/"},"author":{"name":"Amat Immobiliaris","@id":"https:\/\/www.amatimmobiliaris.com\/w\/#\/schema\/person\/c880da71d1e156e7ea6774ffb445e034"},"headline":"Home staging versus decoraci\u00f3","datePublished":"2017-01-23T09:01:12+00:00","dateModified":"2023-04-27T13:31:39+00:00","mainEntityOfPage":{"@id":"https:\/\/www.amatimmobiliaris.com\/w\/ca\/2017\/01\/home-staging-versus-decoracio\/"},"wordCount":586,"publisher":{"@id":"https:\/\/www.amatimmobiliaris.com\/w\/#organization"},"image":{"@id":"https:\/\/www.amatimmobiliaris.com\/w\/ca\/2017\/01\/home-staging-versus-decoracio\/#primaryimage"},"thumbnailUrl":"https:\/\/www.amatimmobiliaris.com\/w\/wp-content\/uploads\/2022\/01\/exotico.jpg","articleSection":["Arquitectura y decoraci\u00f3n"],"inLanguage":"ca"},{"@type":"WebPage","@id":"https:\/\/www.amatimmobiliaris.com\/w\/ca\/2017\/01\/home-staging-versus-decoracio\/","url":"https:\/\/www.amatimmobiliaris.com\/w\/ca\/2017\/01\/home-staging-versus-decoracio\/","name":"Home staging versus decoraci\u00f3 | Amat Immobiliaris","isPartOf":{"@id":"https:\/\/www.amatimmobiliaris.com\/w\/#website"},"primaryImageOfPage":{"@id":"https:\/\/www.amatimmobiliaris.com\/w\/ca\/2017\/01\/home-staging-versus-decoracio\/#primaryimage"},"image":{"@id":"https:\/\/www.amatimmobiliaris.com\/w\/ca\/2017\/01\/home-staging-versus-decoracio\/#primaryimage"},"thumbnailUrl":"https:\/\/www.amatimmobiliaris.com\/w\/wp-content\/uploads\/2022\/01\/exotico.jpg","datePublished":"2017-01-23T09:01:12+00:00","dateModified":"2023-04-27T13:31:39+00:00","breadcrumb":{"@id":"https:\/\/www.amatimmobiliaris.com\/w\/ca\/2017\/01\/home-staging-versus-decoracio\/#breadcrumb"},"inLanguage":"ca","potentialAction":[{"@type":"ReadAction","target":["https:\/\/www.amatimmobiliaris.com\/w\/ca\/2017\/01\/home-staging-versus-decoracio\/"]}]},{"@type":"ImageObject","inLanguage":"ca","@id":"https:\/\/www.amatimmobiliaris.com\/w\/ca\/2017\/01\/home-staging-versus-decoracio\/#primaryimage","url":"https:\/\/www.amatimmobiliaris.com\/w\/wp-content\/uploads\/2022\/01\/exotico.jpg","contentUrl":"https:\/\/www.amatimmobiliaris.com\/w\/wp-content\/uploads\/2022\/01\/exotico.jpg","width":735,"height":735},{"@type":"BreadcrumbList","@id":"https:\/\/www.amatimmobiliaris.com\/w\/ca\/2017\/01\/home-staging-versus-decoracio\/#breadcrumb","itemListElement":[{"@type":"ListItem","position":1,"name":"Home","item":"https:\/\/www.amatimmobiliaris.com\/w\/ca\/"},{"@type":"ListItem","position":2,"name":"Arquitectura y decoraci\u00f3n","item":"https:\/\/www.amatimmobiliaris.com\/w\/category\/arquitectura-y-decoracion\/"},{"@type":"ListItem","position":3,"name":"Home staging versus decoraci\u00f3"}]},{"@type":"WebSite","@id":"https:\/\/www.amatimmobiliaris.com\/w\/#website","url":"https:\/\/www.amatimmobiliaris.com\/w\/","name":"Amat Immobiliaris","description":"Empresa familiar del sector inmobiliario con oficinas en Barcelona, Sant Cugat del Vall\u00e9s y Sant Just Desvern. Te ayudamos a comprar, alquilar o vender tu casa o piso. Somos un equipo coherente con una cultura de empresa honesta, innovadora y eficaz. Tambi\u00e9n en www.amatluxury.com","publisher":{"@id":"https:\/\/www.amatimmobiliaris.com\/w\/#organization"},"alternateName":"AmatImmo","potentialAction":[{"@type":"SearchAction","target":{"@type":"EntryPoint","urlTemplate":"https:\/\/www.amatimmobiliaris.com\/w\/?s={search_term_string}"},"query-input":{"@type":"PropertyValueSpecification","valueRequired":true,"valueName":"search_term_string"}}],"inLanguage":"ca"},{"@type":"Organization","@id":"https:\/\/www.amatimmobiliaris.com\/w\/#organization","name":"Amat Immobiliaris","url":"https:\/\/www.amatimmobiliaris.com\/w\/","logo":{"@type":"ImageObject","inLanguage":"ca","@id":"https:\/\/www.amatimmobiliaris.com\/w\/#\/schema\/logo\/image\/","url":"https:\/\/www.amatimmobiliaris.com\/w\/wp-content\/uploads\/2022\/10\/amat-logo.jpg","contentUrl":"https:\/\/www.amatimmobiliaris.com\/w\/wp-content\/uploads\/2022\/10\/amat-logo.jpg","width":900,"height":900,"caption":"Amat Immobiliaris"},"image":{"@id":"https:\/\/www.amatimmobiliaris.com\/w\/#\/schema\/logo\/image\/"},"sameAs":["https:\/\/www.facebook.com\/amatimmobiliaris","https:\/\/x.com\/amat_cat","https:\/\/www.instagram.com\/amat_immo\/","https:\/\/www.linkedin.com\/company\/amat-finques\/","https:\/\/www.youtube.com\/@amatimmobiliaris"]},{"@type":"Person","@id":"https:\/\/www.amatimmobiliaris.com\/w\/#\/schema\/person\/c880da71d1e156e7ea6774ffb445e034","name":"Amat Immobiliaris","sameAs":["http:\/\/amat-inmo-wp.localhost"]}]}},"_links":{"self":[{"href":"https:\/\/www.amatimmobiliaris.com\/w\/ca\/wp-json\/wp\/v2\/posts\/1480"}],"collection":[{"href":"https:\/\/www.amatimmobiliaris.com\/w\/ca\/wp-json\/wp\/v2\/posts"}],"about":[{"href":"https:\/\/www.amatimmobiliaris.com\/w\/ca\/wp-json\/wp\/v2\/types\/post"}],"author":[{"embeddable":true,"href":"https:\/\/www.amatimmobiliaris.com\/w\/ca\/wp-json\/wp\/v2\/users\/1"}],"replies":[{"embeddable":true,"href":"https:\/\/www.amatimmobiliaris.com\/w\/ca\/wp-json\/wp\/v2\/comments?post=1480"}],"version-history":[{"count":10,"href":"https:\/\/www.amatimmobiliaris.com\/w\/ca\/wp-json\/wp\/v2\/posts\/1480\/revisions"}],"predecessor-version":[{"id":26439,"href":"https:\/\/www.amatimmobiliaris.com\/w\/ca\/wp-json\/wp\/v2\/posts\/1480\/revisions\/26439"}],"wp:featuredmedia":[{"embeddable":true,"href":"https:\/\/www.amatimmobiliaris.com\/w\/ca\/wp-json\/wp\/v2\/media\/1481"}],"wp:attachment":[{"href":"https:\/\/www.amatimmobiliaris.com\/w\/ca\/wp-json\/wp\/v2\/media?parent=1480"}],"wp:term":[{"taxonomy":"category","embeddable":true,"href":"https:\/\/www.amatimmobiliaris.com\/w\/ca\/wp-json\/wp\/v2\/categories?post=1480"},{"taxonomy":"post_tag","embeddable":true,"href":"https:\/\/www.amatimmobiliaris.com\/w\/ca\/wp-json\/wp\/v2\/tags?post=1480"}],"curies":[{"name":"wp","href":"https:\/\/api.w.org\/{rel}","templated":true}]}}