{"id":12834,"date":"2016-02-16T12:11:43","date_gmt":"2016-02-16T12:11:43","guid":{"rendered":"http:\/\/amat-inmo-wp.localhost\/2016\/02\/16\/nomes-quedaran-els-que-saben-gestionar\/"},"modified":"2023-05-11T13:56:47","modified_gmt":"2023-05-11T13:56:47","slug":"nomes-quedaran-els-que-saben-gestionar","status":"publish","type":"post","link":"https:\/\/www.amatimmobiliaris.com\/w\/ca\/2016\/02\/nomes-quedaran-els-que-saben-gestionar\/","title":{"rendered":"&#8220;Nom\u00e9s quedaran els que saben gestionar&#8221;"},"content":{"rendered":"<p><a href=\"https:\/\/www.amatimmobiliaris.com\/w\/wp-content\/uploads\/2022\/01\/2016-02-16-Imma-i-Joana-Amat-entrevisa-ElPeriodico1-2.jpg\"><img loading=\"lazy\" decoding=\"async\" class=\"size-medium wp-image-4287 alignleft\" src=\"https:\/\/www.amatimmobiliaris.com\/w\/wp-content\/uploads\/2022\/01\/2016-02-16-Imma-i-Joana-Amat-entrevisa-ElPeriodico1-2-300x212.jpg\" alt=\"2016 02 16 Imma i Joana Amat - entrevisa ElPeriodico1\" width=\"300\" height=\"212\" \/><\/a><em>Avui, 16 de febrer, El Peri\u00f3dico de Catalunya ha publicat una entrevista realitzada a Immaculada i Joana Amat, directores d&#8217;Amat Immobiliaris. Ambdues han parlat sobre la <strong>bombolla immobili\u00e0ria, la crisi, la situaci\u00f3 actual del sector i el futur.<\/strong><\/em><\/p>\n<p style=\"text-align: justify;\">El model d&#8217;empresa ha estat clau per suportar i superar els anys de crisi que va patir el sector. Amat Immobiliaris no nom\u00e9s se centra en la vessant comercial per vendre i llogar pisos, sin\u00f3 que la gesti\u00f3 patrimonial, la consultoria i la inversi\u00f3 han estat molt importants per poder seguir avui dia amb el mateix negoci. Elles mateixes consideren aquesta part com el &#8220;R+D d&#8217;Amat&#8221;.<\/p>\n<blockquote>\n<h4 style=\"text-align: center;\">Com es resisteix tants anys de transici\u00f3?<\/h4>\n<\/blockquote>\n<p style=\"text-align: center;\">Anticipant-se al que es veia venir. Nosaltres vam perdre fins un 80% de les vendes.<\/p>\n<p style=\"text-align: left;\">La Joana i la Immaculada afirmen que &#8220;els joves tendeixen m\u00e9s al lloguer i s\u00f3n els sous els que acaben fixant els preus dels pisos&#8221;.<\/p>\n<blockquote>\n<h4 style=\"text-align: left;\">&#8220;Podem estar davant d&#8217;una nova bombolla?&#8221;, els hi pregunten.<\/h4>\n<p style=\"text-align: center;\">&#8220;Tot dep\u00e8n dels sous. Si els sous no pugen, dif\u00edcilment pujaran els preus dels pisos.[&#8230;] Els joves tendeixen m\u00e9s al lloguer. [&#8230;]\u00c9s una tend\u00e8ncia nova que haurem de tenir en compte&#8221;.<\/p>\n<\/blockquote>\n<p style=\"text-align: left;\">Per llegir l&#8217;entrevista sencera, <span style=\"color: #ff0000;\"><a style=\"color: #ff0000;\" href=\"http:\/\/ow.ly\/d\/4nny\" class=\"broken_link\" rel=\"nofollow\">aqu\u00ed<\/a><\/span>. Tamb\u00e9 hi ha disponible el v\u00eddeo, <span style=\"color: #ff0000;\">aqu\u00ed<\/span>.<\/p>\n<p>&nbsp;<\/p>\n","protected":false},"excerpt":{"rendered":"<p>Avui, 16 de febrer, El Peri\u00f3dico de Catalunya ha publicat una entrevista realitzada a Immaculada i Joana Amat, directores d&#8217;Amat Immobiliaris. Ambdues han parlat sobre la bombolla immobili\u00e0ria, la crisi, la situaci\u00f3 actual del sector i el futur. El model d&#8217;empresa ha estat clau per suportar i superar els anys de crisi que va patir [&hellip;]<\/p>\n","protected":false},"author":1,"featured_media":12835,"comment_status":"closed","ping_status":"open","sticky":false,"template":"","format":"standard","meta":{"content-type":"","footnotes":""},"categories":[889],"tags":[1688,342,674,89],"yoast_head":"<!-- This site is optimized with the Yoast SEO plugin v23.9 - https:\/\/yoast.com\/wordpress\/plugins\/seo\/ -->\n<title>&quot;Nom\u00e9s quedaran els que saben gestionar&quot; | Amat Immobiliaris<\/title>\n<meta name=\"robots\" content=\"index, follow, max-snippet:-1, max-image-preview:large, max-video-preview:-1\" \/>\n<link rel=\"canonical\" href=\"https:\/\/www.amatimmobiliaris.com\/w\/ca\/2016\/02\/nomes-quedaran-els-que-saben-gestionar\/\" \/>\n<meta property=\"og:locale\" content=\"ca_ES\" \/>\n<meta property=\"og:type\" content=\"article\" \/>\n<meta property=\"og:title\" content=\"&quot;Nom\u00e9s quedaran els que saben gestionar&quot; | Amat Immobiliaris\" \/>\n<meta property=\"og:description\" content=\"Avui, 16 de febrer, El Peri\u00f3dico de Catalunya ha publicat una entrevista realitzada a Immaculada i Joana Amat, directores d&#8217;Amat Immobiliaris. Ambdues han parlat sobre la bombolla immobili\u00e0ria, la crisi, la situaci\u00f3 actual del sector i el futur. El model d&#8217;empresa ha estat clau per suportar i superar els anys de crisi que va patir [&hellip;]\" \/>\n<meta property=\"og:url\" content=\"https:\/\/www.amatimmobiliaris.com\/w\/ca\/2016\/02\/nomes-quedaran-els-que-saben-gestionar\/\" \/>\n<meta property=\"og:site_name\" content=\"Amat Immobiliaris\" \/>\n<meta property=\"article:publisher\" content=\"https:\/\/www.facebook.com\/amatimmobiliaris\" \/>\n<meta property=\"article:published_time\" content=\"2016-02-16T12:11:43+00:00\" \/>\n<meta property=\"article:modified_time\" content=\"2023-05-11T13:56:47+00:00\" \/>\n<meta property=\"og:image\" content=\"https:\/\/www.amatimmobiliaris.com\/w\/wp-content\/uploads\/2022\/01\/2016-02-16-Imma-i-Joana-Amat-entrevisa-ElPeriodico1-2.jpg\" \/>\n\t<meta property=\"og:image:width\" content=\"496\" \/>\n\t<meta property=\"og:image:height\" content=\"351\" \/>\n\t<meta property=\"og:image:type\" content=\"image\/jpeg\" \/>\n<meta name=\"author\" content=\"Amat Immobiliaris\" \/>\n<meta name=\"twitter:card\" content=\"summary_large_image\" \/>\n<meta name=\"twitter:creator\" content=\"@amat_cat\" \/>\n<meta name=\"twitter:site\" content=\"@amat_cat\" \/>\n<meta name=\"twitter:label1\" content=\"Escrit per\" \/>\n\t<meta name=\"twitter:data1\" content=\"Amat Immobiliaris\" \/>\n\t<meta name=\"twitter:label2\" content=\"Temps estimat de lectura\" \/>\n\t<meta name=\"twitter:data2\" content=\"1 minut\" \/>\n<script type=\"application\/ld+json\" class=\"yoast-schema-graph\">{\"@context\":\"https:\/\/schema.org\",\"@graph\":[{\"@type\":\"Article\",\"@id\":\"https:\/\/www.amatimmobiliaris.com\/w\/ca\/2016\/02\/nomes-quedaran-els-que-saben-gestionar\/#article\",\"isPartOf\":{\"@id\":\"https:\/\/www.amatimmobiliaris.com\/w\/ca\/2016\/02\/nomes-quedaran-els-que-saben-gestionar\/\"},\"author\":{\"name\":\"Amat Immobiliaris\",\"@id\":\"https:\/\/www.amatimmobiliaris.com\/w\/#\/schema\/person\/c880da71d1e156e7ea6774ffb445e034\"},\"headline\":\"&#8220;Nom\u00e9s quedaran els que saben gestionar&#8221;\",\"datePublished\":\"2016-02-16T12:11:43+00:00\",\"dateModified\":\"2023-05-11T13:56:47+00:00\",\"mainEntityOfPage\":{\"@id\":\"https:\/\/www.amatimmobiliaris.com\/w\/ca\/2016\/02\/nomes-quedaran-els-que-saben-gestionar\/\"},\"wordCount\":220,\"publisher\":{\"@id\":\"https:\/\/www.amatimmobiliaris.com\/w\/#organization\"},\"image\":{\"@id\":\"https:\/\/www.amatimmobiliaris.com\/w\/ca\/2016\/02\/nomes-quedaran-els-que-saben-gestionar\/#primaryimage\"},\"thumbnailUrl\":\"https:\/\/www.amatimmobiliaris.com\/w\/wp-content\/uploads\/2022\/01\/2016-02-16-Imma-i-Joana-Amat-entrevisa-ElPeriodico1-2.jpg\",\"keywords\":[\"Bombolla immobiliaria\",\"Immobiliaria\",\"Mercat immobiliari\",\"Sector immobiliari\"],\"articleSection\":[\"Noticias\"],\"inLanguage\":\"ca\"},{\"@type\":\"WebPage\",\"@id\":\"https:\/\/www.amatimmobiliaris.com\/w\/ca\/2016\/02\/nomes-quedaran-els-que-saben-gestionar\/\",\"url\":\"https:\/\/www.amatimmobiliaris.com\/w\/ca\/2016\/02\/nomes-quedaran-els-que-saben-gestionar\/\",\"name\":\"\\\"Nom\u00e9s quedaran els que saben gestionar\\\" | Amat Immobiliaris\",\"isPartOf\":{\"@id\":\"https:\/\/www.amatimmobiliaris.com\/w\/#website\"},\"primaryImageOfPage\":{\"@id\":\"https:\/\/www.amatimmobiliaris.com\/w\/ca\/2016\/02\/nomes-quedaran-els-que-saben-gestionar\/#primaryimage\"},\"image\":{\"@id\":\"https:\/\/www.amatimmobiliaris.com\/w\/ca\/2016\/02\/nomes-quedaran-els-que-saben-gestionar\/#primaryimage\"},\"thumbnailUrl\":\"https:\/\/www.amatimmobiliaris.com\/w\/wp-content\/uploads\/2022\/01\/2016-02-16-Imma-i-Joana-Amat-entrevisa-ElPeriodico1-2.jpg\",\"datePublished\":\"2016-02-16T12:11:43+00:00\",\"dateModified\":\"2023-05-11T13:56:47+00:00\",\"breadcrumb\":{\"@id\":\"https:\/\/www.amatimmobiliaris.com\/w\/ca\/2016\/02\/nomes-quedaran-els-que-saben-gestionar\/#breadcrumb\"},\"inLanguage\":\"ca\",\"potentialAction\":[{\"@type\":\"ReadAction\",\"target\":[\"https:\/\/www.amatimmobiliaris.com\/w\/ca\/2016\/02\/nomes-quedaran-els-que-saben-gestionar\/\"]}]},{\"@type\":\"ImageObject\",\"inLanguage\":\"ca\",\"@id\":\"https:\/\/www.amatimmobiliaris.com\/w\/ca\/2016\/02\/nomes-quedaran-els-que-saben-gestionar\/#primaryimage\",\"url\":\"https:\/\/www.amatimmobiliaris.com\/w\/wp-content\/uploads\/2022\/01\/2016-02-16-Imma-i-Joana-Amat-entrevisa-ElPeriodico1-2.jpg\",\"contentUrl\":\"https:\/\/www.amatimmobiliaris.com\/w\/wp-content\/uploads\/2022\/01\/2016-02-16-Imma-i-Joana-Amat-entrevisa-ElPeriodico1-2.jpg\",\"width\":496,\"height\":351},{\"@type\":\"BreadcrumbList\",\"@id\":\"https:\/\/www.amatimmobiliaris.com\/w\/ca\/2016\/02\/nomes-quedaran-els-que-saben-gestionar\/#breadcrumb\",\"itemListElement\":[{\"@type\":\"ListItem\",\"position\":1,\"name\":\"Home\",\"item\":\"https:\/\/www.amatimmobiliaris.com\/w\/ca\/\"},{\"@type\":\"ListItem\",\"position\":2,\"name\":\"Noticias\",\"item\":\"https:\/\/www.amatimmobiliaris.com\/w\/category\/noticias\/\"},{\"@type\":\"ListItem\",\"position\":3,\"name\":\"\u00abNom\u00e9s quedaran els que saben gestionar\u00bb\"}]},{\"@type\":\"WebSite\",\"@id\":\"https:\/\/www.amatimmobiliaris.com\/w\/#website\",\"url\":\"https:\/\/www.amatimmobiliaris.com\/w\/\",\"name\":\"Amat Immobiliaris\",\"description\":\"Empresa familiar del sector inmobiliario con oficinas en Barcelona, Sant Cugat del Vall\u00e9s y Sant Just Desvern. Te ayudamos a comprar, alquilar o vender tu casa o piso. Somos un equipo coherente con una cultura de empresa honesta, innovadora y eficaz. Tambi\u00e9n en www.amatluxury.com\",\"publisher\":{\"@id\":\"https:\/\/www.amatimmobiliaris.com\/w\/#organization\"},\"alternateName\":\"AmatImmo\",\"potentialAction\":[{\"@type\":\"SearchAction\",\"target\":{\"@type\":\"EntryPoint\",\"urlTemplate\":\"https:\/\/www.amatimmobiliaris.com\/w\/?s={search_term_string}\"},\"query-input\":{\"@type\":\"PropertyValueSpecification\",\"valueRequired\":true,\"valueName\":\"search_term_string\"}}],\"inLanguage\":\"ca\"},{\"@type\":\"Organization\",\"@id\":\"https:\/\/www.amatimmobiliaris.com\/w\/#organization\",\"name\":\"Amat Immobiliaris\",\"url\":\"https:\/\/www.amatimmobiliaris.com\/w\/\",\"logo\":{\"@type\":\"ImageObject\",\"inLanguage\":\"ca\",\"@id\":\"https:\/\/www.amatimmobiliaris.com\/w\/#\/schema\/logo\/image\/\",\"url\":\"https:\/\/www.amatimmobiliaris.com\/w\/wp-content\/uploads\/2022\/10\/amat-logo.jpg\",\"contentUrl\":\"https:\/\/www.amatimmobiliaris.com\/w\/wp-content\/uploads\/2022\/10\/amat-logo.jpg\",\"width\":900,\"height\":900,\"caption\":\"Amat Immobiliaris\"},\"image\":{\"@id\":\"https:\/\/www.amatimmobiliaris.com\/w\/#\/schema\/logo\/image\/\"},\"sameAs\":[\"https:\/\/www.facebook.com\/amatimmobiliaris\",\"https:\/\/x.com\/amat_cat\",\"https:\/\/www.instagram.com\/amat_immo\/\",\"https:\/\/www.linkedin.com\/company\/amat-finques\/\",\"https:\/\/www.youtube.com\/@amatimmobiliaris\"]},{\"@type\":\"Person\",\"@id\":\"https:\/\/www.amatimmobiliaris.com\/w\/#\/schema\/person\/c880da71d1e156e7ea6774ffb445e034\",\"name\":\"Amat Immobiliaris\",\"sameAs\":[\"http:\/\/amat-inmo-wp.localhost\"]}]}<\/script>\n<!-- \/ Yoast SEO plugin. -->","yoast_head_json":{"title":"\"Nom\u00e9s quedaran els que saben gestionar\" | Amat Immobiliaris","robots":{"index":"index","follow":"follow","max-snippet":"max-snippet:-1","max-image-preview":"max-image-preview:large","max-video-preview":"max-video-preview:-1"},"canonical":"https:\/\/www.amatimmobiliaris.com\/w\/ca\/2016\/02\/nomes-quedaran-els-que-saben-gestionar\/","og_locale":"ca_ES","og_type":"article","og_title":"\"Nom\u00e9s quedaran els que saben gestionar\" | Amat Immobiliaris","og_description":"Avui, 16 de febrer, El Peri\u00f3dico de Catalunya ha publicat una entrevista realitzada a Immaculada i Joana Amat, directores d&#8217;Amat Immobiliaris. Ambdues han parlat sobre la bombolla immobili\u00e0ria, la crisi, la situaci\u00f3 actual del sector i el futur. El model d&#8217;empresa ha estat clau per suportar i superar els anys de crisi que va patir [&hellip;]","og_url":"https:\/\/www.amatimmobiliaris.com\/w\/ca\/2016\/02\/nomes-quedaran-els-que-saben-gestionar\/","og_site_name":"Amat Immobiliaris","article_publisher":"https:\/\/www.facebook.com\/amatimmobiliaris","article_published_time":"2016-02-16T12:11:43+00:00","article_modified_time":"2023-05-11T13:56:47+00:00","og_image":[{"width":496,"height":351,"url":"https:\/\/www.amatimmobiliaris.com\/w\/wp-content\/uploads\/2022\/01\/2016-02-16-Imma-i-Joana-Amat-entrevisa-ElPeriodico1-2.jpg","type":"image\/jpeg"}],"author":"Amat Immobiliaris","twitter_card":"summary_large_image","twitter_creator":"@amat_cat","twitter_site":"@amat_cat","twitter_misc":{"Escrit per":"Amat Immobiliaris","Temps estimat de lectura":"1 minut"},"schema":{"@context":"https:\/\/schema.org","@graph":[{"@type":"Article","@id":"https:\/\/www.amatimmobiliaris.com\/w\/ca\/2016\/02\/nomes-quedaran-els-que-saben-gestionar\/#article","isPartOf":{"@id":"https:\/\/www.amatimmobiliaris.com\/w\/ca\/2016\/02\/nomes-quedaran-els-que-saben-gestionar\/"},"author":{"name":"Amat Immobiliaris","@id":"https:\/\/www.amatimmobiliaris.com\/w\/#\/schema\/person\/c880da71d1e156e7ea6774ffb445e034"},"headline":"&#8220;Nom\u00e9s quedaran els que saben gestionar&#8221;","datePublished":"2016-02-16T12:11:43+00:00","dateModified":"2023-05-11T13:56:47+00:00","mainEntityOfPage":{"@id":"https:\/\/www.amatimmobiliaris.com\/w\/ca\/2016\/02\/nomes-quedaran-els-que-saben-gestionar\/"},"wordCount":220,"publisher":{"@id":"https:\/\/www.amatimmobiliaris.com\/w\/#organization"},"image":{"@id":"https:\/\/www.amatimmobiliaris.com\/w\/ca\/2016\/02\/nomes-quedaran-els-que-saben-gestionar\/#primaryimage"},"thumbnailUrl":"https:\/\/www.amatimmobiliaris.com\/w\/wp-content\/uploads\/2022\/01\/2016-02-16-Imma-i-Joana-Amat-entrevisa-ElPeriodico1-2.jpg","keywords":["Bombolla immobiliaria","Immobiliaria","Mercat immobiliari","Sector immobiliari"],"articleSection":["Noticias"],"inLanguage":"ca"},{"@type":"WebPage","@id":"https:\/\/www.amatimmobiliaris.com\/w\/ca\/2016\/02\/nomes-quedaran-els-que-saben-gestionar\/","url":"https:\/\/www.amatimmobiliaris.com\/w\/ca\/2016\/02\/nomes-quedaran-els-que-saben-gestionar\/","name":"\"Nom\u00e9s quedaran els que saben gestionar\" | Amat Immobiliaris","isPartOf":{"@id":"https:\/\/www.amatimmobiliaris.com\/w\/#website"},"primaryImageOfPage":{"@id":"https:\/\/www.amatimmobiliaris.com\/w\/ca\/2016\/02\/nomes-quedaran-els-que-saben-gestionar\/#primaryimage"},"image":{"@id":"https:\/\/www.amatimmobiliaris.com\/w\/ca\/2016\/02\/nomes-quedaran-els-que-saben-gestionar\/#primaryimage"},"thumbnailUrl":"https:\/\/www.amatimmobiliaris.com\/w\/wp-content\/uploads\/2022\/01\/2016-02-16-Imma-i-Joana-Amat-entrevisa-ElPeriodico1-2.jpg","datePublished":"2016-02-16T12:11:43+00:00","dateModified":"2023-05-11T13:56:47+00:00","breadcrumb":{"@id":"https:\/\/www.amatimmobiliaris.com\/w\/ca\/2016\/02\/nomes-quedaran-els-que-saben-gestionar\/#breadcrumb"},"inLanguage":"ca","potentialAction":[{"@type":"ReadAction","target":["https:\/\/www.amatimmobiliaris.com\/w\/ca\/2016\/02\/nomes-quedaran-els-que-saben-gestionar\/"]}]},{"@type":"ImageObject","inLanguage":"ca","@id":"https:\/\/www.amatimmobiliaris.com\/w\/ca\/2016\/02\/nomes-quedaran-els-que-saben-gestionar\/#primaryimage","url":"https:\/\/www.amatimmobiliaris.com\/w\/wp-content\/uploads\/2022\/01\/2016-02-16-Imma-i-Joana-Amat-entrevisa-ElPeriodico1-2.jpg","contentUrl":"https:\/\/www.amatimmobiliaris.com\/w\/wp-content\/uploads\/2022\/01\/2016-02-16-Imma-i-Joana-Amat-entrevisa-ElPeriodico1-2.jpg","width":496,"height":351},{"@type":"BreadcrumbList","@id":"https:\/\/www.amatimmobiliaris.com\/w\/ca\/2016\/02\/nomes-quedaran-els-que-saben-gestionar\/#breadcrumb","itemListElement":[{"@type":"ListItem","position":1,"name":"Home","item":"https:\/\/www.amatimmobiliaris.com\/w\/ca\/"},{"@type":"ListItem","position":2,"name":"Noticias","item":"https:\/\/www.amatimmobiliaris.com\/w\/category\/noticias\/"},{"@type":"ListItem","position":3,"name":"\u00abNom\u00e9s quedaran els que saben gestionar\u00bb"}]},{"@type":"WebSite","@id":"https:\/\/www.amatimmobiliaris.com\/w\/#website","url":"https:\/\/www.amatimmobiliaris.com\/w\/","name":"Amat Immobiliaris","description":"Empresa familiar del sector inmobiliario con oficinas en Barcelona, Sant Cugat del Vall\u00e9s y Sant Just Desvern. Te ayudamos a comprar, alquilar o vender tu casa o piso. Somos un equipo coherente con una cultura de empresa honesta, innovadora y eficaz. Tambi\u00e9n en www.amatluxury.com","publisher":{"@id":"https:\/\/www.amatimmobiliaris.com\/w\/#organization"},"alternateName":"AmatImmo","potentialAction":[{"@type":"SearchAction","target":{"@type":"EntryPoint","urlTemplate":"https:\/\/www.amatimmobiliaris.com\/w\/?s={search_term_string}"},"query-input":{"@type":"PropertyValueSpecification","valueRequired":true,"valueName":"search_term_string"}}],"inLanguage":"ca"},{"@type":"Organization","@id":"https:\/\/www.amatimmobiliaris.com\/w\/#organization","name":"Amat Immobiliaris","url":"https:\/\/www.amatimmobiliaris.com\/w\/","logo":{"@type":"ImageObject","inLanguage":"ca","@id":"https:\/\/www.amatimmobiliaris.com\/w\/#\/schema\/logo\/image\/","url":"https:\/\/www.amatimmobiliaris.com\/w\/wp-content\/uploads\/2022\/10\/amat-logo.jpg","contentUrl":"https:\/\/www.amatimmobiliaris.com\/w\/wp-content\/uploads\/2022\/10\/amat-logo.jpg","width":900,"height":900,"caption":"Amat Immobiliaris"},"image":{"@id":"https:\/\/www.amatimmobiliaris.com\/w\/#\/schema\/logo\/image\/"},"sameAs":["https:\/\/www.facebook.com\/amatimmobiliaris","https:\/\/x.com\/amat_cat","https:\/\/www.instagram.com\/amat_immo\/","https:\/\/www.linkedin.com\/company\/amat-finques\/","https:\/\/www.youtube.com\/@amatimmobiliaris"]},{"@type":"Person","@id":"https:\/\/www.amatimmobiliaris.com\/w\/#\/schema\/person\/c880da71d1e156e7ea6774ffb445e034","name":"Amat Immobiliaris","sameAs":["http:\/\/amat-inmo-wp.localhost"]}]}},"_links":{"self":[{"href":"https:\/\/www.amatimmobiliaris.com\/w\/ca\/wp-json\/wp\/v2\/posts\/12834"}],"collection":[{"href":"https:\/\/www.amatimmobiliaris.com\/w\/ca\/wp-json\/wp\/v2\/posts"}],"about":[{"href":"https:\/\/www.amatimmobiliaris.com\/w\/ca\/wp-json\/wp\/v2\/types\/post"}],"author":[{"embeddable":true,"href":"https:\/\/www.amatimmobiliaris.com\/w\/ca\/wp-json\/wp\/v2\/users\/1"}],"replies":[{"embeddable":true,"href":"https:\/\/www.amatimmobiliaris.com\/w\/ca\/wp-json\/wp\/v2\/comments?post=12834"}],"version-history":[{"count":1,"href":"https:\/\/www.amatimmobiliaris.com\/w\/ca\/wp-json\/wp\/v2\/posts\/12834\/revisions"}],"predecessor-version":[{"id":23516,"href":"https:\/\/www.amatimmobiliaris.com\/w\/ca\/wp-json\/wp\/v2\/posts\/12834\/revisions\/23516"}],"wp:featuredmedia":[{"embeddable":true,"href":"https:\/\/www.amatimmobiliaris.com\/w\/ca\/wp-json\/wp\/v2\/media\/12835"}],"wp:attachment":[{"href":"https:\/\/www.amatimmobiliaris.com\/w\/ca\/wp-json\/wp\/v2\/media?parent=12834"}],"wp:term":[{"taxonomy":"category","embeddable":true,"href":"https:\/\/www.amatimmobiliaris.com\/w\/ca\/wp-json\/wp\/v2\/categories?post=12834"},{"taxonomy":"post_tag","embeddable":true,"href":"https:\/\/www.amatimmobiliaris.com\/w\/ca\/wp-json\/wp\/v2\/tags?post=12834"}],"curies":[{"name":"wp","href":"https:\/\/api.w.org\/{rel}","templated":true}]}}