{"id":12685,"date":"2016-01-19T11:57:46","date_gmt":"2016-01-19T11:57:46","guid":{"rendered":"http:\/\/amat-inmo-wp.localhost\/2016\/01\/19\/etiqueta-energetica\/"},"modified":"2023-04-27T14:56:42","modified_gmt":"2023-04-27T14:56:42","slug":"etiqueta-energetica","status":"publish","type":"post","link":"https:\/\/www.amatimmobiliaris.com\/w\/ca\/2016\/01\/etiqueta-energetica\/","title":{"rendered":"L&#8217;etiqueta energ\u00e8tica"},"content":{"rendered":"<p style=\"text-align: justify;\">Arrel de la <span style=\"color: #ff0000;\">noticia<\/span> sorgida aquesta setmana sobre les sancions imposades per la Generalitat a <strong><span style=\"color: #000000;\">42 ag\u00e8ncies immobili\u00e0ries<\/span><\/strong> per publicitar immobles sense l&#8217;etiqueta energ\u00e8tica, el diari empresarial <span style=\"color: #ff0000;\"><a style=\"color: #ff0000;\" href=\"https:\/\/www.viaempresa.cat\/\">Via Empresa<\/a><\/span> publica avui un article escrit per la Immaculada Amat sobre aquest <span style=\"color: #ff0000;\"><a style=\"color: #ff0000;\" href=\"https:\/\/web.gencat.cat\/ca\/tramits\/tramits-temes\/\">tr\u00e0mit<\/a><\/span> i la seva obligatorietat. La normativa exigeix que l\u2019<strong>etiqueta energ\u00e8tica<\/strong> sigui visible en els anuncis d\u2019habitatges i, per tant, \u00e9s un document obligatori en la compravenda o lloguer d\u2019habitatges i edificis. Actualment, nom\u00e9s el 5% dels habitatges anunciats als portals immobiliaris disposen de l&#8217;etiqueta; la resta indiquen que estan en tr\u00e0mit.<\/p>\n<p style=\"text-align: justify;\">Aquestes sancions han estat molt mal rebudes al sector per\u00f2 sembla ser l&#8217;\u00fanica mesura \u00fatil per tal d&#8217;aconseguir un toc d&#8217;atenci\u00f3 i el correcte compliment normatiu.<\/p>\n<p style=\"text-align: justify;\"><a href=\"https:\/\/www.viaempresa.cat\/\"><span style=\"color: #ff0000;\">Aqu\u00ed<\/span><\/a> podeu llegir l&#8217;article sencer.<\/p>\n<p>&nbsp;<\/p>\n","protected":false},"excerpt":{"rendered":"<p>Arrel de la noticia sorgida aquesta setmana sobre les sancions imposades per la Generalitat a 42 ag\u00e8ncies immobili\u00e0ries per publicitar immobles sense l&#8217;etiqueta energ\u00e8tica, el diari empresarial Via Empresa publica avui un article escrit per la Immaculada Amat sobre aquest tr\u00e0mit i la seva obligatorietat. La normativa exigeix que l\u2019etiqueta energ\u00e8tica sigui visible en els [&hellip;]<\/p>\n","protected":false},"author":1,"featured_media":0,"comment_status":"closed","ping_status":"closed","sticky":false,"template":"","format":"standard","meta":{"content-type":"","footnotes":""},"categories":[1166,865],"tags":[],"yoast_head":"<!-- This site is optimized with the Yoast SEO plugin v23.9 - https:\/\/yoast.com\/wordpress\/plugins\/seo\/ -->\n<title>L&#039;etiqueta energ\u00e8tica | Amat Immobiliaris<\/title>\n<meta name=\"robots\" content=\"index, follow, max-snippet:-1, max-image-preview:large, max-video-preview:-1\" \/>\n<link rel=\"canonical\" href=\"https:\/\/www.amatimmobiliaris.com\/w\/ca\/2016\/01\/etiqueta-energetica\/\" \/>\n<meta property=\"og:locale\" content=\"ca_ES\" \/>\n<meta property=\"og:type\" content=\"article\" \/>\n<meta property=\"og:title\" content=\"L&#039;etiqueta energ\u00e8tica | Amat Immobiliaris\" \/>\n<meta property=\"og:description\" content=\"Arrel de la noticia sorgida aquesta setmana sobre les sancions imposades per la Generalitat a 42 ag\u00e8ncies immobili\u00e0ries per publicitar immobles sense l&#8217;etiqueta energ\u00e8tica, el diari empresarial Via Empresa publica avui un article escrit per la Immaculada Amat sobre aquest tr\u00e0mit i la seva obligatorietat. La normativa exigeix que l\u2019etiqueta energ\u00e8tica sigui visible en els [&hellip;]\" \/>\n<meta property=\"og:url\" content=\"https:\/\/www.amatimmobiliaris.com\/w\/ca\/2016\/01\/etiqueta-energetica\/\" \/>\n<meta property=\"og:site_name\" content=\"Amat Immobiliaris\" \/>\n<meta property=\"article:publisher\" content=\"https:\/\/www.facebook.com\/amatimmobiliaris\" \/>\n<meta property=\"article:published_time\" content=\"2016-01-19T11:57:46+00:00\" \/>\n<meta property=\"article:modified_time\" content=\"2023-04-27T14:56:42+00:00\" \/>\n<meta property=\"og:image\" content=\"https:\/\/www.amatimmobiliaris.com\/w\/wp-content\/uploads\/2022\/01\/2014-Saga-familiar-Amat-dw-1-1024x683.jpg\" \/>\n\t<meta property=\"og:image:width\" content=\"1024\" \/>\n\t<meta property=\"og:image:height\" content=\"683\" \/>\n\t<meta property=\"og:image:type\" content=\"image\/jpeg\" \/>\n<meta name=\"author\" content=\"Amat Immobiliaris\" \/>\n<meta name=\"twitter:card\" content=\"summary_large_image\" \/>\n<meta name=\"twitter:creator\" content=\"@amat_cat\" \/>\n<meta name=\"twitter:site\" content=\"@amat_cat\" \/>\n<meta name=\"twitter:label1\" content=\"Escrit per\" \/>\n\t<meta name=\"twitter:data1\" content=\"Amat Immobiliaris\" \/>\n\t<meta name=\"twitter:label2\" content=\"Temps estimat de lectura\" \/>\n\t<meta name=\"twitter:data2\" content=\"1 minut\" \/>\n<script type=\"application\/ld+json\" class=\"yoast-schema-graph\">{\"@context\":\"https:\/\/schema.org\",\"@graph\":[{\"@type\":\"Article\",\"@id\":\"https:\/\/www.amatimmobiliaris.com\/w\/ca\/2016\/01\/etiqueta-energetica\/#article\",\"isPartOf\":{\"@id\":\"https:\/\/www.amatimmobiliaris.com\/w\/ca\/2016\/01\/etiqueta-energetica\/\"},\"author\":{\"name\":\"Amat Immobiliaris\",\"@id\":\"https:\/\/www.amatimmobiliaris.com\/w\/#\/schema\/person\/c880da71d1e156e7ea6774ffb445e034\"},\"headline\":\"L&#8217;etiqueta energ\u00e8tica\",\"datePublished\":\"2016-01-19T11:57:46+00:00\",\"dateModified\":\"2023-04-27T14:56:42+00:00\",\"mainEntityOfPage\":{\"@id\":\"https:\/\/www.amatimmobiliaris.com\/w\/ca\/2016\/01\/etiqueta-energetica\/\"},\"wordCount\":136,\"publisher\":{\"@id\":\"https:\/\/www.amatimmobiliaris.com\/w\/#organization\"},\"articleSection\":[\"Eficiencia energ\u00e9tica\",\"Sector Inmobiliario\"],\"inLanguage\":\"ca\"},{\"@type\":\"WebPage\",\"@id\":\"https:\/\/www.amatimmobiliaris.com\/w\/ca\/2016\/01\/etiqueta-energetica\/\",\"url\":\"https:\/\/www.amatimmobiliaris.com\/w\/ca\/2016\/01\/etiqueta-energetica\/\",\"name\":\"L'etiqueta energ\u00e8tica | Amat Immobiliaris\",\"isPartOf\":{\"@id\":\"https:\/\/www.amatimmobiliaris.com\/w\/#website\"},\"datePublished\":\"2016-01-19T11:57:46+00:00\",\"dateModified\":\"2023-04-27T14:56:42+00:00\",\"breadcrumb\":{\"@id\":\"https:\/\/www.amatimmobiliaris.com\/w\/ca\/2016\/01\/etiqueta-energetica\/#breadcrumb\"},\"inLanguage\":\"ca\",\"potentialAction\":[{\"@type\":\"ReadAction\",\"target\":[\"https:\/\/www.amatimmobiliaris.com\/w\/ca\/2016\/01\/etiqueta-energetica\/\"]}]},{\"@type\":\"BreadcrumbList\",\"@id\":\"https:\/\/www.amatimmobiliaris.com\/w\/ca\/2016\/01\/etiqueta-energetica\/#breadcrumb\",\"itemListElement\":[{\"@type\":\"ListItem\",\"position\":1,\"name\":\"Home\",\"item\":\"https:\/\/www.amatimmobiliaris.com\/w\/ca\/\"},{\"@type\":\"ListItem\",\"position\":2,\"name\":\"Noticias\",\"item\":\"https:\/\/www.amatimmobiliaris.com\/w\/category\/noticias\/\"},{\"@type\":\"ListItem\",\"position\":3,\"name\":\"Sector Inmobiliario\",\"item\":\"https:\/\/www.amatimmobiliaris.com\/w\/category\/noticias\/sector-inmobiliario\/\"},{\"@type\":\"ListItem\",\"position\":4,\"name\":\"L&#8217;etiqueta energ\u00e8tica\"}]},{\"@type\":\"WebSite\",\"@id\":\"https:\/\/www.amatimmobiliaris.com\/w\/#website\",\"url\":\"https:\/\/www.amatimmobiliaris.com\/w\/\",\"name\":\"Amat Immobiliaris\",\"description\":\"Empresa familiar del sector inmobiliario con oficinas en Barcelona, Sant Cugat del Vall\u00e9s y Sant Just Desvern. Te ayudamos a comprar, alquilar o vender tu casa o piso. Somos un equipo coherente con una cultura de empresa honesta, innovadora y eficaz. Tambi\u00e9n en www.amatluxury.com\",\"publisher\":{\"@id\":\"https:\/\/www.amatimmobiliaris.com\/w\/#organization\"},\"alternateName\":\"AmatImmo\",\"potentialAction\":[{\"@type\":\"SearchAction\",\"target\":{\"@type\":\"EntryPoint\",\"urlTemplate\":\"https:\/\/www.amatimmobiliaris.com\/w\/?s={search_term_string}\"},\"query-input\":{\"@type\":\"PropertyValueSpecification\",\"valueRequired\":true,\"valueName\":\"search_term_string\"}}],\"inLanguage\":\"ca\"},{\"@type\":\"Organization\",\"@id\":\"https:\/\/www.amatimmobiliaris.com\/w\/#organization\",\"name\":\"Amat Immobiliaris\",\"url\":\"https:\/\/www.amatimmobiliaris.com\/w\/\",\"logo\":{\"@type\":\"ImageObject\",\"inLanguage\":\"ca\",\"@id\":\"https:\/\/www.amatimmobiliaris.com\/w\/#\/schema\/logo\/image\/\",\"url\":\"https:\/\/www.amatimmobiliaris.com\/w\/wp-content\/uploads\/2022\/10\/amat-logo.jpg\",\"contentUrl\":\"https:\/\/www.amatimmobiliaris.com\/w\/wp-content\/uploads\/2022\/10\/amat-logo.jpg\",\"width\":900,\"height\":900,\"caption\":\"Amat Immobiliaris\"},\"image\":{\"@id\":\"https:\/\/www.amatimmobiliaris.com\/w\/#\/schema\/logo\/image\/\"},\"sameAs\":[\"https:\/\/www.facebook.com\/amatimmobiliaris\",\"https:\/\/x.com\/amat_cat\",\"https:\/\/www.instagram.com\/amat_immo\/\",\"https:\/\/www.linkedin.com\/company\/amat-finques\/\",\"https:\/\/www.youtube.com\/@amatimmobiliaris\"]},{\"@type\":\"Person\",\"@id\":\"https:\/\/www.amatimmobiliaris.com\/w\/#\/schema\/person\/c880da71d1e156e7ea6774ffb445e034\",\"name\":\"Amat Immobiliaris\",\"sameAs\":[\"http:\/\/amat-inmo-wp.localhost\"]}]}<\/script>\n<!-- \/ Yoast SEO plugin. -->","yoast_head_json":{"title":"L'etiqueta energ\u00e8tica | Amat Immobiliaris","robots":{"index":"index","follow":"follow","max-snippet":"max-snippet:-1","max-image-preview":"max-image-preview:large","max-video-preview":"max-video-preview:-1"},"canonical":"https:\/\/www.amatimmobiliaris.com\/w\/ca\/2016\/01\/etiqueta-energetica\/","og_locale":"ca_ES","og_type":"article","og_title":"L'etiqueta energ\u00e8tica | Amat Immobiliaris","og_description":"Arrel de la noticia sorgida aquesta setmana sobre les sancions imposades per la Generalitat a 42 ag\u00e8ncies immobili\u00e0ries per publicitar immobles sense l&#8217;etiqueta energ\u00e8tica, el diari empresarial Via Empresa publica avui un article escrit per la Immaculada Amat sobre aquest tr\u00e0mit i la seva obligatorietat. La normativa exigeix que l\u2019etiqueta energ\u00e8tica sigui visible en els [&hellip;]","og_url":"https:\/\/www.amatimmobiliaris.com\/w\/ca\/2016\/01\/etiqueta-energetica\/","og_site_name":"Amat Immobiliaris","article_publisher":"https:\/\/www.facebook.com\/amatimmobiliaris","article_published_time":"2016-01-19T11:57:46+00:00","article_modified_time":"2023-04-27T14:56:42+00:00","og_image":[{"width":1024,"height":683,"url":"https:\/\/www.amatimmobiliaris.com\/w\/wp-content\/uploads\/2022\/01\/2014-Saga-familiar-Amat-dw-1-1024x683.jpg","type":"image\/jpeg"}],"author":"Amat Immobiliaris","twitter_card":"summary_large_image","twitter_creator":"@amat_cat","twitter_site":"@amat_cat","twitter_misc":{"Escrit per":"Amat Immobiliaris","Temps estimat de lectura":"1 minut"},"schema":{"@context":"https:\/\/schema.org","@graph":[{"@type":"Article","@id":"https:\/\/www.amatimmobiliaris.com\/w\/ca\/2016\/01\/etiqueta-energetica\/#article","isPartOf":{"@id":"https:\/\/www.amatimmobiliaris.com\/w\/ca\/2016\/01\/etiqueta-energetica\/"},"author":{"name":"Amat Immobiliaris","@id":"https:\/\/www.amatimmobiliaris.com\/w\/#\/schema\/person\/c880da71d1e156e7ea6774ffb445e034"},"headline":"L&#8217;etiqueta energ\u00e8tica","datePublished":"2016-01-19T11:57:46+00:00","dateModified":"2023-04-27T14:56:42+00:00","mainEntityOfPage":{"@id":"https:\/\/www.amatimmobiliaris.com\/w\/ca\/2016\/01\/etiqueta-energetica\/"},"wordCount":136,"publisher":{"@id":"https:\/\/www.amatimmobiliaris.com\/w\/#organization"},"articleSection":["Eficiencia energ\u00e9tica","Sector Inmobiliario"],"inLanguage":"ca"},{"@type":"WebPage","@id":"https:\/\/www.amatimmobiliaris.com\/w\/ca\/2016\/01\/etiqueta-energetica\/","url":"https:\/\/www.amatimmobiliaris.com\/w\/ca\/2016\/01\/etiqueta-energetica\/","name":"L'etiqueta energ\u00e8tica | Amat Immobiliaris","isPartOf":{"@id":"https:\/\/www.amatimmobiliaris.com\/w\/#website"},"datePublished":"2016-01-19T11:57:46+00:00","dateModified":"2023-04-27T14:56:42+00:00","breadcrumb":{"@id":"https:\/\/www.amatimmobiliaris.com\/w\/ca\/2016\/01\/etiqueta-energetica\/#breadcrumb"},"inLanguage":"ca","potentialAction":[{"@type":"ReadAction","target":["https:\/\/www.amatimmobiliaris.com\/w\/ca\/2016\/01\/etiqueta-energetica\/"]}]},{"@type":"BreadcrumbList","@id":"https:\/\/www.amatimmobiliaris.com\/w\/ca\/2016\/01\/etiqueta-energetica\/#breadcrumb","itemListElement":[{"@type":"ListItem","position":1,"name":"Home","item":"https:\/\/www.amatimmobiliaris.com\/w\/ca\/"},{"@type":"ListItem","position":2,"name":"Noticias","item":"https:\/\/www.amatimmobiliaris.com\/w\/category\/noticias\/"},{"@type":"ListItem","position":3,"name":"Sector Inmobiliario","item":"https:\/\/www.amatimmobiliaris.com\/w\/category\/noticias\/sector-inmobiliario\/"},{"@type":"ListItem","position":4,"name":"L&#8217;etiqueta energ\u00e8tica"}]},{"@type":"WebSite","@id":"https:\/\/www.amatimmobiliaris.com\/w\/#website","url":"https:\/\/www.amatimmobiliaris.com\/w\/","name":"Amat Immobiliaris","description":"Empresa familiar del sector inmobiliario con oficinas en Barcelona, Sant Cugat del Vall\u00e9s y Sant Just Desvern. Te ayudamos a comprar, alquilar o vender tu casa o piso. Somos un equipo coherente con una cultura de empresa honesta, innovadora y eficaz. Tambi\u00e9n en www.amatluxury.com","publisher":{"@id":"https:\/\/www.amatimmobiliaris.com\/w\/#organization"},"alternateName":"AmatImmo","potentialAction":[{"@type":"SearchAction","target":{"@type":"EntryPoint","urlTemplate":"https:\/\/www.amatimmobiliaris.com\/w\/?s={search_term_string}"},"query-input":{"@type":"PropertyValueSpecification","valueRequired":true,"valueName":"search_term_string"}}],"inLanguage":"ca"},{"@type":"Organization","@id":"https:\/\/www.amatimmobiliaris.com\/w\/#organization","name":"Amat Immobiliaris","url":"https:\/\/www.amatimmobiliaris.com\/w\/","logo":{"@type":"ImageObject","inLanguage":"ca","@id":"https:\/\/www.amatimmobiliaris.com\/w\/#\/schema\/logo\/image\/","url":"https:\/\/www.amatimmobiliaris.com\/w\/wp-content\/uploads\/2022\/10\/amat-logo.jpg","contentUrl":"https:\/\/www.amatimmobiliaris.com\/w\/wp-content\/uploads\/2022\/10\/amat-logo.jpg","width":900,"height":900,"caption":"Amat Immobiliaris"},"image":{"@id":"https:\/\/www.amatimmobiliaris.com\/w\/#\/schema\/logo\/image\/"},"sameAs":["https:\/\/www.facebook.com\/amatimmobiliaris","https:\/\/x.com\/amat_cat","https:\/\/www.instagram.com\/amat_immo\/","https:\/\/www.linkedin.com\/company\/amat-finques\/","https:\/\/www.youtube.com\/@amatimmobiliaris"]},{"@type":"Person","@id":"https:\/\/www.amatimmobiliaris.com\/w\/#\/schema\/person\/c880da71d1e156e7ea6774ffb445e034","name":"Amat Immobiliaris","sameAs":["http:\/\/amat-inmo-wp.localhost"]}]}},"_links":{"self":[{"href":"https:\/\/www.amatimmobiliaris.com\/w\/ca\/wp-json\/wp\/v2\/posts\/12685"}],"collection":[{"href":"https:\/\/www.amatimmobiliaris.com\/w\/ca\/wp-json\/wp\/v2\/posts"}],"about":[{"href":"https:\/\/www.amatimmobiliaris.com\/w\/ca\/wp-json\/wp\/v2\/types\/post"}],"author":[{"embeddable":true,"href":"https:\/\/www.amatimmobiliaris.com\/w\/ca\/wp-json\/wp\/v2\/users\/1"}],"replies":[{"embeddable":true,"href":"https:\/\/www.amatimmobiliaris.com\/w\/ca\/wp-json\/wp\/v2\/comments?post=12685"}],"version-history":[{"count":5,"href":"https:\/\/www.amatimmobiliaris.com\/w\/ca\/wp-json\/wp\/v2\/posts\/12685\/revisions"}],"predecessor-version":[{"id":27259,"href":"https:\/\/www.amatimmobiliaris.com\/w\/ca\/wp-json\/wp\/v2\/posts\/12685\/revisions\/27259"}],"wp:attachment":[{"href":"https:\/\/www.amatimmobiliaris.com\/w\/ca\/wp-json\/wp\/v2\/media?parent=12685"}],"wp:term":[{"taxonomy":"category","embeddable":true,"href":"https:\/\/www.amatimmobiliaris.com\/w\/ca\/wp-json\/wp\/v2\/categories?post=12685"},{"taxonomy":"post_tag","embeddable":true,"href":"https:\/\/www.amatimmobiliaris.com\/w\/ca\/wp-json\/wp\/v2\/tags?post=12685"}],"curies":[{"name":"wp","href":"https:\/\/api.w.org\/{rel}","templated":true}]}}