{"id":12634,"date":"2016-02-03T09:26:16","date_gmt":"2016-02-03T09:26:16","guid":{"rendered":"http:\/\/amat-inmo-wp.localhost\/2016\/02\/03\/els-millors-edificis-del-2015\/"},"modified":"2023-04-27T14:58:08","modified_gmt":"2023-04-27T14:58:08","slug":"els-millors-edificis-del-2015","status":"publish","type":"post","link":"https:\/\/www.amatimmobiliaris.com\/w\/ca\/2016\/02\/els-millors-edificis-del-2015\/","title":{"rendered":"Aquests s\u00f3n els millors edificis del 2015"},"content":{"rendered":"<p style=\"text-align: justify;\">Cada any t\u00e9 lloc a diferents parts del m\u00f3n el Festival Mundial d&#8217;Arquitectura o, el que \u00e9s el mateix, el <a href=\"https:\/\/www.worldarchitecturefestival.com\/waf2023\/en\/page\/home\">WAF<\/a>, per les seves sigles en angl\u00e8s. El World Architecture Festival \u00e9s l&#8217;esdeveniment internacional d&#8217;arquitectura m\u00e9s important del m\u00f3n. Inclou el programa de premis d&#8217;arquitectura m\u00e9s gran dedicat a celebrar l&#8217;excel\u00b7l\u00e8ncia a trav\u00e9s de les deliberacions de jurats internacionals.\u00a0 El WAF est\u00e0 reconegut com l&#8217;\u00d2scar de l&#8217;arquitectura.<\/p>\n<p style=\"text-align: justify;\">Els guanyadors d&#8217;aquest any inclouen una aldea vertical, un edifici helico\u00efdal i un parc resistent a inundacions, entre d&#8217;altres. Enguany s&#8217;ha celebrat a l&#8217;hotel de luxe Marina Bay Sands, a Singapur.<\/p>\n<p><strong>Premi Mundial a l&#8217;edifici de l&#8217;any 2015<\/strong><\/p>\n<p style=\"text-align: justify;\"><em>&#8220;The Interlace&#8221; <\/em>Conjunt residencial\u00a0 dissenyat per l&#8217;estudi OMA i <a href=\"https:\/\/buro-os.com\/\">Buro Ole Scheere<\/a> entre 2007 i 2013. Es tracta d&#8217;un espai residencial de 1.040 apartaments a la ciutat de Singapur.\u00a0 Els habitatges estan agrupadts en una disposici\u00f3 entrella\u00e7ada poc habitual: 31 blocs de sis plantes, apilats formant conjunts hexagonals, i articulats al voltant de vuit patis. Envoltada de zones verdes i d&#8217;oci, el &#8216;poble vertical&#8217; de 170.000 metres quadrats presenta volums escalonats, connectats horitzontalment, que generen una geometria irregular en un terreny amb m\u00e9s de vuit hect\u00e0rees.<\/p>\n<p><a href=\"https:\/\/www.amatimmobiliaris.com\/w\/wp-content\/uploads\/2022\/01\/interlace-1.jpg\"><img loading=\"lazy\" decoding=\"async\" class=\"alignnone wp-image-4045 size-large\" src=\"https:\/\/www.amatimmobiliaris.com\/w\/wp-content\/uploads\/2022\/01\/interlace-1-1024x731.jpg\" alt=\"interlace\" width=\"1024\" height=\"731\" \/><\/a><\/p>\n<p><a href=\"https:\/\/www.amatimmobiliaris.com\/w\/wp-content\/uploads\/2022\/01\/02-the-interlace-1.jpg\"><img loading=\"lazy\" decoding=\"async\" class=\"alignnone wp-image-4046 size-large\" src=\"https:\/\/www.amatimmobiliaris.com\/w\/wp-content\/uploads\/2022\/01\/02-the-interlace-1-1024x682.jpg\" alt=\"02-the-interlace\" width=\"1024\" height=\"682\" \/><\/a><\/p>\n<p>&nbsp;<\/p>\n<p><strong>Premi Millor Projecte de Futur<\/strong><\/p>\n<p><em>&#8220;Vancouver House&#8221;. <\/em>A c\u00e0rrec de\u00a0<span class=\"media-caption__text\"><a href=\"https:\/\/studio44.ru\/en\/projects\/\">BIG Bjarke Ingells Group<\/a><\/span> i estar\u00e0 llest al 2018. <span class=\"media-caption__text\">La torre far\u00e0 m\u00e9s de 150 metres d&#8217;altura. L&#8217;edifici ser\u00e0 un bloc residencial de 41 apartaments, just al costat de l&#8217;autopista. El seu disseny evita que cap finestra o balc\u00f3 donin de cara a aquesta via.<\/span><\/p>\n<p>Els 9 primers pisos de la torre seran destinats a botigues, restaurants i oficines, i ser\u00e0 possible disposar de places p\u00fabliques just a la part inferior de l&#8217;autopista, gr\u00e0cies a l&#8217;elevaci\u00f3 de l&#8217;edifici.<\/p>\n<p><a href=\"https:\/\/www.amatimmobiliaris.com\/w\/wp-content\/uploads\/2022\/01\/Vancouver-House-by-BIG_dezeen_936_0-1.jpg\"><img loading=\"lazy\" decoding=\"async\" class=\"wp-image-4048 size-large aligncenter\" src=\"https:\/\/www.amatimmobiliaris.com\/w\/wp-content\/uploads\/2022\/01\/Vancouver-House-by-BIG_dezeen_936_0-1-820x1024.jpg\" alt=\"Vancouver-House-by-BIG_dezeen_936_0\" width=\"820\" height=\"1024\" \/><\/a><\/p>\n<p><strong>Premi categoria millor escola<\/strong><\/p>\n<p>A San Petersburg, Rusia, es troba aquesta escola de ballet, projectada per <a href=\"https:\/\/www.studio44.ru\/en\/projects\/\">Studio 44<\/a>, guanyadors del millor disseny a la categoria Escoles. La <span class=\"media-caption__text\">Boris Eifman Dance Academy<\/span> destaca per la seva lluminositat ja que est\u00e0 constru\u00efda amb vidre transl\u00facid.<\/p>\n<p><a href=\"https:\/\/www.amatimmobiliaris.com\/w\/wp-content\/uploads\/2022\/01\/boris2-1.jpg\"><img loading=\"lazy\" decoding=\"async\" class=\"aligncenter wp-image-4130 size-full\" src=\"https:\/\/www.amatimmobiliaris.com\/w\/wp-content\/uploads\/2022\/01\/boris2-1.jpg\" alt=\"boris2\" width=\"650\" height=\"973\" \/><\/a><\/p>\n<p style=\"text-align: center;\"><a href=\"https:\/\/www.amatimmobiliaris.com\/w\/wp-content\/uploads\/2022\/01\/Boris-Eifman-Dance-Academy1-1.jpg\"><img loading=\"lazy\" decoding=\"async\" class=\"aligncenter wp-image-4131 \" src=\"https:\/\/www.amatimmobiliaris.com\/w\/wp-content\/uploads\/2022\/01\/Boris-Eifman-Dance-Academy1-1.jpg\" alt=\"Boris Eifman Dance Academy1\" width=\"654\" height=\"436\" \/><\/a><a href=\"https:\/\/studio44.ru\/en\/projects\/\">Font<\/a><\/p>\n<p>&nbsp;<\/p>\n<p><strong>Premi Millor Presentaci\u00f3<\/strong><\/p>\n<p><span class=\"media-caption__text\">Aquest primer premi va ser atorgat al Pavell\u00f3 Brasil\u00e9 creat pels arquitectes <a href=\"https:\/\/www.arthurcasas.com\/\">Arthur Casas<\/a> i <a href=\"https:\/\/markobrajovic.com\/en\">Marko Brajovic<\/a> per l&#8217;Expo de Mil\u00e0 2015. \u00c9s un lloc p\u00fablic on es promou la nutrici\u00f3 i l&#8217;agricultura.<br \/>\n<\/span><\/p>\n<p style=\"text-align: center;\"><a href=\"https:\/\/www.amatimmobiliaris.com\/w\/wp-content\/uploads\/2022\/01\/pabellon-brasil-1-1.jpg\"><img loading=\"lazy\" decoding=\"async\" class=\"aligncenter wp-image-4129 \" src=\"https:\/\/www.amatimmobiliaris.com\/w\/wp-content\/uploads\/2022\/01\/pabellon-brasil-1-1-1024x1021.jpg\" alt=\"pabellon brasil 1\" width=\"826\" height=\"824\" \/><\/a><a href=\"https:\/\/arqa.com\/arquitectura\/brazilian-pavilion-at-expo-milan.html\">Font<\/a><\/p>\n<p style=\"text-align: center;\"><a href=\"https:\/\/www.amatimmobiliaris.com\/w\/wp-content\/uploads\/2022\/01\/brasil-pabellon-metalocus_-1.jpg\"><img loading=\"lazy\" decoding=\"async\" class=\"aligncenter wp-image-4128 \" src=\"https:\/\/www.amatimmobiliaris.com\/w\/wp-content\/uploads\/2022\/01\/brasil-pabellon-metalocus_-1-1024x683.jpg\" alt=\"brasil pabellon - metalocus_\" width=\"824\" height=\"549\" \/><\/a><\/p>\n<p><strong>Premi categoria Religi\u00f3<\/strong><\/p>\n<p>Aquesta construcci\u00f3 a Qatar va guanyar a la categoria de Religi\u00f3. Es tracta de la Facultat d&#8217;Estudis Isl\u00e0mics, un projecte dissenyat per l&#8217;estudi <span class=\"media-caption__text\"><a href=\"https:\/\/www.myaa.eu\/\">Mangera Yvars Architects<\/a><\/span>. Ocupa 35 mil m2 i est\u00e0 envoltat per 4 jardins.<\/p>\n<p style=\"text-align: center;\"><a href=\"https:\/\/www.amatimmobiliaris.com\/w\/wp-content\/uploads\/2022\/01\/qatar-facultat-1.jpg\"><img loading=\"lazy\" decoding=\"async\" class=\"aligncenter wp-image-4127 \" src=\"https:\/\/www.amatimmobiliaris.com\/w\/wp-content\/uploads\/2022\/01\/qatar-facultat-1-1024x576.jpg\" alt=\"qatar facultat\" width=\"845\" height=\"475\" \/><\/a><a href=\"https:\/\/cementarium.tumblr.com\/\">Font<\/a><\/p>\n<p style=\"text-align: center;\"><a href=\"https:\/\/www.amatimmobiliaris.com\/w\/wp-content\/uploads\/2022\/01\/qatar-facultat-2-1.jpg\"><img loading=\"lazy\" decoding=\"async\" class=\"aligncenter wp-image-4126 \" src=\"https:\/\/www.amatimmobiliaris.com\/w\/wp-content\/uploads\/2022\/01\/qatar-facultat-2-1.jpg\" alt=\"qatar facultat 2\" width=\"848\" height=\"511\" \/><\/a><a href=\"https:\/\/cementarium.tumblr.com\/\">Font<\/a><\/p>\n<p>&nbsp;<\/p>\n<p><strong>Premi categoria Esports<\/strong><\/p>\n<p>Aquest \u00e9s l&#8217;estadi de futbol San Mam\u00e9s, a Bilbao. T\u00e9 una capacitat per 53 mil persones i va ser dissenyat per <a href=\"https:\/\/www.idom.com\/media\/\">ACXT-IDOM <\/a>amb motiu de l&#8217;Eurocopa 2020.<\/p>\n<p style=\"text-align: center;\"><a href=\"https:\/\/www.amatimmobiliaris.com\/w\/wp-content\/uploads\/2022\/01\/estadi-2-1.jpg\"><img loading=\"lazy\" decoding=\"async\" class=\"aligncenter wp-image-4125 \" src=\"https:\/\/www.amatimmobiliaris.com\/w\/wp-content\/uploads\/2022\/01\/estadi-2-1.jpg\" alt=\"estadi 2\" width=\"854\" height=\"480\" \/><\/a><a href=\"https:\/\/penya-barcelona-japan.com\/\" class=\"broken_link\" rel=\"nofollow\">Font<\/a><\/p>\n<p><strong>Premi categoria Compres<\/strong><\/p>\n<p>La Xina alberga el Premi al millor edifici en la categoria de Compres al 2015. El centre comercial S<span class=\"media-caption__text\">ino-Ocean Taikoo Li es troba a\u00a0 Chengdu <\/span>i va ser dissenyat per l&#8217;estudi <span class=\"media-caption__text\">T<a href=\"https:\/\/www.ovalpartnership.com\/#\/people\/8\">he Oval Partnership Architects<\/a><\/span>, mentre <span class=\"media-caption__text\">Urbanists and Designers<\/span> es va fer c\u00e0rrec del projecte.<\/p>\n<p style=\"text-align: center;\"><a href=\"https:\/\/www.amatimmobiliaris.com\/w\/wp-content\/uploads\/2022\/01\/centre-comercial-1.jpg\"><img loading=\"lazy\" decoding=\"async\" class=\"aligncenter wp-image-4124 \" src=\"https:\/\/www.amatimmobiliaris.com\/w\/wp-content\/uploads\/2022\/01\/centre-comercial-1.jpg\" alt=\"centre comercial\" width=\"863\" height=\"387\" \/><\/a><a href=\"https:\/\/www.pinterest.es\/pin\/514677063643016374\/\">Font<\/a><\/p>\n<p style=\"text-align: center;\"><a href=\"https:\/\/www.amatimmobiliaris.com\/w\/wp-content\/uploads\/2022\/01\/centre-comercial-2-1.jpg\"><img loading=\"lazy\" decoding=\"async\" class=\"aligncenter wp-image-4123 \" src=\"https:\/\/www.amatimmobiliaris.com\/w\/wp-content\/uploads\/2022\/01\/centre-comercial-2-1.jpg\" alt=\"centre comercial 2\" width=\"856\" height=\"856\" \/><\/a><a href=\"https:\/\/www.pinterest.es\/pin\/514677063643016374\/\">Font<\/a><\/p>\n<p><strong>Premi Paisatge de l&#8217;any<\/strong><\/p>\n<p>Tamb\u00e9 a la Xina es troba el Premi al Paisatge de l&#8217;Any. Aquest 2015 ha anat a parar a la ciutat de Jinhua pel parc <span class=\"media-caption__text\">Yanweizhou que s&#8217;ubica a la desembocadura de tres rius amb ponts per vianants, resistents a inundacions.\u00a0 Del projecte en va ser responsable <a href=\"https:\/\/www.turenscape.com\/en\/home\/index.html\">Turenscape International<\/a>.<\/span><\/p>\n<p style=\"text-align: center;\"><a href=\"https:\/\/www.amatimmobiliaris.com\/w\/wp-content\/uploads\/2022\/01\/Yanweizhou-1.jpg\"><img loading=\"lazy\" decoding=\"async\" class=\"wp-image-4122 aligncenter\" src=\"https:\/\/www.amatimmobiliaris.com\/w\/wp-content\/uploads\/2022\/01\/Yanweizhou-1.jpg\" alt=\"Yanweizhou\" width=\"879\" height=\"517\" \/><\/a><a href=\"https:\/\/www.dezeen.com\/2015\/11\/06\/turenscape-yanweizhou-park-landscape-of-the-year-2015-award-world-architecture-festival\/\">Font<\/a><\/p>\n<p style=\"text-align: center;\"><a href=\"https:\/\/www.amatimmobiliaris.com\/w\/wp-content\/uploads\/2022\/01\/Yanweizhou-2-1.jpg\"><img loading=\"lazy\" decoding=\"async\" class=\"aligncenter wp-image-4121 \" src=\"https:\/\/www.amatimmobiliaris.com\/w\/wp-content\/uploads\/2022\/01\/Yanweizhou-2-1-1024x731.jpg\" alt=\"Yanweizhou 2\" width=\"875\" height=\"625\" \/><\/a><a href=\"https:\/\/www.dezeen.com\/2015\/11\/06\/turenscape-yanweizhou-park-landscape-of-the-year-2015-award-world-architecture-festival\/\">Font<\/a><\/p>\n<p>&nbsp;<\/p>\n<p><strong>Premi categoria Transport<\/strong><\/p>\n<p>Una estaci\u00f3 del m\u00edtic metro de Manhattan ha estat el guanyador del Premi en la categoria de Transport. Exactament l&#8217;estaci\u00f3 Fulton Center, que connecta 6 estacions m\u00e9s i 9 l\u00ednies de metro.<\/p>\n<p style=\"text-align: center;\"><a href=\"https:\/\/www.amatimmobiliaris.com\/w\/wp-content\/uploads\/2022\/01\/fulton-2-1.jpg\"><img loading=\"lazy\" decoding=\"async\" class=\"aligncenter wp-image-4120 \" src=\"https:\/\/www.amatimmobiliaris.com\/w\/wp-content\/uploads\/2022\/01\/fulton-2-1.jpg\" alt=\"fulton 2\" width=\"902\" height=\"601\" \/><\/a><a href=\"https:\/\/www.wsj.com\/articles\/photos-fulton-center-subway-station-1415638339\">Font<\/a><\/p>\n","protected":false},"excerpt":{"rendered":"<p>Cada any t\u00e9 lloc a diferents parts del m\u00f3n el Festival Mundial d&#8217;Arquitectura o, el que \u00e9s el mateix, el WAF, per les seves sigles en angl\u00e8s. El World Architecture Festival \u00e9s l&#8217;esdeveniment internacional d&#8217;arquitectura m\u00e9s important del m\u00f3n. Inclou el programa de premis d&#8217;arquitectura m\u00e9s gran dedicat a celebrar l&#8217;excel\u00b7l\u00e8ncia a trav\u00e9s de les [&hellip;]<\/p>\n","protected":false},"author":1,"featured_media":12635,"comment_status":"closed","ping_status":"closed","sticky":false,"template":"","format":"standard","meta":{"content-type":"","footnotes":""},"categories":[1151],"tags":[],"yoast_head":"<!-- This site is optimized with the Yoast SEO plugin v23.9 - https:\/\/yoast.com\/wordpress\/plugins\/seo\/ -->\n<title>Aquests s\u00f3n els millors edificis del 2015 | Amat Immobiliaris<\/title>\n<meta name=\"robots\" content=\"index, follow, max-snippet:-1, max-image-preview:large, max-video-preview:-1\" \/>\n<link rel=\"canonical\" href=\"https:\/\/www.amatimmobiliaris.com\/w\/ca\/2016\/02\/els-millors-edificis-del-2015\/\" \/>\n<meta property=\"og:locale\" content=\"ca_ES\" \/>\n<meta property=\"og:type\" content=\"article\" \/>\n<meta property=\"og:title\" content=\"Aquests s\u00f3n els millors edificis del 2015 | Amat Immobiliaris\" \/>\n<meta property=\"og:description\" content=\"Cada any t\u00e9 lloc a diferents parts del m\u00f3n el Festival Mundial d&#8217;Arquitectura o, el que \u00e9s el mateix, el WAF, per les seves sigles en angl\u00e8s. El World Architecture Festival \u00e9s l&#8217;esdeveniment internacional d&#8217;arquitectura m\u00e9s important del m\u00f3n. Inclou el programa de premis d&#8217;arquitectura m\u00e9s gran dedicat a celebrar l&#8217;excel\u00b7l\u00e8ncia a trav\u00e9s de les [&hellip;]\" \/>\n<meta property=\"og:url\" content=\"https:\/\/www.amatimmobiliaris.com\/w\/ca\/2016\/02\/els-millors-edificis-del-2015\/\" \/>\n<meta property=\"og:site_name\" content=\"Amat Immobiliaris\" \/>\n<meta property=\"article:publisher\" content=\"https:\/\/www.facebook.com\/amatimmobiliaris\" \/>\n<meta property=\"article:published_time\" content=\"2016-02-03T09:26:16+00:00\" \/>\n<meta property=\"article:modified_time\" content=\"2023-04-27T14:58:08+00:00\" \/>\n<meta property=\"og:image\" content=\"https:\/\/www.amatimmobiliaris.com\/w\/wp-content\/uploads\/2022\/01\/interlace-1.jpg\" \/>\n\t<meta property=\"og:image:width\" content=\"1568\" \/>\n\t<meta property=\"og:image:height\" content=\"1120\" \/>\n\t<meta property=\"og:image:type\" content=\"image\/jpeg\" \/>\n<meta name=\"author\" content=\"Amat Immobiliaris\" \/>\n<meta name=\"twitter:card\" content=\"summary_large_image\" \/>\n<meta name=\"twitter:creator\" content=\"@amat_cat\" \/>\n<meta name=\"twitter:site\" content=\"@amat_cat\" \/>\n<meta name=\"twitter:label1\" content=\"Escrit per\" \/>\n\t<meta name=\"twitter:data1\" content=\"Amat Immobiliaris\" \/>\n\t<meta name=\"twitter:label2\" content=\"Temps estimat de lectura\" \/>\n\t<meta name=\"twitter:data2\" content=\"6 minuts\" \/>\n<script type=\"application\/ld+json\" class=\"yoast-schema-graph\">{\"@context\":\"https:\/\/schema.org\",\"@graph\":[{\"@type\":\"Article\",\"@id\":\"https:\/\/www.amatimmobiliaris.com\/w\/ca\/2016\/02\/els-millors-edificis-del-2015\/#article\",\"isPartOf\":{\"@id\":\"https:\/\/www.amatimmobiliaris.com\/w\/ca\/2016\/02\/els-millors-edificis-del-2015\/\"},\"author\":{\"name\":\"Amat Immobiliaris\",\"@id\":\"https:\/\/www.amatimmobiliaris.com\/w\/#\/schema\/person\/c880da71d1e156e7ea6774ffb445e034\"},\"headline\":\"Aquests s\u00f3n els millors edificis del 2015\",\"datePublished\":\"2016-02-03T09:26:16+00:00\",\"dateModified\":\"2023-04-27T14:58:08+00:00\",\"mainEntityOfPage\":{\"@id\":\"https:\/\/www.amatimmobiliaris.com\/w\/ca\/2016\/02\/els-millors-edificis-del-2015\/\"},\"wordCount\":590,\"publisher\":{\"@id\":\"https:\/\/www.amatimmobiliaris.com\/w\/#organization\"},\"image\":{\"@id\":\"https:\/\/www.amatimmobiliaris.com\/w\/ca\/2016\/02\/els-millors-edificis-del-2015\/#primaryimage\"},\"thumbnailUrl\":\"https:\/\/www.amatimmobiliaris.com\/w\/wp-content\/uploads\/2022\/01\/interlace-1.jpg\",\"articleSection\":[\"Arquitectura i decoraci\u00f3\"],\"inLanguage\":\"ca\"},{\"@type\":\"WebPage\",\"@id\":\"https:\/\/www.amatimmobiliaris.com\/w\/ca\/2016\/02\/els-millors-edificis-del-2015\/\",\"url\":\"https:\/\/www.amatimmobiliaris.com\/w\/ca\/2016\/02\/els-millors-edificis-del-2015\/\",\"name\":\"Aquests s\u00f3n els millors edificis del 2015 | Amat Immobiliaris\",\"isPartOf\":{\"@id\":\"https:\/\/www.amatimmobiliaris.com\/w\/#website\"},\"primaryImageOfPage\":{\"@id\":\"https:\/\/www.amatimmobiliaris.com\/w\/ca\/2016\/02\/els-millors-edificis-del-2015\/#primaryimage\"},\"image\":{\"@id\":\"https:\/\/www.amatimmobiliaris.com\/w\/ca\/2016\/02\/els-millors-edificis-del-2015\/#primaryimage\"},\"thumbnailUrl\":\"https:\/\/www.amatimmobiliaris.com\/w\/wp-content\/uploads\/2022\/01\/interlace-1.jpg\",\"datePublished\":\"2016-02-03T09:26:16+00:00\",\"dateModified\":\"2023-04-27T14:58:08+00:00\",\"breadcrumb\":{\"@id\":\"https:\/\/www.amatimmobiliaris.com\/w\/ca\/2016\/02\/els-millors-edificis-del-2015\/#breadcrumb\"},\"inLanguage\":\"ca\",\"potentialAction\":[{\"@type\":\"ReadAction\",\"target\":[\"https:\/\/www.amatimmobiliaris.com\/w\/ca\/2016\/02\/els-millors-edificis-del-2015\/\"]}]},{\"@type\":\"ImageObject\",\"inLanguage\":\"ca\",\"@id\":\"https:\/\/www.amatimmobiliaris.com\/w\/ca\/2016\/02\/els-millors-edificis-del-2015\/#primaryimage\",\"url\":\"https:\/\/www.amatimmobiliaris.com\/w\/wp-content\/uploads\/2022\/01\/interlace-1.jpg\",\"contentUrl\":\"https:\/\/www.amatimmobiliaris.com\/w\/wp-content\/uploads\/2022\/01\/interlace-1.jpg\",\"width\":1568,\"height\":1120},{\"@type\":\"BreadcrumbList\",\"@id\":\"https:\/\/www.amatimmobiliaris.com\/w\/ca\/2016\/02\/els-millors-edificis-del-2015\/#breadcrumb\",\"itemListElement\":[{\"@type\":\"ListItem\",\"position\":1,\"name\":\"Home\",\"item\":\"https:\/\/www.amatimmobiliaris.com\/w\/ca\/\"},{\"@type\":\"ListItem\",\"position\":2,\"name\":\"Arquitectura i decoraci\u00f3\",\"item\":\"https:\/\/www.amatimmobiliaris.com\/w\/ca\/categoria-ca\/arquitectura-i-decoracio-ca\/\"},{\"@type\":\"ListItem\",\"position\":3,\"name\":\"Aquests s\u00f3n els millors edificis del 2015\"}]},{\"@type\":\"WebSite\",\"@id\":\"https:\/\/www.amatimmobiliaris.com\/w\/#website\",\"url\":\"https:\/\/www.amatimmobiliaris.com\/w\/\",\"name\":\"Amat Immobiliaris\",\"description\":\"Empresa familiar del sector inmobiliario con oficinas en Barcelona, Sant Cugat del Vall\u00e9s y Sant Just Desvern. Te ayudamos a comprar, alquilar o vender tu casa o piso. Somos un equipo coherente con una cultura de empresa honesta, innovadora y eficaz. Tambi\u00e9n en www.amatluxury.com\",\"publisher\":{\"@id\":\"https:\/\/www.amatimmobiliaris.com\/w\/#organization\"},\"alternateName\":\"AmatImmo\",\"potentialAction\":[{\"@type\":\"SearchAction\",\"target\":{\"@type\":\"EntryPoint\",\"urlTemplate\":\"https:\/\/www.amatimmobiliaris.com\/w\/?s={search_term_string}\"},\"query-input\":{\"@type\":\"PropertyValueSpecification\",\"valueRequired\":true,\"valueName\":\"search_term_string\"}}],\"inLanguage\":\"ca\"},{\"@type\":\"Organization\",\"@id\":\"https:\/\/www.amatimmobiliaris.com\/w\/#organization\",\"name\":\"Amat Immobiliaris\",\"url\":\"https:\/\/www.amatimmobiliaris.com\/w\/\",\"logo\":{\"@type\":\"ImageObject\",\"inLanguage\":\"ca\",\"@id\":\"https:\/\/www.amatimmobiliaris.com\/w\/#\/schema\/logo\/image\/\",\"url\":\"https:\/\/www.amatimmobiliaris.com\/w\/wp-content\/uploads\/2022\/10\/amat-logo.jpg\",\"contentUrl\":\"https:\/\/www.amatimmobiliaris.com\/w\/wp-content\/uploads\/2022\/10\/amat-logo.jpg\",\"width\":900,\"height\":900,\"caption\":\"Amat Immobiliaris\"},\"image\":{\"@id\":\"https:\/\/www.amatimmobiliaris.com\/w\/#\/schema\/logo\/image\/\"},\"sameAs\":[\"https:\/\/www.facebook.com\/amatimmobiliaris\",\"https:\/\/x.com\/amat_cat\",\"https:\/\/www.instagram.com\/amat_immo\/\",\"https:\/\/www.linkedin.com\/company\/amat-finques\/\",\"https:\/\/www.youtube.com\/@amatimmobiliaris\"]},{\"@type\":\"Person\",\"@id\":\"https:\/\/www.amatimmobiliaris.com\/w\/#\/schema\/person\/c880da71d1e156e7ea6774ffb445e034\",\"name\":\"Amat Immobiliaris\",\"sameAs\":[\"http:\/\/amat-inmo-wp.localhost\"]}]}<\/script>\n<!-- \/ Yoast SEO plugin. -->","yoast_head_json":{"title":"Aquests s\u00f3n els millors edificis del 2015 | Amat Immobiliaris","robots":{"index":"index","follow":"follow","max-snippet":"max-snippet:-1","max-image-preview":"max-image-preview:large","max-video-preview":"max-video-preview:-1"},"canonical":"https:\/\/www.amatimmobiliaris.com\/w\/ca\/2016\/02\/els-millors-edificis-del-2015\/","og_locale":"ca_ES","og_type":"article","og_title":"Aquests s\u00f3n els millors edificis del 2015 | Amat Immobiliaris","og_description":"Cada any t\u00e9 lloc a diferents parts del m\u00f3n el Festival Mundial d&#8217;Arquitectura o, el que \u00e9s el mateix, el WAF, per les seves sigles en angl\u00e8s. El World Architecture Festival \u00e9s l&#8217;esdeveniment internacional d&#8217;arquitectura m\u00e9s important del m\u00f3n. Inclou el programa de premis d&#8217;arquitectura m\u00e9s gran dedicat a celebrar l&#8217;excel\u00b7l\u00e8ncia a trav\u00e9s de les [&hellip;]","og_url":"https:\/\/www.amatimmobiliaris.com\/w\/ca\/2016\/02\/els-millors-edificis-del-2015\/","og_site_name":"Amat Immobiliaris","article_publisher":"https:\/\/www.facebook.com\/amatimmobiliaris","article_published_time":"2016-02-03T09:26:16+00:00","article_modified_time":"2023-04-27T14:58:08+00:00","og_image":[{"width":1568,"height":1120,"url":"https:\/\/www.amatimmobiliaris.com\/w\/wp-content\/uploads\/2022\/01\/interlace-1.jpg","type":"image\/jpeg"}],"author":"Amat Immobiliaris","twitter_card":"summary_large_image","twitter_creator":"@amat_cat","twitter_site":"@amat_cat","twitter_misc":{"Escrit per":"Amat Immobiliaris","Temps estimat de lectura":"6 minuts"},"schema":{"@context":"https:\/\/schema.org","@graph":[{"@type":"Article","@id":"https:\/\/www.amatimmobiliaris.com\/w\/ca\/2016\/02\/els-millors-edificis-del-2015\/#article","isPartOf":{"@id":"https:\/\/www.amatimmobiliaris.com\/w\/ca\/2016\/02\/els-millors-edificis-del-2015\/"},"author":{"name":"Amat Immobiliaris","@id":"https:\/\/www.amatimmobiliaris.com\/w\/#\/schema\/person\/c880da71d1e156e7ea6774ffb445e034"},"headline":"Aquests s\u00f3n els millors edificis del 2015","datePublished":"2016-02-03T09:26:16+00:00","dateModified":"2023-04-27T14:58:08+00:00","mainEntityOfPage":{"@id":"https:\/\/www.amatimmobiliaris.com\/w\/ca\/2016\/02\/els-millors-edificis-del-2015\/"},"wordCount":590,"publisher":{"@id":"https:\/\/www.amatimmobiliaris.com\/w\/#organization"},"image":{"@id":"https:\/\/www.amatimmobiliaris.com\/w\/ca\/2016\/02\/els-millors-edificis-del-2015\/#primaryimage"},"thumbnailUrl":"https:\/\/www.amatimmobiliaris.com\/w\/wp-content\/uploads\/2022\/01\/interlace-1.jpg","articleSection":["Arquitectura i decoraci\u00f3"],"inLanguage":"ca"},{"@type":"WebPage","@id":"https:\/\/www.amatimmobiliaris.com\/w\/ca\/2016\/02\/els-millors-edificis-del-2015\/","url":"https:\/\/www.amatimmobiliaris.com\/w\/ca\/2016\/02\/els-millors-edificis-del-2015\/","name":"Aquests s\u00f3n els millors edificis del 2015 | Amat Immobiliaris","isPartOf":{"@id":"https:\/\/www.amatimmobiliaris.com\/w\/#website"},"primaryImageOfPage":{"@id":"https:\/\/www.amatimmobiliaris.com\/w\/ca\/2016\/02\/els-millors-edificis-del-2015\/#primaryimage"},"image":{"@id":"https:\/\/www.amatimmobiliaris.com\/w\/ca\/2016\/02\/els-millors-edificis-del-2015\/#primaryimage"},"thumbnailUrl":"https:\/\/www.amatimmobiliaris.com\/w\/wp-content\/uploads\/2022\/01\/interlace-1.jpg","datePublished":"2016-02-03T09:26:16+00:00","dateModified":"2023-04-27T14:58:08+00:00","breadcrumb":{"@id":"https:\/\/www.amatimmobiliaris.com\/w\/ca\/2016\/02\/els-millors-edificis-del-2015\/#breadcrumb"},"inLanguage":"ca","potentialAction":[{"@type":"ReadAction","target":["https:\/\/www.amatimmobiliaris.com\/w\/ca\/2016\/02\/els-millors-edificis-del-2015\/"]}]},{"@type":"ImageObject","inLanguage":"ca","@id":"https:\/\/www.amatimmobiliaris.com\/w\/ca\/2016\/02\/els-millors-edificis-del-2015\/#primaryimage","url":"https:\/\/www.amatimmobiliaris.com\/w\/wp-content\/uploads\/2022\/01\/interlace-1.jpg","contentUrl":"https:\/\/www.amatimmobiliaris.com\/w\/wp-content\/uploads\/2022\/01\/interlace-1.jpg","width":1568,"height":1120},{"@type":"BreadcrumbList","@id":"https:\/\/www.amatimmobiliaris.com\/w\/ca\/2016\/02\/els-millors-edificis-del-2015\/#breadcrumb","itemListElement":[{"@type":"ListItem","position":1,"name":"Home","item":"https:\/\/www.amatimmobiliaris.com\/w\/ca\/"},{"@type":"ListItem","position":2,"name":"Arquitectura i decoraci\u00f3","item":"https:\/\/www.amatimmobiliaris.com\/w\/ca\/categoria-ca\/arquitectura-i-decoracio-ca\/"},{"@type":"ListItem","position":3,"name":"Aquests s\u00f3n els millors edificis del 2015"}]},{"@type":"WebSite","@id":"https:\/\/www.amatimmobiliaris.com\/w\/#website","url":"https:\/\/www.amatimmobiliaris.com\/w\/","name":"Amat Immobiliaris","description":"Empresa familiar del sector inmobiliario con oficinas en Barcelona, Sant Cugat del Vall\u00e9s y Sant Just Desvern. Te ayudamos a comprar, alquilar o vender tu casa o piso. Somos un equipo coherente con una cultura de empresa honesta, innovadora y eficaz. Tambi\u00e9n en www.amatluxury.com","publisher":{"@id":"https:\/\/www.amatimmobiliaris.com\/w\/#organization"},"alternateName":"AmatImmo","potentialAction":[{"@type":"SearchAction","target":{"@type":"EntryPoint","urlTemplate":"https:\/\/www.amatimmobiliaris.com\/w\/?s={search_term_string}"},"query-input":{"@type":"PropertyValueSpecification","valueRequired":true,"valueName":"search_term_string"}}],"inLanguage":"ca"},{"@type":"Organization","@id":"https:\/\/www.amatimmobiliaris.com\/w\/#organization","name":"Amat Immobiliaris","url":"https:\/\/www.amatimmobiliaris.com\/w\/","logo":{"@type":"ImageObject","inLanguage":"ca","@id":"https:\/\/www.amatimmobiliaris.com\/w\/#\/schema\/logo\/image\/","url":"https:\/\/www.amatimmobiliaris.com\/w\/wp-content\/uploads\/2022\/10\/amat-logo.jpg","contentUrl":"https:\/\/www.amatimmobiliaris.com\/w\/wp-content\/uploads\/2022\/10\/amat-logo.jpg","width":900,"height":900,"caption":"Amat Immobiliaris"},"image":{"@id":"https:\/\/www.amatimmobiliaris.com\/w\/#\/schema\/logo\/image\/"},"sameAs":["https:\/\/www.facebook.com\/amatimmobiliaris","https:\/\/x.com\/amat_cat","https:\/\/www.instagram.com\/amat_immo\/","https:\/\/www.linkedin.com\/company\/amat-finques\/","https:\/\/www.youtube.com\/@amatimmobiliaris"]},{"@type":"Person","@id":"https:\/\/www.amatimmobiliaris.com\/w\/#\/schema\/person\/c880da71d1e156e7ea6774ffb445e034","name":"Amat Immobiliaris","sameAs":["http:\/\/amat-inmo-wp.localhost"]}]}},"_links":{"self":[{"href":"https:\/\/www.amatimmobiliaris.com\/w\/ca\/wp-json\/wp\/v2\/posts\/12634"}],"collection":[{"href":"https:\/\/www.amatimmobiliaris.com\/w\/ca\/wp-json\/wp\/v2\/posts"}],"about":[{"href":"https:\/\/www.amatimmobiliaris.com\/w\/ca\/wp-json\/wp\/v2\/types\/post"}],"author":[{"embeddable":true,"href":"https:\/\/www.amatimmobiliaris.com\/w\/ca\/wp-json\/wp\/v2\/users\/1"}],"replies":[{"embeddable":true,"href":"https:\/\/www.amatimmobiliaris.com\/w\/ca\/wp-json\/wp\/v2\/comments?post=12634"}],"version-history":[{"count":8,"href":"https:\/\/www.amatimmobiliaris.com\/w\/ca\/wp-json\/wp\/v2\/posts\/12634\/revisions"}],"predecessor-version":[{"id":27265,"href":"https:\/\/www.amatimmobiliaris.com\/w\/ca\/wp-json\/wp\/v2\/posts\/12634\/revisions\/27265"}],"wp:featuredmedia":[{"embeddable":true,"href":"https:\/\/www.amatimmobiliaris.com\/w\/ca\/wp-json\/wp\/v2\/media\/12635"}],"wp:attachment":[{"href":"https:\/\/www.amatimmobiliaris.com\/w\/ca\/wp-json\/wp\/v2\/media?parent=12634"}],"wp:term":[{"taxonomy":"category","embeddable":true,"href":"https:\/\/www.amatimmobiliaris.com\/w\/ca\/wp-json\/wp\/v2\/categories?post=12634"},{"taxonomy":"post_tag","embeddable":true,"href":"https:\/\/www.amatimmobiliaris.com\/w\/ca\/wp-json\/wp\/v2\/tags?post=12634"}],"curies":[{"name":"wp","href":"https:\/\/api.w.org\/{rel}","templated":true}]}}