{"id":12508,"date":"2015-12-28T00:00:49","date_gmt":"2015-12-28T00:00:49","guid":{"rendered":"http:\/\/amat-inmo-wp.localhost\/2015\/12\/28\/nou-sistema-dinformacio-iva-sii\/"},"modified":"2023-04-25T13:41:10","modified_gmt":"2023-04-25T13:41:10","slug":"nou-sistema-dinformacio-iva-sii","status":"publish","type":"post","link":"https:\/\/www.amatimmobiliaris.com\/w\/ca\/2015\/12\/nou-sistema-dinformacio-iva-sii\/","title":{"rendered":"Nou sistema d&#8217;informaci\u00f3 IVA- SII"},"content":{"rendered":"<p>Properament entra en funcionament el nou sistema de <strong>subministrament immediat d\u2019informaci\u00f3 de l\u2019IVA<\/strong> de cara a millorar el control tributari i l\u2019assist\u00e8ncia al contribuent, segons manifesta la pr\u00f2pia Ag\u00e8ncia Tribut\u00e0ria.<\/p>\n<p>Est\u00e0 previst que a partir de l\u20191 de gener de 2016 comenci una fase volunt\u00e0ria en la que un grup d\u2019empreses participaran en una <strong>prova pilot<\/strong> i ser\u00e0 a partir de<strong> l\u20191 de gener de 2017 quan comen\u00e7ar\u00e0 la fase obligat\u00f2ria<\/strong> d\u2019aplicaci\u00f3 d\u2019aquest sistema per aquells subjectes passius a qui els hi afecti.<\/p>\n<p>Es tracta de canviar el sistema actual de gesti\u00f3 de l\u2019IVA i passar a portar els llibres registre de l\u2019impost a trav\u00e9s de la Seu electr\u00f2nica de l\u2019Ag\u00e8ncia Tribut\u00e0ria, mitjan\u00e7ant el subministrament quasi immediat dels registres de facturaci\u00f3.<\/p>\n<p>El nou sistema ser\u00e0 aplicable amb car\u00e0cter <strong>obligatori als subjectes passius<\/strong> que actualment tenen obligaci\u00f3 d\u2019autoliquidar l\u2019IVA mensualment, \u00e9s a dir:<\/p>\n<p>\u00b7\u00a0\u00a0\u00a0\u00a0\u00a0\u00a0\u00a0\u00a0 SP inscrits al REDEME (Registre de Devoluci\u00f3 Mensual de l\u2019IVA)<\/p>\n<p>\u00b7\u00a0\u00a0\u00a0\u00a0\u00a0\u00a0\u00a0\u00a0 Grans empreses (facturaci\u00f3 superior a 6 milions d\u2019euros)<\/p>\n<p>\u00b7\u00a0\u00a0\u00a0\u00a0\u00a0\u00a0\u00a0\u00a0 Grups d\u2019IVA<\/p>\n<p>Tanmateix, el nou sistema tamb\u00e9 ser\u00e0 aplicable als subjectes passius que, volunt\u00e0riament, decideixin acollir-se, optant a trav\u00e9s de la Declaraci\u00f3 censal (model 036) durant el mes de novembre de l\u2019any anterior al que hagi de tenir efectes.<\/p>\n<p>Els subjectes passius acollits al sistema estaran obligats a portar, a trav\u00e9s de la Seu electr\u00f2nica, els seg\u00fcents Llibres Registre:<\/p>\n<p>\u00b7\u00a0\u00a0\u00a0\u00a0\u00a0\u00a0\u00a0\u00a0 <span style=\"text-decoration: underline;\">Llibre Registre de Factures Emeses<\/span><\/p>\n<p>\u00b7\u00a0\u00a0\u00a0\u00a0\u00a0\u00a0\u00a0\u00a0 <span style=\"text-decoration: underline;\">Llibre Registre de Factures Rebudes<\/span><\/p>\n<p>\u00b7\u00a0\u00a0\u00a0\u00a0\u00a0\u00a0\u00a0\u00a0 <span style=\"text-decoration: underline;\">Llibre Registre de B\u00e9ns d\u2019Inversi\u00f3<\/span><\/p>\n<p>\u00b7\u00a0\u00a0\u00a0\u00a0\u00a0\u00a0\u00a0\u00a0 <span style=\"text-decoration: underline;\">Llibre Registre de determinades Operacions Intracomunit\u00e0ries<\/span><\/p>\n<p>En cap moment s\u2019haur\u00e0 de remetre les factures a l\u2019AEAT sin\u00f3 els camps dels registre de facturaci\u00f3 aprovats pel Ministeri d\u2019Hisenda i Administracions P\u00fabliques a trav\u00e9s de la corresponent Ordre Ministerial. Es tractar\u00e0 de subministrar determinada informaci\u00f3 que actualment es troba als Llibres Registre d\u2019IVA i les factures. Aix\u00ed mateix, es subministrar\u00e0 informaci\u00f3 amb transcend\u00e8ncia tribut\u00e0ria que fins ara s\u2019inclo\u00efa en els models 340 i 347.<\/p>\n<p>En <strong>quant als terminis<\/strong> per enviar els registres de facturaci\u00f3 a l\u2019AEAT ens trobem:<\/p>\n<p>\u00b7\u00a0\u00a0\u00a0\u00a0\u00a0\u00a0\u00a0\u00a0 <span style=\"text-decoration: underline;\">Factures emeses<\/span><\/p>\n<p>En el termini de quatre dies naturals des de l\u2019expedici\u00f3 de la factura, excepte que es tracti de factures pel destinatari o per un tercer, el termini el qual ser\u00e0 de vuit dies i en qualsevol dels casos abans del dia 16 del mes seg\u00fcent a aquell en que s\u2019hagu\u00e9s produ\u00eft el meritament de l\u2019impost corresponent a l\u2019operaci\u00f3 que ha de registrar-se.<\/p>\n<p>\u00b7\u00a0\u00a0\u00a0\u00a0\u00a0\u00a0\u00a0\u00a0 <span style=\"text-decoration: underline;\">Factures rebudes<\/span><\/p>\n<p>En el termini de quatre dies naturals des de la data en que es produeix el registre comptable de la factura i en tot cas abans del dia 16 del mes seg\u00fcent al per\u00edode de liquidaci\u00f3 en que s\u2019hagin incl\u00f2s les\u00a0 operacions corresponents.<\/p>\n<p>\u00b7\u00a0\u00a0\u00a0\u00a0\u00a0\u00a0\u00a0\u00a0 <span style=\"text-decoration: underline;\">Operacions intracomunit\u00e0ries<\/span><\/p>\n<p>En el termini de quatre dies naturals de dels moment d\u2019inici de l\u2019expedici\u00f3 o transport o en el seu cas, des del moment de la recepci\u00f3 dels b\u00e9ns a que es refereixin.<\/p>\n<p>\u00b7\u00a0\u00a0\u00a0\u00a0\u00a0\u00a0\u00a0\u00a0 <span style=\"text-decoration: underline;\">B\u00e9ns d\u2019inversi\u00f3<\/span><\/p>\n<p>Dins el termini de presentaci\u00f3 de l\u2019\u00faltim per\u00edode de liquidaci\u00f3 de l\u2019any.<\/p>\n<p>En el c\u00f2mput del termini de quatre o vuit dies naturals no es tenen en compte els dissabtes, els diumenges ni els declarats festius nacionals.<\/p>\n<p>Per \u00faltim, cal comentar que el SII suposa, entre d\u2019altres aspectes, la:<\/p>\n<p>\u00b7\u00a0\u00a0\u00a0\u00a0\u00a0\u00a0\u00a0\u00a0 <span style=\"text-decoration: underline;\">Reducci\u00f3 de les obligacions formals<\/span><\/p>\n<p>\u00b7\u00a0\u00a0\u00a0\u00a0\u00a0\u00a0\u00a0\u00a0 <span style=\"text-decoration: underline;\">Ampliaci\u00f3 del termini de presentaci\u00f3 de les autoliquidacions peri\u00f2diques<\/span><\/p>\n<p>\u00b7\u00a0\u00a0\u00a0\u00a0\u00a0\u00a0\u00a0\u00a0 <span style=\"text-decoration: underline;\">Reducci\u00f3 dels terminis de comprovaci\u00f3<\/span><\/p>\n<p>En definitiva, <strong>el nou sistema de gesti\u00f3 de l\u2019IVA suposa un canvi en molts aspectes<\/strong>.<\/p>\n<p>&nbsp;<\/p>\n","protected":false},"excerpt":{"rendered":"<p>Properament entra en funcionament el nou sistema de subministrament immediat d\u2019informaci\u00f3 de l\u2019IVA de cara a millorar el control tributari i l\u2019assist\u00e8ncia al contribuent, segons manifesta la pr\u00f2pia Ag\u00e8ncia Tribut\u00e0ria. Est\u00e0 previst que a partir de l\u20191 de gener de 2016 comenci una fase volunt\u00e0ria en la que un grup d\u2019empreses participaran en una prova [&hellip;]<\/p>\n","protected":false},"author":1,"featured_media":0,"comment_status":"closed","ping_status":"closed","sticky":false,"template":"","format":"standard","meta":{"content-type":"","footnotes":""},"categories":[],"tags":[],"yoast_head":"<!-- This site is optimized with the Yoast SEO plugin v23.9 - https:\/\/yoast.com\/wordpress\/plugins\/seo\/ -->\n<title>Nou sistema d&#039;informaci\u00f3 IVA- SII | Amat Immobiliaris<\/title>\n<meta name=\"description\" content=\"Properament entra en funcionament el nou sistema de subministrament immediat d\u2019informaci\u00f3 de l\u2019IVA de cara a millorar el control tributari.\" \/>\n<meta name=\"robots\" content=\"index, follow, max-snippet:-1, max-image-preview:large, max-video-preview:-1\" \/>\n<link rel=\"canonical\" href=\"https:\/\/www.amatimmobiliaris.com\/w\/ca\/2015\/12\/nou-sistema-dinformacio-iva-sii\/\" \/>\n<meta property=\"og:locale\" content=\"ca_ES\" \/>\n<meta property=\"og:type\" content=\"article\" \/>\n<meta property=\"og:title\" content=\"Nou sistema d&#039;informaci\u00f3 IVA- SII | Amat Immobiliaris\" \/>\n<meta property=\"og:description\" content=\"Properament entra en funcionament el nou sistema de subministrament immediat d\u2019informaci\u00f3 de l\u2019IVA de cara a millorar el control tributari.\" \/>\n<meta property=\"og:url\" content=\"https:\/\/www.amatimmobiliaris.com\/w\/ca\/2015\/12\/nou-sistema-dinformacio-iva-sii\/\" \/>\n<meta property=\"og:site_name\" content=\"Amat Immobiliaris\" \/>\n<meta property=\"article:publisher\" content=\"https:\/\/www.facebook.com\/amatimmobiliaris\" \/>\n<meta property=\"article:published_time\" content=\"2015-12-28T00:00:49+00:00\" \/>\n<meta property=\"article:modified_time\" content=\"2023-04-25T13:41:10+00:00\" \/>\n<meta property=\"og:image\" content=\"https:\/\/www.amatimmobiliaris.com\/w\/wp-content\/uploads\/2022\/01\/2014-Saga-familiar-Amat-dw-1-1024x683.jpg\" \/>\n\t<meta property=\"og:image:width\" content=\"1024\" \/>\n\t<meta property=\"og:image:height\" content=\"683\" \/>\n\t<meta property=\"og:image:type\" content=\"image\/jpeg\" \/>\n<meta name=\"author\" content=\"Amat Immobiliaris\" \/>\n<meta name=\"twitter:card\" content=\"summary_large_image\" \/>\n<meta name=\"twitter:creator\" content=\"@amat_cat\" \/>\n<meta name=\"twitter:site\" content=\"@amat_cat\" \/>\n<meta name=\"twitter:label1\" content=\"Escrit per\" \/>\n\t<meta name=\"twitter:data1\" content=\"Amat Immobiliaris\" \/>\n\t<meta name=\"twitter:label2\" content=\"Temps estimat de lectura\" \/>\n\t<meta name=\"twitter:data2\" content=\"3 minuts\" \/>\n<script type=\"application\/ld+json\" class=\"yoast-schema-graph\">{\"@context\":\"https:\/\/schema.org\",\"@graph\":[{\"@type\":\"Article\",\"@id\":\"https:\/\/www.amatimmobiliaris.com\/w\/ca\/2015\/12\/nou-sistema-dinformacio-iva-sii\/#article\",\"isPartOf\":{\"@id\":\"https:\/\/www.amatimmobiliaris.com\/w\/ca\/2015\/12\/nou-sistema-dinformacio-iva-sii\/\"},\"author\":{\"name\":\"Amat Immobiliaris\",\"@id\":\"https:\/\/www.amatimmobiliaris.com\/w\/#\/schema\/person\/c880da71d1e156e7ea6774ffb445e034\"},\"headline\":\"Nou sistema d&#8217;informaci\u00f3 IVA- SII\",\"datePublished\":\"2015-12-28T00:00:49+00:00\",\"dateModified\":\"2023-04-25T13:41:10+00:00\",\"mainEntityOfPage\":{\"@id\":\"https:\/\/www.amatimmobiliaris.com\/w\/ca\/2015\/12\/nou-sistema-dinformacio-iva-sii\/\"},\"wordCount\":617,\"publisher\":{\"@id\":\"https:\/\/www.amatimmobiliaris.com\/w\/#organization\"},\"inLanguage\":\"ca\"},{\"@type\":\"WebPage\",\"@id\":\"https:\/\/www.amatimmobiliaris.com\/w\/ca\/2015\/12\/nou-sistema-dinformacio-iva-sii\/\",\"url\":\"https:\/\/www.amatimmobiliaris.com\/w\/ca\/2015\/12\/nou-sistema-dinformacio-iva-sii\/\",\"name\":\"Nou sistema d'informaci\u00f3 IVA- SII | Amat Immobiliaris\",\"isPartOf\":{\"@id\":\"https:\/\/www.amatimmobiliaris.com\/w\/#website\"},\"datePublished\":\"2015-12-28T00:00:49+00:00\",\"dateModified\":\"2023-04-25T13:41:10+00:00\",\"description\":\"Properament entra en funcionament el nou sistema de subministrament immediat d\u2019informaci\u00f3 de l\u2019IVA de cara a millorar el control tributari.\",\"breadcrumb\":{\"@id\":\"https:\/\/www.amatimmobiliaris.com\/w\/ca\/2015\/12\/nou-sistema-dinformacio-iva-sii\/#breadcrumb\"},\"inLanguage\":\"ca\",\"potentialAction\":[{\"@type\":\"ReadAction\",\"target\":[\"https:\/\/www.amatimmobiliaris.com\/w\/ca\/2015\/12\/nou-sistema-dinformacio-iva-sii\/\"]}]},{\"@type\":\"BreadcrumbList\",\"@id\":\"https:\/\/www.amatimmobiliaris.com\/w\/ca\/2015\/12\/nou-sistema-dinformacio-iva-sii\/#breadcrumb\",\"itemListElement\":[{\"@type\":\"ListItem\",\"position\":1,\"name\":\"Home\",\"item\":\"https:\/\/www.amatimmobiliaris.com\/w\/ca\/\"},{\"@type\":\"ListItem\",\"position\":2,\"name\":\"Fiscalitat\",\"item\":\"https:\/\/www.amatimmobiliaris.com\/w\/ca\/categoria-ca\/fiscalitat-ca\/\"},{\"@type\":\"ListItem\",\"position\":3,\"name\":\"Nou sistema d&#8217;informaci\u00f3 IVA- SII\"}]},{\"@type\":\"WebSite\",\"@id\":\"https:\/\/www.amatimmobiliaris.com\/w\/#website\",\"url\":\"https:\/\/www.amatimmobiliaris.com\/w\/\",\"name\":\"Amat Immobiliaris\",\"description\":\"Empresa familiar del sector inmobiliario con oficinas en Barcelona, Sant Cugat del Vall\u00e9s y Sant Just Desvern. Te ayudamos a comprar, alquilar o vender tu casa o piso. Somos un equipo coherente con una cultura de empresa honesta, innovadora y eficaz. Tambi\u00e9n en www.amatluxury.com\",\"publisher\":{\"@id\":\"https:\/\/www.amatimmobiliaris.com\/w\/#organization\"},\"alternateName\":\"AmatImmo\",\"potentialAction\":[{\"@type\":\"SearchAction\",\"target\":{\"@type\":\"EntryPoint\",\"urlTemplate\":\"https:\/\/www.amatimmobiliaris.com\/w\/?s={search_term_string}\"},\"query-input\":{\"@type\":\"PropertyValueSpecification\",\"valueRequired\":true,\"valueName\":\"search_term_string\"}}],\"inLanguage\":\"ca\"},{\"@type\":\"Organization\",\"@id\":\"https:\/\/www.amatimmobiliaris.com\/w\/#organization\",\"name\":\"Amat Immobiliaris\",\"url\":\"https:\/\/www.amatimmobiliaris.com\/w\/\",\"logo\":{\"@type\":\"ImageObject\",\"inLanguage\":\"ca\",\"@id\":\"https:\/\/www.amatimmobiliaris.com\/w\/#\/schema\/logo\/image\/\",\"url\":\"https:\/\/www.amatimmobiliaris.com\/w\/wp-content\/uploads\/2022\/10\/amat-logo.jpg\",\"contentUrl\":\"https:\/\/www.amatimmobiliaris.com\/w\/wp-content\/uploads\/2022\/10\/amat-logo.jpg\",\"width\":900,\"height\":900,\"caption\":\"Amat Immobiliaris\"},\"image\":{\"@id\":\"https:\/\/www.amatimmobiliaris.com\/w\/#\/schema\/logo\/image\/\"},\"sameAs\":[\"https:\/\/www.facebook.com\/amatimmobiliaris\",\"https:\/\/x.com\/amat_cat\",\"https:\/\/www.instagram.com\/amat_immo\/\",\"https:\/\/www.linkedin.com\/company\/amat-finques\/\",\"https:\/\/www.youtube.com\/@amatimmobiliaris\"]},{\"@type\":\"Person\",\"@id\":\"https:\/\/www.amatimmobiliaris.com\/w\/#\/schema\/person\/c880da71d1e156e7ea6774ffb445e034\",\"name\":\"Amat Immobiliaris\",\"sameAs\":[\"http:\/\/amat-inmo-wp.localhost\"]}]}<\/script>\n<!-- \/ Yoast SEO plugin. -->","yoast_head_json":{"title":"Nou sistema d'informaci\u00f3 IVA- SII | Amat Immobiliaris","description":"Properament entra en funcionament el nou sistema de subministrament immediat d\u2019informaci\u00f3 de l\u2019IVA de cara a millorar el control tributari.","robots":{"index":"index","follow":"follow","max-snippet":"max-snippet:-1","max-image-preview":"max-image-preview:large","max-video-preview":"max-video-preview:-1"},"canonical":"https:\/\/www.amatimmobiliaris.com\/w\/ca\/2015\/12\/nou-sistema-dinformacio-iva-sii\/","og_locale":"ca_ES","og_type":"article","og_title":"Nou sistema d'informaci\u00f3 IVA- SII | Amat Immobiliaris","og_description":"Properament entra en funcionament el nou sistema de subministrament immediat d\u2019informaci\u00f3 de l\u2019IVA de cara a millorar el control tributari.","og_url":"https:\/\/www.amatimmobiliaris.com\/w\/ca\/2015\/12\/nou-sistema-dinformacio-iva-sii\/","og_site_name":"Amat Immobiliaris","article_publisher":"https:\/\/www.facebook.com\/amatimmobiliaris","article_published_time":"2015-12-28T00:00:49+00:00","article_modified_time":"2023-04-25T13:41:10+00:00","og_image":[{"width":1024,"height":683,"url":"https:\/\/www.amatimmobiliaris.com\/w\/wp-content\/uploads\/2022\/01\/2014-Saga-familiar-Amat-dw-1-1024x683.jpg","type":"image\/jpeg"}],"author":"Amat Immobiliaris","twitter_card":"summary_large_image","twitter_creator":"@amat_cat","twitter_site":"@amat_cat","twitter_misc":{"Escrit per":"Amat Immobiliaris","Temps estimat de lectura":"3 minuts"},"schema":{"@context":"https:\/\/schema.org","@graph":[{"@type":"Article","@id":"https:\/\/www.amatimmobiliaris.com\/w\/ca\/2015\/12\/nou-sistema-dinformacio-iva-sii\/#article","isPartOf":{"@id":"https:\/\/www.amatimmobiliaris.com\/w\/ca\/2015\/12\/nou-sistema-dinformacio-iva-sii\/"},"author":{"name":"Amat Immobiliaris","@id":"https:\/\/www.amatimmobiliaris.com\/w\/#\/schema\/person\/c880da71d1e156e7ea6774ffb445e034"},"headline":"Nou sistema d&#8217;informaci\u00f3 IVA- SII","datePublished":"2015-12-28T00:00:49+00:00","dateModified":"2023-04-25T13:41:10+00:00","mainEntityOfPage":{"@id":"https:\/\/www.amatimmobiliaris.com\/w\/ca\/2015\/12\/nou-sistema-dinformacio-iva-sii\/"},"wordCount":617,"publisher":{"@id":"https:\/\/www.amatimmobiliaris.com\/w\/#organization"},"inLanguage":"ca"},{"@type":"WebPage","@id":"https:\/\/www.amatimmobiliaris.com\/w\/ca\/2015\/12\/nou-sistema-dinformacio-iva-sii\/","url":"https:\/\/www.amatimmobiliaris.com\/w\/ca\/2015\/12\/nou-sistema-dinformacio-iva-sii\/","name":"Nou sistema d'informaci\u00f3 IVA- SII | Amat Immobiliaris","isPartOf":{"@id":"https:\/\/www.amatimmobiliaris.com\/w\/#website"},"datePublished":"2015-12-28T00:00:49+00:00","dateModified":"2023-04-25T13:41:10+00:00","description":"Properament entra en funcionament el nou sistema de subministrament immediat d\u2019informaci\u00f3 de l\u2019IVA de cara a millorar el control tributari.","breadcrumb":{"@id":"https:\/\/www.amatimmobiliaris.com\/w\/ca\/2015\/12\/nou-sistema-dinformacio-iva-sii\/#breadcrumb"},"inLanguage":"ca","potentialAction":[{"@type":"ReadAction","target":["https:\/\/www.amatimmobiliaris.com\/w\/ca\/2015\/12\/nou-sistema-dinformacio-iva-sii\/"]}]},{"@type":"BreadcrumbList","@id":"https:\/\/www.amatimmobiliaris.com\/w\/ca\/2015\/12\/nou-sistema-dinformacio-iva-sii\/#breadcrumb","itemListElement":[{"@type":"ListItem","position":1,"name":"Home","item":"https:\/\/www.amatimmobiliaris.com\/w\/ca\/"},{"@type":"ListItem","position":2,"name":"Fiscalitat","item":"https:\/\/www.amatimmobiliaris.com\/w\/ca\/categoria-ca\/fiscalitat-ca\/"},{"@type":"ListItem","position":3,"name":"Nou sistema d&#8217;informaci\u00f3 IVA- SII"}]},{"@type":"WebSite","@id":"https:\/\/www.amatimmobiliaris.com\/w\/#website","url":"https:\/\/www.amatimmobiliaris.com\/w\/","name":"Amat Immobiliaris","description":"Empresa familiar del sector inmobiliario con oficinas en Barcelona, Sant Cugat del Vall\u00e9s y Sant Just Desvern. Te ayudamos a comprar, alquilar o vender tu casa o piso. Somos un equipo coherente con una cultura de empresa honesta, innovadora y eficaz. Tambi\u00e9n en www.amatluxury.com","publisher":{"@id":"https:\/\/www.amatimmobiliaris.com\/w\/#organization"},"alternateName":"AmatImmo","potentialAction":[{"@type":"SearchAction","target":{"@type":"EntryPoint","urlTemplate":"https:\/\/www.amatimmobiliaris.com\/w\/?s={search_term_string}"},"query-input":{"@type":"PropertyValueSpecification","valueRequired":true,"valueName":"search_term_string"}}],"inLanguage":"ca"},{"@type":"Organization","@id":"https:\/\/www.amatimmobiliaris.com\/w\/#organization","name":"Amat Immobiliaris","url":"https:\/\/www.amatimmobiliaris.com\/w\/","logo":{"@type":"ImageObject","inLanguage":"ca","@id":"https:\/\/www.amatimmobiliaris.com\/w\/#\/schema\/logo\/image\/","url":"https:\/\/www.amatimmobiliaris.com\/w\/wp-content\/uploads\/2022\/10\/amat-logo.jpg","contentUrl":"https:\/\/www.amatimmobiliaris.com\/w\/wp-content\/uploads\/2022\/10\/amat-logo.jpg","width":900,"height":900,"caption":"Amat Immobiliaris"},"image":{"@id":"https:\/\/www.amatimmobiliaris.com\/w\/#\/schema\/logo\/image\/"},"sameAs":["https:\/\/www.facebook.com\/amatimmobiliaris","https:\/\/x.com\/amat_cat","https:\/\/www.instagram.com\/amat_immo\/","https:\/\/www.linkedin.com\/company\/amat-finques\/","https:\/\/www.youtube.com\/@amatimmobiliaris"]},{"@type":"Person","@id":"https:\/\/www.amatimmobiliaris.com\/w\/#\/schema\/person\/c880da71d1e156e7ea6774ffb445e034","name":"Amat Immobiliaris","sameAs":["http:\/\/amat-inmo-wp.localhost"]}]}},"_links":{"self":[{"href":"https:\/\/www.amatimmobiliaris.com\/w\/ca\/wp-json\/wp\/v2\/posts\/12508"}],"collection":[{"href":"https:\/\/www.amatimmobiliaris.com\/w\/ca\/wp-json\/wp\/v2\/posts"}],"about":[{"href":"https:\/\/www.amatimmobiliaris.com\/w\/ca\/wp-json\/wp\/v2\/types\/post"}],"author":[{"embeddable":true,"href":"https:\/\/www.amatimmobiliaris.com\/w\/ca\/wp-json\/wp\/v2\/users\/1"}],"replies":[{"embeddable":true,"href":"https:\/\/www.amatimmobiliaris.com\/w\/ca\/wp-json\/wp\/v2\/comments?post=12508"}],"version-history":[{"count":1,"href":"https:\/\/www.amatimmobiliaris.com\/w\/ca\/wp-json\/wp\/v2\/posts\/12508\/revisions"}],"predecessor-version":[{"id":17378,"href":"https:\/\/www.amatimmobiliaris.com\/w\/ca\/wp-json\/wp\/v2\/posts\/12508\/revisions\/17378"}],"wp:attachment":[{"href":"https:\/\/www.amatimmobiliaris.com\/w\/ca\/wp-json\/wp\/v2\/media?parent=12508"}],"wp:term":[{"taxonomy":"category","embeddable":true,"href":"https:\/\/www.amatimmobiliaris.com\/w\/ca\/wp-json\/wp\/v2\/categories?post=12508"},{"taxonomy":"post_tag","embeddable":true,"href":"https:\/\/www.amatimmobiliaris.com\/w\/ca\/wp-json\/wp\/v2\/tags?post=12508"}],"curies":[{"name":"wp","href":"https:\/\/api.w.org\/{rel}","templated":true}]}}