{"id":12481,"date":"2015-11-30T16:52:07","date_gmt":"2015-11-30T16:52:07","guid":{"rendered":"http:\/\/amat-inmo-wp.localhost\/2015\/11\/30\/culthunting-2015-la-importancia-de-la-cultura-a-l-empresa\/"},"modified":"2023-04-26T15:30:04","modified_gmt":"2023-04-26T15:30:04","slug":"culthunting-2015-la-importancia-de-la-cultura-a-l-empresa","status":"publish","type":"post","link":"https:\/\/www.amatimmobiliaris.com\/w\/ca\/2015\/11\/culthunting-2015-la-importancia-de-la-cultura-a-l-empresa\/","title":{"rendered":"Culthunting 2015: La import\u00e0ncia de la cultura a l&#8217;empresa"},"content":{"rendered":"<p style=\"text-align: justify;\">Cada vegada m\u00e9s les empreses aposten per una <strong>conjunci\u00f3 entre cultura corporativa &#8211; formada pels seus valors i filosofia- i la cultura pr\u00f2pia<\/strong> de la societat com l&#8217;art o la m\u00fasica, formant un <strong>t\u00e0ndem imprescindible<\/strong> i molt positiu tant per les organitzacions com per a la societat en general. No fa gaire temps el recolzament a iniciatives culturals per part de les empreses es basava exclusivament en un inter\u00e8s gens rec\u00edproc per tal d&#8217;incrementar la venda de producte o millorar la imatge de marca. Afortunadament aquest posicionament est\u00e0 prenent un altre caire i la participaci\u00f3 de les empreses en el m\u00f3n cultural pren cada vegada m\u00e9s un car\u00e0cter social.<\/p>\n<p style=\"text-align: justify;\">En un context on la velocitat en innovaci\u00f3 i els canvis constants s\u00f3n un factor principal la clau la trobem en &#8220;arribar a noves fonts d\u2019inspiraci\u00f3 i ser capa\u00e7os de mobilitzar les persones amb missatges perdurables i \u00fanics&#8221; i \u00e9s aqu\u00ed on &#8220;art i cultura juguen un paper clau&#8221; o, al menys, \u00e9s el que auguren els impulsors del <span style=\"color: #ff0000;\"><em><a style=\"color: #ff0000;\" href=\"https:\/\/www.weareboth.com\/ca\/\" target=\"_blank\" rel=\"noopener\">Culthunting<\/a>.<\/em><\/span><\/p>\n<p style=\"text-align: justify;\"><a href=\"https:\/\/www.amatimmobiliaris.com\/w\/wp-content\/uploads\/2022\/01\/chday-2.jpg\"><img loading=\"lazy\" decoding=\"async\" class=\"aligncenter wp-image-3866 \" src=\"https:\/\/www.amatimmobiliaris.com\/w\/wp-content\/uploads\/2022\/01\/chday-2.jpg\" alt=\"chday\" width=\"554\" height=\"370\" \/><\/a><\/p>\n<p style=\"text-align: justify;\">Aquest any <strong>hem tingut la sort de participar al Culthunting Day 2015<\/strong>, una jornada plena d&#8217;idees innovadores i casos d&#8217;empreses d&#8217;\u00e8xit que han apostat per la cultura i, nosaltres, hem estat uns dels convidats.<\/p>\n<p style=\"text-align: justify;\"><a href=\"https:\/\/www.amatimmobiliaris.com\/w\/wp-content\/uploads\/2022\/01\/chday2-2.jpg\"><img loading=\"lazy\" decoding=\"async\" class=\"alignleft wp-image-3864 \" src=\"https:\/\/www.amatimmobiliaris.com\/w\/wp-content\/uploads\/2022\/01\/chday2-2.jpg\" alt=\"chday2\" width=\"300\" height=\"450\" \/><\/a><\/p>\n<p style=\"text-align: justify;\">La Immaculada Amat va ser l&#8217;encarregada de compartir <strong>l&#8217;experi\u00e8ncia d&#8217;Amat com a empresa molt compromesa i activa en el m\u00f3n cultural<\/strong> i va formar part de la taula d&#8217;experi\u00e8ncies juntament amb empreses com BASF, FGC i HP.<\/p>\n<p style=\"text-align: justify;\">A Amat Immobiliaris fa anys que <strong>patrocinem actes literaris<\/strong> com &#8220;Pol\u00edtics a la carta&#8221; de Josep Maria Vall\u00e8s, &#8220;Humanos y posthumanos&#8221; d&#8217;Albert Cortina o &#8220;Apostoflant!&#8221; de Jordi Robirosa, per citar-ne tres exemples dels m\u00e9s recents.<\/p>\n<p style=\"text-align: justify;\">Les <span style=\"text-align: justify;\">entrevistes<\/span> a personatges del m\u00f3n art\u00edstic, literari i arquitect\u00f2nic estan agafant un pes important al canal <span style=\"color: #ff0000;\"><a style=\"color: #ff0000;\" href=\"https:\/\/www.weareboth.com\/ca\/\" target=\"_blank\" rel=\"noopener\">Culthunting<\/a>.<\/span> Entrevistes de 3-5 min. on diferents personatges se sotmeten a les nostres preguntes sobre la seva vessant art\u00edstica, la seva percepci\u00f3 de la societat actual i el m\u00f3n immobiliari i\/o de la construcci\u00f3 despr\u00e9s de la crisi.<\/p>\n<p style=\"text-align: justify;\">S\u00f3n molt coneguts tamb\u00e9 els <span style=\"color: #ff0000;\"><a style=\"color: #ff0000;\" href=\"https:\/\/issuu.com\/amatimmobiliaris\/docs\/sopars_entorn_immobiliari\">Sopars de l&#8217;Entorn Immobiliari<\/a><\/span> que se celebren una vegada al mes i compten amb personalitats del m\u00f3n cultural, econ\u00f2mic o pol\u00edtic del moment.<\/p>\n<p style=\"text-align: justify;\">No ens podem oblidar del <strong>calendari anual<\/strong> que Amat fa arribar als seus clients sempre sota una tem\u00e0tica cultural. Aquest any, sense anar m\u00e9s lluny, el protagonista \u00e9s el set\u00e8 centenari de la mort de Ram\u00f3n Llull.<\/p>\n<p style=\"text-align: justify;\">A tot aix\u00f2 sumar-hi tamb\u00e9 les sortides culturals a nivell intern com a element per cohesionar l&#8217;equip de treball.<\/p>\n<p style=\"text-align: justify;\">A Amat <strong>considerem que la cultura \u00e9s un element imprescindible a la societat<\/strong>, que genera un sentiment de pertinen\u00e7a que s&#8217;ha de conservar i potenciar per tal d&#8217;enriquir la societat i els seus actors principals, i\u00a0 <strong>les empreses, en aquest sentit, hi tenim molt a dir.<\/strong><\/p>\n","protected":false},"excerpt":{"rendered":"<p>Cada vegada m\u00e9s les empreses aposten per una conjunci\u00f3 entre cultura corporativa &#8211; formada pels seus valors i filosofia- i la cultura pr\u00f2pia de la societat com l&#8217;art o la m\u00fasica, formant un t\u00e0ndem imprescindible i molt positiu tant per les organitzacions com per a la societat en general. No fa gaire temps el recolzament [&hellip;]<\/p>\n","protected":false},"author":1,"featured_media":12482,"comment_status":"closed","ping_status":"closed","sticky":false,"template":"","format":"standard","meta":{"content-type":"","footnotes":""},"categories":[1155],"tags":[],"yoast_head":"<!-- This site is optimized with the Yoast SEO plugin v23.9 - https:\/\/yoast.com\/wordpress\/plugins\/seo\/ -->\n<title>Culthunting 2015: La import\u00e0ncia de la cultura a l&#039;empresa | Amat Immobiliaris<\/title>\n<meta name=\"description\" content=\"Participem al Culthunting Day 2015, una jornada plena d&#039;idees innovadores. Parlem de la import\u00e0ncia de la cultura a l&#039;empresa.\" \/>\n<meta name=\"robots\" content=\"index, follow, max-snippet:-1, max-image-preview:large, max-video-preview:-1\" \/>\n<link rel=\"canonical\" href=\"https:\/\/www.amatimmobiliaris.com\/w\/ca\/2015\/11\/culthunting-2015-la-importancia-de-la-cultura-a-l-empresa\/\" \/>\n<meta property=\"og:locale\" content=\"ca_ES\" \/>\n<meta property=\"og:type\" content=\"article\" \/>\n<meta property=\"og:title\" content=\"Culthunting 2015: La import\u00e0ncia de la cultura a l&#039;empresa | Amat Immobiliaris\" \/>\n<meta property=\"og:description\" content=\"Participem al Culthunting Day 2015, una jornada plena d&#039;idees innovadores. Parlem de la import\u00e0ncia de la cultura a l&#039;empresa.\" \/>\n<meta property=\"og:url\" content=\"https:\/\/www.amatimmobiliaris.com\/w\/ca\/2015\/11\/culthunting-2015-la-importancia-de-la-cultura-a-l-empresa\/\" \/>\n<meta property=\"og:site_name\" content=\"Amat Immobiliaris\" \/>\n<meta property=\"article:publisher\" content=\"https:\/\/www.facebook.com\/amatimmobiliaris\" \/>\n<meta property=\"article:published_time\" content=\"2015-11-30T16:52:07+00:00\" \/>\n<meta property=\"article:modified_time\" content=\"2023-04-26T15:30:04+00:00\" \/>\n<meta property=\"og:image\" content=\"https:\/\/www.amatimmobiliaris.com\/w\/wp-content\/uploads\/2022\/01\/chday-2.jpg\" \/>\n\t<meta property=\"og:image:width\" content=\"800\" \/>\n\t<meta property=\"og:image:height\" content=\"534\" \/>\n\t<meta property=\"og:image:type\" content=\"image\/jpeg\" \/>\n<meta name=\"author\" content=\"Amat Immobiliaris\" \/>\n<meta name=\"twitter:card\" content=\"summary_large_image\" \/>\n<meta name=\"twitter:creator\" content=\"@amat_cat\" \/>\n<meta name=\"twitter:site\" content=\"@amat_cat\" \/>\n<meta name=\"twitter:label1\" content=\"Escrit per\" \/>\n\t<meta name=\"twitter:data1\" content=\"Amat Immobiliaris\" \/>\n\t<meta name=\"twitter:label2\" content=\"Temps estimat de lectura\" \/>\n\t<meta name=\"twitter:data2\" content=\"3 minuts\" \/>\n<script type=\"application\/ld+json\" class=\"yoast-schema-graph\">{\"@context\":\"https:\/\/schema.org\",\"@graph\":[{\"@type\":\"Article\",\"@id\":\"https:\/\/www.amatimmobiliaris.com\/w\/ca\/2015\/11\/culthunting-2015-la-importancia-de-la-cultura-a-l-empresa\/#article\",\"isPartOf\":{\"@id\":\"https:\/\/www.amatimmobiliaris.com\/w\/ca\/2015\/11\/culthunting-2015-la-importancia-de-la-cultura-a-l-empresa\/\"},\"author\":{\"name\":\"Amat Immobiliaris\",\"@id\":\"https:\/\/www.amatimmobiliaris.com\/w\/#\/schema\/person\/c880da71d1e156e7ea6774ffb445e034\"},\"headline\":\"Culthunting 2015: La import\u00e0ncia de la cultura a l&#8217;empresa\",\"datePublished\":\"2015-11-30T16:52:07+00:00\",\"dateModified\":\"2023-04-26T15:30:04+00:00\",\"mainEntityOfPage\":{\"@id\":\"https:\/\/www.amatimmobiliaris.com\/w\/ca\/2015\/11\/culthunting-2015-la-importancia-de-la-cultura-a-l-empresa\/\"},\"wordCount\":502,\"publisher\":{\"@id\":\"https:\/\/www.amatimmobiliaris.com\/w\/#organization\"},\"image\":{\"@id\":\"https:\/\/www.amatimmobiliaris.com\/w\/ca\/2015\/11\/culthunting-2015-la-importancia-de-la-cultura-a-l-empresa\/#primaryimage\"},\"thumbnailUrl\":\"https:\/\/www.amatimmobiliaris.com\/w\/wp-content\/uploads\/2022\/01\/chday-2.jpg\",\"articleSection\":[\"Esdeveniments\"],\"inLanguage\":\"ca\"},{\"@type\":\"WebPage\",\"@id\":\"https:\/\/www.amatimmobiliaris.com\/w\/ca\/2015\/11\/culthunting-2015-la-importancia-de-la-cultura-a-l-empresa\/\",\"url\":\"https:\/\/www.amatimmobiliaris.com\/w\/ca\/2015\/11\/culthunting-2015-la-importancia-de-la-cultura-a-l-empresa\/\",\"name\":\"Culthunting 2015: La import\u00e0ncia de la cultura a l'empresa | Amat Immobiliaris\",\"isPartOf\":{\"@id\":\"https:\/\/www.amatimmobiliaris.com\/w\/#website\"},\"primaryImageOfPage\":{\"@id\":\"https:\/\/www.amatimmobiliaris.com\/w\/ca\/2015\/11\/culthunting-2015-la-importancia-de-la-cultura-a-l-empresa\/#primaryimage\"},\"image\":{\"@id\":\"https:\/\/www.amatimmobiliaris.com\/w\/ca\/2015\/11\/culthunting-2015-la-importancia-de-la-cultura-a-l-empresa\/#primaryimage\"},\"thumbnailUrl\":\"https:\/\/www.amatimmobiliaris.com\/w\/wp-content\/uploads\/2022\/01\/chday-2.jpg\",\"datePublished\":\"2015-11-30T16:52:07+00:00\",\"dateModified\":\"2023-04-26T15:30:04+00:00\",\"description\":\"Participem al Culthunting Day 2015, una jornada plena d'idees innovadores. Parlem de la import\u00e0ncia de la cultura a l'empresa.\",\"breadcrumb\":{\"@id\":\"https:\/\/www.amatimmobiliaris.com\/w\/ca\/2015\/11\/culthunting-2015-la-importancia-de-la-cultura-a-l-empresa\/#breadcrumb\"},\"inLanguage\":\"ca\",\"potentialAction\":[{\"@type\":\"ReadAction\",\"target\":[\"https:\/\/www.amatimmobiliaris.com\/w\/ca\/2015\/11\/culthunting-2015-la-importancia-de-la-cultura-a-l-empresa\/\"]}]},{\"@type\":\"ImageObject\",\"inLanguage\":\"ca\",\"@id\":\"https:\/\/www.amatimmobiliaris.com\/w\/ca\/2015\/11\/culthunting-2015-la-importancia-de-la-cultura-a-l-empresa\/#primaryimage\",\"url\":\"https:\/\/www.amatimmobiliaris.com\/w\/wp-content\/uploads\/2022\/01\/chday-2.jpg\",\"contentUrl\":\"https:\/\/www.amatimmobiliaris.com\/w\/wp-content\/uploads\/2022\/01\/chday-2.jpg\",\"width\":800,\"height\":534},{\"@type\":\"BreadcrumbList\",\"@id\":\"https:\/\/www.amatimmobiliaris.com\/w\/ca\/2015\/11\/culthunting-2015-la-importancia-de-la-cultura-a-l-empresa\/#breadcrumb\",\"itemListElement\":[{\"@type\":\"ListItem\",\"position\":1,\"name\":\"Home\",\"item\":\"https:\/\/www.amatimmobiliaris.com\/w\/ca\/\"},{\"@type\":\"ListItem\",\"position\":2,\"name\":\"Esdeveniments\",\"item\":\"https:\/\/www.amatimmobiliaris.com\/w\/ca\/categoria-ca\/esdeveniments-ca\/\"},{\"@type\":\"ListItem\",\"position\":3,\"name\":\"Culthunting 2015: La import\u00e0ncia de la cultura a l&#8217;empresa\"}]},{\"@type\":\"WebSite\",\"@id\":\"https:\/\/www.amatimmobiliaris.com\/w\/#website\",\"url\":\"https:\/\/www.amatimmobiliaris.com\/w\/\",\"name\":\"Amat Immobiliaris\",\"description\":\"Empresa familiar del sector inmobiliario con oficinas en Barcelona, Sant Cugat del Vall\u00e9s y Sant Just Desvern. Te ayudamos a comprar, alquilar o vender tu casa o piso. Somos un equipo coherente con una cultura de empresa honesta, innovadora y eficaz. Tambi\u00e9n en www.amatluxury.com\",\"publisher\":{\"@id\":\"https:\/\/www.amatimmobiliaris.com\/w\/#organization\"},\"alternateName\":\"AmatImmo\",\"potentialAction\":[{\"@type\":\"SearchAction\",\"target\":{\"@type\":\"EntryPoint\",\"urlTemplate\":\"https:\/\/www.amatimmobiliaris.com\/w\/?s={search_term_string}\"},\"query-input\":{\"@type\":\"PropertyValueSpecification\",\"valueRequired\":true,\"valueName\":\"search_term_string\"}}],\"inLanguage\":\"ca\"},{\"@type\":\"Organization\",\"@id\":\"https:\/\/www.amatimmobiliaris.com\/w\/#organization\",\"name\":\"Amat Immobiliaris\",\"url\":\"https:\/\/www.amatimmobiliaris.com\/w\/\",\"logo\":{\"@type\":\"ImageObject\",\"inLanguage\":\"ca\",\"@id\":\"https:\/\/www.amatimmobiliaris.com\/w\/#\/schema\/logo\/image\/\",\"url\":\"https:\/\/www.amatimmobiliaris.com\/w\/wp-content\/uploads\/2022\/10\/amat-logo.jpg\",\"contentUrl\":\"https:\/\/www.amatimmobiliaris.com\/w\/wp-content\/uploads\/2022\/10\/amat-logo.jpg\",\"width\":900,\"height\":900,\"caption\":\"Amat Immobiliaris\"},\"image\":{\"@id\":\"https:\/\/www.amatimmobiliaris.com\/w\/#\/schema\/logo\/image\/\"},\"sameAs\":[\"https:\/\/www.facebook.com\/amatimmobiliaris\",\"https:\/\/x.com\/amat_cat\",\"https:\/\/www.instagram.com\/amat_immo\/\",\"https:\/\/www.linkedin.com\/company\/amat-finques\/\",\"https:\/\/www.youtube.com\/@amatimmobiliaris\"]},{\"@type\":\"Person\",\"@id\":\"https:\/\/www.amatimmobiliaris.com\/w\/#\/schema\/person\/c880da71d1e156e7ea6774ffb445e034\",\"name\":\"Amat Immobiliaris\",\"sameAs\":[\"http:\/\/amat-inmo-wp.localhost\"]}]}<\/script>\n<!-- \/ Yoast SEO plugin. -->","yoast_head_json":{"title":"Culthunting 2015: La import\u00e0ncia de la cultura a l'empresa | Amat Immobiliaris","description":"Participem al Culthunting Day 2015, una jornada plena d'idees innovadores. Parlem de la import\u00e0ncia de la cultura a l'empresa.","robots":{"index":"index","follow":"follow","max-snippet":"max-snippet:-1","max-image-preview":"max-image-preview:large","max-video-preview":"max-video-preview:-1"},"canonical":"https:\/\/www.amatimmobiliaris.com\/w\/ca\/2015\/11\/culthunting-2015-la-importancia-de-la-cultura-a-l-empresa\/","og_locale":"ca_ES","og_type":"article","og_title":"Culthunting 2015: La import\u00e0ncia de la cultura a l'empresa | Amat Immobiliaris","og_description":"Participem al Culthunting Day 2015, una jornada plena d'idees innovadores. Parlem de la import\u00e0ncia de la cultura a l'empresa.","og_url":"https:\/\/www.amatimmobiliaris.com\/w\/ca\/2015\/11\/culthunting-2015-la-importancia-de-la-cultura-a-l-empresa\/","og_site_name":"Amat Immobiliaris","article_publisher":"https:\/\/www.facebook.com\/amatimmobiliaris","article_published_time":"2015-11-30T16:52:07+00:00","article_modified_time":"2023-04-26T15:30:04+00:00","og_image":[{"width":800,"height":534,"url":"https:\/\/www.amatimmobiliaris.com\/w\/wp-content\/uploads\/2022\/01\/chday-2.jpg","type":"image\/jpeg"}],"author":"Amat Immobiliaris","twitter_card":"summary_large_image","twitter_creator":"@amat_cat","twitter_site":"@amat_cat","twitter_misc":{"Escrit per":"Amat Immobiliaris","Temps estimat de lectura":"3 minuts"},"schema":{"@context":"https:\/\/schema.org","@graph":[{"@type":"Article","@id":"https:\/\/www.amatimmobiliaris.com\/w\/ca\/2015\/11\/culthunting-2015-la-importancia-de-la-cultura-a-l-empresa\/#article","isPartOf":{"@id":"https:\/\/www.amatimmobiliaris.com\/w\/ca\/2015\/11\/culthunting-2015-la-importancia-de-la-cultura-a-l-empresa\/"},"author":{"name":"Amat Immobiliaris","@id":"https:\/\/www.amatimmobiliaris.com\/w\/#\/schema\/person\/c880da71d1e156e7ea6774ffb445e034"},"headline":"Culthunting 2015: La import\u00e0ncia de la cultura a l&#8217;empresa","datePublished":"2015-11-30T16:52:07+00:00","dateModified":"2023-04-26T15:30:04+00:00","mainEntityOfPage":{"@id":"https:\/\/www.amatimmobiliaris.com\/w\/ca\/2015\/11\/culthunting-2015-la-importancia-de-la-cultura-a-l-empresa\/"},"wordCount":502,"publisher":{"@id":"https:\/\/www.amatimmobiliaris.com\/w\/#organization"},"image":{"@id":"https:\/\/www.amatimmobiliaris.com\/w\/ca\/2015\/11\/culthunting-2015-la-importancia-de-la-cultura-a-l-empresa\/#primaryimage"},"thumbnailUrl":"https:\/\/www.amatimmobiliaris.com\/w\/wp-content\/uploads\/2022\/01\/chday-2.jpg","articleSection":["Esdeveniments"],"inLanguage":"ca"},{"@type":"WebPage","@id":"https:\/\/www.amatimmobiliaris.com\/w\/ca\/2015\/11\/culthunting-2015-la-importancia-de-la-cultura-a-l-empresa\/","url":"https:\/\/www.amatimmobiliaris.com\/w\/ca\/2015\/11\/culthunting-2015-la-importancia-de-la-cultura-a-l-empresa\/","name":"Culthunting 2015: La import\u00e0ncia de la cultura a l'empresa | Amat Immobiliaris","isPartOf":{"@id":"https:\/\/www.amatimmobiliaris.com\/w\/#website"},"primaryImageOfPage":{"@id":"https:\/\/www.amatimmobiliaris.com\/w\/ca\/2015\/11\/culthunting-2015-la-importancia-de-la-cultura-a-l-empresa\/#primaryimage"},"image":{"@id":"https:\/\/www.amatimmobiliaris.com\/w\/ca\/2015\/11\/culthunting-2015-la-importancia-de-la-cultura-a-l-empresa\/#primaryimage"},"thumbnailUrl":"https:\/\/www.amatimmobiliaris.com\/w\/wp-content\/uploads\/2022\/01\/chday-2.jpg","datePublished":"2015-11-30T16:52:07+00:00","dateModified":"2023-04-26T15:30:04+00:00","description":"Participem al Culthunting Day 2015, una jornada plena d'idees innovadores. Parlem de la import\u00e0ncia de la cultura a l'empresa.","breadcrumb":{"@id":"https:\/\/www.amatimmobiliaris.com\/w\/ca\/2015\/11\/culthunting-2015-la-importancia-de-la-cultura-a-l-empresa\/#breadcrumb"},"inLanguage":"ca","potentialAction":[{"@type":"ReadAction","target":["https:\/\/www.amatimmobiliaris.com\/w\/ca\/2015\/11\/culthunting-2015-la-importancia-de-la-cultura-a-l-empresa\/"]}]},{"@type":"ImageObject","inLanguage":"ca","@id":"https:\/\/www.amatimmobiliaris.com\/w\/ca\/2015\/11\/culthunting-2015-la-importancia-de-la-cultura-a-l-empresa\/#primaryimage","url":"https:\/\/www.amatimmobiliaris.com\/w\/wp-content\/uploads\/2022\/01\/chday-2.jpg","contentUrl":"https:\/\/www.amatimmobiliaris.com\/w\/wp-content\/uploads\/2022\/01\/chday-2.jpg","width":800,"height":534},{"@type":"BreadcrumbList","@id":"https:\/\/www.amatimmobiliaris.com\/w\/ca\/2015\/11\/culthunting-2015-la-importancia-de-la-cultura-a-l-empresa\/#breadcrumb","itemListElement":[{"@type":"ListItem","position":1,"name":"Home","item":"https:\/\/www.amatimmobiliaris.com\/w\/ca\/"},{"@type":"ListItem","position":2,"name":"Esdeveniments","item":"https:\/\/www.amatimmobiliaris.com\/w\/ca\/categoria-ca\/esdeveniments-ca\/"},{"@type":"ListItem","position":3,"name":"Culthunting 2015: La import\u00e0ncia de la cultura a l&#8217;empresa"}]},{"@type":"WebSite","@id":"https:\/\/www.amatimmobiliaris.com\/w\/#website","url":"https:\/\/www.amatimmobiliaris.com\/w\/","name":"Amat Immobiliaris","description":"Empresa familiar del sector inmobiliario con oficinas en Barcelona, Sant Cugat del Vall\u00e9s y Sant Just Desvern. Te ayudamos a comprar, alquilar o vender tu casa o piso. Somos un equipo coherente con una cultura de empresa honesta, innovadora y eficaz. Tambi\u00e9n en www.amatluxury.com","publisher":{"@id":"https:\/\/www.amatimmobiliaris.com\/w\/#organization"},"alternateName":"AmatImmo","potentialAction":[{"@type":"SearchAction","target":{"@type":"EntryPoint","urlTemplate":"https:\/\/www.amatimmobiliaris.com\/w\/?s={search_term_string}"},"query-input":{"@type":"PropertyValueSpecification","valueRequired":true,"valueName":"search_term_string"}}],"inLanguage":"ca"},{"@type":"Organization","@id":"https:\/\/www.amatimmobiliaris.com\/w\/#organization","name":"Amat Immobiliaris","url":"https:\/\/www.amatimmobiliaris.com\/w\/","logo":{"@type":"ImageObject","inLanguage":"ca","@id":"https:\/\/www.amatimmobiliaris.com\/w\/#\/schema\/logo\/image\/","url":"https:\/\/www.amatimmobiliaris.com\/w\/wp-content\/uploads\/2022\/10\/amat-logo.jpg","contentUrl":"https:\/\/www.amatimmobiliaris.com\/w\/wp-content\/uploads\/2022\/10\/amat-logo.jpg","width":900,"height":900,"caption":"Amat Immobiliaris"},"image":{"@id":"https:\/\/www.amatimmobiliaris.com\/w\/#\/schema\/logo\/image\/"},"sameAs":["https:\/\/www.facebook.com\/amatimmobiliaris","https:\/\/x.com\/amat_cat","https:\/\/www.instagram.com\/amat_immo\/","https:\/\/www.linkedin.com\/company\/amat-finques\/","https:\/\/www.youtube.com\/@amatimmobiliaris"]},{"@type":"Person","@id":"https:\/\/www.amatimmobiliaris.com\/w\/#\/schema\/person\/c880da71d1e156e7ea6774ffb445e034","name":"Amat Immobiliaris","sameAs":["http:\/\/amat-inmo-wp.localhost"]}]}},"_links":{"self":[{"href":"https:\/\/www.amatimmobiliaris.com\/w\/ca\/wp-json\/wp\/v2\/posts\/12481"}],"collection":[{"href":"https:\/\/www.amatimmobiliaris.com\/w\/ca\/wp-json\/wp\/v2\/posts"}],"about":[{"href":"https:\/\/www.amatimmobiliaris.com\/w\/ca\/wp-json\/wp\/v2\/types\/post"}],"author":[{"embeddable":true,"href":"https:\/\/www.amatimmobiliaris.com\/w\/ca\/wp-json\/wp\/v2\/users\/1"}],"replies":[{"embeddable":true,"href":"https:\/\/www.amatimmobiliaris.com\/w\/ca\/wp-json\/wp\/v2\/comments?post=12481"}],"version-history":[{"count":5,"href":"https:\/\/www.amatimmobiliaris.com\/w\/ca\/wp-json\/wp\/v2\/posts\/12481\/revisions"}],"predecessor-version":[{"id":25685,"href":"https:\/\/www.amatimmobiliaris.com\/w\/ca\/wp-json\/wp\/v2\/posts\/12481\/revisions\/25685"}],"wp:featuredmedia":[{"embeddable":true,"href":"https:\/\/www.amatimmobiliaris.com\/w\/ca\/wp-json\/wp\/v2\/media\/12482"}],"wp:attachment":[{"href":"https:\/\/www.amatimmobiliaris.com\/w\/ca\/wp-json\/wp\/v2\/media?parent=12481"}],"wp:term":[{"taxonomy":"category","embeddable":true,"href":"https:\/\/www.amatimmobiliaris.com\/w\/ca\/wp-json\/wp\/v2\/categories?post=12481"},{"taxonomy":"post_tag","embeddable":true,"href":"https:\/\/www.amatimmobiliaris.com\/w\/ca\/wp-json\/wp\/v2\/tags?post=12481"}],"curies":[{"name":"wp","href":"https:\/\/api.w.org\/{rel}","templated":true}]}}