{"id":12474,"date":"2015-11-23T09:56:22","date_gmt":"2015-11-23T09:56:22","guid":{"rendered":"http:\/\/amat-inmo-wp.localhost\/2015\/11\/23\/18ena-edicio-premis-fidem\/"},"modified":"2023-05-17T14:43:17","modified_gmt":"2023-05-17T14:43:17","slug":"18ena-edicio-premis-fidem","status":"publish","type":"post","link":"https:\/\/www.amatimmobiliaris.com\/w\/ca\/2015\/11\/18ena-edicio-premis-fidem\/","title":{"rendered":"18ena Edici\u00f3 Premis FIDEM"},"content":{"rendered":"<p style=\"text-align: justify;\"><img loading=\"lazy\" decoding=\"async\" class=\"alignleft wp-image-3855 size-medium\" src=\"https:\/\/www.amatimmobiliaris.com\/w\/wp-content\/uploads\/2022\/01\/image11-2-300x225.jpg\" alt=\"image1\" width=\"300\" height=\"225\" \/>El passat dijous 19 de novembre, vam assistir a la <strong>XVIII edici\u00f3 dels Premis de la Fundaci\u00f3 Fidem<\/strong> que van recon\u00e8ixer la tasca de nou empres\u00e0ries i emprenedores catalanes. L&#8217;acte, que va tenir lloc a la Llotja de Mar de Barcelona, va ser presidit per la Presidenta del Parlament, M. H. Sra. <strong>Carme Forcadell<\/strong>, que va manifestar\u00a0 &#8220;Aspiro que, en el nou pa\u00eds que volem construir, sigui normal veure dones liderant el m\u00f3n pol\u00edtic i empresarial, <em>que les dones no cobrin menys que els homes per fer la mateixa feina, que tinguem les mateixes oportunitats<\/em> i posem fi d&#8217;una vegada per totes a la viol\u00e8ncia de g\u00e8nere &#8220;.<\/p>\n<p style=\"text-align: justify;\">L&#8217;alcaldessa de Barcelona, <strong>Ada Colau<\/strong>, tamb\u00e9 va participar a l&#8217;acte i <em>va instar les dones a no ser autocomplaents perqu\u00e8 encara hi ha molta feina per fer en favor de la igualtat de g\u00e8nere<\/em>, i ha considerat que aquest moment de sortida de la crisi ofereix una oportunitat per &#8220;solucionar aquesta anomalia&#8221; i que les dones estiguin ben representades en els espais de decisi\u00f3 i poder.<\/p>\n<p style=\"text-align: justify;\">El premi a la innovaci\u00f3 ha recaigut en la directora comercial de Martiderm, Montse Mart\u00ed, i la directora de R + D + I, Elisa Su\u00f1er; el premi a la comercialitzaci\u00f3 ha estat per a la copropiet\u00e0ria i directora de Vila Viniteca, Eva Vila, i el de la internacionalitzaci\u00f3, per la directora general de Grup Girbau, Merc\u00e8 Girbau. <img loading=\"lazy\" decoding=\"async\" class=\"alignright wp-image-3852 size-medium\" src=\"https:\/\/www.amatimmobiliaris.com\/w\/wp-content\/uploads\/2022\/01\/dsc00764-300x200.jpg\" alt=\"image2\" width=\"300\" height=\"200\" srcset=\"https:\/\/www.amatimmobiliaris.com\/w\/wp-content\/uploads\/2022\/01\/dsc00764-300x200.jpg 300w, https:\/\/www.amatimmobiliaris.com\/w\/wp-content\/uploads\/2022\/01\/dsc00764-1024x683.jpg 1024w, https:\/\/www.amatimmobiliaris.com\/w\/wp-content\/uploads\/2022\/01\/dsc00764-768x512.jpg 768w, https:\/\/www.amatimmobiliaris.com\/w\/wp-content\/uploads\/2022\/01\/dsc00764-1536x1024.jpg 1536w, https:\/\/www.amatimmobiliaris.com\/w\/wp-content\/uploads\/2022\/01\/dsc00764-2048x1365.jpg 2048w\" sizes=\"(max-width: 300px) 100vw, 300px\" \/><\/p>\n<p style=\"text-align: justify;\">La fundadora i directora de M\u00edrame XXL, Claudia Romero, ha rebut el premi al microcr\u00e8dit; la consellera delegada de Bidons Graells, Nat\u00e0lia Albert, a l&#8217;empresa familiar; la s\u00f2cia directora de Raibal, Isabel Mart\u00ednez, al d&#8217;empresa tecnol\u00f2gica, i la directora de recursos humans de Penguin Random House Mondadori Editorial, Marta Grau, ha rebut el premi a la conciliaci\u00f3.<\/p>\n<p style=\"text-align: justify;\">La <strong>Joana Amat,<\/strong> co-directora d&#8217;Amat Immobiliaris, patrona de l&#8217;associaci\u00f3 i futura presidenta, va tancar l&#8217;acte per retre homenatge a la seva presidenta actual, M\u00aa \u00c0ngles Tejada.<\/p>\n<p style=\"text-align: justify;\">\n","protected":false},"excerpt":{"rendered":"<p>El passat dijous 19 de novembre, vam assistir a la XVIII edici\u00f3 dels Premis de la Fundaci\u00f3 Fidem que van recon\u00e8ixer la tasca de nou empres\u00e0ries i emprenedores catalanes. L&#8217;acte, que va tenir lloc a la Llotja de Mar de Barcelona, va ser presidit per la Presidenta del Parlament, M. H. Sra. Carme Forcadell, que [&hellip;]<\/p>\n","protected":false},"author":1,"featured_media":12475,"comment_status":"closed","ping_status":"closed","sticky":false,"template":"","format":"standard","meta":{"content-type":"","footnotes":""},"categories":[1155],"tags":[1713,96,650,1138,1712,521,232,1618],"yoast_head":"<!-- This site is optimized with the Yoast SEO plugin v23.9 - https:\/\/yoast.com\/wordpress\/plugins\/seo\/ -->\n<title>18ena Edici\u00f3 Premis FIDEM | Amat Immobiliaris<\/title>\n<meta name=\"description\" content=\"Joana Amat, codirectora d\u00b4Amat, patrona de l\u00b4associaci\u00f3 i futura presidenta va tancar l&#039;acte de la 18ena Edici\u00f3 Premis FIDEM.\" \/>\n<meta name=\"robots\" content=\"index, nofollow, max-snippet:-1, max-image-preview:large, max-video-preview:-1\" \/>\n<link rel=\"canonical\" href=\"https:\/\/www.amatimmobiliaris.com\/w\/ca\/2015\/11\/18ena-edicio-premis-fidem\/\" \/>\n<meta property=\"og:locale\" content=\"ca_ES\" \/>\n<meta property=\"og:type\" content=\"article\" \/>\n<meta property=\"og:title\" content=\"18ena Edici\u00f3 Premis FIDEM | Amat Immobiliaris\" \/>\n<meta property=\"og:description\" content=\"Joana Amat, codirectora d\u00b4Amat, patrona de l\u00b4associaci\u00f3 i futura presidenta va tancar l&#039;acte de la 18ena Edici\u00f3 Premis FIDEM.\" \/>\n<meta property=\"og:url\" content=\"https:\/\/www.amatimmobiliaris.com\/w\/ca\/2015\/11\/18ena-edicio-premis-fidem\/\" \/>\n<meta property=\"og:site_name\" content=\"Amat Immobiliaris\" \/>\n<meta property=\"article:publisher\" content=\"https:\/\/www.facebook.com\/amatimmobiliaris\" \/>\n<meta property=\"article:published_time\" content=\"2015-11-23T09:56:22+00:00\" \/>\n<meta property=\"article:modified_time\" content=\"2023-05-17T14:43:17+00:00\" \/>\n<meta property=\"og:image\" content=\"https:\/\/www.amatimmobiliaris.com\/w\/wp-content\/uploads\/2022\/01\/image11-2.jpg\" \/>\n\t<meta property=\"og:image:width\" content=\"1632\" \/>\n\t<meta property=\"og:image:height\" content=\"1224\" \/>\n\t<meta property=\"og:image:type\" content=\"image\/jpeg\" \/>\n<meta name=\"author\" content=\"Amat Immobiliaris\" \/>\n<meta name=\"twitter:card\" content=\"summary_large_image\" \/>\n<meta name=\"twitter:creator\" content=\"@amat_cat\" \/>\n<meta name=\"twitter:site\" content=\"@amat_cat\" \/>\n<meta name=\"twitter:label1\" content=\"Escrit per\" \/>\n\t<meta name=\"twitter:data1\" content=\"Amat Immobiliaris\" \/>\n\t<meta name=\"twitter:label2\" content=\"Temps estimat de lectura\" \/>\n\t<meta name=\"twitter:data2\" content=\"2 minuts\" \/>\n<script type=\"application\/ld+json\" class=\"yoast-schema-graph\">{\"@context\":\"https:\/\/schema.org\",\"@graph\":[{\"@type\":\"Article\",\"@id\":\"https:\/\/www.amatimmobiliaris.com\/w\/ca\/2015\/11\/18ena-edicio-premis-fidem\/#article\",\"isPartOf\":{\"@id\":\"https:\/\/www.amatimmobiliaris.com\/w\/ca\/2015\/11\/18ena-edicio-premis-fidem\/\"},\"author\":{\"name\":\"Amat Immobiliaris\",\"@id\":\"https:\/\/www.amatimmobiliaris.com\/w\/#\/schema\/person\/c880da71d1e156e7ea6774ffb445e034\"},\"headline\":\"18ena Edici\u00f3 Premis FIDEM\",\"datePublished\":\"2015-11-23T09:56:22+00:00\",\"dateModified\":\"2023-05-17T14:43:17+00:00\",\"mainEntityOfPage\":{\"@id\":\"https:\/\/www.amatimmobiliaris.com\/w\/ca\/2015\/11\/18ena-edicio-premis-fidem\/\"},\"wordCount\":331,\"publisher\":{\"@id\":\"https:\/\/www.amatimmobiliaris.com\/w\/#organization\"},\"image\":{\"@id\":\"https:\/\/www.amatimmobiliaris.com\/w\/ca\/2015\/11\/18ena-edicio-premis-fidem\/#primaryimage\"},\"thumbnailUrl\":\"https:\/\/www.amatimmobiliaris.com\/w\/wp-content\/uploads\/2022\/01\/image11-2.jpg\",\"keywords\":[\"Dona\",\"Dones empres\u00e0ries\",\"Feminisme\",\"FIDEM\",\"Fundaci\u00f3\",\"Innovaci\u00f3\",\"Oportunitats\",\"Premi\"],\"articleSection\":[\"Esdeveniments\"],\"inLanguage\":\"ca\"},{\"@type\":\"WebPage\",\"@id\":\"https:\/\/www.amatimmobiliaris.com\/w\/ca\/2015\/11\/18ena-edicio-premis-fidem\/\",\"url\":\"https:\/\/www.amatimmobiliaris.com\/w\/ca\/2015\/11\/18ena-edicio-premis-fidem\/\",\"name\":\"18ena Edici\u00f3 Premis FIDEM | Amat Immobiliaris\",\"isPartOf\":{\"@id\":\"https:\/\/www.amatimmobiliaris.com\/w\/#website\"},\"primaryImageOfPage\":{\"@id\":\"https:\/\/www.amatimmobiliaris.com\/w\/ca\/2015\/11\/18ena-edicio-premis-fidem\/#primaryimage\"},\"image\":{\"@id\":\"https:\/\/www.amatimmobiliaris.com\/w\/ca\/2015\/11\/18ena-edicio-premis-fidem\/#primaryimage\"},\"thumbnailUrl\":\"https:\/\/www.amatimmobiliaris.com\/w\/wp-content\/uploads\/2022\/01\/image11-2.jpg\",\"datePublished\":\"2015-11-23T09:56:22+00:00\",\"dateModified\":\"2023-05-17T14:43:17+00:00\",\"description\":\"Joana Amat, codirectora d\u00b4Amat, patrona de l\u00b4associaci\u00f3 i futura presidenta va tancar l'acte de la 18ena Edici\u00f3 Premis FIDEM.\",\"breadcrumb\":{\"@id\":\"https:\/\/www.amatimmobiliaris.com\/w\/ca\/2015\/11\/18ena-edicio-premis-fidem\/#breadcrumb\"},\"inLanguage\":\"ca\",\"potentialAction\":[{\"@type\":\"ReadAction\",\"target\":[\"https:\/\/www.amatimmobiliaris.com\/w\/ca\/2015\/11\/18ena-edicio-premis-fidem\/\"]}]},{\"@type\":\"ImageObject\",\"inLanguage\":\"ca\",\"@id\":\"https:\/\/www.amatimmobiliaris.com\/w\/ca\/2015\/11\/18ena-edicio-premis-fidem\/#primaryimage\",\"url\":\"https:\/\/www.amatimmobiliaris.com\/w\/wp-content\/uploads\/2022\/01\/image11-2.jpg\",\"contentUrl\":\"https:\/\/www.amatimmobiliaris.com\/w\/wp-content\/uploads\/2022\/01\/image11-2.jpg\",\"width\":1632,\"height\":1224},{\"@type\":\"BreadcrumbList\",\"@id\":\"https:\/\/www.amatimmobiliaris.com\/w\/ca\/2015\/11\/18ena-edicio-premis-fidem\/#breadcrumb\",\"itemListElement\":[{\"@type\":\"ListItem\",\"position\":1,\"name\":\"Home\",\"item\":\"https:\/\/www.amatimmobiliaris.com\/w\/ca\/\"},{\"@type\":\"ListItem\",\"position\":2,\"name\":\"Esdeveniments\",\"item\":\"https:\/\/www.amatimmobiliaris.com\/w\/ca\/categoria-ca\/esdeveniments-ca\/\"},{\"@type\":\"ListItem\",\"position\":3,\"name\":\"18ena Edici\u00f3 Premis FIDEM\"}]},{\"@type\":\"WebSite\",\"@id\":\"https:\/\/www.amatimmobiliaris.com\/w\/#website\",\"url\":\"https:\/\/www.amatimmobiliaris.com\/w\/\",\"name\":\"Amat Immobiliaris\",\"description\":\"Empresa familiar del sector inmobiliario con oficinas en Barcelona, Sant Cugat del Vall\u00e9s y Sant Just Desvern. Te ayudamos a comprar, alquilar o vender tu casa o piso. Somos un equipo coherente con una cultura de empresa honesta, innovadora y eficaz. Tambi\u00e9n en www.amatluxury.com\",\"publisher\":{\"@id\":\"https:\/\/www.amatimmobiliaris.com\/w\/#organization\"},\"alternateName\":\"AmatImmo\",\"potentialAction\":[{\"@type\":\"SearchAction\",\"target\":{\"@type\":\"EntryPoint\",\"urlTemplate\":\"https:\/\/www.amatimmobiliaris.com\/w\/?s={search_term_string}\"},\"query-input\":{\"@type\":\"PropertyValueSpecification\",\"valueRequired\":true,\"valueName\":\"search_term_string\"}}],\"inLanguage\":\"ca\"},{\"@type\":\"Organization\",\"@id\":\"https:\/\/www.amatimmobiliaris.com\/w\/#organization\",\"name\":\"Amat Immobiliaris\",\"url\":\"https:\/\/www.amatimmobiliaris.com\/w\/\",\"logo\":{\"@type\":\"ImageObject\",\"inLanguage\":\"ca\",\"@id\":\"https:\/\/www.amatimmobiliaris.com\/w\/#\/schema\/logo\/image\/\",\"url\":\"https:\/\/www.amatimmobiliaris.com\/w\/wp-content\/uploads\/2022\/10\/amat-logo.jpg\",\"contentUrl\":\"https:\/\/www.amatimmobiliaris.com\/w\/wp-content\/uploads\/2022\/10\/amat-logo.jpg\",\"width\":900,\"height\":900,\"caption\":\"Amat Immobiliaris\"},\"image\":{\"@id\":\"https:\/\/www.amatimmobiliaris.com\/w\/#\/schema\/logo\/image\/\"},\"sameAs\":[\"https:\/\/www.facebook.com\/amatimmobiliaris\",\"https:\/\/x.com\/amat_cat\",\"https:\/\/www.instagram.com\/amat_immo\/\",\"https:\/\/www.linkedin.com\/company\/amat-finques\/\",\"https:\/\/www.youtube.com\/@amatimmobiliaris\"]},{\"@type\":\"Person\",\"@id\":\"https:\/\/www.amatimmobiliaris.com\/w\/#\/schema\/person\/c880da71d1e156e7ea6774ffb445e034\",\"name\":\"Amat Immobiliaris\",\"sameAs\":[\"http:\/\/amat-inmo-wp.localhost\"]}]}<\/script>\n<!-- \/ Yoast SEO plugin. -->","yoast_head_json":{"title":"18ena Edici\u00f3 Premis FIDEM | Amat Immobiliaris","description":"Joana Amat, codirectora d\u00b4Amat, patrona de l\u00b4associaci\u00f3 i futura presidenta va tancar l'acte de la 18ena Edici\u00f3 Premis FIDEM.","robots":{"index":"index","follow":"nofollow","max-snippet":"max-snippet:-1","max-image-preview":"max-image-preview:large","max-video-preview":"max-video-preview:-1"},"canonical":"https:\/\/www.amatimmobiliaris.com\/w\/ca\/2015\/11\/18ena-edicio-premis-fidem\/","og_locale":"ca_ES","og_type":"article","og_title":"18ena Edici\u00f3 Premis FIDEM | Amat Immobiliaris","og_description":"Joana Amat, codirectora d\u00b4Amat, patrona de l\u00b4associaci\u00f3 i futura presidenta va tancar l'acte de la 18ena Edici\u00f3 Premis FIDEM.","og_url":"https:\/\/www.amatimmobiliaris.com\/w\/ca\/2015\/11\/18ena-edicio-premis-fidem\/","og_site_name":"Amat Immobiliaris","article_publisher":"https:\/\/www.facebook.com\/amatimmobiliaris","article_published_time":"2015-11-23T09:56:22+00:00","article_modified_time":"2023-05-17T14:43:17+00:00","og_image":[{"width":1632,"height":1224,"url":"https:\/\/www.amatimmobiliaris.com\/w\/wp-content\/uploads\/2022\/01\/image11-2.jpg","type":"image\/jpeg"}],"author":"Amat Immobiliaris","twitter_card":"summary_large_image","twitter_creator":"@amat_cat","twitter_site":"@amat_cat","twitter_misc":{"Escrit per":"Amat Immobiliaris","Temps estimat de lectura":"2 minuts"},"schema":{"@context":"https:\/\/schema.org","@graph":[{"@type":"Article","@id":"https:\/\/www.amatimmobiliaris.com\/w\/ca\/2015\/11\/18ena-edicio-premis-fidem\/#article","isPartOf":{"@id":"https:\/\/www.amatimmobiliaris.com\/w\/ca\/2015\/11\/18ena-edicio-premis-fidem\/"},"author":{"name":"Amat Immobiliaris","@id":"https:\/\/www.amatimmobiliaris.com\/w\/#\/schema\/person\/c880da71d1e156e7ea6774ffb445e034"},"headline":"18ena Edici\u00f3 Premis FIDEM","datePublished":"2015-11-23T09:56:22+00:00","dateModified":"2023-05-17T14:43:17+00:00","mainEntityOfPage":{"@id":"https:\/\/www.amatimmobiliaris.com\/w\/ca\/2015\/11\/18ena-edicio-premis-fidem\/"},"wordCount":331,"publisher":{"@id":"https:\/\/www.amatimmobiliaris.com\/w\/#organization"},"image":{"@id":"https:\/\/www.amatimmobiliaris.com\/w\/ca\/2015\/11\/18ena-edicio-premis-fidem\/#primaryimage"},"thumbnailUrl":"https:\/\/www.amatimmobiliaris.com\/w\/wp-content\/uploads\/2022\/01\/image11-2.jpg","keywords":["Dona","Dones empres\u00e0ries","Feminisme","FIDEM","Fundaci\u00f3","Innovaci\u00f3","Oportunitats","Premi"],"articleSection":["Esdeveniments"],"inLanguage":"ca"},{"@type":"WebPage","@id":"https:\/\/www.amatimmobiliaris.com\/w\/ca\/2015\/11\/18ena-edicio-premis-fidem\/","url":"https:\/\/www.amatimmobiliaris.com\/w\/ca\/2015\/11\/18ena-edicio-premis-fidem\/","name":"18ena Edici\u00f3 Premis FIDEM | Amat Immobiliaris","isPartOf":{"@id":"https:\/\/www.amatimmobiliaris.com\/w\/#website"},"primaryImageOfPage":{"@id":"https:\/\/www.amatimmobiliaris.com\/w\/ca\/2015\/11\/18ena-edicio-premis-fidem\/#primaryimage"},"image":{"@id":"https:\/\/www.amatimmobiliaris.com\/w\/ca\/2015\/11\/18ena-edicio-premis-fidem\/#primaryimage"},"thumbnailUrl":"https:\/\/www.amatimmobiliaris.com\/w\/wp-content\/uploads\/2022\/01\/image11-2.jpg","datePublished":"2015-11-23T09:56:22+00:00","dateModified":"2023-05-17T14:43:17+00:00","description":"Joana Amat, codirectora d\u00b4Amat, patrona de l\u00b4associaci\u00f3 i futura presidenta va tancar l'acte de la 18ena Edici\u00f3 Premis FIDEM.","breadcrumb":{"@id":"https:\/\/www.amatimmobiliaris.com\/w\/ca\/2015\/11\/18ena-edicio-premis-fidem\/#breadcrumb"},"inLanguage":"ca","potentialAction":[{"@type":"ReadAction","target":["https:\/\/www.amatimmobiliaris.com\/w\/ca\/2015\/11\/18ena-edicio-premis-fidem\/"]}]},{"@type":"ImageObject","inLanguage":"ca","@id":"https:\/\/www.amatimmobiliaris.com\/w\/ca\/2015\/11\/18ena-edicio-premis-fidem\/#primaryimage","url":"https:\/\/www.amatimmobiliaris.com\/w\/wp-content\/uploads\/2022\/01\/image11-2.jpg","contentUrl":"https:\/\/www.amatimmobiliaris.com\/w\/wp-content\/uploads\/2022\/01\/image11-2.jpg","width":1632,"height":1224},{"@type":"BreadcrumbList","@id":"https:\/\/www.amatimmobiliaris.com\/w\/ca\/2015\/11\/18ena-edicio-premis-fidem\/#breadcrumb","itemListElement":[{"@type":"ListItem","position":1,"name":"Home","item":"https:\/\/www.amatimmobiliaris.com\/w\/ca\/"},{"@type":"ListItem","position":2,"name":"Esdeveniments","item":"https:\/\/www.amatimmobiliaris.com\/w\/ca\/categoria-ca\/esdeveniments-ca\/"},{"@type":"ListItem","position":3,"name":"18ena Edici\u00f3 Premis FIDEM"}]},{"@type":"WebSite","@id":"https:\/\/www.amatimmobiliaris.com\/w\/#website","url":"https:\/\/www.amatimmobiliaris.com\/w\/","name":"Amat Immobiliaris","description":"Empresa familiar del sector inmobiliario con oficinas en Barcelona, Sant Cugat del Vall\u00e9s y Sant Just Desvern. Te ayudamos a comprar, alquilar o vender tu casa o piso. Somos un equipo coherente con una cultura de empresa honesta, innovadora y eficaz. Tambi\u00e9n en www.amatluxury.com","publisher":{"@id":"https:\/\/www.amatimmobiliaris.com\/w\/#organization"},"alternateName":"AmatImmo","potentialAction":[{"@type":"SearchAction","target":{"@type":"EntryPoint","urlTemplate":"https:\/\/www.amatimmobiliaris.com\/w\/?s={search_term_string}"},"query-input":{"@type":"PropertyValueSpecification","valueRequired":true,"valueName":"search_term_string"}}],"inLanguage":"ca"},{"@type":"Organization","@id":"https:\/\/www.amatimmobiliaris.com\/w\/#organization","name":"Amat Immobiliaris","url":"https:\/\/www.amatimmobiliaris.com\/w\/","logo":{"@type":"ImageObject","inLanguage":"ca","@id":"https:\/\/www.amatimmobiliaris.com\/w\/#\/schema\/logo\/image\/","url":"https:\/\/www.amatimmobiliaris.com\/w\/wp-content\/uploads\/2022\/10\/amat-logo.jpg","contentUrl":"https:\/\/www.amatimmobiliaris.com\/w\/wp-content\/uploads\/2022\/10\/amat-logo.jpg","width":900,"height":900,"caption":"Amat Immobiliaris"},"image":{"@id":"https:\/\/www.amatimmobiliaris.com\/w\/#\/schema\/logo\/image\/"},"sameAs":["https:\/\/www.facebook.com\/amatimmobiliaris","https:\/\/x.com\/amat_cat","https:\/\/www.instagram.com\/amat_immo\/","https:\/\/www.linkedin.com\/company\/amat-finques\/","https:\/\/www.youtube.com\/@amatimmobiliaris"]},{"@type":"Person","@id":"https:\/\/www.amatimmobiliaris.com\/w\/#\/schema\/person\/c880da71d1e156e7ea6774ffb445e034","name":"Amat Immobiliaris","sameAs":["http:\/\/amat-inmo-wp.localhost"]}]}},"_links":{"self":[{"href":"https:\/\/www.amatimmobiliaris.com\/w\/ca\/wp-json\/wp\/v2\/posts\/12474"}],"collection":[{"href":"https:\/\/www.amatimmobiliaris.com\/w\/ca\/wp-json\/wp\/v2\/posts"}],"about":[{"href":"https:\/\/www.amatimmobiliaris.com\/w\/ca\/wp-json\/wp\/v2\/types\/post"}],"author":[{"embeddable":true,"href":"https:\/\/www.amatimmobiliaris.com\/w\/ca\/wp-json\/wp\/v2\/users\/1"}],"replies":[{"embeddable":true,"href":"https:\/\/www.amatimmobiliaris.com\/w\/ca\/wp-json\/wp\/v2\/comments?post=12474"}],"version-history":[{"count":4,"href":"https:\/\/www.amatimmobiliaris.com\/w\/ca\/wp-json\/wp\/v2\/posts\/12474\/revisions"}],"predecessor-version":[{"id":27887,"href":"https:\/\/www.amatimmobiliaris.com\/w\/ca\/wp-json\/wp\/v2\/posts\/12474\/revisions\/27887"}],"wp:featuredmedia":[{"embeddable":true,"href":"https:\/\/www.amatimmobiliaris.com\/w\/ca\/wp-json\/wp\/v2\/media\/12475"}],"wp:attachment":[{"href":"https:\/\/www.amatimmobiliaris.com\/w\/ca\/wp-json\/wp\/v2\/media?parent=12474"}],"wp:term":[{"taxonomy":"category","embeddable":true,"href":"https:\/\/www.amatimmobiliaris.com\/w\/ca\/wp-json\/wp\/v2\/categories?post=12474"},{"taxonomy":"post_tag","embeddable":true,"href":"https:\/\/www.amatimmobiliaris.com\/w\/ca\/wp-json\/wp\/v2\/tags?post=12474"}],"curies":[{"name":"wp","href":"https:\/\/api.w.org\/{rel}","templated":true}]}}