{"id":12455,"date":"2015-11-13T17:01:25","date_gmt":"2015-11-13T17:01:25","guid":{"rendered":"http:\/\/amat-inmo-wp.localhost\/2015\/11\/13\/entrevista-a-romain-lucas\/"},"modified":"2024-05-15T13:53:08","modified_gmt":"2024-05-15T13:53:08","slug":"entrevista-a-romain-lucas","status":"publish","type":"post","link":"https:\/\/www.amatimmobiliaris.com\/w\/ca\/2015\/11\/entrevista-a-romain-lucas\/","title":{"rendered":"Entrevista a Romain Lucas"},"content":{"rendered":"<p style=\"text-align: justify;\"><a href=\"https:\/\/www.amatimmobiliaris.com\/w\/wp-content\/uploads\/2022\/01\/Romain-LUCAS-2.jpg\"><img loading=\"lazy\" decoding=\"async\" class=\"size-medium wp-image-3796 alignleft\" src=\"https:\/\/www.amatimmobiliaris.com\/w\/wp-content\/uploads\/2022\/01\/Romain-LUCAS-2-225x300.jpg\" alt=\"Romain LUCAS\" width=\"225\" height=\"300\" \/><\/a>Romain Lucas \u00e9s arquitecte d&#8217;interior CFAI,\u00a0 expert en Construcci\u00f3, establert a Amboise, Fran\u00e7a, on desenvolupa la seva professi\u00f3 al davant de la seva propia agencia d&#8217;arquitectura. Hem parlat amb ell per con\u00e8ixer les caracter\u00edstiques del <strong>sector del disseny<\/strong> i construcci\u00f3 a Fran\u00e7a i aix\u00f2 \u00e9s el que ens ha explicat.<\/p>\n<blockquote>\n<h3 style=\"text-align: center;\"><em>&#8220;Fins i tot els projectes m\u00e9s bojos s\u00f3n possibles!&#8221;<\/em><\/h3>\n<\/blockquote>\n<p style=\"text-align: justify;\"><strong>Romain, quina \u00e9s la tend\u00e8ncia actual en el disseny d&#8217;interiors\/reformes\/arquitectura a Fran\u00e7a i a nivell internacional<\/strong><\/p>\n<p style=\"text-align: justify;\"><em>Les necessitats evolucionen i ens hem de readaptar als projectes tot <strong>tenint en compte en humanitzar<\/strong> ja que la qualitat de vida esdev\u00e9 m\u00e9s important que una demostraci\u00f3 arquitect\u00f2nica sense hist\u00f2ria.<\/em><\/p>\n<p style=\"text-align: justify;\"><em>No puc generalitzar per\u00f2 al meu nivell, constato amb els nostres projectes i intercanvis amb els nostres clients, que el <strong>\u201cSavoir-faire\u201d franc\u00e8s<\/strong> es mant\u00e9 reconegut a escala internacional i com a vector de valor, de qualitat i d\u2019una gran precisi\u00f3.<\/em><\/p>\n<p style=\"text-align: justify;\"><strong>En qu\u00e8 et bases a l&#8217;hora de dissenyar? Segueixes pautes del propietari? La moda?<\/strong><\/p>\n<p style=\"text-align: justify;\"><em>Des de la meva ag\u00e8ncia creem espais \u00fanics i luxosos, tot conservant la l\u00ednia i l\u2019esperit general de l\u2019edifici, aix\u00ed com <strong>complint les necessitats i la personalitat dels nostres clients.<\/strong><\/em><\/p>\n<p style=\"text-align: justify;\"><em>Cada lloc alberga la seva pr\u00f2pia problem\u00e0tica.\u00a0 Jo intento abans que res <strong>entendre els futurs ocupants<\/strong>. A vegades, incl\u00fas, m\u00e9s enll\u00e0 del que ells mateixos expressen, amb la finalitat d\u2019aportar una resposta \u00fanica en coher\u00e8ncia amb el seu estil de vida o feina, els seus gustos i les seves aspiracions.<\/em><\/p>\n<p style=\"text-align: justify;\"><em>Amb nosaltres, res \u00e9s imposat. Els nostres clients esdevenen els co-creadors del seu propi somni, sense cap mena de restricci\u00f3. <strong>Fins i tot els projectes m\u00e9s bojos s\u00f3n possibles!<\/strong><\/em><\/p>\n<p style=\"text-align: justify;\"><strong>Tens cap tipus de tret identificatiu com a arquitecte\/interiorista?<\/strong><\/p>\n<p style=\"text-align: justify;\"><em>Cada projecte \u00e9s \u00fanic i el <strong>reflex dels nostres clients<\/strong>, que hem apr\u00e8s a con\u00e8ixer durant el proc\u00e9s. No puc fer la mateixa feina o tenir un disseny similar per a un altre projecte tot i que poso molta atenci\u00f3 al fet que en cadascun dels nostres projectes hi hagi una subtil \u201cpicada d\u2019ullet\u201d que faci refer\u00e8ncia a la meva primera professi\u00f3: l&#8217;ebenisteria.<\/em><\/p>\n<p style=\"text-align: justify;\"><strong>Tens alguna an\u00e8cdota d&#8217;algun client de &#8220;luxe&#8221;?<\/strong><\/p>\n<p style=\"text-align: justify;\"><em>Una clienta em va dir recentment que, de fet, jo hauria de definir la meva professi\u00f3 de <strong>\u201cpsic\u00f2leg de l\u2019arquitectura\u201d<\/strong>, que anteriorment ella mai havia estat capa\u00e7 de confiar i parlar lliurement sense que se la jutg\u00e9s,\u00a0 tot i que el seu projecte pogu\u00e9s semblar delirant.<\/em><\/p>\n<p style=\"text-align: justify;\">Aqu\u00ed podeu veure alguns dels projectes d&#8217;en Romain.<\/p>\n<ul>\n<li style=\"text-align: justify;\"><strong>Botiga BO Quartier<\/strong><\/li>\n<\/ul>\n<p style=\"text-align: justify;\">\u00a0\u00a0 <a href=\"https:\/\/www.amatimmobiliaris.com\/w\/wp-content\/uploads\/2022\/01\/IMG_1947-2-scaled.jpg\"><img loading=\"lazy\" decoding=\"async\" class=\"alignnone wp-image-3792\" src=\"https:\/\/www.amatimmobiliaris.com\/w\/wp-content\/uploads\/2022\/01\/IMG_1947-2-scaled.jpg\" alt=\"IMG_1947\" width=\"469\" height=\"302\" \/><\/a> <a href=\"https:\/\/www.amatimmobiliaris.com\/w\/wp-content\/uploads\/2022\/01\/IMG_1884-2-scaled.jpg\"><img loading=\"lazy\" decoding=\"async\" class=\"alignnone size-medium wp-image-3793\" src=\"https:\/\/www.amatimmobiliaris.com\/w\/wp-content\/uploads\/2022\/01\/IMG_1884-2-scaled.jpg\" alt=\"IMG_1884\" width=\"200\" height=\"300\" \/><\/a> <a href=\"https:\/\/www.amatimmobiliaris.com\/w\/wp-content\/uploads\/2022\/01\/sdb-2-scaled.jpg\"><img loading=\"lazy\" decoding=\"async\" class=\"alignnone size-medium wp-image-3794\" src=\"https:\/\/www.amatimmobiliaris.com\/w\/wp-content\/uploads\/2022\/01\/sdb-2-scaled.jpg\" alt=\"sdb\" width=\"194\" height=\"300\" \/><\/a><\/p>\n<p style=\"text-align: justify;\"><span style=\"color: #000000;\">El projecte va ser reunir dues botigues per formar una sola. La rehabilitaci\u00f3 de l&#8217;existent s&#8217;ha aconseguit. L&#8217;escultura del sostre, feta de tubs d&#8217;acer, va ser fet a mida aix\u00ed com tots els articles del mobiliari, incloent-hi els bancs.<\/span><\/p>\n<ul>\n<li style=\"text-align: justify;\"><strong>Villa &#8220;Loire Valley&#8221;<\/strong><\/li>\n<\/ul>\n<p><a href=\"https:\/\/www.amatimmobiliaris.com\/w\/wp-content\/uploads\/2022\/01\/ext-E-2-scaled.jpg\"><img loading=\"lazy\" decoding=\"async\" class=\"alignnone wp-image-3795\" src=\"https:\/\/www.amatimmobiliaris.com\/w\/wp-content\/uploads\/2022\/01\/ext-E-2-scaled.jpg\" alt=\"ext E\" width=\"452\" height=\"301\" \/><\/a> <a href=\"https:\/\/www.amatimmobiliaris.com\/w\/wp-content\/uploads\/2022\/01\/sdb-2-scaled.jpg\"><img loading=\"lazy\" decoding=\"async\" class=\"alignnone size-medium wp-image-3794\" src=\"https:\/\/www.amatimmobiliaris.com\/w\/wp-content\/uploads\/2022\/01\/sdb-2-scaled.jpg\" alt=\"sdb\" width=\"194\" height=\"300\" \/><\/a> <a href=\"https:\/\/www.amatimmobiliaris.com\/w\/wp-content\/uploads\/2022\/01\/IMG_3454-2.jpg\"><img loading=\"lazy\" decoding=\"async\" class=\"alignnone size-medium wp-image-3789\" src=\"https:\/\/www.amatimmobiliaris.com\/w\/wp-content\/uploads\/2022\/01\/IMG_3454-2-200x300.jpg\" alt=\"IMG_3454\" width=\"200\" height=\"300\" \/><\/a><\/p>\n<p style=\"text-align: justify;\"><span style=\"color: #000000;\">Projecte per construir una vila, un terreny dif\u00edcil, estret, bosc\u00f3s, travessat per un rierol i amb vistes al carrer. El disseny permet adaptar la vila a les diverses limitacions, accessible i molt llumin\u00f3s. En aquest projecte tots els elements van ser creats pel seu equip. Les escales s\u00f3n \u00faniques i realitzades al taller per Romain Lucas.<\/span><\/p>\n<p style=\"text-align: justify;\">A la seva <a href=\"https:\/\/romainlucas.fr\/\" target=\"_blank\" rel=\"noopener\">web<\/a> podreu veure alguns dels seus projectes.<\/p>\n","protected":false},"excerpt":{"rendered":"<p>Romain Lucas \u00e9s arquitecte d&#8217;interior CFAI,\u00a0 expert en Construcci\u00f3, establert a Amboise, Fran\u00e7a, on desenvolupa la seva professi\u00f3 al davant de la seva propia agencia d&#8217;arquitectura. Hem parlat amb ell per con\u00e8ixer les caracter\u00edstiques del sector del disseny i construcci\u00f3 a Fran\u00e7a i aix\u00f2 \u00e9s el que ens ha explicat. &#8220;Fins i tot els projectes [&hellip;]<\/p>\n","protected":false},"author":1,"featured_media":12456,"comment_status":"closed","ping_status":"closed","sticky":false,"template":"","format":"standard","meta":{"content-type":"","footnotes":""},"categories":[1147,1630],"tags":[],"yoast_head":"<!-- This site is optimized with the Yoast SEO plugin v23.9 - https:\/\/yoast.com\/wordpress\/plugins\/seo\/ -->\n<title>Entrevista a Romain Lucas | Amat Immobiliaris<\/title>\n<meta name=\"robots\" content=\"index, follow, max-snippet:-1, max-image-preview:large, max-video-preview:-1\" \/>\n<link rel=\"canonical\" href=\"https:\/\/www.amatimmobiliaris.com\/w\/ca\/2015\/11\/entrevista-a-romain-lucas\/\" \/>\n<meta property=\"og:locale\" content=\"ca_ES\" \/>\n<meta property=\"og:type\" content=\"article\" \/>\n<meta property=\"og:title\" content=\"Entrevista a Romain Lucas | Amat Immobiliaris\" \/>\n<meta property=\"og:description\" content=\"Romain Lucas \u00e9s arquitecte d&#8217;interior CFAI,\u00a0 expert en Construcci\u00f3, establert a Amboise, Fran\u00e7a, on desenvolupa la seva professi\u00f3 al davant de la seva propia agencia d&#8217;arquitectura. Hem parlat amb ell per con\u00e8ixer les caracter\u00edstiques del sector del disseny i construcci\u00f3 a Fran\u00e7a i aix\u00f2 \u00e9s el que ens ha explicat. &#8220;Fins i tot els projectes [&hellip;]\" \/>\n<meta property=\"og:url\" content=\"https:\/\/www.amatimmobiliaris.com\/w\/ca\/2015\/11\/entrevista-a-romain-lucas\/\" \/>\n<meta property=\"og:site_name\" content=\"Amat Immobiliaris\" \/>\n<meta property=\"article:publisher\" content=\"https:\/\/www.facebook.com\/amatimmobiliaris\" \/>\n<meta property=\"article:published_time\" content=\"2015-11-13T17:01:25+00:00\" \/>\n<meta property=\"article:modified_time\" content=\"2024-05-15T13:53:08+00:00\" \/>\n<meta property=\"og:image\" content=\"https:\/\/www.amatimmobiliaris.com\/w\/wp-content\/uploads\/2022\/01\/Romain-LUCAS-2.jpg\" \/>\n\t<meta property=\"og:image:width\" content=\"720\" \/>\n\t<meta property=\"og:image:height\" content=\"960\" \/>\n\t<meta property=\"og:image:type\" content=\"image\/jpeg\" \/>\n<meta name=\"author\" content=\"Amat Immobiliaris\" \/>\n<meta name=\"twitter:card\" content=\"summary_large_image\" \/>\n<meta name=\"twitter:creator\" content=\"@amat_cat\" \/>\n<meta name=\"twitter:site\" content=\"@amat_cat\" \/>\n<meta name=\"twitter:label1\" content=\"Escrit per\" \/>\n\t<meta name=\"twitter:data1\" content=\"Amat Immobiliaris\" \/>\n\t<meta name=\"twitter:label2\" content=\"Temps estimat de lectura\" \/>\n\t<meta name=\"twitter:data2\" content=\"4 minuts\" \/>\n<script type=\"application\/ld+json\" class=\"yoast-schema-graph\">{\"@context\":\"https:\/\/schema.org\",\"@graph\":[{\"@type\":\"Article\",\"@id\":\"https:\/\/www.amatimmobiliaris.com\/w\/ca\/2015\/11\/entrevista-a-romain-lucas\/#article\",\"isPartOf\":{\"@id\":\"https:\/\/www.amatimmobiliaris.com\/w\/ca\/2015\/11\/entrevista-a-romain-lucas\/\"},\"author\":{\"name\":\"Amat Immobiliaris\",\"@id\":\"https:\/\/www.amatimmobiliaris.com\/w\/#\/schema\/person\/c880da71d1e156e7ea6774ffb445e034\"},\"headline\":\"Entrevista a Romain Lucas\",\"datePublished\":\"2015-11-13T17:01:25+00:00\",\"dateModified\":\"2024-05-15T13:53:08+00:00\",\"mainEntityOfPage\":{\"@id\":\"https:\/\/www.amatimmobiliaris.com\/w\/ca\/2015\/11\/entrevista-a-romain-lucas\/\"},\"wordCount\":559,\"publisher\":{\"@id\":\"https:\/\/www.amatimmobiliaris.com\/w\/#organization\"},\"image\":{\"@id\":\"https:\/\/www.amatimmobiliaris.com\/w\/ca\/2015\/11\/entrevista-a-romain-lucas\/#primaryimage\"},\"thumbnailUrl\":\"https:\/\/www.amatimmobiliaris.com\/w\/wp-content\/uploads\/2022\/01\/Romain-LUCAS-2.jpg\",\"articleSection\":[\"El m\u00f3n Amat\",\"Entrevistes\"],\"inLanguage\":\"ca\"},{\"@type\":\"WebPage\",\"@id\":\"https:\/\/www.amatimmobiliaris.com\/w\/ca\/2015\/11\/entrevista-a-romain-lucas\/\",\"url\":\"https:\/\/www.amatimmobiliaris.com\/w\/ca\/2015\/11\/entrevista-a-romain-lucas\/\",\"name\":\"Entrevista a Romain Lucas | Amat Immobiliaris\",\"isPartOf\":{\"@id\":\"https:\/\/www.amatimmobiliaris.com\/w\/#website\"},\"primaryImageOfPage\":{\"@id\":\"https:\/\/www.amatimmobiliaris.com\/w\/ca\/2015\/11\/entrevista-a-romain-lucas\/#primaryimage\"},\"image\":{\"@id\":\"https:\/\/www.amatimmobiliaris.com\/w\/ca\/2015\/11\/entrevista-a-romain-lucas\/#primaryimage\"},\"thumbnailUrl\":\"https:\/\/www.amatimmobiliaris.com\/w\/wp-content\/uploads\/2022\/01\/Romain-LUCAS-2.jpg\",\"datePublished\":\"2015-11-13T17:01:25+00:00\",\"dateModified\":\"2024-05-15T13:53:08+00:00\",\"breadcrumb\":{\"@id\":\"https:\/\/www.amatimmobiliaris.com\/w\/ca\/2015\/11\/entrevista-a-romain-lucas\/#breadcrumb\"},\"inLanguage\":\"ca\",\"potentialAction\":[{\"@type\":\"ReadAction\",\"target\":[\"https:\/\/www.amatimmobiliaris.com\/w\/ca\/2015\/11\/entrevista-a-romain-lucas\/\"]}]},{\"@type\":\"ImageObject\",\"inLanguage\":\"ca\",\"@id\":\"https:\/\/www.amatimmobiliaris.com\/w\/ca\/2015\/11\/entrevista-a-romain-lucas\/#primaryimage\",\"url\":\"https:\/\/www.amatimmobiliaris.com\/w\/wp-content\/uploads\/2022\/01\/Romain-LUCAS-2.jpg\",\"contentUrl\":\"https:\/\/www.amatimmobiliaris.com\/w\/wp-content\/uploads\/2022\/01\/Romain-LUCAS-2.jpg\",\"width\":720,\"height\":960},{\"@type\":\"BreadcrumbList\",\"@id\":\"https:\/\/www.amatimmobiliaris.com\/w\/ca\/2015\/11\/entrevista-a-romain-lucas\/#breadcrumb\",\"itemListElement\":[{\"@type\":\"ListItem\",\"position\":1,\"name\":\"Home\",\"item\":\"https:\/\/www.amatimmobiliaris.com\/w\/ca\/\"},{\"@type\":\"ListItem\",\"position\":2,\"name\":\"El m\u00f3n Amat\",\"item\":\"https:\/\/www.amatimmobiliaris.com\/w\/ca\/categoria-ca\/el-mon-amat-ca\/\"},{\"@type\":\"ListItem\",\"position\":3,\"name\":\"Entrevistes\",\"item\":\"https:\/\/www.amatimmobiliaris.com\/w\/ca\/categoria-ca\/el-mon-amat-ca\/entrevistes-ca\/\"},{\"@type\":\"ListItem\",\"position\":4,\"name\":\"Entrevista a Romain Lucas\"}]},{\"@type\":\"WebSite\",\"@id\":\"https:\/\/www.amatimmobiliaris.com\/w\/#website\",\"url\":\"https:\/\/www.amatimmobiliaris.com\/w\/\",\"name\":\"Amat Immobiliaris\",\"description\":\"Empresa familiar del sector inmobiliario con oficinas en Barcelona, Sant Cugat del Vall\u00e9s y Sant Just Desvern. Te ayudamos a comprar, alquilar o vender tu casa o piso. Somos un equipo coherente con una cultura de empresa honesta, innovadora y eficaz. Tambi\u00e9n en www.amatluxury.com\",\"publisher\":{\"@id\":\"https:\/\/www.amatimmobiliaris.com\/w\/#organization\"},\"alternateName\":\"AmatImmo\",\"potentialAction\":[{\"@type\":\"SearchAction\",\"target\":{\"@type\":\"EntryPoint\",\"urlTemplate\":\"https:\/\/www.amatimmobiliaris.com\/w\/?s={search_term_string}\"},\"query-input\":{\"@type\":\"PropertyValueSpecification\",\"valueRequired\":true,\"valueName\":\"search_term_string\"}}],\"inLanguage\":\"ca\"},{\"@type\":\"Organization\",\"@id\":\"https:\/\/www.amatimmobiliaris.com\/w\/#organization\",\"name\":\"Amat Immobiliaris\",\"url\":\"https:\/\/www.amatimmobiliaris.com\/w\/\",\"logo\":{\"@type\":\"ImageObject\",\"inLanguage\":\"ca\",\"@id\":\"https:\/\/www.amatimmobiliaris.com\/w\/#\/schema\/logo\/image\/\",\"url\":\"https:\/\/www.amatimmobiliaris.com\/w\/wp-content\/uploads\/2022\/10\/amat-logo.jpg\",\"contentUrl\":\"https:\/\/www.amatimmobiliaris.com\/w\/wp-content\/uploads\/2022\/10\/amat-logo.jpg\",\"width\":900,\"height\":900,\"caption\":\"Amat Immobiliaris\"},\"image\":{\"@id\":\"https:\/\/www.amatimmobiliaris.com\/w\/#\/schema\/logo\/image\/\"},\"sameAs\":[\"https:\/\/www.facebook.com\/amatimmobiliaris\",\"https:\/\/x.com\/amat_cat\",\"https:\/\/www.instagram.com\/amat_immo\/\",\"https:\/\/www.linkedin.com\/company\/amat-finques\/\",\"https:\/\/www.youtube.com\/@amatimmobiliaris\"]},{\"@type\":\"Person\",\"@id\":\"https:\/\/www.amatimmobiliaris.com\/w\/#\/schema\/person\/c880da71d1e156e7ea6774ffb445e034\",\"name\":\"Amat Immobiliaris\",\"sameAs\":[\"http:\/\/amat-inmo-wp.localhost\"]}]}<\/script>\n<!-- \/ Yoast SEO plugin. -->","yoast_head_json":{"title":"Entrevista a Romain Lucas | Amat Immobiliaris","robots":{"index":"index","follow":"follow","max-snippet":"max-snippet:-1","max-image-preview":"max-image-preview:large","max-video-preview":"max-video-preview:-1"},"canonical":"https:\/\/www.amatimmobiliaris.com\/w\/ca\/2015\/11\/entrevista-a-romain-lucas\/","og_locale":"ca_ES","og_type":"article","og_title":"Entrevista a Romain Lucas | Amat Immobiliaris","og_description":"Romain Lucas \u00e9s arquitecte d&#8217;interior CFAI,\u00a0 expert en Construcci\u00f3, establert a Amboise, Fran\u00e7a, on desenvolupa la seva professi\u00f3 al davant de la seva propia agencia d&#8217;arquitectura. Hem parlat amb ell per con\u00e8ixer les caracter\u00edstiques del sector del disseny i construcci\u00f3 a Fran\u00e7a i aix\u00f2 \u00e9s el que ens ha explicat. &#8220;Fins i tot els projectes [&hellip;]","og_url":"https:\/\/www.amatimmobiliaris.com\/w\/ca\/2015\/11\/entrevista-a-romain-lucas\/","og_site_name":"Amat Immobiliaris","article_publisher":"https:\/\/www.facebook.com\/amatimmobiliaris","article_published_time":"2015-11-13T17:01:25+00:00","article_modified_time":"2024-05-15T13:53:08+00:00","og_image":[{"width":720,"height":960,"url":"https:\/\/www.amatimmobiliaris.com\/w\/wp-content\/uploads\/2022\/01\/Romain-LUCAS-2.jpg","type":"image\/jpeg"}],"author":"Amat Immobiliaris","twitter_card":"summary_large_image","twitter_creator":"@amat_cat","twitter_site":"@amat_cat","twitter_misc":{"Escrit per":"Amat Immobiliaris","Temps estimat de lectura":"4 minuts"},"schema":{"@context":"https:\/\/schema.org","@graph":[{"@type":"Article","@id":"https:\/\/www.amatimmobiliaris.com\/w\/ca\/2015\/11\/entrevista-a-romain-lucas\/#article","isPartOf":{"@id":"https:\/\/www.amatimmobiliaris.com\/w\/ca\/2015\/11\/entrevista-a-romain-lucas\/"},"author":{"name":"Amat Immobiliaris","@id":"https:\/\/www.amatimmobiliaris.com\/w\/#\/schema\/person\/c880da71d1e156e7ea6774ffb445e034"},"headline":"Entrevista a Romain Lucas","datePublished":"2015-11-13T17:01:25+00:00","dateModified":"2024-05-15T13:53:08+00:00","mainEntityOfPage":{"@id":"https:\/\/www.amatimmobiliaris.com\/w\/ca\/2015\/11\/entrevista-a-romain-lucas\/"},"wordCount":559,"publisher":{"@id":"https:\/\/www.amatimmobiliaris.com\/w\/#organization"},"image":{"@id":"https:\/\/www.amatimmobiliaris.com\/w\/ca\/2015\/11\/entrevista-a-romain-lucas\/#primaryimage"},"thumbnailUrl":"https:\/\/www.amatimmobiliaris.com\/w\/wp-content\/uploads\/2022\/01\/Romain-LUCAS-2.jpg","articleSection":["El m\u00f3n Amat","Entrevistes"],"inLanguage":"ca"},{"@type":"WebPage","@id":"https:\/\/www.amatimmobiliaris.com\/w\/ca\/2015\/11\/entrevista-a-romain-lucas\/","url":"https:\/\/www.amatimmobiliaris.com\/w\/ca\/2015\/11\/entrevista-a-romain-lucas\/","name":"Entrevista a Romain Lucas | Amat Immobiliaris","isPartOf":{"@id":"https:\/\/www.amatimmobiliaris.com\/w\/#website"},"primaryImageOfPage":{"@id":"https:\/\/www.amatimmobiliaris.com\/w\/ca\/2015\/11\/entrevista-a-romain-lucas\/#primaryimage"},"image":{"@id":"https:\/\/www.amatimmobiliaris.com\/w\/ca\/2015\/11\/entrevista-a-romain-lucas\/#primaryimage"},"thumbnailUrl":"https:\/\/www.amatimmobiliaris.com\/w\/wp-content\/uploads\/2022\/01\/Romain-LUCAS-2.jpg","datePublished":"2015-11-13T17:01:25+00:00","dateModified":"2024-05-15T13:53:08+00:00","breadcrumb":{"@id":"https:\/\/www.amatimmobiliaris.com\/w\/ca\/2015\/11\/entrevista-a-romain-lucas\/#breadcrumb"},"inLanguage":"ca","potentialAction":[{"@type":"ReadAction","target":["https:\/\/www.amatimmobiliaris.com\/w\/ca\/2015\/11\/entrevista-a-romain-lucas\/"]}]},{"@type":"ImageObject","inLanguage":"ca","@id":"https:\/\/www.amatimmobiliaris.com\/w\/ca\/2015\/11\/entrevista-a-romain-lucas\/#primaryimage","url":"https:\/\/www.amatimmobiliaris.com\/w\/wp-content\/uploads\/2022\/01\/Romain-LUCAS-2.jpg","contentUrl":"https:\/\/www.amatimmobiliaris.com\/w\/wp-content\/uploads\/2022\/01\/Romain-LUCAS-2.jpg","width":720,"height":960},{"@type":"BreadcrumbList","@id":"https:\/\/www.amatimmobiliaris.com\/w\/ca\/2015\/11\/entrevista-a-romain-lucas\/#breadcrumb","itemListElement":[{"@type":"ListItem","position":1,"name":"Home","item":"https:\/\/www.amatimmobiliaris.com\/w\/ca\/"},{"@type":"ListItem","position":2,"name":"El m\u00f3n Amat","item":"https:\/\/www.amatimmobiliaris.com\/w\/ca\/categoria-ca\/el-mon-amat-ca\/"},{"@type":"ListItem","position":3,"name":"Entrevistes","item":"https:\/\/www.amatimmobiliaris.com\/w\/ca\/categoria-ca\/el-mon-amat-ca\/entrevistes-ca\/"},{"@type":"ListItem","position":4,"name":"Entrevista a Romain Lucas"}]},{"@type":"WebSite","@id":"https:\/\/www.amatimmobiliaris.com\/w\/#website","url":"https:\/\/www.amatimmobiliaris.com\/w\/","name":"Amat Immobiliaris","description":"Empresa familiar del sector inmobiliario con oficinas en Barcelona, Sant Cugat del Vall\u00e9s y Sant Just Desvern. Te ayudamos a comprar, alquilar o vender tu casa o piso. Somos un equipo coherente con una cultura de empresa honesta, innovadora y eficaz. Tambi\u00e9n en www.amatluxury.com","publisher":{"@id":"https:\/\/www.amatimmobiliaris.com\/w\/#organization"},"alternateName":"AmatImmo","potentialAction":[{"@type":"SearchAction","target":{"@type":"EntryPoint","urlTemplate":"https:\/\/www.amatimmobiliaris.com\/w\/?s={search_term_string}"},"query-input":{"@type":"PropertyValueSpecification","valueRequired":true,"valueName":"search_term_string"}}],"inLanguage":"ca"},{"@type":"Organization","@id":"https:\/\/www.amatimmobiliaris.com\/w\/#organization","name":"Amat Immobiliaris","url":"https:\/\/www.amatimmobiliaris.com\/w\/","logo":{"@type":"ImageObject","inLanguage":"ca","@id":"https:\/\/www.amatimmobiliaris.com\/w\/#\/schema\/logo\/image\/","url":"https:\/\/www.amatimmobiliaris.com\/w\/wp-content\/uploads\/2022\/10\/amat-logo.jpg","contentUrl":"https:\/\/www.amatimmobiliaris.com\/w\/wp-content\/uploads\/2022\/10\/amat-logo.jpg","width":900,"height":900,"caption":"Amat Immobiliaris"},"image":{"@id":"https:\/\/www.amatimmobiliaris.com\/w\/#\/schema\/logo\/image\/"},"sameAs":["https:\/\/www.facebook.com\/amatimmobiliaris","https:\/\/x.com\/amat_cat","https:\/\/www.instagram.com\/amat_immo\/","https:\/\/www.linkedin.com\/company\/amat-finques\/","https:\/\/www.youtube.com\/@amatimmobiliaris"]},{"@type":"Person","@id":"https:\/\/www.amatimmobiliaris.com\/w\/#\/schema\/person\/c880da71d1e156e7ea6774ffb445e034","name":"Amat Immobiliaris","sameAs":["http:\/\/amat-inmo-wp.localhost"]}]}},"_links":{"self":[{"href":"https:\/\/www.amatimmobiliaris.com\/w\/ca\/wp-json\/wp\/v2\/posts\/12455"}],"collection":[{"href":"https:\/\/www.amatimmobiliaris.com\/w\/ca\/wp-json\/wp\/v2\/posts"}],"about":[{"href":"https:\/\/www.amatimmobiliaris.com\/w\/ca\/wp-json\/wp\/v2\/types\/post"}],"author":[{"embeddable":true,"href":"https:\/\/www.amatimmobiliaris.com\/w\/ca\/wp-json\/wp\/v2\/users\/1"}],"replies":[{"embeddable":true,"href":"https:\/\/www.amatimmobiliaris.com\/w\/ca\/wp-json\/wp\/v2\/comments?post=12455"}],"version-history":[{"count":3,"href":"https:\/\/www.amatimmobiliaris.com\/w\/ca\/wp-json\/wp\/v2\/posts\/12455\/revisions"}],"predecessor-version":[{"id":34967,"href":"https:\/\/www.amatimmobiliaris.com\/w\/ca\/wp-json\/wp\/v2\/posts\/12455\/revisions\/34967"}],"wp:featuredmedia":[{"embeddable":true,"href":"https:\/\/www.amatimmobiliaris.com\/w\/ca\/wp-json\/wp\/v2\/media\/12456"}],"wp:attachment":[{"href":"https:\/\/www.amatimmobiliaris.com\/w\/ca\/wp-json\/wp\/v2\/media?parent=12455"}],"wp:term":[{"taxonomy":"category","embeddable":true,"href":"https:\/\/www.amatimmobiliaris.com\/w\/ca\/wp-json\/wp\/v2\/categories?post=12455"},{"taxonomy":"post_tag","embeddable":true,"href":"https:\/\/www.amatimmobiliaris.com\/w\/ca\/wp-json\/wp\/v2\/tags?post=12455"}],"curies":[{"name":"wp","href":"https:\/\/api.w.org\/{rel}","templated":true}]}}