{"id":12428,"date":"2015-09-10T10:07:29","date_gmt":"2015-09-10T10:07:29","guid":{"rendered":"http:\/\/amat-inmo-wp.localhost\/2015\/09\/10\/ha-tocat-fons-el-mercat-espanyol\/"},"modified":"2023-04-25T12:28:19","modified_gmt":"2023-04-25T12:28:19","slug":"ha-tocat-fons-el-mercat-espanyol","status":"publish","type":"post","link":"https:\/\/www.amatimmobiliaris.com\/w\/ca\/2015\/09\/ha-tocat-fons-el-mercat-espanyol\/","title":{"rendered":"Ha tocat fons el mercat espanyol?"},"content":{"rendered":"<p style=\"text-align: justify;\">Fa unes setmanes que els mitjans de comunicaci\u00f3 es q\u00fcestionen si encara culeja la <strong>crisi immobili\u00e0ria<\/strong> a l\u2019estat espanyol. De fet, durant l\u2019\u00faltim mes, nosaltres mateixos ens em trobat amb aquesta pregunta formulada per col\u00b7legues, nacionals i internacionals, del sector: ha tocat fons el mercat espanyol?<\/p>\n<p style=\"text-align: justify;\"><a href=\"https:\/\/www.amatimmobiliaris.com\/w\/wp-content\/uploads\/2022\/01\/buildings2-2.jpg\"><img loading=\"lazy\" decoding=\"async\" class=\"alignright size-medium wp-image-3127\" title=\"Mercat immobiliari\" src=\"https:\/\/www.amatimmobiliaris.com\/w\/wp-content\/uploads\/2022\/01\/buildings2-2.jpg\" alt=\"\" width=\"199\" height=\"300\" \/><\/a>En la nostra opini\u00f3 <strong>el mercat en general ja ha tocat fons<\/strong>, tot i que s\u2019ha de tenir en compte que el seu comportament \u00e9s molt diferent segons les zones. A ciutats com Madrid i Barcelona o algunes zones de costa, el mercat ja va tocar fons a principis del 2014.<\/p>\n<p style=\"text-align: justify;\">\u00a0La q\u00fcesti\u00f3 dels preus \u00e9s totalment relativa a les zones, evidentment. Per exemple, dintre la mateixa ciutat de Barcelona l\u2019evoluci\u00f3 \u00e9s molt diferent segons de quin barri es tracti. En els barris de m\u00e9s demanda de la ciutat s\u2019ha comen\u00e7at el 2015 amb poc estoc disponible i, segurament, aix\u00f2 ha fet pujar els preus m\u00e9s r\u00e0pidament del que s\u2019esperava.<\/p>\n<p style=\"text-align: justify;\">\u00a0Tamb\u00e9 s\u2019ha de tenir en compte que en <strong>algunes zones els preus s\u00f3n an\u00f2malament baixos<\/strong> ja que es van reajustar molt per absorbir un gran estoc i, pot ser amb la millora de les vendes, el percentatge d\u2019increment de preu \u00e9s alt els primers anys de recuperaci\u00f3, per\u00f2 aix\u00f2 no vol dir que aquesta tend\u00e8ncia s\u2019hagi de mantenir.<\/p>\n<p style=\"text-align: justify;\"><strong>Creiem que de mitja els preus poden pujar entre un 2% i un 3%<\/strong>. En zones molt determinades amb poc estoc i molta demanda hem vist durant l\u2019\u00faltim any increments per sobre del 10%, tot i que s\u00f3n excepcions.<\/p>\n<p style=\"text-align: justify;\">\u00a0Aquest canvi de tend\u00e8ncia el vam comen\u00e7ar a veure al 2014 als mercats amb els que treball\u00e0vem habitualment on\u00a0 vam notar un increment molt significatiu de vendes respecte al 2013. <strong>El n\u00famero d\u2019operacions fetes va augmentar de forma molt significativa<\/strong>, per sobre del 50% en n\u00famero d\u2019operacions i per sobre del 15% en volum.<\/p>\n<p style=\"text-align: justify;\">\u00a0Tot i que a Amat Immobiliaris estem especialitzats en el mercat de Barcelona i la seva \u00e0rea perif\u00e8rica residencial, \u00a0en aquest augment <strong>ha estat molt significativa la compra per part de capital estranger<\/strong> ja des del 2011 i que a nosaltres ens suposa gaireb\u00e9 un 50% de totes les compres.<\/p>\n<p style=\"text-align: justify;\">\u00a0<a href=\"https:\/\/www.amatimmobiliaris.com\/w\/wp-content\/uploads\/2022\/01\/costa-menorca-2.jpg\"><img loading=\"lazy\" decoding=\"async\" class=\"size-medium wp-image-3129 alignleft\" title=\"costa menorca\" src=\"https:\/\/www.amatimmobiliaris.com\/w\/wp-content\/uploads\/2022\/01\/costa-menorca-2-300x225.jpg\" alt=\"\" width=\"300\" height=\"225\" \/><\/a>Hist\u00f2ricament a les illes o costes espanyoles, sempre hi ha hagut molt comprador estranger, per\u00f2 on ha canviat significativament durant els \u00faltims 5-6 anys ha estat a les ciutats. A algunes com Madrid i, sobretot, Barcelona, el comprador estranger avui ja t\u00e9 un pes significatiu en el mercat immobiliari. Les dades diuen que al 2014 entre un 12% i un 13% del mercat immobiliari espanyol van ser compres d\u2019estrangers.<\/p>\n<p style=\"text-align: justify;\"><strong>Les nacionalitats dominants de compradors canvien molt en funci\u00f3 de les zones<\/strong>. A nivell global els compradors brit\u00e0nics, francesos, russos, alemanys, belgues i escandinaus dominen el mercat. Al 2014, en el nostre cas, russos i nord-africans van ser els m\u00e9s freq\u00fcents. Addicionalment a aquestes, d\u2019altres nacionalitats van ser els francesos, belgues, brit\u00e0nics i xinesos.<\/p>\n<p style=\"text-align: justify;\">\u00a0L\u2019origen dels compradors tamb\u00e9 va canviant segons factors internacionals. <strong>Els \u00faltims anys els compradors dominants havien estat els russos<\/strong> per\u00f2 ja fa quasi un any que tenen menys pres\u00e8ncia. Segurament al llarg de 2015, en canvi, tant brit\u00e0nics com su\u00efssos, xinesos i nord-americans tindran m\u00e9s poder adquisitiu degut a l\u2019evoluci\u00f3 del canvi de les seves monedes respecte al euro.<\/p>\n<p>&nbsp;<\/p>\n<p style=\"text-align: right;\"><strong>\u00a0Guifr\u00e9 Homedes<\/strong><\/p>\n<p style=\"text-align: right;\"><strong>Director Oficina<\/strong><\/p>\n","protected":false},"excerpt":{"rendered":"<p>Fa unes setmanes que els mitjans de comunicaci\u00f3 es q\u00fcestionen si encara culeja la crisi immobili\u00e0ria a l\u2019estat espanyol. De fet, durant l\u2019\u00faltim mes, nosaltres mateixos ens em trobat amb aquesta pregunta formulada per col\u00b7legues, nacionals i internacionals, del sector: ha tocat fons el mercat espanyol? En la nostra opini\u00f3 el mercat en general ja [&hellip;]<\/p>\n","protected":false},"author":1,"featured_media":12429,"comment_status":"closed","ping_status":"closed","sticky":false,"template":"","format":"standard","meta":{"content-type":"","footnotes":""},"categories":[],"tags":[],"yoast_head":"<!-- This site is optimized with the Yoast SEO plugin v23.9 - https:\/\/yoast.com\/wordpress\/plugins\/seo\/ -->\n<title>Ha tocat fons el mercat espanyol? | Amat Immobiliaris<\/title>\n<meta name=\"robots\" content=\"index, follow, max-snippet:-1, max-image-preview:large, max-video-preview:-1\" \/>\n<link rel=\"canonical\" href=\"https:\/\/www.amatimmobiliaris.com\/w\/ca\/2015\/09\/ha-tocat-fons-el-mercat-espanyol\/\" \/>\n<meta property=\"og:locale\" content=\"ca_ES\" \/>\n<meta property=\"og:type\" content=\"article\" \/>\n<meta property=\"og:title\" content=\"Ha tocat fons el mercat espanyol? | Amat Immobiliaris\" \/>\n<meta property=\"og:description\" content=\"Fa unes setmanes que els mitjans de comunicaci\u00f3 es q\u00fcestionen si encara culeja la crisi immobili\u00e0ria a l\u2019estat espanyol. De fet, durant l\u2019\u00faltim mes, nosaltres mateixos ens em trobat amb aquesta pregunta formulada per col\u00b7legues, nacionals i internacionals, del sector: ha tocat fons el mercat espanyol? En la nostra opini\u00f3 el mercat en general ja [&hellip;]\" \/>\n<meta property=\"og:url\" content=\"https:\/\/www.amatimmobiliaris.com\/w\/ca\/2015\/09\/ha-tocat-fons-el-mercat-espanyol\/\" \/>\n<meta property=\"og:site_name\" content=\"Amat Immobiliaris\" \/>\n<meta property=\"article:publisher\" content=\"https:\/\/www.facebook.com\/amatimmobiliaris\" \/>\n<meta property=\"article:published_time\" content=\"2015-09-10T10:07:29+00:00\" \/>\n<meta property=\"article:modified_time\" content=\"2023-04-25T12:28:19+00:00\" \/>\n<meta property=\"og:image\" content=\"https:\/\/www.amatimmobiliaris.com\/w\/wp-content\/uploads\/2022\/01\/buildings2-2.jpg\" \/>\n\t<meta property=\"og:image:width\" content=\"853\" \/>\n\t<meta property=\"og:image:height\" content=\"1280\" \/>\n\t<meta property=\"og:image:type\" content=\"image\/jpeg\" \/>\n<meta name=\"author\" content=\"Amat Immobiliaris\" \/>\n<meta name=\"twitter:card\" content=\"summary_large_image\" \/>\n<meta name=\"twitter:creator\" content=\"@amat_cat\" \/>\n<meta name=\"twitter:site\" content=\"@amat_cat\" \/>\n<meta name=\"twitter:label1\" content=\"Escrit per\" \/>\n\t<meta name=\"twitter:data1\" content=\"Amat Immobiliaris\" \/>\n\t<meta name=\"twitter:label2\" content=\"Temps estimat de lectura\" \/>\n\t<meta name=\"twitter:data2\" content=\"3 minuts\" \/>\n<script type=\"application\/ld+json\" class=\"yoast-schema-graph\">{\"@context\":\"https:\/\/schema.org\",\"@graph\":[{\"@type\":\"Article\",\"@id\":\"https:\/\/www.amatimmobiliaris.com\/w\/ca\/2015\/09\/ha-tocat-fons-el-mercat-espanyol\/#article\",\"isPartOf\":{\"@id\":\"https:\/\/www.amatimmobiliaris.com\/w\/ca\/2015\/09\/ha-tocat-fons-el-mercat-espanyol\/\"},\"author\":{\"name\":\"Amat Immobiliaris\",\"@id\":\"https:\/\/www.amatimmobiliaris.com\/w\/#\/schema\/person\/c880da71d1e156e7ea6774ffb445e034\"},\"headline\":\"Ha tocat fons el mercat espanyol?\",\"datePublished\":\"2015-09-10T10:07:29+00:00\",\"dateModified\":\"2023-04-25T12:28:19+00:00\",\"mainEntityOfPage\":{\"@id\":\"https:\/\/www.amatimmobiliaris.com\/w\/ca\/2015\/09\/ha-tocat-fons-el-mercat-espanyol\/\"},\"wordCount\":577,\"publisher\":{\"@id\":\"https:\/\/www.amatimmobiliaris.com\/w\/#organization\"},\"image\":{\"@id\":\"https:\/\/www.amatimmobiliaris.com\/w\/ca\/2015\/09\/ha-tocat-fons-el-mercat-espanyol\/#primaryimage\"},\"thumbnailUrl\":\"https:\/\/www.amatimmobiliaris.com\/w\/wp-content\/uploads\/2022\/01\/buildings2-2.jpg\",\"inLanguage\":\"ca\"},{\"@type\":\"WebPage\",\"@id\":\"https:\/\/www.amatimmobiliaris.com\/w\/ca\/2015\/09\/ha-tocat-fons-el-mercat-espanyol\/\",\"url\":\"https:\/\/www.amatimmobiliaris.com\/w\/ca\/2015\/09\/ha-tocat-fons-el-mercat-espanyol\/\",\"name\":\"Ha tocat fons el mercat espanyol? | Amat Immobiliaris\",\"isPartOf\":{\"@id\":\"https:\/\/www.amatimmobiliaris.com\/w\/#website\"},\"primaryImageOfPage\":{\"@id\":\"https:\/\/www.amatimmobiliaris.com\/w\/ca\/2015\/09\/ha-tocat-fons-el-mercat-espanyol\/#primaryimage\"},\"image\":{\"@id\":\"https:\/\/www.amatimmobiliaris.com\/w\/ca\/2015\/09\/ha-tocat-fons-el-mercat-espanyol\/#primaryimage\"},\"thumbnailUrl\":\"https:\/\/www.amatimmobiliaris.com\/w\/wp-content\/uploads\/2022\/01\/buildings2-2.jpg\",\"datePublished\":\"2015-09-10T10:07:29+00:00\",\"dateModified\":\"2023-04-25T12:28:19+00:00\",\"breadcrumb\":{\"@id\":\"https:\/\/www.amatimmobiliaris.com\/w\/ca\/2015\/09\/ha-tocat-fons-el-mercat-espanyol\/#breadcrumb\"},\"inLanguage\":\"ca\",\"potentialAction\":[{\"@type\":\"ReadAction\",\"target\":[\"https:\/\/www.amatimmobiliaris.com\/w\/ca\/2015\/09\/ha-tocat-fons-el-mercat-espanyol\/\"]}]},{\"@type\":\"ImageObject\",\"inLanguage\":\"ca\",\"@id\":\"https:\/\/www.amatimmobiliaris.com\/w\/ca\/2015\/09\/ha-tocat-fons-el-mercat-espanyol\/#primaryimage\",\"url\":\"https:\/\/www.amatimmobiliaris.com\/w\/wp-content\/uploads\/2022\/01\/buildings2-2.jpg\",\"contentUrl\":\"https:\/\/www.amatimmobiliaris.com\/w\/wp-content\/uploads\/2022\/01\/buildings2-2.jpg\",\"width\":853,\"height\":1280},{\"@type\":\"BreadcrumbList\",\"@id\":\"https:\/\/www.amatimmobiliaris.com\/w\/ca\/2015\/09\/ha-tocat-fons-el-mercat-espanyol\/#breadcrumb\",\"itemListElement\":[{\"@type\":\"ListItem\",\"position\":1,\"name\":\"Home\",\"item\":\"https:\/\/www.amatimmobiliaris.com\/w\/ca\/\"},{\"@type\":\"ListItem\",\"position\":2,\"name\":\"El m\u00f3n Amat\",\"item\":\"https:\/\/www.amatimmobiliaris.com\/w\/ca\/categoria-ca\/el-mon-amat-ca\/\"},{\"@type\":\"ListItem\",\"position\":3,\"name\":\"Reflexions\",\"item\":\"https:\/\/www.amatimmobiliaris.com\/w\/ca\/categoria-ca\/el-mon-amat-ca\/reflexions-ca\/\"},{\"@type\":\"ListItem\",\"position\":4,\"name\":\"Ha tocat fons el mercat espanyol?\"}]},{\"@type\":\"WebSite\",\"@id\":\"https:\/\/www.amatimmobiliaris.com\/w\/#website\",\"url\":\"https:\/\/www.amatimmobiliaris.com\/w\/\",\"name\":\"Amat Immobiliaris\",\"description\":\"Empresa familiar del sector inmobiliario con oficinas en Barcelona, Sant Cugat del Vall\u00e9s y Sant Just Desvern. Te ayudamos a comprar, alquilar o vender tu casa o piso. Somos un equipo coherente con una cultura de empresa honesta, innovadora y eficaz. Tambi\u00e9n en www.amatluxury.com\",\"publisher\":{\"@id\":\"https:\/\/www.amatimmobiliaris.com\/w\/#organization\"},\"alternateName\":\"AmatImmo\",\"potentialAction\":[{\"@type\":\"SearchAction\",\"target\":{\"@type\":\"EntryPoint\",\"urlTemplate\":\"https:\/\/www.amatimmobiliaris.com\/w\/?s={search_term_string}\"},\"query-input\":{\"@type\":\"PropertyValueSpecification\",\"valueRequired\":true,\"valueName\":\"search_term_string\"}}],\"inLanguage\":\"ca\"},{\"@type\":\"Organization\",\"@id\":\"https:\/\/www.amatimmobiliaris.com\/w\/#organization\",\"name\":\"Amat Immobiliaris\",\"url\":\"https:\/\/www.amatimmobiliaris.com\/w\/\",\"logo\":{\"@type\":\"ImageObject\",\"inLanguage\":\"ca\",\"@id\":\"https:\/\/www.amatimmobiliaris.com\/w\/#\/schema\/logo\/image\/\",\"url\":\"https:\/\/www.amatimmobiliaris.com\/w\/wp-content\/uploads\/2022\/10\/amat-logo.jpg\",\"contentUrl\":\"https:\/\/www.amatimmobiliaris.com\/w\/wp-content\/uploads\/2022\/10\/amat-logo.jpg\",\"width\":900,\"height\":900,\"caption\":\"Amat Immobiliaris\"},\"image\":{\"@id\":\"https:\/\/www.amatimmobiliaris.com\/w\/#\/schema\/logo\/image\/\"},\"sameAs\":[\"https:\/\/www.facebook.com\/amatimmobiliaris\",\"https:\/\/x.com\/amat_cat\",\"https:\/\/www.instagram.com\/amat_immo\/\",\"https:\/\/www.linkedin.com\/company\/amat-finques\/\",\"https:\/\/www.youtube.com\/@amatimmobiliaris\"]},{\"@type\":\"Person\",\"@id\":\"https:\/\/www.amatimmobiliaris.com\/w\/#\/schema\/person\/c880da71d1e156e7ea6774ffb445e034\",\"name\":\"Amat Immobiliaris\",\"sameAs\":[\"http:\/\/amat-inmo-wp.localhost\"]}]}<\/script>\n<!-- \/ Yoast SEO plugin. -->","yoast_head_json":{"title":"Ha tocat fons el mercat espanyol? | Amat Immobiliaris","robots":{"index":"index","follow":"follow","max-snippet":"max-snippet:-1","max-image-preview":"max-image-preview:large","max-video-preview":"max-video-preview:-1"},"canonical":"https:\/\/www.amatimmobiliaris.com\/w\/ca\/2015\/09\/ha-tocat-fons-el-mercat-espanyol\/","og_locale":"ca_ES","og_type":"article","og_title":"Ha tocat fons el mercat espanyol? | Amat Immobiliaris","og_description":"Fa unes setmanes que els mitjans de comunicaci\u00f3 es q\u00fcestionen si encara culeja la crisi immobili\u00e0ria a l\u2019estat espanyol. De fet, durant l\u2019\u00faltim mes, nosaltres mateixos ens em trobat amb aquesta pregunta formulada per col\u00b7legues, nacionals i internacionals, del sector: ha tocat fons el mercat espanyol? En la nostra opini\u00f3 el mercat en general ja [&hellip;]","og_url":"https:\/\/www.amatimmobiliaris.com\/w\/ca\/2015\/09\/ha-tocat-fons-el-mercat-espanyol\/","og_site_name":"Amat Immobiliaris","article_publisher":"https:\/\/www.facebook.com\/amatimmobiliaris","article_published_time":"2015-09-10T10:07:29+00:00","article_modified_time":"2023-04-25T12:28:19+00:00","og_image":[{"width":853,"height":1280,"url":"https:\/\/www.amatimmobiliaris.com\/w\/wp-content\/uploads\/2022\/01\/buildings2-2.jpg","type":"image\/jpeg"}],"author":"Amat Immobiliaris","twitter_card":"summary_large_image","twitter_creator":"@amat_cat","twitter_site":"@amat_cat","twitter_misc":{"Escrit per":"Amat Immobiliaris","Temps estimat de lectura":"3 minuts"},"schema":{"@context":"https:\/\/schema.org","@graph":[{"@type":"Article","@id":"https:\/\/www.amatimmobiliaris.com\/w\/ca\/2015\/09\/ha-tocat-fons-el-mercat-espanyol\/#article","isPartOf":{"@id":"https:\/\/www.amatimmobiliaris.com\/w\/ca\/2015\/09\/ha-tocat-fons-el-mercat-espanyol\/"},"author":{"name":"Amat Immobiliaris","@id":"https:\/\/www.amatimmobiliaris.com\/w\/#\/schema\/person\/c880da71d1e156e7ea6774ffb445e034"},"headline":"Ha tocat fons el mercat espanyol?","datePublished":"2015-09-10T10:07:29+00:00","dateModified":"2023-04-25T12:28:19+00:00","mainEntityOfPage":{"@id":"https:\/\/www.amatimmobiliaris.com\/w\/ca\/2015\/09\/ha-tocat-fons-el-mercat-espanyol\/"},"wordCount":577,"publisher":{"@id":"https:\/\/www.amatimmobiliaris.com\/w\/#organization"},"image":{"@id":"https:\/\/www.amatimmobiliaris.com\/w\/ca\/2015\/09\/ha-tocat-fons-el-mercat-espanyol\/#primaryimage"},"thumbnailUrl":"https:\/\/www.amatimmobiliaris.com\/w\/wp-content\/uploads\/2022\/01\/buildings2-2.jpg","inLanguage":"ca"},{"@type":"WebPage","@id":"https:\/\/www.amatimmobiliaris.com\/w\/ca\/2015\/09\/ha-tocat-fons-el-mercat-espanyol\/","url":"https:\/\/www.amatimmobiliaris.com\/w\/ca\/2015\/09\/ha-tocat-fons-el-mercat-espanyol\/","name":"Ha tocat fons el mercat espanyol? | Amat Immobiliaris","isPartOf":{"@id":"https:\/\/www.amatimmobiliaris.com\/w\/#website"},"primaryImageOfPage":{"@id":"https:\/\/www.amatimmobiliaris.com\/w\/ca\/2015\/09\/ha-tocat-fons-el-mercat-espanyol\/#primaryimage"},"image":{"@id":"https:\/\/www.amatimmobiliaris.com\/w\/ca\/2015\/09\/ha-tocat-fons-el-mercat-espanyol\/#primaryimage"},"thumbnailUrl":"https:\/\/www.amatimmobiliaris.com\/w\/wp-content\/uploads\/2022\/01\/buildings2-2.jpg","datePublished":"2015-09-10T10:07:29+00:00","dateModified":"2023-04-25T12:28:19+00:00","breadcrumb":{"@id":"https:\/\/www.amatimmobiliaris.com\/w\/ca\/2015\/09\/ha-tocat-fons-el-mercat-espanyol\/#breadcrumb"},"inLanguage":"ca","potentialAction":[{"@type":"ReadAction","target":["https:\/\/www.amatimmobiliaris.com\/w\/ca\/2015\/09\/ha-tocat-fons-el-mercat-espanyol\/"]}]},{"@type":"ImageObject","inLanguage":"ca","@id":"https:\/\/www.amatimmobiliaris.com\/w\/ca\/2015\/09\/ha-tocat-fons-el-mercat-espanyol\/#primaryimage","url":"https:\/\/www.amatimmobiliaris.com\/w\/wp-content\/uploads\/2022\/01\/buildings2-2.jpg","contentUrl":"https:\/\/www.amatimmobiliaris.com\/w\/wp-content\/uploads\/2022\/01\/buildings2-2.jpg","width":853,"height":1280},{"@type":"BreadcrumbList","@id":"https:\/\/www.amatimmobiliaris.com\/w\/ca\/2015\/09\/ha-tocat-fons-el-mercat-espanyol\/#breadcrumb","itemListElement":[{"@type":"ListItem","position":1,"name":"Home","item":"https:\/\/www.amatimmobiliaris.com\/w\/ca\/"},{"@type":"ListItem","position":2,"name":"El m\u00f3n Amat","item":"https:\/\/www.amatimmobiliaris.com\/w\/ca\/categoria-ca\/el-mon-amat-ca\/"},{"@type":"ListItem","position":3,"name":"Reflexions","item":"https:\/\/www.amatimmobiliaris.com\/w\/ca\/categoria-ca\/el-mon-amat-ca\/reflexions-ca\/"},{"@type":"ListItem","position":4,"name":"Ha tocat fons el mercat espanyol?"}]},{"@type":"WebSite","@id":"https:\/\/www.amatimmobiliaris.com\/w\/#website","url":"https:\/\/www.amatimmobiliaris.com\/w\/","name":"Amat Immobiliaris","description":"Empresa familiar del sector inmobiliario con oficinas en Barcelona, Sant Cugat del Vall\u00e9s y Sant Just Desvern. Te ayudamos a comprar, alquilar o vender tu casa o piso. Somos un equipo coherente con una cultura de empresa honesta, innovadora y eficaz. Tambi\u00e9n en www.amatluxury.com","publisher":{"@id":"https:\/\/www.amatimmobiliaris.com\/w\/#organization"},"alternateName":"AmatImmo","potentialAction":[{"@type":"SearchAction","target":{"@type":"EntryPoint","urlTemplate":"https:\/\/www.amatimmobiliaris.com\/w\/?s={search_term_string}"},"query-input":{"@type":"PropertyValueSpecification","valueRequired":true,"valueName":"search_term_string"}}],"inLanguage":"ca"},{"@type":"Organization","@id":"https:\/\/www.amatimmobiliaris.com\/w\/#organization","name":"Amat Immobiliaris","url":"https:\/\/www.amatimmobiliaris.com\/w\/","logo":{"@type":"ImageObject","inLanguage":"ca","@id":"https:\/\/www.amatimmobiliaris.com\/w\/#\/schema\/logo\/image\/","url":"https:\/\/www.amatimmobiliaris.com\/w\/wp-content\/uploads\/2022\/10\/amat-logo.jpg","contentUrl":"https:\/\/www.amatimmobiliaris.com\/w\/wp-content\/uploads\/2022\/10\/amat-logo.jpg","width":900,"height":900,"caption":"Amat Immobiliaris"},"image":{"@id":"https:\/\/www.amatimmobiliaris.com\/w\/#\/schema\/logo\/image\/"},"sameAs":["https:\/\/www.facebook.com\/amatimmobiliaris","https:\/\/x.com\/amat_cat","https:\/\/www.instagram.com\/amat_immo\/","https:\/\/www.linkedin.com\/company\/amat-finques\/","https:\/\/www.youtube.com\/@amatimmobiliaris"]},{"@type":"Person","@id":"https:\/\/www.amatimmobiliaris.com\/w\/#\/schema\/person\/c880da71d1e156e7ea6774ffb445e034","name":"Amat Immobiliaris","sameAs":["http:\/\/amat-inmo-wp.localhost"]}]}},"_links":{"self":[{"href":"https:\/\/www.amatimmobiliaris.com\/w\/ca\/wp-json\/wp\/v2\/posts\/12428"}],"collection":[{"href":"https:\/\/www.amatimmobiliaris.com\/w\/ca\/wp-json\/wp\/v2\/posts"}],"about":[{"href":"https:\/\/www.amatimmobiliaris.com\/w\/ca\/wp-json\/wp\/v2\/types\/post"}],"author":[{"embeddable":true,"href":"https:\/\/www.amatimmobiliaris.com\/w\/ca\/wp-json\/wp\/v2\/users\/1"}],"replies":[{"embeddable":true,"href":"https:\/\/www.amatimmobiliaris.com\/w\/ca\/wp-json\/wp\/v2\/comments?post=12428"}],"version-history":[{"count":1,"href":"https:\/\/www.amatimmobiliaris.com\/w\/ca\/wp-json\/wp\/v2\/posts\/12428\/revisions"}],"predecessor-version":[{"id":17467,"href":"https:\/\/www.amatimmobiliaris.com\/w\/ca\/wp-json\/wp\/v2\/posts\/12428\/revisions\/17467"}],"wp:featuredmedia":[{"embeddable":true,"href":"https:\/\/www.amatimmobiliaris.com\/w\/ca\/wp-json\/wp\/v2\/media\/12429"}],"wp:attachment":[{"href":"https:\/\/www.amatimmobiliaris.com\/w\/ca\/wp-json\/wp\/v2\/media?parent=12428"}],"wp:term":[{"taxonomy":"category","embeddable":true,"href":"https:\/\/www.amatimmobiliaris.com\/w\/ca\/wp-json\/wp\/v2\/categories?post=12428"},{"taxonomy":"post_tag","embeddable":true,"href":"https:\/\/www.amatimmobiliaris.com\/w\/ca\/wp-json\/wp\/v2\/tags?post=12428"}],"curies":[{"name":"wp","href":"https:\/\/api.w.org\/{rel}","templated":true}]}}