{"id":12426,"date":"2015-09-29T10:05:39","date_gmt":"2015-09-29T10:05:39","guid":{"rendered":"http:\/\/amat-inmo-wp.localhost\/2015\/09\/29\/hi-ha-obligacio-dassumir-el-carrec-de-president-de-comunitat-de-veins-2\/"},"modified":"2023-09-07T14:48:03","modified_gmt":"2023-09-07T14:48:03","slug":"hi-ha-obligacio-dassumir-el-carrec-de-president-de-comunitat-de-veins","status":"publish","type":"post","link":"https:\/\/www.amatimmobiliaris.com\/w\/ca\/2015\/09\/hi-ha-obligacio-dassumir-el-carrec-de-president-de-comunitat-de-veins\/","title":{"rendered":"Hi ha obligaci\u00f3 d\u2019assumir el c\u00e0rrec de president de comunitat de ve\u00efns?"},"content":{"rendered":"<p><em><strong>S\u00f3c nou propietari d\u2019un pis i en una reuni\u00f3 on no hi vaig assistir, vaig ser nomenat president. Voldria saber si tinc l\u2019obligaci\u00f3 d\u2019assumir el c\u00e0rrec i, en aquest cas, quines s\u00f3n les meves responsabilitats i obligacions.<\/strong><\/em><\/p>\n<p style=\"text-align: justify;\">El c\u00e0rrec \u00e9s obligatori i gratu\u00eft, tot i que la junta pot prendre en consideraci\u00f3 les al\u00b7legacions per motius d\u2019excusa fonamentats. Es tracta d\u2019una funci\u00f3 unipersonal, la durada \u00e9s d\u2019un any que s\u2019ent\u00e9n prorrogat fins a la celebraci\u00f3 de la junta ordin\u00e0ria seg\u00fcent al per\u00edode per al qual va resultar designat .<\/p>\n<p style=\"text-align: justify;\">Les funcions consisteixen en convocar i presidir les reunions de la junta de propietaris representar la comunitat judicial i extrajudicialment , elevar a p\u00fablics els acords si escau , vetllar per la bona conservaci\u00f3 i el bon funcionament dels elements i els serveis comuns i vetllar pel compliment dels deures dels propietaris dels titulars de la secretaria i l\u2019administraci\u00f3.<\/p>\n<p style=\"text-align: justify;\">De totes maneres si vost\u00e8s tenen un administrador \u00fanicament la representaci\u00f3 judicial \u00e9s indelegable, ja que la resta de funcions les assumeix de facto l\u2019administrador en nom seu.<\/p>\n","protected":false},"excerpt":{"rendered":"<p>S\u00f3c nou propietari d\u2019un pis i en una reuni\u00f3 on no hi vaig assistir, vaig ser nomenat president. Voldria saber si tinc l\u2019obligaci\u00f3 d\u2019assumir el c\u00e0rrec i, en aquest cas, quines s\u00f3n les meves responsabilitats i obligacions. El c\u00e0rrec \u00e9s obligatori i gratu\u00eft, tot i que la junta pot prendre en consideraci\u00f3 les al\u00b7legacions per [&hellip;]<\/p>\n","protected":false},"author":1,"featured_media":0,"comment_status":"closed","ping_status":"closed","sticky":false,"template":"","format":"standard","meta":{"content-type":"","footnotes":""},"categories":[1154],"tags":[1696,664],"yoast_head":"<!-- This site is optimized with the Yoast SEO plugin v23.9 - https:\/\/yoast.com\/wordpress\/plugins\/seo\/ -->\n<title>Hi ha obligaci\u00f3 d\u2019assumir el c\u00e0rrec de president de comunitat de ve\u00efns? | Amat Immobiliaris<\/title>\n<meta name=\"robots\" content=\"index, nofollow, max-snippet:-1, max-image-preview:large, max-video-preview:-1\" \/>\n<link rel=\"canonical\" href=\"https:\/\/www.amatimmobiliaris.com\/w\/ca\/2015\/09\/hi-ha-obligacio-dassumir-el-carrec-de-president-de-comunitat-de-veins\/\" \/>\n<meta property=\"og:locale\" content=\"ca_ES\" \/>\n<meta property=\"og:type\" content=\"article\" \/>\n<meta property=\"og:title\" content=\"Hi ha obligaci\u00f3 d\u2019assumir el c\u00e0rrec de president de comunitat de ve\u00efns? | Amat Immobiliaris\" \/>\n<meta property=\"og:description\" content=\"S\u00f3c nou propietari d\u2019un pis i en una reuni\u00f3 on no hi vaig assistir, vaig ser nomenat president. Voldria saber si tinc l\u2019obligaci\u00f3 d\u2019assumir el c\u00e0rrec i, en aquest cas, quines s\u00f3n les meves responsabilitats i obligacions. El c\u00e0rrec \u00e9s obligatori i gratu\u00eft, tot i que la junta pot prendre en consideraci\u00f3 les al\u00b7legacions per [&hellip;]\" \/>\n<meta property=\"og:url\" content=\"https:\/\/www.amatimmobiliaris.com\/w\/ca\/2015\/09\/hi-ha-obligacio-dassumir-el-carrec-de-president-de-comunitat-de-veins\/\" \/>\n<meta property=\"og:site_name\" content=\"Amat Immobiliaris\" \/>\n<meta property=\"article:publisher\" content=\"https:\/\/www.facebook.com\/amatimmobiliaris\" \/>\n<meta property=\"article:published_time\" content=\"2015-09-29T10:05:39+00:00\" \/>\n<meta property=\"article:modified_time\" content=\"2023-09-07T14:48:03+00:00\" \/>\n<meta property=\"og:image\" content=\"https:\/\/www.amatimmobiliaris.com\/w\/wp-content\/uploads\/2022\/01\/2014-Saga-familiar-Amat-dw-1-1024x683.jpg\" \/>\n\t<meta property=\"og:image:width\" content=\"1024\" \/>\n\t<meta property=\"og:image:height\" content=\"683\" \/>\n\t<meta property=\"og:image:type\" content=\"image\/jpeg\" \/>\n<meta name=\"author\" content=\"Amat Immobiliaris\" \/>\n<meta name=\"twitter:card\" content=\"summary_large_image\" \/>\n<meta name=\"twitter:creator\" content=\"@amat_cat\" \/>\n<meta name=\"twitter:site\" content=\"@amat_cat\" \/>\n<meta name=\"twitter:label1\" content=\"Escrit per\" \/>\n\t<meta name=\"twitter:data1\" content=\"Amat Immobiliaris\" \/>\n\t<meta name=\"twitter:label2\" content=\"Temps estimat de lectura\" \/>\n\t<meta name=\"twitter:data2\" content=\"1 minut\" \/>\n<script type=\"application\/ld+json\" class=\"yoast-schema-graph\">{\"@context\":\"https:\/\/schema.org\",\"@graph\":[{\"@type\":\"Article\",\"@id\":\"https:\/\/www.amatimmobiliaris.com\/w\/ca\/2015\/09\/hi-ha-obligacio-dassumir-el-carrec-de-president-de-comunitat-de-veins\/#article\",\"isPartOf\":{\"@id\":\"https:\/\/www.amatimmobiliaris.com\/w\/ca\/2015\/09\/hi-ha-obligacio-dassumir-el-carrec-de-president-de-comunitat-de-veins\/\"},\"author\":{\"name\":\"Amat Immobiliaris\",\"@id\":\"https:\/\/www.amatimmobiliaris.com\/w\/#\/schema\/person\/c880da71d1e156e7ea6774ffb445e034\"},\"headline\":\"Hi ha obligaci\u00f3 d\u2019assumir el c\u00e0rrec de president de comunitat de ve\u00efns?\",\"datePublished\":\"2015-09-29T10:05:39+00:00\",\"dateModified\":\"2023-09-07T14:48:03+00:00\",\"mainEntityOfPage\":{\"@id\":\"https:\/\/www.amatimmobiliaris.com\/w\/ca\/2015\/09\/hi-ha-obligacio-dassumir-el-carrec-de-president-de-comunitat-de-veins\/\"},\"wordCount\":209,\"publisher\":{\"@id\":\"https:\/\/www.amatimmobiliaris.com\/w\/#organization\"},\"keywords\":[\"Comunitat\",\"Reuni\u00f3\"],\"articleSection\":[\"L'usuari pregunta\"],\"inLanguage\":\"ca\"},{\"@type\":\"WebPage\",\"@id\":\"https:\/\/www.amatimmobiliaris.com\/w\/ca\/2015\/09\/hi-ha-obligacio-dassumir-el-carrec-de-president-de-comunitat-de-veins\/\",\"url\":\"https:\/\/www.amatimmobiliaris.com\/w\/ca\/2015\/09\/hi-ha-obligacio-dassumir-el-carrec-de-president-de-comunitat-de-veins\/\",\"name\":\"Hi ha obligaci\u00f3 d\u2019assumir el c\u00e0rrec de president de comunitat de ve\u00efns? | Amat Immobiliaris\",\"isPartOf\":{\"@id\":\"https:\/\/www.amatimmobiliaris.com\/w\/#website\"},\"datePublished\":\"2015-09-29T10:05:39+00:00\",\"dateModified\":\"2023-09-07T14:48:03+00:00\",\"breadcrumb\":{\"@id\":\"https:\/\/www.amatimmobiliaris.com\/w\/ca\/2015\/09\/hi-ha-obligacio-dassumir-el-carrec-de-president-de-comunitat-de-veins\/#breadcrumb\"},\"inLanguage\":\"ca\",\"potentialAction\":[{\"@type\":\"ReadAction\",\"target\":[\"https:\/\/www.amatimmobiliaris.com\/w\/ca\/2015\/09\/hi-ha-obligacio-dassumir-el-carrec-de-president-de-comunitat-de-veins\/\"]}]},{\"@type\":\"BreadcrumbList\",\"@id\":\"https:\/\/www.amatimmobiliaris.com\/w\/ca\/2015\/09\/hi-ha-obligacio-dassumir-el-carrec-de-president-de-comunitat-de-veins\/#breadcrumb\",\"itemListElement\":[{\"@type\":\"ListItem\",\"position\":1,\"name\":\"Home\",\"item\":\"https:\/\/www.amatimmobiliaris.com\/w\/ca\/\"},{\"@type\":\"ListItem\",\"position\":2,\"name\":\"Consells\",\"item\":\"https:\/\/www.amatimmobiliaris.com\/w\/ca\/categoria-ca\/consells-ca\/\"},{\"@type\":\"ListItem\",\"position\":3,\"name\":\"L'usuari pregunta\",\"item\":\"https:\/\/www.amatimmobiliaris.com\/w\/ca\/categoria-ca\/consells-ca\/usuari-pregunta-ca\/\"},{\"@type\":\"ListItem\",\"position\":4,\"name\":\"Hi ha obligaci\u00f3 d\u2019assumir el c\u00e0rrec de president de comunitat de ve\u00efns?\"}]},{\"@type\":\"WebSite\",\"@id\":\"https:\/\/www.amatimmobiliaris.com\/w\/#website\",\"url\":\"https:\/\/www.amatimmobiliaris.com\/w\/\",\"name\":\"Amat Immobiliaris\",\"description\":\"Empresa familiar del sector inmobiliario con oficinas en Barcelona, Sant Cugat del Vall\u00e9s y Sant Just Desvern. Te ayudamos a comprar, alquilar o vender tu casa o piso. Somos un equipo coherente con una cultura de empresa honesta, innovadora y eficaz. Tambi\u00e9n en www.amatluxury.com\",\"publisher\":{\"@id\":\"https:\/\/www.amatimmobiliaris.com\/w\/#organization\"},\"alternateName\":\"AmatImmo\",\"potentialAction\":[{\"@type\":\"SearchAction\",\"target\":{\"@type\":\"EntryPoint\",\"urlTemplate\":\"https:\/\/www.amatimmobiliaris.com\/w\/?s={search_term_string}\"},\"query-input\":{\"@type\":\"PropertyValueSpecification\",\"valueRequired\":true,\"valueName\":\"search_term_string\"}}],\"inLanguage\":\"ca\"},{\"@type\":\"Organization\",\"@id\":\"https:\/\/www.amatimmobiliaris.com\/w\/#organization\",\"name\":\"Amat Immobiliaris\",\"url\":\"https:\/\/www.amatimmobiliaris.com\/w\/\",\"logo\":{\"@type\":\"ImageObject\",\"inLanguage\":\"ca\",\"@id\":\"https:\/\/www.amatimmobiliaris.com\/w\/#\/schema\/logo\/image\/\",\"url\":\"https:\/\/www.amatimmobiliaris.com\/w\/wp-content\/uploads\/2022\/10\/amat-logo.jpg\",\"contentUrl\":\"https:\/\/www.amatimmobiliaris.com\/w\/wp-content\/uploads\/2022\/10\/amat-logo.jpg\",\"width\":900,\"height\":900,\"caption\":\"Amat Immobiliaris\"},\"image\":{\"@id\":\"https:\/\/www.amatimmobiliaris.com\/w\/#\/schema\/logo\/image\/\"},\"sameAs\":[\"https:\/\/www.facebook.com\/amatimmobiliaris\",\"https:\/\/x.com\/amat_cat\",\"https:\/\/www.instagram.com\/amat_immo\/\",\"https:\/\/www.linkedin.com\/company\/amat-finques\/\",\"https:\/\/www.youtube.com\/@amatimmobiliaris\"]},{\"@type\":\"Person\",\"@id\":\"https:\/\/www.amatimmobiliaris.com\/w\/#\/schema\/person\/c880da71d1e156e7ea6774ffb445e034\",\"name\":\"Amat Immobiliaris\",\"sameAs\":[\"http:\/\/amat-inmo-wp.localhost\"]}]}<\/script>\n<!-- \/ Yoast SEO plugin. -->","yoast_head_json":{"title":"Hi ha obligaci\u00f3 d\u2019assumir el c\u00e0rrec de president de comunitat de ve\u00efns? | Amat Immobiliaris","robots":{"index":"index","follow":"nofollow","max-snippet":"max-snippet:-1","max-image-preview":"max-image-preview:large","max-video-preview":"max-video-preview:-1"},"canonical":"https:\/\/www.amatimmobiliaris.com\/w\/ca\/2015\/09\/hi-ha-obligacio-dassumir-el-carrec-de-president-de-comunitat-de-veins\/","og_locale":"ca_ES","og_type":"article","og_title":"Hi ha obligaci\u00f3 d\u2019assumir el c\u00e0rrec de president de comunitat de ve\u00efns? | Amat Immobiliaris","og_description":"S\u00f3c nou propietari d\u2019un pis i en una reuni\u00f3 on no hi vaig assistir, vaig ser nomenat president. Voldria saber si tinc l\u2019obligaci\u00f3 d\u2019assumir el c\u00e0rrec i, en aquest cas, quines s\u00f3n les meves responsabilitats i obligacions. El c\u00e0rrec \u00e9s obligatori i gratu\u00eft, tot i que la junta pot prendre en consideraci\u00f3 les al\u00b7legacions per [&hellip;]","og_url":"https:\/\/www.amatimmobiliaris.com\/w\/ca\/2015\/09\/hi-ha-obligacio-dassumir-el-carrec-de-president-de-comunitat-de-veins\/","og_site_name":"Amat Immobiliaris","article_publisher":"https:\/\/www.facebook.com\/amatimmobiliaris","article_published_time":"2015-09-29T10:05:39+00:00","article_modified_time":"2023-09-07T14:48:03+00:00","og_image":[{"width":1024,"height":683,"url":"https:\/\/www.amatimmobiliaris.com\/w\/wp-content\/uploads\/2022\/01\/2014-Saga-familiar-Amat-dw-1-1024x683.jpg","type":"image\/jpeg"}],"author":"Amat Immobiliaris","twitter_card":"summary_large_image","twitter_creator":"@amat_cat","twitter_site":"@amat_cat","twitter_misc":{"Escrit per":"Amat Immobiliaris","Temps estimat de lectura":"1 minut"},"schema":{"@context":"https:\/\/schema.org","@graph":[{"@type":"Article","@id":"https:\/\/www.amatimmobiliaris.com\/w\/ca\/2015\/09\/hi-ha-obligacio-dassumir-el-carrec-de-president-de-comunitat-de-veins\/#article","isPartOf":{"@id":"https:\/\/www.amatimmobiliaris.com\/w\/ca\/2015\/09\/hi-ha-obligacio-dassumir-el-carrec-de-president-de-comunitat-de-veins\/"},"author":{"name":"Amat Immobiliaris","@id":"https:\/\/www.amatimmobiliaris.com\/w\/#\/schema\/person\/c880da71d1e156e7ea6774ffb445e034"},"headline":"Hi ha obligaci\u00f3 d\u2019assumir el c\u00e0rrec de president de comunitat de ve\u00efns?","datePublished":"2015-09-29T10:05:39+00:00","dateModified":"2023-09-07T14:48:03+00:00","mainEntityOfPage":{"@id":"https:\/\/www.amatimmobiliaris.com\/w\/ca\/2015\/09\/hi-ha-obligacio-dassumir-el-carrec-de-president-de-comunitat-de-veins\/"},"wordCount":209,"publisher":{"@id":"https:\/\/www.amatimmobiliaris.com\/w\/#organization"},"keywords":["Comunitat","Reuni\u00f3"],"articleSection":["L'usuari pregunta"],"inLanguage":"ca"},{"@type":"WebPage","@id":"https:\/\/www.amatimmobiliaris.com\/w\/ca\/2015\/09\/hi-ha-obligacio-dassumir-el-carrec-de-president-de-comunitat-de-veins\/","url":"https:\/\/www.amatimmobiliaris.com\/w\/ca\/2015\/09\/hi-ha-obligacio-dassumir-el-carrec-de-president-de-comunitat-de-veins\/","name":"Hi ha obligaci\u00f3 d\u2019assumir el c\u00e0rrec de president de comunitat de ve\u00efns? | Amat Immobiliaris","isPartOf":{"@id":"https:\/\/www.amatimmobiliaris.com\/w\/#website"},"datePublished":"2015-09-29T10:05:39+00:00","dateModified":"2023-09-07T14:48:03+00:00","breadcrumb":{"@id":"https:\/\/www.amatimmobiliaris.com\/w\/ca\/2015\/09\/hi-ha-obligacio-dassumir-el-carrec-de-president-de-comunitat-de-veins\/#breadcrumb"},"inLanguage":"ca","potentialAction":[{"@type":"ReadAction","target":["https:\/\/www.amatimmobiliaris.com\/w\/ca\/2015\/09\/hi-ha-obligacio-dassumir-el-carrec-de-president-de-comunitat-de-veins\/"]}]},{"@type":"BreadcrumbList","@id":"https:\/\/www.amatimmobiliaris.com\/w\/ca\/2015\/09\/hi-ha-obligacio-dassumir-el-carrec-de-president-de-comunitat-de-veins\/#breadcrumb","itemListElement":[{"@type":"ListItem","position":1,"name":"Home","item":"https:\/\/www.amatimmobiliaris.com\/w\/ca\/"},{"@type":"ListItem","position":2,"name":"Consells","item":"https:\/\/www.amatimmobiliaris.com\/w\/ca\/categoria-ca\/consells-ca\/"},{"@type":"ListItem","position":3,"name":"L'usuari pregunta","item":"https:\/\/www.amatimmobiliaris.com\/w\/ca\/categoria-ca\/consells-ca\/usuari-pregunta-ca\/"},{"@type":"ListItem","position":4,"name":"Hi ha obligaci\u00f3 d\u2019assumir el c\u00e0rrec de president de comunitat de ve\u00efns?"}]},{"@type":"WebSite","@id":"https:\/\/www.amatimmobiliaris.com\/w\/#website","url":"https:\/\/www.amatimmobiliaris.com\/w\/","name":"Amat Immobiliaris","description":"Empresa familiar del sector inmobiliario con oficinas en Barcelona, Sant Cugat del Vall\u00e9s y Sant Just Desvern. Te ayudamos a comprar, alquilar o vender tu casa o piso. Somos un equipo coherente con una cultura de empresa honesta, innovadora y eficaz. Tambi\u00e9n en www.amatluxury.com","publisher":{"@id":"https:\/\/www.amatimmobiliaris.com\/w\/#organization"},"alternateName":"AmatImmo","potentialAction":[{"@type":"SearchAction","target":{"@type":"EntryPoint","urlTemplate":"https:\/\/www.amatimmobiliaris.com\/w\/?s={search_term_string}"},"query-input":{"@type":"PropertyValueSpecification","valueRequired":true,"valueName":"search_term_string"}}],"inLanguage":"ca"},{"@type":"Organization","@id":"https:\/\/www.amatimmobiliaris.com\/w\/#organization","name":"Amat Immobiliaris","url":"https:\/\/www.amatimmobiliaris.com\/w\/","logo":{"@type":"ImageObject","inLanguage":"ca","@id":"https:\/\/www.amatimmobiliaris.com\/w\/#\/schema\/logo\/image\/","url":"https:\/\/www.amatimmobiliaris.com\/w\/wp-content\/uploads\/2022\/10\/amat-logo.jpg","contentUrl":"https:\/\/www.amatimmobiliaris.com\/w\/wp-content\/uploads\/2022\/10\/amat-logo.jpg","width":900,"height":900,"caption":"Amat Immobiliaris"},"image":{"@id":"https:\/\/www.amatimmobiliaris.com\/w\/#\/schema\/logo\/image\/"},"sameAs":["https:\/\/www.facebook.com\/amatimmobiliaris","https:\/\/x.com\/amat_cat","https:\/\/www.instagram.com\/amat_immo\/","https:\/\/www.linkedin.com\/company\/amat-finques\/","https:\/\/www.youtube.com\/@amatimmobiliaris"]},{"@type":"Person","@id":"https:\/\/www.amatimmobiliaris.com\/w\/#\/schema\/person\/c880da71d1e156e7ea6774ffb445e034","name":"Amat Immobiliaris","sameAs":["http:\/\/amat-inmo-wp.localhost"]}]}},"_links":{"self":[{"href":"https:\/\/www.amatimmobiliaris.com\/w\/ca\/wp-json\/wp\/v2\/posts\/12426"}],"collection":[{"href":"https:\/\/www.amatimmobiliaris.com\/w\/ca\/wp-json\/wp\/v2\/posts"}],"about":[{"href":"https:\/\/www.amatimmobiliaris.com\/w\/ca\/wp-json\/wp\/v2\/types\/post"}],"author":[{"embeddable":true,"href":"https:\/\/www.amatimmobiliaris.com\/w\/ca\/wp-json\/wp\/v2\/users\/1"}],"replies":[{"embeddable":true,"href":"https:\/\/www.amatimmobiliaris.com\/w\/ca\/wp-json\/wp\/v2\/comments?post=12426"}],"version-history":[{"count":1,"href":"https:\/\/www.amatimmobiliaris.com\/w\/ca\/wp-json\/wp\/v2\/posts\/12426\/revisions"}],"predecessor-version":[{"id":25204,"href":"https:\/\/www.amatimmobiliaris.com\/w\/ca\/wp-json\/wp\/v2\/posts\/12426\/revisions\/25204"}],"wp:attachment":[{"href":"https:\/\/www.amatimmobiliaris.com\/w\/ca\/wp-json\/wp\/v2\/media?parent=12426"}],"wp:term":[{"taxonomy":"category","embeddable":true,"href":"https:\/\/www.amatimmobiliaris.com\/w\/ca\/wp-json\/wp\/v2\/categories?post=12426"},{"taxonomy":"post_tag","embeddable":true,"href":"https:\/\/www.amatimmobiliaris.com\/w\/ca\/wp-json\/wp\/v2\/tags?post=12426"}],"curies":[{"name":"wp","href":"https:\/\/api.w.org\/{rel}","templated":true}]}}