{"id":12406,"date":"2015-07-06T07:30:34","date_gmt":"2015-07-06T07:30:34","guid":{"rendered":"http:\/\/amat-inmo-wp.localhost\/2015\/07\/06\/il%c2%b7lusions\/"},"modified":"2023-06-08T10:07:29","modified_gmt":"2023-06-08T10:07:29","slug":"il%c2%b7lusions","status":"publish","type":"post","link":"https:\/\/www.amatimmobiliaris.com\/w\/ca\/2015\/07\/il%c2%b7lusions\/","title":{"rendered":"Il\u00b7lusions"},"content":{"rendered":"<p style=\"text-align: justify;\">V\u00e0rem comen\u00e7ar el mes de Juny amb una gran alegria: <strong>ens van concedir el<span style=\"text-decoration: underline;\"> <a href=\"https:\/\/www.amatimmobiliaris.com\/w\/ca\/2016\/05\/amat-immobiliaris-entrega-premi-factor-huma-2016-affinity\/\" target=\"_blank\" rel=\"noopener\">Premi Factor Hum\u00e0 Merc\u00e8 Sala<\/a><\/span><\/strong>. Per nosaltres \u00e9s especialment rellevant perqu\u00e8 \u00e9s un premi que s\u2019atorga, despr\u00e8s d\u2019una rigorosa selecci\u00f3, per un jurat de gran nivell, i perqu\u00e8 ens entronca amb la <strong>Merc\u00e8 Sala<\/strong>, una dona que sempre hav\u00edem admirat i amb qui tenim moltes coses en com\u00fa. Entre elles, uns valors compartits. I, a prop\u00f2sit de <strong>valors<\/strong>, vam aprofitar el <a href=\"https:\/\/www.youtube.com\/watch?v=62tkUFMSqVg&amp;t=5095s\" target=\"_blank\" rel=\"noopener\" data-cke-saved-href=\"https:\/\/www.youtube.com\/watch?v=62tkUFMSqVg&amp;feature=youtu.be&amp;t=1h24m55s\">discurs d\u2019agra\u00efment<\/a> per posar de manifest un tema que ens preocupa molt en aquests moments: la <strong>substituci\u00f3 de treballadors per freelance<\/strong> en moltes empreses del sector, algunes de les m\u00e9s grans.<\/p>\n<p style=\"text-align: justify;\">Des del nostre punt de vista, aix\u00f2 comporta un greu perjudici pels treballadors, tots <strong>aut\u00f2noms for\u00e7ats<\/strong>, sense atur, i amb conseq\u00fc\u00e8ncies negatives per a les <strong>futures pensions<\/strong>. Perjudica a la professi\u00f3, tots van a \u201cmatar\u201d- \u00e9s normal en la seva situaci\u00f3-, perjudica a les empreses que compleixen, competeixen amb desavantatge des del moment zero, <strong>perjudica a la societat<\/strong>, perjudica a la imatge i funci\u00f3 de les empreses i, evidentment, beneficia tan sols a \u201cl\u2019empresa pseudo-contractant\u201d. Tot aix\u00f2 es vesteix de modern, &#8211; justificant que aix\u00ed \u00e9s com funciona el sector a EEUU-, \u00e9s veritat, per\u00f2 ni les lleis laborals ni la societat d\u2019all\u00e0 s\u00f3n com les nostres. Si <strong>cal canviar les regles del joc<\/strong>, ho estudiem i ho fem, per\u00f2 ha de ser la societat qui ho faci. Mentrestant aix\u00f2 no passi, cal complir.<\/p>\n<p>Tamb\u00e9 fa il\u00b7lusi\u00f3 que aquest mes de juny s&#8217;introdueixin <a href=\"https:\/\/portaljuridic.gencat.cat\/ca\/inici\/\" target=\"_blank\" rel=\"noopener\">novetats a la Llei de Propietat Horitzontal<\/a>, m\u00e9s moderna i m\u00e9s acord amb els temps actuals. Mai arriba a ser el que voldr\u00edem per\u00f2 ja \u00e9s molt. Afecta a temes econ\u00f2mics, de governament i de comunicaci\u00f3.<\/p>\n<p>Tamb\u00e9 fa il\u00b7lusi\u00f3 que la Generalitat treballi, en aquests moments, per posar en marxa,\u00a0 per fi, unes <a href=\"https:\/\/www.amatimmobiliaris.com\/w\/2015\/06\/la-transparencia-y-algunas-cosas-mas\/\" target=\"_blank\" rel=\"noopener\">dades p\u00fabliques sobre preus del sector immobiliari a Catalunya<\/a>. \u00c9s indispensable si volem ser un pa\u00eds avan\u00e7at i, sobretot, transparent.<\/p>\n<p>M\u2019agrada el pensament de Confuci :<\/p>\n<p dir=\"ltr\" style=\"text-align: right;\"><strong><em>\u201cNo importa el poc a poc que vagis, sempre i quan no t\u2019aturis\u201d<\/em><\/strong><\/p>\n<p><strong>\u00a0<\/strong><\/p>\n<p>&nbsp;<\/p>\n","protected":false},"excerpt":{"rendered":"<p>V\u00e0rem comen\u00e7ar el mes de Juny amb una gran alegria: ens van concedir el Premi Factor Hum\u00e0 Merc\u00e8 Sala. Per nosaltres \u00e9s especialment rellevant perqu\u00e8 \u00e9s un premi que s\u2019atorga, despr\u00e8s d\u2019una rigorosa selecci\u00f3, per un jurat de gran nivell, i perqu\u00e8 ens entronca amb la Merc\u00e8 Sala, una dona que sempre hav\u00edem admirat i [&hellip;]<\/p>\n","protected":false},"author":1,"featured_media":0,"comment_status":"closed","ping_status":"closed","sticky":false,"template":"","format":"standard","meta":{"content-type":"","footnotes":""},"categories":[12],"tags":[],"yoast_head":"<!-- This site is optimized with the Yoast SEO plugin v23.9 - https:\/\/yoast.com\/wordpress\/plugins\/seo\/ -->\n<title>Il\u00b7lusions | Amat Immobiliaris<\/title>\n<meta name=\"robots\" content=\"index, follow, max-snippet:-1, max-image-preview:large, max-video-preview:-1\" \/>\n<link rel=\"canonical\" href=\"https:\/\/www.amatimmobiliaris.com\/w\/ca\/2015\/07\/il\u00b7lusions\/\" \/>\n<meta property=\"og:locale\" content=\"ca_ES\" \/>\n<meta property=\"og:type\" content=\"article\" \/>\n<meta property=\"og:title\" content=\"Il\u00b7lusions | Amat Immobiliaris\" \/>\n<meta property=\"og:description\" content=\"V\u00e0rem comen\u00e7ar el mes de Juny amb una gran alegria: ens van concedir el Premi Factor Hum\u00e0 Merc\u00e8 Sala. Per nosaltres \u00e9s especialment rellevant perqu\u00e8 \u00e9s un premi que s\u2019atorga, despr\u00e8s d\u2019una rigorosa selecci\u00f3, per un jurat de gran nivell, i perqu\u00e8 ens entronca amb la Merc\u00e8 Sala, una dona que sempre hav\u00edem admirat i [&hellip;]\" \/>\n<meta property=\"og:url\" content=\"https:\/\/www.amatimmobiliaris.com\/w\/ca\/2015\/07\/il\u00b7lusions\/\" \/>\n<meta property=\"og:site_name\" content=\"Amat Immobiliaris\" \/>\n<meta property=\"article:publisher\" content=\"https:\/\/www.facebook.com\/amatimmobiliaris\" \/>\n<meta property=\"article:published_time\" content=\"2015-07-06T07:30:34+00:00\" \/>\n<meta property=\"article:modified_time\" content=\"2023-06-08T10:07:29+00:00\" \/>\n<meta property=\"og:image\" content=\"https:\/\/www.amatimmobiliaris.com\/w\/wp-content\/uploads\/2022\/01\/2014-Saga-familiar-Amat-dw-1-1024x683.jpg\" \/>\n\t<meta property=\"og:image:width\" content=\"1024\" \/>\n\t<meta property=\"og:image:height\" content=\"683\" \/>\n\t<meta property=\"og:image:type\" content=\"image\/jpeg\" \/>\n<meta name=\"author\" content=\"Amat Immobiliaris\" \/>\n<meta name=\"twitter:card\" content=\"summary_large_image\" \/>\n<meta name=\"twitter:creator\" content=\"@amat_cat\" \/>\n<meta name=\"twitter:site\" content=\"@amat_cat\" \/>\n<meta name=\"twitter:label1\" content=\"Escrit per\" \/>\n\t<meta name=\"twitter:data1\" content=\"Amat Immobiliaris\" \/>\n\t<meta name=\"twitter:label2\" content=\"Temps estimat de lectura\" \/>\n\t<meta name=\"twitter:data2\" content=\"2 minuts\" \/>\n<script type=\"application\/ld+json\" class=\"yoast-schema-graph\">{\"@context\":\"https:\/\/schema.org\",\"@graph\":[{\"@type\":\"Article\",\"@id\":\"https:\/\/www.amatimmobiliaris.com\/w\/ca\/2015\/07\/il%c2%b7lusions\/#article\",\"isPartOf\":{\"@id\":\"https:\/\/www.amatimmobiliaris.com\/w\/ca\/2015\/07\/il%c2%b7lusions\/\"},\"author\":{\"name\":\"Amat Immobiliaris\",\"@id\":\"https:\/\/www.amatimmobiliaris.com\/w\/#\/schema\/person\/c880da71d1e156e7ea6774ffb445e034\"},\"headline\":\"Il\u00b7lusions\",\"datePublished\":\"2015-07-06T07:30:34+00:00\",\"dateModified\":\"2023-06-08T10:07:29+00:00\",\"mainEntityOfPage\":{\"@id\":\"https:\/\/www.amatimmobiliaris.com\/w\/ca\/2015\/07\/il%c2%b7lusions\/\"},\"wordCount\":372,\"publisher\":{\"@id\":\"https:\/\/www.amatimmobiliaris.com\/w\/#organization\"},\"articleSection\":[\"Altres\"],\"inLanguage\":\"ca\"},{\"@type\":\"WebPage\",\"@id\":\"https:\/\/www.amatimmobiliaris.com\/w\/ca\/2015\/07\/il%c2%b7lusions\/\",\"url\":\"https:\/\/www.amatimmobiliaris.com\/w\/ca\/2015\/07\/il%c2%b7lusions\/\",\"name\":\"Il\u00b7lusions | Amat Immobiliaris\",\"isPartOf\":{\"@id\":\"https:\/\/www.amatimmobiliaris.com\/w\/#website\"},\"datePublished\":\"2015-07-06T07:30:34+00:00\",\"dateModified\":\"2023-06-08T10:07:29+00:00\",\"breadcrumb\":{\"@id\":\"https:\/\/www.amatimmobiliaris.com\/w\/ca\/2015\/07\/il%c2%b7lusions\/#breadcrumb\"},\"inLanguage\":\"ca\",\"potentialAction\":[{\"@type\":\"ReadAction\",\"target\":[\"https:\/\/www.amatimmobiliaris.com\/w\/ca\/2015\/07\/il%c2%b7lusions\/\"]}]},{\"@type\":\"BreadcrumbList\",\"@id\":\"https:\/\/www.amatimmobiliaris.com\/w\/ca\/2015\/07\/il%c2%b7lusions\/#breadcrumb\",\"itemListElement\":[{\"@type\":\"ListItem\",\"position\":1,\"name\":\"Home\",\"item\":\"https:\/\/www.amatimmobiliaris.com\/w\/ca\/\"},{\"@type\":\"ListItem\",\"position\":2,\"name\":\"Altres\",\"item\":\"https:\/\/www.amatimmobiliaris.com\/w\/ca\/categoria-ca\/altres\/\"},{\"@type\":\"ListItem\",\"position\":3,\"name\":\"Il\u00b7lusions\"}]},{\"@type\":\"WebSite\",\"@id\":\"https:\/\/www.amatimmobiliaris.com\/w\/#website\",\"url\":\"https:\/\/www.amatimmobiliaris.com\/w\/\",\"name\":\"Amat Immobiliaris\",\"description\":\"Empresa familiar del sector inmobiliario con oficinas en Barcelona, Sant Cugat del Vall\u00e9s y Sant Just Desvern. Te ayudamos a comprar, alquilar o vender tu casa o piso. Somos un equipo coherente con una cultura de empresa honesta, innovadora y eficaz. Tambi\u00e9n en www.amatluxury.com\",\"publisher\":{\"@id\":\"https:\/\/www.amatimmobiliaris.com\/w\/#organization\"},\"alternateName\":\"AmatImmo\",\"potentialAction\":[{\"@type\":\"SearchAction\",\"target\":{\"@type\":\"EntryPoint\",\"urlTemplate\":\"https:\/\/www.amatimmobiliaris.com\/w\/?s={search_term_string}\"},\"query-input\":{\"@type\":\"PropertyValueSpecification\",\"valueRequired\":true,\"valueName\":\"search_term_string\"}}],\"inLanguage\":\"ca\"},{\"@type\":\"Organization\",\"@id\":\"https:\/\/www.amatimmobiliaris.com\/w\/#organization\",\"name\":\"Amat Immobiliaris\",\"url\":\"https:\/\/www.amatimmobiliaris.com\/w\/\",\"logo\":{\"@type\":\"ImageObject\",\"inLanguage\":\"ca\",\"@id\":\"https:\/\/www.amatimmobiliaris.com\/w\/#\/schema\/logo\/image\/\",\"url\":\"https:\/\/www.amatimmobiliaris.com\/w\/wp-content\/uploads\/2022\/10\/amat-logo.jpg\",\"contentUrl\":\"https:\/\/www.amatimmobiliaris.com\/w\/wp-content\/uploads\/2022\/10\/amat-logo.jpg\",\"width\":900,\"height\":900,\"caption\":\"Amat Immobiliaris\"},\"image\":{\"@id\":\"https:\/\/www.amatimmobiliaris.com\/w\/#\/schema\/logo\/image\/\"},\"sameAs\":[\"https:\/\/www.facebook.com\/amatimmobiliaris\",\"https:\/\/x.com\/amat_cat\",\"https:\/\/www.instagram.com\/amat_immo\/\",\"https:\/\/www.linkedin.com\/company\/amat-finques\/\",\"https:\/\/www.youtube.com\/@amatimmobiliaris\"]},{\"@type\":\"Person\",\"@id\":\"https:\/\/www.amatimmobiliaris.com\/w\/#\/schema\/person\/c880da71d1e156e7ea6774ffb445e034\",\"name\":\"Amat Immobiliaris\",\"sameAs\":[\"http:\/\/amat-inmo-wp.localhost\"]}]}<\/script>\n<!-- \/ Yoast SEO plugin. -->","yoast_head_json":{"title":"Il\u00b7lusions | Amat Immobiliaris","robots":{"index":"index","follow":"follow","max-snippet":"max-snippet:-1","max-image-preview":"max-image-preview:large","max-video-preview":"max-video-preview:-1"},"canonical":"https:\/\/www.amatimmobiliaris.com\/w\/ca\/2015\/07\/il\u00b7lusions\/","og_locale":"ca_ES","og_type":"article","og_title":"Il\u00b7lusions | Amat Immobiliaris","og_description":"V\u00e0rem comen\u00e7ar el mes de Juny amb una gran alegria: ens van concedir el Premi Factor Hum\u00e0 Merc\u00e8 Sala. Per nosaltres \u00e9s especialment rellevant perqu\u00e8 \u00e9s un premi que s\u2019atorga, despr\u00e8s d\u2019una rigorosa selecci\u00f3, per un jurat de gran nivell, i perqu\u00e8 ens entronca amb la Merc\u00e8 Sala, una dona que sempre hav\u00edem admirat i [&hellip;]","og_url":"https:\/\/www.amatimmobiliaris.com\/w\/ca\/2015\/07\/il\u00b7lusions\/","og_site_name":"Amat Immobiliaris","article_publisher":"https:\/\/www.facebook.com\/amatimmobiliaris","article_published_time":"2015-07-06T07:30:34+00:00","article_modified_time":"2023-06-08T10:07:29+00:00","og_image":[{"width":1024,"height":683,"url":"https:\/\/www.amatimmobiliaris.com\/w\/wp-content\/uploads\/2022\/01\/2014-Saga-familiar-Amat-dw-1-1024x683.jpg","type":"image\/jpeg"}],"author":"Amat Immobiliaris","twitter_card":"summary_large_image","twitter_creator":"@amat_cat","twitter_site":"@amat_cat","twitter_misc":{"Escrit per":"Amat Immobiliaris","Temps estimat de lectura":"2 minuts"},"schema":{"@context":"https:\/\/schema.org","@graph":[{"@type":"Article","@id":"https:\/\/www.amatimmobiliaris.com\/w\/ca\/2015\/07\/il%c2%b7lusions\/#article","isPartOf":{"@id":"https:\/\/www.amatimmobiliaris.com\/w\/ca\/2015\/07\/il%c2%b7lusions\/"},"author":{"name":"Amat Immobiliaris","@id":"https:\/\/www.amatimmobiliaris.com\/w\/#\/schema\/person\/c880da71d1e156e7ea6774ffb445e034"},"headline":"Il\u00b7lusions","datePublished":"2015-07-06T07:30:34+00:00","dateModified":"2023-06-08T10:07:29+00:00","mainEntityOfPage":{"@id":"https:\/\/www.amatimmobiliaris.com\/w\/ca\/2015\/07\/il%c2%b7lusions\/"},"wordCount":372,"publisher":{"@id":"https:\/\/www.amatimmobiliaris.com\/w\/#organization"},"articleSection":["Altres"],"inLanguage":"ca"},{"@type":"WebPage","@id":"https:\/\/www.amatimmobiliaris.com\/w\/ca\/2015\/07\/il%c2%b7lusions\/","url":"https:\/\/www.amatimmobiliaris.com\/w\/ca\/2015\/07\/il%c2%b7lusions\/","name":"Il\u00b7lusions | Amat Immobiliaris","isPartOf":{"@id":"https:\/\/www.amatimmobiliaris.com\/w\/#website"},"datePublished":"2015-07-06T07:30:34+00:00","dateModified":"2023-06-08T10:07:29+00:00","breadcrumb":{"@id":"https:\/\/www.amatimmobiliaris.com\/w\/ca\/2015\/07\/il%c2%b7lusions\/#breadcrumb"},"inLanguage":"ca","potentialAction":[{"@type":"ReadAction","target":["https:\/\/www.amatimmobiliaris.com\/w\/ca\/2015\/07\/il%c2%b7lusions\/"]}]},{"@type":"BreadcrumbList","@id":"https:\/\/www.amatimmobiliaris.com\/w\/ca\/2015\/07\/il%c2%b7lusions\/#breadcrumb","itemListElement":[{"@type":"ListItem","position":1,"name":"Home","item":"https:\/\/www.amatimmobiliaris.com\/w\/ca\/"},{"@type":"ListItem","position":2,"name":"Altres","item":"https:\/\/www.amatimmobiliaris.com\/w\/ca\/categoria-ca\/altres\/"},{"@type":"ListItem","position":3,"name":"Il\u00b7lusions"}]},{"@type":"WebSite","@id":"https:\/\/www.amatimmobiliaris.com\/w\/#website","url":"https:\/\/www.amatimmobiliaris.com\/w\/","name":"Amat Immobiliaris","description":"Empresa familiar del sector inmobiliario con oficinas en Barcelona, Sant Cugat del Vall\u00e9s y Sant Just Desvern. Te ayudamos a comprar, alquilar o vender tu casa o piso. Somos un equipo coherente con una cultura de empresa honesta, innovadora y eficaz. Tambi\u00e9n en www.amatluxury.com","publisher":{"@id":"https:\/\/www.amatimmobiliaris.com\/w\/#organization"},"alternateName":"AmatImmo","potentialAction":[{"@type":"SearchAction","target":{"@type":"EntryPoint","urlTemplate":"https:\/\/www.amatimmobiliaris.com\/w\/?s={search_term_string}"},"query-input":{"@type":"PropertyValueSpecification","valueRequired":true,"valueName":"search_term_string"}}],"inLanguage":"ca"},{"@type":"Organization","@id":"https:\/\/www.amatimmobiliaris.com\/w\/#organization","name":"Amat Immobiliaris","url":"https:\/\/www.amatimmobiliaris.com\/w\/","logo":{"@type":"ImageObject","inLanguage":"ca","@id":"https:\/\/www.amatimmobiliaris.com\/w\/#\/schema\/logo\/image\/","url":"https:\/\/www.amatimmobiliaris.com\/w\/wp-content\/uploads\/2022\/10\/amat-logo.jpg","contentUrl":"https:\/\/www.amatimmobiliaris.com\/w\/wp-content\/uploads\/2022\/10\/amat-logo.jpg","width":900,"height":900,"caption":"Amat Immobiliaris"},"image":{"@id":"https:\/\/www.amatimmobiliaris.com\/w\/#\/schema\/logo\/image\/"},"sameAs":["https:\/\/www.facebook.com\/amatimmobiliaris","https:\/\/x.com\/amat_cat","https:\/\/www.instagram.com\/amat_immo\/","https:\/\/www.linkedin.com\/company\/amat-finques\/","https:\/\/www.youtube.com\/@amatimmobiliaris"]},{"@type":"Person","@id":"https:\/\/www.amatimmobiliaris.com\/w\/#\/schema\/person\/c880da71d1e156e7ea6774ffb445e034","name":"Amat Immobiliaris","sameAs":["http:\/\/amat-inmo-wp.localhost"]}]}},"_links":{"self":[{"href":"https:\/\/www.amatimmobiliaris.com\/w\/ca\/wp-json\/wp\/v2\/posts\/12406"}],"collection":[{"href":"https:\/\/www.amatimmobiliaris.com\/w\/ca\/wp-json\/wp\/v2\/posts"}],"about":[{"href":"https:\/\/www.amatimmobiliaris.com\/w\/ca\/wp-json\/wp\/v2\/types\/post"}],"author":[{"embeddable":true,"href":"https:\/\/www.amatimmobiliaris.com\/w\/ca\/wp-json\/wp\/v2\/users\/1"}],"replies":[{"embeddable":true,"href":"https:\/\/www.amatimmobiliaris.com\/w\/ca\/wp-json\/wp\/v2\/comments?post=12406"}],"version-history":[{"count":7,"href":"https:\/\/www.amatimmobiliaris.com\/w\/ca\/wp-json\/wp\/v2\/posts\/12406\/revisions"}],"predecessor-version":[{"id":26223,"href":"https:\/\/www.amatimmobiliaris.com\/w\/ca\/wp-json\/wp\/v2\/posts\/12406\/revisions\/26223"}],"wp:attachment":[{"href":"https:\/\/www.amatimmobiliaris.com\/w\/ca\/wp-json\/wp\/v2\/media?parent=12406"}],"wp:term":[{"taxonomy":"category","embeddable":true,"href":"https:\/\/www.amatimmobiliaris.com\/w\/ca\/wp-json\/wp\/v2\/categories?post=12406"},{"taxonomy":"post_tag","embeddable":true,"href":"https:\/\/www.amatimmobiliaris.com\/w\/ca\/wp-json\/wp\/v2\/tags?post=12406"}],"curies":[{"name":"wp","href":"https:\/\/api.w.org\/{rel}","templated":true}]}}