{"id":12391,"date":"2015-05-12T09:26:16","date_gmt":"2015-05-12T09:26:16","guid":{"rendered":"http:\/\/amat-inmo-wp.localhost\/2015\/05\/12\/on-posem-el-focus-la-responsabilitat-de-ladministrador\/"},"modified":"2023-06-08T10:02:29","modified_gmt":"2023-06-08T10:02:29","slug":"on-posem-el-focus-la-responsabilitat-de-ladministrador","status":"publish","type":"post","link":"https:\/\/www.amatimmobiliaris.com\/w\/ca\/2015\/05\/on-posem-el-focus-la-responsabilitat-de-ladministrador\/","title":{"rendered":"On posem el focus? La responsabilitat de l\u2019Administrador"},"content":{"rendered":"<p style=\"text-align: justify;\">Recentment ha sortit a la premsa la lamentable noticia d\u2019un <strong>administrador de finques que ha fet fallida deixant 16 comunitats en risc<\/strong> pels seus saldos. Immediatament,\u00a0 es genera una alarma popular que, per comprensible que sigui, est\u00e0 portant a situacions que semblen ser el remei al problema, quan no ho s\u00f3n en absolut.<\/p>\n<p style=\"text-align: justify;\">Parlem dels avantatges i desavantatges de tenir un compte propi per a l\u2019<strong>administraci\u00f3 de la comunitat<\/strong>.<\/p>\n<p style=\"text-align: justify;\"><span style=\"text-decoration: underline;\">\u00c9s aquesta la soluci\u00f3? De cap de les maneres<\/span><\/p>\n<p style=\"text-align: justify;\">Per poder treballar el dia a dia l\u2019administrador ha de disposar de les claus d\u2019acc\u00e9s al compte de cada comunitat, per tant, si volgu\u00e9s en una nit podria traspassar tots els saldos a on li convingu\u00e9s. Aix\u00ed doncs no haur\u00edem guanyat res de res.<\/p>\n<p style=\"text-align: justify;\">Si en un moment determinat manquen fons a un compte individual, senzillament es procediria a la devoluci\u00f3 dels pagaments, en canvi, quan \u00a0un compte \u00e9s de l\u2019administrador i conjunt, s\u2019estableix un sistema de compensacions que acaba beneficiant a totes les comunitats, donat que mai es podr\u00e0 donar un cas de manca de <strong>pagament<\/strong> per manca de fons.<\/p>\n<p style=\"text-align: justify;\">Tal i com nosaltres entenem l\u2019<strong>administraci\u00f3<\/strong> de comunitats, que significa transpar\u00e8ncia total i comptabilitat a temps real,\u00a0 pretendre que sigui possible treballant una a una cada importaci\u00f3 de dades de cada comunitat \u00e9s senzillament impossible.<\/p>\n<p style=\"text-align: justify;\">La soluci\u00f3 \u00e9s molt diferent. L\u2019administrador, com a professional responsable, ha de poder treballar amb les eines que consideri adequades.\u00a0 En aquest cas, un compte \u00fanic per totes les comunitats perqu\u00e8 despr\u00e9s sap que internament tot quedar\u00e0 igualment col\u00b7locat a cada diari de comunitats per\u00f2 l\u2019agilitat i rapidesa\u00a0 passa a ser real\u00a0 i absoluta.<\/p>\n<p style=\"text-align: justify;\">El focus l\u2019hem de posar en exigir a l\u2019administrador la seva m\u00e0xima professionalitat i aix\u00f2 significa, sobretot, donar les <strong>garanties<\/strong> necess\u00e0ries sobre els diners dels seus clients que t\u00e9 confiats.<\/p>\n<p style=\"text-align: justify;\">AMAT t\u00e9 totalment cobert aquest tema, no nom\u00e9s per la p\u00f2lissa col\u00b7legial aproximadament d&#8217;uns 25.000\u20ac que t\u00e9, \u00a0sin\u00f3 per una altra \u00a0feta expressament des de fa m\u00e9s de 20 anys per un import de 2.000.000\u20ac.<\/p>\n<p style=\"text-align: justify;\"><span style=\"text-decoration: underline;\">\u00c9s aquesta la veritable soluci\u00f3? <\/span><\/p>\n<p style=\"text-align: justify;\">Lamentablement estem acostumats a que per no abordar realment un problema, es busquin falses solucions. El que no podem \u00e9s seguir criteris com els d\u2019<strong>Hisenda<\/strong> que ens tracta a tots com a presumptes defraudadors per no posar el focus i tota la for\u00e7a de la just\u00edcia als defraudadors reals.<\/p>\n<p style=\"text-align: justify;\">La majoria dels administradors s\u00f3n excel\u00b7lents professionals, que fan la seva feina amb extrema responsabilitat , i l\u2019\u00fanic que se\u2019ls ha de demanar \u00e9s que siguin eficients en la gesti\u00f3, competents jur\u00eddicament, fiscalment, laboralment\u00a0 i, sobretot, segurs amb la responsabilitat i, naturalment, donant un servei del segle XXI: tot online i tot a temps real.<\/p>\n<p style=\"text-align: right;\"><span style=\"color: #ff0000;\"><strong>Joana Amat<\/strong><\/span><\/p>\n<p style=\"text-align: right;\"><span style=\"color: #ff0000;\"><strong>Direcci\u00f3<\/strong><\/span><\/p>\n","protected":false},"excerpt":{"rendered":"<p>Recentment ha sortit a la premsa la lamentable noticia d\u2019un administrador de finques que ha fet fallida deixant 16 comunitats en risc pels seus saldos. Immediatament,\u00a0 es genera una alarma popular que, per comprensible que sigui, est\u00e0 portant a situacions que semblen ser el remei al problema, quan no ho s\u00f3n en absolut. Parlem dels [&hellip;]<\/p>\n","protected":false},"author":1,"featured_media":0,"comment_status":"closed","ping_status":"closed","sticky":false,"template":"","format":"standard","meta":{"content-type":"","footnotes":""},"categories":[1154],"tags":[],"yoast_head":"<!-- This site is optimized with the Yoast SEO plugin v23.9 - https:\/\/yoast.com\/wordpress\/plugins\/seo\/ -->\n<title>On posem el focus? La responsabilitat de l\u2019Administrador | Amat Immobiliaris<\/title>\n<meta name=\"description\" content=\"Avui parlem dels avantatges i desavantatges de tenir un compte propi per a l\u2019administraci\u00f3 de la comunitat.\" \/>\n<meta name=\"robots\" content=\"index, follow, max-snippet:-1, max-image-preview:large, max-video-preview:-1\" \/>\n<link rel=\"canonical\" href=\"https:\/\/www.amatimmobiliaris.com\/w\/ca\/2015\/05\/on-posem-el-focus-la-responsabilitat-de-ladministrador\/\" \/>\n<meta property=\"og:locale\" content=\"ca_ES\" \/>\n<meta property=\"og:type\" content=\"article\" \/>\n<meta property=\"og:title\" content=\"On posem el focus? La responsabilitat de l\u2019Administrador | Amat Immobiliaris\" \/>\n<meta property=\"og:description\" content=\"Avui parlem dels avantatges i desavantatges de tenir un compte propi per a l\u2019administraci\u00f3 de la comunitat.\" \/>\n<meta property=\"og:url\" content=\"https:\/\/www.amatimmobiliaris.com\/w\/ca\/2015\/05\/on-posem-el-focus-la-responsabilitat-de-ladministrador\/\" \/>\n<meta property=\"og:site_name\" content=\"Amat Immobiliaris\" \/>\n<meta property=\"article:publisher\" content=\"https:\/\/www.facebook.com\/amatimmobiliaris\" \/>\n<meta property=\"article:published_time\" content=\"2015-05-12T09:26:16+00:00\" \/>\n<meta property=\"article:modified_time\" content=\"2023-06-08T10:02:29+00:00\" \/>\n<meta property=\"og:image\" content=\"https:\/\/www.amatimmobiliaris.com\/w\/wp-content\/uploads\/2022\/01\/2014-Saga-familiar-Amat-dw-1-1024x683.jpg\" \/>\n\t<meta property=\"og:image:width\" content=\"1024\" \/>\n\t<meta property=\"og:image:height\" content=\"683\" \/>\n\t<meta property=\"og:image:type\" content=\"image\/jpeg\" \/>\n<meta name=\"author\" content=\"Amat Immobiliaris\" \/>\n<meta name=\"twitter:card\" content=\"summary_large_image\" \/>\n<meta name=\"twitter:creator\" content=\"@amat_cat\" \/>\n<meta name=\"twitter:site\" content=\"@amat_cat\" \/>\n<meta name=\"twitter:label1\" content=\"Escrit per\" \/>\n\t<meta name=\"twitter:data1\" content=\"Amat Immobiliaris\" \/>\n\t<meta name=\"twitter:label2\" content=\"Temps estimat de lectura\" \/>\n\t<meta name=\"twitter:data2\" content=\"3 minuts\" \/>\n<script type=\"application\/ld+json\" class=\"yoast-schema-graph\">{\"@context\":\"https:\/\/schema.org\",\"@graph\":[{\"@type\":\"Article\",\"@id\":\"https:\/\/www.amatimmobiliaris.com\/w\/ca\/2015\/05\/on-posem-el-focus-la-responsabilitat-de-ladministrador\/#article\",\"isPartOf\":{\"@id\":\"https:\/\/www.amatimmobiliaris.com\/w\/ca\/2015\/05\/on-posem-el-focus-la-responsabilitat-de-ladministrador\/\"},\"author\":{\"name\":\"Amat Immobiliaris\",\"@id\":\"https:\/\/www.amatimmobiliaris.com\/w\/#\/schema\/person\/c880da71d1e156e7ea6774ffb445e034\"},\"headline\":\"On posem el focus? La responsabilitat de l\u2019Administrador\",\"datePublished\":\"2015-05-12T09:26:16+00:00\",\"dateModified\":\"2023-06-08T10:02:29+00:00\",\"mainEntityOfPage\":{\"@id\":\"https:\/\/www.amatimmobiliaris.com\/w\/ca\/2015\/05\/on-posem-el-focus-la-responsabilitat-de-ladministrador\/\"},\"wordCount\":482,\"publisher\":{\"@id\":\"https:\/\/www.amatimmobiliaris.com\/w\/#organization\"},\"articleSection\":[\"L'usuari pregunta\"],\"inLanguage\":\"ca\"},{\"@type\":\"WebPage\",\"@id\":\"https:\/\/www.amatimmobiliaris.com\/w\/ca\/2015\/05\/on-posem-el-focus-la-responsabilitat-de-ladministrador\/\",\"url\":\"https:\/\/www.amatimmobiliaris.com\/w\/ca\/2015\/05\/on-posem-el-focus-la-responsabilitat-de-ladministrador\/\",\"name\":\"On posem el focus? La responsabilitat de l\u2019Administrador | Amat Immobiliaris\",\"isPartOf\":{\"@id\":\"https:\/\/www.amatimmobiliaris.com\/w\/#website\"},\"datePublished\":\"2015-05-12T09:26:16+00:00\",\"dateModified\":\"2023-06-08T10:02:29+00:00\",\"description\":\"Avui parlem dels avantatges i desavantatges de tenir un compte propi per a l\u2019administraci\u00f3 de la comunitat.\",\"breadcrumb\":{\"@id\":\"https:\/\/www.amatimmobiliaris.com\/w\/ca\/2015\/05\/on-posem-el-focus-la-responsabilitat-de-ladministrador\/#breadcrumb\"},\"inLanguage\":\"ca\",\"potentialAction\":[{\"@type\":\"ReadAction\",\"target\":[\"https:\/\/www.amatimmobiliaris.com\/w\/ca\/2015\/05\/on-posem-el-focus-la-responsabilitat-de-ladministrador\/\"]}]},{\"@type\":\"BreadcrumbList\",\"@id\":\"https:\/\/www.amatimmobiliaris.com\/w\/ca\/2015\/05\/on-posem-el-focus-la-responsabilitat-de-ladministrador\/#breadcrumb\",\"itemListElement\":[{\"@type\":\"ListItem\",\"position\":1,\"name\":\"Home\",\"item\":\"https:\/\/www.amatimmobiliaris.com\/w\/ca\/\"},{\"@type\":\"ListItem\",\"position\":2,\"name\":\"Consells\",\"item\":\"https:\/\/www.amatimmobiliaris.com\/w\/ca\/categoria-ca\/consells-ca\/\"},{\"@type\":\"ListItem\",\"position\":3,\"name\":\"L'usuari pregunta\",\"item\":\"https:\/\/www.amatimmobiliaris.com\/w\/ca\/categoria-ca\/consells-ca\/usuari-pregunta-ca\/\"},{\"@type\":\"ListItem\",\"position\":4,\"name\":\"On posem el focus? La responsabilitat de l\u2019Administrador\"}]},{\"@type\":\"WebSite\",\"@id\":\"https:\/\/www.amatimmobiliaris.com\/w\/#website\",\"url\":\"https:\/\/www.amatimmobiliaris.com\/w\/\",\"name\":\"Amat Immobiliaris\",\"description\":\"Empresa familiar del sector inmobiliario con oficinas en Barcelona, Sant Cugat del Vall\u00e9s y Sant Just Desvern. Te ayudamos a comprar, alquilar o vender tu casa o piso. Somos un equipo coherente con una cultura de empresa honesta, innovadora y eficaz. Tambi\u00e9n en www.amatluxury.com\",\"publisher\":{\"@id\":\"https:\/\/www.amatimmobiliaris.com\/w\/#organization\"},\"alternateName\":\"AmatImmo\",\"potentialAction\":[{\"@type\":\"SearchAction\",\"target\":{\"@type\":\"EntryPoint\",\"urlTemplate\":\"https:\/\/www.amatimmobiliaris.com\/w\/?s={search_term_string}\"},\"query-input\":{\"@type\":\"PropertyValueSpecification\",\"valueRequired\":true,\"valueName\":\"search_term_string\"}}],\"inLanguage\":\"ca\"},{\"@type\":\"Organization\",\"@id\":\"https:\/\/www.amatimmobiliaris.com\/w\/#organization\",\"name\":\"Amat Immobiliaris\",\"url\":\"https:\/\/www.amatimmobiliaris.com\/w\/\",\"logo\":{\"@type\":\"ImageObject\",\"inLanguage\":\"ca\",\"@id\":\"https:\/\/www.amatimmobiliaris.com\/w\/#\/schema\/logo\/image\/\",\"url\":\"https:\/\/www.amatimmobiliaris.com\/w\/wp-content\/uploads\/2022\/10\/amat-logo.jpg\",\"contentUrl\":\"https:\/\/www.amatimmobiliaris.com\/w\/wp-content\/uploads\/2022\/10\/amat-logo.jpg\",\"width\":900,\"height\":900,\"caption\":\"Amat Immobiliaris\"},\"image\":{\"@id\":\"https:\/\/www.amatimmobiliaris.com\/w\/#\/schema\/logo\/image\/\"},\"sameAs\":[\"https:\/\/www.facebook.com\/amatimmobiliaris\",\"https:\/\/x.com\/amat_cat\",\"https:\/\/www.instagram.com\/amat_immo\/\",\"https:\/\/www.linkedin.com\/company\/amat-finques\/\",\"https:\/\/www.youtube.com\/@amatimmobiliaris\"]},{\"@type\":\"Person\",\"@id\":\"https:\/\/www.amatimmobiliaris.com\/w\/#\/schema\/person\/c880da71d1e156e7ea6774ffb445e034\",\"name\":\"Amat Immobiliaris\",\"sameAs\":[\"http:\/\/amat-inmo-wp.localhost\"]}]}<\/script>\n<!-- \/ Yoast SEO plugin. -->","yoast_head_json":{"title":"On posem el focus? La responsabilitat de l\u2019Administrador | Amat Immobiliaris","description":"Avui parlem dels avantatges i desavantatges de tenir un compte propi per a l\u2019administraci\u00f3 de la comunitat.","robots":{"index":"index","follow":"follow","max-snippet":"max-snippet:-1","max-image-preview":"max-image-preview:large","max-video-preview":"max-video-preview:-1"},"canonical":"https:\/\/www.amatimmobiliaris.com\/w\/ca\/2015\/05\/on-posem-el-focus-la-responsabilitat-de-ladministrador\/","og_locale":"ca_ES","og_type":"article","og_title":"On posem el focus? La responsabilitat de l\u2019Administrador | Amat Immobiliaris","og_description":"Avui parlem dels avantatges i desavantatges de tenir un compte propi per a l\u2019administraci\u00f3 de la comunitat.","og_url":"https:\/\/www.amatimmobiliaris.com\/w\/ca\/2015\/05\/on-posem-el-focus-la-responsabilitat-de-ladministrador\/","og_site_name":"Amat Immobiliaris","article_publisher":"https:\/\/www.facebook.com\/amatimmobiliaris","article_published_time":"2015-05-12T09:26:16+00:00","article_modified_time":"2023-06-08T10:02:29+00:00","og_image":[{"width":1024,"height":683,"url":"https:\/\/www.amatimmobiliaris.com\/w\/wp-content\/uploads\/2022\/01\/2014-Saga-familiar-Amat-dw-1-1024x683.jpg","type":"image\/jpeg"}],"author":"Amat Immobiliaris","twitter_card":"summary_large_image","twitter_creator":"@amat_cat","twitter_site":"@amat_cat","twitter_misc":{"Escrit per":"Amat Immobiliaris","Temps estimat de lectura":"3 minuts"},"schema":{"@context":"https:\/\/schema.org","@graph":[{"@type":"Article","@id":"https:\/\/www.amatimmobiliaris.com\/w\/ca\/2015\/05\/on-posem-el-focus-la-responsabilitat-de-ladministrador\/#article","isPartOf":{"@id":"https:\/\/www.amatimmobiliaris.com\/w\/ca\/2015\/05\/on-posem-el-focus-la-responsabilitat-de-ladministrador\/"},"author":{"name":"Amat Immobiliaris","@id":"https:\/\/www.amatimmobiliaris.com\/w\/#\/schema\/person\/c880da71d1e156e7ea6774ffb445e034"},"headline":"On posem el focus? La responsabilitat de l\u2019Administrador","datePublished":"2015-05-12T09:26:16+00:00","dateModified":"2023-06-08T10:02:29+00:00","mainEntityOfPage":{"@id":"https:\/\/www.amatimmobiliaris.com\/w\/ca\/2015\/05\/on-posem-el-focus-la-responsabilitat-de-ladministrador\/"},"wordCount":482,"publisher":{"@id":"https:\/\/www.amatimmobiliaris.com\/w\/#organization"},"articleSection":["L'usuari pregunta"],"inLanguage":"ca"},{"@type":"WebPage","@id":"https:\/\/www.amatimmobiliaris.com\/w\/ca\/2015\/05\/on-posem-el-focus-la-responsabilitat-de-ladministrador\/","url":"https:\/\/www.amatimmobiliaris.com\/w\/ca\/2015\/05\/on-posem-el-focus-la-responsabilitat-de-ladministrador\/","name":"On posem el focus? La responsabilitat de l\u2019Administrador | Amat Immobiliaris","isPartOf":{"@id":"https:\/\/www.amatimmobiliaris.com\/w\/#website"},"datePublished":"2015-05-12T09:26:16+00:00","dateModified":"2023-06-08T10:02:29+00:00","description":"Avui parlem dels avantatges i desavantatges de tenir un compte propi per a l\u2019administraci\u00f3 de la comunitat.","breadcrumb":{"@id":"https:\/\/www.amatimmobiliaris.com\/w\/ca\/2015\/05\/on-posem-el-focus-la-responsabilitat-de-ladministrador\/#breadcrumb"},"inLanguage":"ca","potentialAction":[{"@type":"ReadAction","target":["https:\/\/www.amatimmobiliaris.com\/w\/ca\/2015\/05\/on-posem-el-focus-la-responsabilitat-de-ladministrador\/"]}]},{"@type":"BreadcrumbList","@id":"https:\/\/www.amatimmobiliaris.com\/w\/ca\/2015\/05\/on-posem-el-focus-la-responsabilitat-de-ladministrador\/#breadcrumb","itemListElement":[{"@type":"ListItem","position":1,"name":"Home","item":"https:\/\/www.amatimmobiliaris.com\/w\/ca\/"},{"@type":"ListItem","position":2,"name":"Consells","item":"https:\/\/www.amatimmobiliaris.com\/w\/ca\/categoria-ca\/consells-ca\/"},{"@type":"ListItem","position":3,"name":"L'usuari pregunta","item":"https:\/\/www.amatimmobiliaris.com\/w\/ca\/categoria-ca\/consells-ca\/usuari-pregunta-ca\/"},{"@type":"ListItem","position":4,"name":"On posem el focus? La responsabilitat de l\u2019Administrador"}]},{"@type":"WebSite","@id":"https:\/\/www.amatimmobiliaris.com\/w\/#website","url":"https:\/\/www.amatimmobiliaris.com\/w\/","name":"Amat Immobiliaris","description":"Empresa familiar del sector inmobiliario con oficinas en Barcelona, Sant Cugat del Vall\u00e9s y Sant Just Desvern. Te ayudamos a comprar, alquilar o vender tu casa o piso. Somos un equipo coherente con una cultura de empresa honesta, innovadora y eficaz. Tambi\u00e9n en www.amatluxury.com","publisher":{"@id":"https:\/\/www.amatimmobiliaris.com\/w\/#organization"},"alternateName":"AmatImmo","potentialAction":[{"@type":"SearchAction","target":{"@type":"EntryPoint","urlTemplate":"https:\/\/www.amatimmobiliaris.com\/w\/?s={search_term_string}"},"query-input":{"@type":"PropertyValueSpecification","valueRequired":true,"valueName":"search_term_string"}}],"inLanguage":"ca"},{"@type":"Organization","@id":"https:\/\/www.amatimmobiliaris.com\/w\/#organization","name":"Amat Immobiliaris","url":"https:\/\/www.amatimmobiliaris.com\/w\/","logo":{"@type":"ImageObject","inLanguage":"ca","@id":"https:\/\/www.amatimmobiliaris.com\/w\/#\/schema\/logo\/image\/","url":"https:\/\/www.amatimmobiliaris.com\/w\/wp-content\/uploads\/2022\/10\/amat-logo.jpg","contentUrl":"https:\/\/www.amatimmobiliaris.com\/w\/wp-content\/uploads\/2022\/10\/amat-logo.jpg","width":900,"height":900,"caption":"Amat Immobiliaris"},"image":{"@id":"https:\/\/www.amatimmobiliaris.com\/w\/#\/schema\/logo\/image\/"},"sameAs":["https:\/\/www.facebook.com\/amatimmobiliaris","https:\/\/x.com\/amat_cat","https:\/\/www.instagram.com\/amat_immo\/","https:\/\/www.linkedin.com\/company\/amat-finques\/","https:\/\/www.youtube.com\/@amatimmobiliaris"]},{"@type":"Person","@id":"https:\/\/www.amatimmobiliaris.com\/w\/#\/schema\/person\/c880da71d1e156e7ea6774ffb445e034","name":"Amat Immobiliaris","sameAs":["http:\/\/amat-inmo-wp.localhost"]}]}},"_links":{"self":[{"href":"https:\/\/www.amatimmobiliaris.com\/w\/ca\/wp-json\/wp\/v2\/posts\/12391"}],"collection":[{"href":"https:\/\/www.amatimmobiliaris.com\/w\/ca\/wp-json\/wp\/v2\/posts"}],"about":[{"href":"https:\/\/www.amatimmobiliaris.com\/w\/ca\/wp-json\/wp\/v2\/types\/post"}],"author":[{"embeddable":true,"href":"https:\/\/www.amatimmobiliaris.com\/w\/ca\/wp-json\/wp\/v2\/users\/1"}],"replies":[{"embeddable":true,"href":"https:\/\/www.amatimmobiliaris.com\/w\/ca\/wp-json\/wp\/v2\/comments?post=12391"}],"version-history":[{"count":1,"href":"https:\/\/www.amatimmobiliaris.com\/w\/ca\/wp-json\/wp\/v2\/posts\/12391\/revisions"}],"predecessor-version":[{"id":17474,"href":"https:\/\/www.amatimmobiliaris.com\/w\/ca\/wp-json\/wp\/v2\/posts\/12391\/revisions\/17474"}],"wp:attachment":[{"href":"https:\/\/www.amatimmobiliaris.com\/w\/ca\/wp-json\/wp\/v2\/media?parent=12391"}],"wp:term":[{"taxonomy":"category","embeddable":true,"href":"https:\/\/www.amatimmobiliaris.com\/w\/ca\/wp-json\/wp\/v2\/categories?post=12391"},{"taxonomy":"post_tag","embeddable":true,"href":"https:\/\/www.amatimmobiliaris.com\/w\/ca\/wp-json\/wp\/v2\/tags?post=12391"}],"curies":[{"name":"wp","href":"https:\/\/api.w.org\/{rel}","templated":true}]}}