{"id":12381,"date":"2015-04-15T09:14:47","date_gmt":"2015-04-15T09:14:47","guid":{"rendered":"http:\/\/amat-inmo-wp.localhost\/2015\/04\/15\/el-nou-projecte-urbanistic-de-les-glories\/"},"modified":"2022-10-13T11:11:39","modified_gmt":"2022-10-13T11:11:39","slug":"el-nou-projecte-urbanistic-de-les-glories","status":"publish","type":"post","link":"https:\/\/www.amatimmobiliaris.com\/w\/ca\/2015\/04\/el-nou-projecte-urbanistic-de-les-glories\/","title":{"rendered":"El nou projecte urban\u00edstic de Les Gl\u00f2ries"},"content":{"rendered":"<p>&nbsp;<\/p>\n<p>L\u2019ambici\u00f3s projecte de la Pla\u00e7a de Les Gl\u00f2ries est\u00e0 a punt de finalitzar despr\u00e9s de mesos d\u2019obres. Finalment el projecte escollit transformar\u00e0 l\u2019antiga anella de ciment en una gran zona verda que comptar\u00e0 amb 140.000 m2 i que soterrar\u00e0 la circulaci\u00f3 rodada donant prefer\u00e8ncia als vianants a la superf\u00edcie.<\/p>\n<p>La intenci\u00f3 \u00faltima d\u2019aquest projecte \u00e9s crear un segon centre neur\u00e0lgic de la ciutat, despr\u00e9s de pla\u00e7a Catalunya, on les activitats culturals tindran un pes important. Si m\u00e9s no el barri de Les Gl\u00f2ries comptar\u00e0, en un radi de pocs metres, amb L\u2019Auditori, el Teatre Nacional de Catalunya, el Disseny Hub, el mercat de Els Encants, la Torre Agbar i el Centre Comercial Les Gl\u00f2ries.<\/p>\n<p style=\"text-align: center;\"><span style=\"font-family: Calibri;\"><span style=\"font-size: medium;\"><span style=\"color: #000000;\"><a href=\"https:\/\/www.amatimmobiliaris.com\/w\/wp-content\/uploads\/2022\/01\/glories-2.png\"><img loading=\"lazy\" decoding=\"async\" class=\"aligncenter  wp-image-2494\" title=\"glories\" src=\"https:\/\/www.amatimmobiliaris.com\/w\/wp-content\/uploads\/2022\/01\/glories-2.png\" alt=\"\" width=\"418\" height=\"314\" \/><\/a><\/span><\/span><\/span><\/p>\n<p>Les immobili\u00e0ries ja tenen un ull posat a la zona ja que l\u2019adquisici\u00f3 d\u2019immobles \u00e9s encara assequible i el seu valor creixer\u00e0 a mida que el projecte avanci. En aquests moments \u00e9s un moment molt bo per adquirir una propietat a bon preu.<\/p>\n<div>\n<p>Vist que el projecte t\u00e9 una durada prevista d\u2019uns quatre anys, l\u2019Ajuntament ha proposat diversos usos provisionals per resoldre les principals mancances d\u2019espais p\u00fablics. Per tal de donar-los a con\u00e8ixer es proposen itineraris guiats gratu\u00efts per informar la ciutadania no nom\u00e9s del proc\u00e9s de transformaci\u00f3 de la pla\u00e7a de les Gl\u00f2ries, sin\u00f3 tamb\u00e9 de l\u2019evoluci\u00f3 d\u2019aquest indret\u00a0al llarg de la hist\u00f2ria.<\/p>\n<\/div>\n","protected":false},"excerpt":{"rendered":"<p>&nbsp; L\u2019ambici\u00f3s projecte de la Pla\u00e7a de Les Gl\u00f2ries est\u00e0 a punt de finalitzar despr\u00e9s de mesos d\u2019obres. Finalment el projecte escollit transformar\u00e0 l\u2019antiga anella de ciment en una gran zona verda que comptar\u00e0 amb 140.000 m2 i que soterrar\u00e0 la circulaci\u00f3 rodada donant prefer\u00e8ncia als vianants a la superf\u00edcie. La intenci\u00f3 \u00faltima d\u2019aquest projecte [&hellip;]<\/p>\n","protected":false},"author":1,"featured_media":12382,"comment_status":"closed","ping_status":"open","sticky":false,"template":"","format":"standard","meta":{"content-type":"","footnotes":""},"categories":[871],"tags":[],"yoast_head":"<!-- This site is optimized with the Yoast SEO plugin v23.9 - https:\/\/yoast.com\/wordpress\/plugins\/seo\/ -->\n<title>El nou projecte urban\u00edstic de Les Gl\u00f2ries | Amat Immobiliaris<\/title>\n<meta name=\"robots\" content=\"index, follow, max-snippet:-1, max-image-preview:large, max-video-preview:-1\" \/>\n<link rel=\"canonical\" href=\"https:\/\/www.amatimmobiliaris.com\/w\/ca\/2015\/04\/el-nou-projecte-urbanistic-de-les-glories\/\" \/>\n<meta property=\"og:locale\" content=\"ca_ES\" \/>\n<meta property=\"og:type\" content=\"article\" \/>\n<meta property=\"og:title\" content=\"El nou projecte urban\u00edstic de Les Gl\u00f2ries | Amat Immobiliaris\" \/>\n<meta property=\"og:description\" content=\"&nbsp; L\u2019ambici\u00f3s projecte de la Pla\u00e7a de Les Gl\u00f2ries est\u00e0 a punt de finalitzar despr\u00e9s de mesos d\u2019obres. Finalment el projecte escollit transformar\u00e0 l\u2019antiga anella de ciment en una gran zona verda que comptar\u00e0 amb 140.000 m2 i que soterrar\u00e0 la circulaci\u00f3 rodada donant prefer\u00e8ncia als vianants a la superf\u00edcie. La intenci\u00f3 \u00faltima d\u2019aquest projecte [&hellip;]\" \/>\n<meta property=\"og:url\" content=\"https:\/\/www.amatimmobiliaris.com\/w\/ca\/2015\/04\/el-nou-projecte-urbanistic-de-les-glories\/\" \/>\n<meta property=\"og:site_name\" content=\"Amat Immobiliaris\" \/>\n<meta property=\"article:publisher\" content=\"https:\/\/www.facebook.com\/amatimmobiliaris\" \/>\n<meta property=\"article:published_time\" content=\"2015-04-15T09:14:47+00:00\" \/>\n<meta property=\"article:modified_time\" content=\"2022-10-13T11:11:39+00:00\" \/>\n<meta property=\"og:image\" content=\"https:\/\/www.amatimmobiliaris.com\/w\/wp-content\/uploads\/2022\/01\/glories-2.png\" \/>\n\t<meta property=\"og:image:width\" content=\"932\" \/>\n\t<meta property=\"og:image:height\" content=\"700\" \/>\n\t<meta property=\"og:image:type\" content=\"image\/png\" \/>\n<meta name=\"author\" content=\"Amat Immobiliaris\" \/>\n<meta name=\"twitter:card\" content=\"summary_large_image\" \/>\n<meta name=\"twitter:creator\" content=\"@amat_cat\" \/>\n<meta name=\"twitter:site\" content=\"@amat_cat\" \/>\n<meta name=\"twitter:label1\" content=\"Escrit per\" \/>\n\t<meta name=\"twitter:data1\" content=\"Amat Immobiliaris\" \/>\n\t<meta name=\"twitter:label2\" content=\"Temps estimat de lectura\" \/>\n\t<meta name=\"twitter:data2\" content=\"1 minut\" \/>\n<script type=\"application\/ld+json\" class=\"yoast-schema-graph\">{\"@context\":\"https:\/\/schema.org\",\"@graph\":[{\"@type\":\"Article\",\"@id\":\"https:\/\/www.amatimmobiliaris.com\/w\/ca\/2015\/04\/el-nou-projecte-urbanistic-de-les-glories\/#article\",\"isPartOf\":{\"@id\":\"https:\/\/www.amatimmobiliaris.com\/w\/ca\/2015\/04\/el-nou-projecte-urbanistic-de-les-glories\/\"},\"author\":{\"name\":\"Amat Immobiliaris\",\"@id\":\"https:\/\/www.amatimmobiliaris.com\/w\/#\/schema\/person\/c880da71d1e156e7ea6774ffb445e034\"},\"headline\":\"El nou projecte urban\u00edstic de Les Gl\u00f2ries\",\"datePublished\":\"2015-04-15T09:14:47+00:00\",\"dateModified\":\"2022-10-13T11:11:39+00:00\",\"mainEntityOfPage\":{\"@id\":\"https:\/\/www.amatimmobiliaris.com\/w\/ca\/2015\/04\/el-nou-projecte-urbanistic-de-les-glories\/\"},\"wordCount\":261,\"publisher\":{\"@id\":\"https:\/\/www.amatimmobiliaris.com\/w\/#organization\"},\"image\":{\"@id\":\"https:\/\/www.amatimmobiliaris.com\/w\/ca\/2015\/04\/el-nou-projecte-urbanistic-de-les-glories\/#primaryimage\"},\"thumbnailUrl\":\"https:\/\/www.amatimmobiliaris.com\/w\/wp-content\/uploads\/2022\/01\/glories-2.png\",\"articleSection\":[\"Consejos\"],\"inLanguage\":\"ca\"},{\"@type\":\"WebPage\",\"@id\":\"https:\/\/www.amatimmobiliaris.com\/w\/ca\/2015\/04\/el-nou-projecte-urbanistic-de-les-glories\/\",\"url\":\"https:\/\/www.amatimmobiliaris.com\/w\/ca\/2015\/04\/el-nou-projecte-urbanistic-de-les-glories\/\",\"name\":\"El nou projecte urban\u00edstic de Les Gl\u00f2ries | Amat Immobiliaris\",\"isPartOf\":{\"@id\":\"https:\/\/www.amatimmobiliaris.com\/w\/#website\"},\"primaryImageOfPage\":{\"@id\":\"https:\/\/www.amatimmobiliaris.com\/w\/ca\/2015\/04\/el-nou-projecte-urbanistic-de-les-glories\/#primaryimage\"},\"image\":{\"@id\":\"https:\/\/www.amatimmobiliaris.com\/w\/ca\/2015\/04\/el-nou-projecte-urbanistic-de-les-glories\/#primaryimage\"},\"thumbnailUrl\":\"https:\/\/www.amatimmobiliaris.com\/w\/wp-content\/uploads\/2022\/01\/glories-2.png\",\"datePublished\":\"2015-04-15T09:14:47+00:00\",\"dateModified\":\"2022-10-13T11:11:39+00:00\",\"breadcrumb\":{\"@id\":\"https:\/\/www.amatimmobiliaris.com\/w\/ca\/2015\/04\/el-nou-projecte-urbanistic-de-les-glories\/#breadcrumb\"},\"inLanguage\":\"ca\",\"potentialAction\":[{\"@type\":\"ReadAction\",\"target\":[\"https:\/\/www.amatimmobiliaris.com\/w\/ca\/2015\/04\/el-nou-projecte-urbanistic-de-les-glories\/\"]}]},{\"@type\":\"ImageObject\",\"inLanguage\":\"ca\",\"@id\":\"https:\/\/www.amatimmobiliaris.com\/w\/ca\/2015\/04\/el-nou-projecte-urbanistic-de-les-glories\/#primaryimage\",\"url\":\"https:\/\/www.amatimmobiliaris.com\/w\/wp-content\/uploads\/2022\/01\/glories-2.png\",\"contentUrl\":\"https:\/\/www.amatimmobiliaris.com\/w\/wp-content\/uploads\/2022\/01\/glories-2.png\",\"width\":932,\"height\":700},{\"@type\":\"BreadcrumbList\",\"@id\":\"https:\/\/www.amatimmobiliaris.com\/w\/ca\/2015\/04\/el-nou-projecte-urbanistic-de-les-glories\/#breadcrumb\",\"itemListElement\":[{\"@type\":\"ListItem\",\"position\":1,\"name\":\"Home\",\"item\":\"https:\/\/www.amatimmobiliaris.com\/w\/ca\/\"},{\"@type\":\"ListItem\",\"position\":2,\"name\":\"Consejos\",\"item\":\"https:\/\/www.amatimmobiliaris.com\/w\/category\/consejos\/\"},{\"@type\":\"ListItem\",\"position\":3,\"name\":\"El nou projecte urban\u00edstic de Les Gl\u00f2ries\"}]},{\"@type\":\"WebSite\",\"@id\":\"https:\/\/www.amatimmobiliaris.com\/w\/#website\",\"url\":\"https:\/\/www.amatimmobiliaris.com\/w\/\",\"name\":\"Amat Immobiliaris\",\"description\":\"Empresa familiar del sector inmobiliario con oficinas en Barcelona, Sant Cugat del Vall\u00e9s y Sant Just Desvern. Te ayudamos a comprar, alquilar o vender tu casa o piso. Somos un equipo coherente con una cultura de empresa honesta, innovadora y eficaz. Tambi\u00e9n en www.amatluxury.com\",\"publisher\":{\"@id\":\"https:\/\/www.amatimmobiliaris.com\/w\/#organization\"},\"alternateName\":\"AmatImmo\",\"potentialAction\":[{\"@type\":\"SearchAction\",\"target\":{\"@type\":\"EntryPoint\",\"urlTemplate\":\"https:\/\/www.amatimmobiliaris.com\/w\/?s={search_term_string}\"},\"query-input\":{\"@type\":\"PropertyValueSpecification\",\"valueRequired\":true,\"valueName\":\"search_term_string\"}}],\"inLanguage\":\"ca\"},{\"@type\":\"Organization\",\"@id\":\"https:\/\/www.amatimmobiliaris.com\/w\/#organization\",\"name\":\"Amat Immobiliaris\",\"url\":\"https:\/\/www.amatimmobiliaris.com\/w\/\",\"logo\":{\"@type\":\"ImageObject\",\"inLanguage\":\"ca\",\"@id\":\"https:\/\/www.amatimmobiliaris.com\/w\/#\/schema\/logo\/image\/\",\"url\":\"https:\/\/www.amatimmobiliaris.com\/w\/wp-content\/uploads\/2022\/10\/amat-logo.jpg\",\"contentUrl\":\"https:\/\/www.amatimmobiliaris.com\/w\/wp-content\/uploads\/2022\/10\/amat-logo.jpg\",\"width\":900,\"height\":900,\"caption\":\"Amat Immobiliaris\"},\"image\":{\"@id\":\"https:\/\/www.amatimmobiliaris.com\/w\/#\/schema\/logo\/image\/\"},\"sameAs\":[\"https:\/\/www.facebook.com\/amatimmobiliaris\",\"https:\/\/x.com\/amat_cat\",\"https:\/\/www.instagram.com\/amat_immo\/\",\"https:\/\/www.linkedin.com\/company\/amat-finques\/\",\"https:\/\/www.youtube.com\/@amatimmobiliaris\"]},{\"@type\":\"Person\",\"@id\":\"https:\/\/www.amatimmobiliaris.com\/w\/#\/schema\/person\/c880da71d1e156e7ea6774ffb445e034\",\"name\":\"Amat Immobiliaris\",\"sameAs\":[\"http:\/\/amat-inmo-wp.localhost\"]}]}<\/script>\n<!-- \/ Yoast SEO plugin. -->","yoast_head_json":{"title":"El nou projecte urban\u00edstic de Les Gl\u00f2ries | Amat Immobiliaris","robots":{"index":"index","follow":"follow","max-snippet":"max-snippet:-1","max-image-preview":"max-image-preview:large","max-video-preview":"max-video-preview:-1"},"canonical":"https:\/\/www.amatimmobiliaris.com\/w\/ca\/2015\/04\/el-nou-projecte-urbanistic-de-les-glories\/","og_locale":"ca_ES","og_type":"article","og_title":"El nou projecte urban\u00edstic de Les Gl\u00f2ries | Amat Immobiliaris","og_description":"&nbsp; L\u2019ambici\u00f3s projecte de la Pla\u00e7a de Les Gl\u00f2ries est\u00e0 a punt de finalitzar despr\u00e9s de mesos d\u2019obres. Finalment el projecte escollit transformar\u00e0 l\u2019antiga anella de ciment en una gran zona verda que comptar\u00e0 amb 140.000 m2 i que soterrar\u00e0 la circulaci\u00f3 rodada donant prefer\u00e8ncia als vianants a la superf\u00edcie. La intenci\u00f3 \u00faltima d\u2019aquest projecte [&hellip;]","og_url":"https:\/\/www.amatimmobiliaris.com\/w\/ca\/2015\/04\/el-nou-projecte-urbanistic-de-les-glories\/","og_site_name":"Amat Immobiliaris","article_publisher":"https:\/\/www.facebook.com\/amatimmobiliaris","article_published_time":"2015-04-15T09:14:47+00:00","article_modified_time":"2022-10-13T11:11:39+00:00","og_image":[{"width":932,"height":700,"url":"https:\/\/www.amatimmobiliaris.com\/w\/wp-content\/uploads\/2022\/01\/glories-2.png","type":"image\/png"}],"author":"Amat Immobiliaris","twitter_card":"summary_large_image","twitter_creator":"@amat_cat","twitter_site":"@amat_cat","twitter_misc":{"Escrit per":"Amat Immobiliaris","Temps estimat de lectura":"1 minut"},"schema":{"@context":"https:\/\/schema.org","@graph":[{"@type":"Article","@id":"https:\/\/www.amatimmobiliaris.com\/w\/ca\/2015\/04\/el-nou-projecte-urbanistic-de-les-glories\/#article","isPartOf":{"@id":"https:\/\/www.amatimmobiliaris.com\/w\/ca\/2015\/04\/el-nou-projecte-urbanistic-de-les-glories\/"},"author":{"name":"Amat Immobiliaris","@id":"https:\/\/www.amatimmobiliaris.com\/w\/#\/schema\/person\/c880da71d1e156e7ea6774ffb445e034"},"headline":"El nou projecte urban\u00edstic de Les Gl\u00f2ries","datePublished":"2015-04-15T09:14:47+00:00","dateModified":"2022-10-13T11:11:39+00:00","mainEntityOfPage":{"@id":"https:\/\/www.amatimmobiliaris.com\/w\/ca\/2015\/04\/el-nou-projecte-urbanistic-de-les-glories\/"},"wordCount":261,"publisher":{"@id":"https:\/\/www.amatimmobiliaris.com\/w\/#organization"},"image":{"@id":"https:\/\/www.amatimmobiliaris.com\/w\/ca\/2015\/04\/el-nou-projecte-urbanistic-de-les-glories\/#primaryimage"},"thumbnailUrl":"https:\/\/www.amatimmobiliaris.com\/w\/wp-content\/uploads\/2022\/01\/glories-2.png","articleSection":["Consejos"],"inLanguage":"ca"},{"@type":"WebPage","@id":"https:\/\/www.amatimmobiliaris.com\/w\/ca\/2015\/04\/el-nou-projecte-urbanistic-de-les-glories\/","url":"https:\/\/www.amatimmobiliaris.com\/w\/ca\/2015\/04\/el-nou-projecte-urbanistic-de-les-glories\/","name":"El nou projecte urban\u00edstic de Les Gl\u00f2ries | Amat Immobiliaris","isPartOf":{"@id":"https:\/\/www.amatimmobiliaris.com\/w\/#website"},"primaryImageOfPage":{"@id":"https:\/\/www.amatimmobiliaris.com\/w\/ca\/2015\/04\/el-nou-projecte-urbanistic-de-les-glories\/#primaryimage"},"image":{"@id":"https:\/\/www.amatimmobiliaris.com\/w\/ca\/2015\/04\/el-nou-projecte-urbanistic-de-les-glories\/#primaryimage"},"thumbnailUrl":"https:\/\/www.amatimmobiliaris.com\/w\/wp-content\/uploads\/2022\/01\/glories-2.png","datePublished":"2015-04-15T09:14:47+00:00","dateModified":"2022-10-13T11:11:39+00:00","breadcrumb":{"@id":"https:\/\/www.amatimmobiliaris.com\/w\/ca\/2015\/04\/el-nou-projecte-urbanistic-de-les-glories\/#breadcrumb"},"inLanguage":"ca","potentialAction":[{"@type":"ReadAction","target":["https:\/\/www.amatimmobiliaris.com\/w\/ca\/2015\/04\/el-nou-projecte-urbanistic-de-les-glories\/"]}]},{"@type":"ImageObject","inLanguage":"ca","@id":"https:\/\/www.amatimmobiliaris.com\/w\/ca\/2015\/04\/el-nou-projecte-urbanistic-de-les-glories\/#primaryimage","url":"https:\/\/www.amatimmobiliaris.com\/w\/wp-content\/uploads\/2022\/01\/glories-2.png","contentUrl":"https:\/\/www.amatimmobiliaris.com\/w\/wp-content\/uploads\/2022\/01\/glories-2.png","width":932,"height":700},{"@type":"BreadcrumbList","@id":"https:\/\/www.amatimmobiliaris.com\/w\/ca\/2015\/04\/el-nou-projecte-urbanistic-de-les-glories\/#breadcrumb","itemListElement":[{"@type":"ListItem","position":1,"name":"Home","item":"https:\/\/www.amatimmobiliaris.com\/w\/ca\/"},{"@type":"ListItem","position":2,"name":"Consejos","item":"https:\/\/www.amatimmobiliaris.com\/w\/category\/consejos\/"},{"@type":"ListItem","position":3,"name":"El nou projecte urban\u00edstic de Les Gl\u00f2ries"}]},{"@type":"WebSite","@id":"https:\/\/www.amatimmobiliaris.com\/w\/#website","url":"https:\/\/www.amatimmobiliaris.com\/w\/","name":"Amat Immobiliaris","description":"Empresa familiar del sector inmobiliario con oficinas en Barcelona, Sant Cugat del Vall\u00e9s y Sant Just Desvern. Te ayudamos a comprar, alquilar o vender tu casa o piso. Somos un equipo coherente con una cultura de empresa honesta, innovadora y eficaz. Tambi\u00e9n en www.amatluxury.com","publisher":{"@id":"https:\/\/www.amatimmobiliaris.com\/w\/#organization"},"alternateName":"AmatImmo","potentialAction":[{"@type":"SearchAction","target":{"@type":"EntryPoint","urlTemplate":"https:\/\/www.amatimmobiliaris.com\/w\/?s={search_term_string}"},"query-input":{"@type":"PropertyValueSpecification","valueRequired":true,"valueName":"search_term_string"}}],"inLanguage":"ca"},{"@type":"Organization","@id":"https:\/\/www.amatimmobiliaris.com\/w\/#organization","name":"Amat Immobiliaris","url":"https:\/\/www.amatimmobiliaris.com\/w\/","logo":{"@type":"ImageObject","inLanguage":"ca","@id":"https:\/\/www.amatimmobiliaris.com\/w\/#\/schema\/logo\/image\/","url":"https:\/\/www.amatimmobiliaris.com\/w\/wp-content\/uploads\/2022\/10\/amat-logo.jpg","contentUrl":"https:\/\/www.amatimmobiliaris.com\/w\/wp-content\/uploads\/2022\/10\/amat-logo.jpg","width":900,"height":900,"caption":"Amat Immobiliaris"},"image":{"@id":"https:\/\/www.amatimmobiliaris.com\/w\/#\/schema\/logo\/image\/"},"sameAs":["https:\/\/www.facebook.com\/amatimmobiliaris","https:\/\/x.com\/amat_cat","https:\/\/www.instagram.com\/amat_immo\/","https:\/\/www.linkedin.com\/company\/amat-finques\/","https:\/\/www.youtube.com\/@amatimmobiliaris"]},{"@type":"Person","@id":"https:\/\/www.amatimmobiliaris.com\/w\/#\/schema\/person\/c880da71d1e156e7ea6774ffb445e034","name":"Amat Immobiliaris","sameAs":["http:\/\/amat-inmo-wp.localhost"]}]}},"_links":{"self":[{"href":"https:\/\/www.amatimmobiliaris.com\/w\/ca\/wp-json\/wp\/v2\/posts\/12381"}],"collection":[{"href":"https:\/\/www.amatimmobiliaris.com\/w\/ca\/wp-json\/wp\/v2\/posts"}],"about":[{"href":"https:\/\/www.amatimmobiliaris.com\/w\/ca\/wp-json\/wp\/v2\/types\/post"}],"author":[{"embeddable":true,"href":"https:\/\/www.amatimmobiliaris.com\/w\/ca\/wp-json\/wp\/v2\/users\/1"}],"replies":[{"embeddable":true,"href":"https:\/\/www.amatimmobiliaris.com\/w\/ca\/wp-json\/wp\/v2\/comments?post=12381"}],"version-history":[{"count":1,"href":"https:\/\/www.amatimmobiliaris.com\/w\/ca\/wp-json\/wp\/v2\/posts\/12381\/revisions"}],"predecessor-version":[{"id":17252,"href":"https:\/\/www.amatimmobiliaris.com\/w\/ca\/wp-json\/wp\/v2\/posts\/12381\/revisions\/17252"}],"wp:featuredmedia":[{"embeddable":true,"href":"https:\/\/www.amatimmobiliaris.com\/w\/ca\/wp-json\/wp\/v2\/media\/12382"}],"wp:attachment":[{"href":"https:\/\/www.amatimmobiliaris.com\/w\/ca\/wp-json\/wp\/v2\/media?parent=12381"}],"wp:term":[{"taxonomy":"category","embeddable":true,"href":"https:\/\/www.amatimmobiliaris.com\/w\/ca\/wp-json\/wp\/v2\/categories?post=12381"},{"taxonomy":"post_tag","embeddable":true,"href":"https:\/\/www.amatimmobiliaris.com\/w\/ca\/wp-json\/wp\/v2\/tags?post=12381"}],"curies":[{"name":"wp","href":"https:\/\/api.w.org\/{rel}","templated":true}]}}