{"id":12380,"date":"2015-04-13T12:55:38","date_gmt":"2015-04-13T12:55:38","guid":{"rendered":"http:\/\/amat-inmo-wp.localhost\/2015\/04\/13\/problemes-fiscals-al-vendre-una-propietat-als-fills\/"},"modified":"2023-04-24T16:26:38","modified_gmt":"2023-04-24T16:26:38","slug":"problemes-fiscals-al-vendre-una-propietat-als-fills","status":"publish","type":"post","link":"https:\/\/www.amatimmobiliaris.com\/w\/ca\/2015\/04\/problemes-fiscals-al-vendre-una-propietat-als-fills\/","title":{"rendered":"Problemes fiscals al vendre una propietat als fills?"},"content":{"rendered":"<p>Consulta d&#8217;aquesta setmana:<\/p>\n<p><strong><em>\u00a0Puc tenir\u00a0cap problema de tipus fiscal si venc una propietat als meus fills?<\/em><\/strong><\/p>\n<p>El fet que hi hagi una relaci\u00f3 de parentiu entre les dues parts no impedeix que pugui vendre la propietat ni ha de comportar titllar l&#8217;operaci\u00f3 de donaci\u00f3 encoberta. Si realment es demostra que es tracta d&#8217;una venda, no t\u00e9 perqu\u00e8 haver-hi cap tipus de problema. Perqu\u00e8 hi hagi una venda ha d&#8217;existir una s\u00e8rie de requisits: que la transmissi\u00f3 sigui onerosa, el que significa que t\u00e9 un preu (a valor de mercat) i, en conseq\u00fc\u00e8ncia, un pagament i que es faci escriptura p\u00fablica i es liquidin els impostos oportuns. Una altra cosa \u00e9s determinar quina de les dues opcions -donaci\u00f3 o compravenda-, interessa m\u00e9s des del punt de vista financer i, sobretot, des del punt de vista fiscal, ja que poden decantar la balan\u00e7a cap a un costat o l&#8217;altre, depenent de cada situaci\u00f3. Hi ha difer\u00e8ncies respecte el r\u00e8gim fiscal de les donacions entre les diferents comunitats aut\u00f2nomes, sent m\u00e9s favorable a algunes d&#8217;elles, de manera que la venda d&#8217;immobles als fills es postula com una alternativa.<\/p>\n<p>Actualment a Catalunya el tipus impositiu de l&#8217;Impost sobre Transmissions Patrimonials i Actes Jur\u00eddics Documentats, en la modalitat de Transmissions Patrimonials Oneroses, \u00e9s del 10% enfront dels tipus impositius de les donacions a fills, mitjan\u00e7ant escriptura p\u00fablica, que van del 5% al 9% (en funci\u00f3 del valor del que s&#8217;ha donat).<\/p>\n<p>Finalment, cal recordar que, en qualsevol dels dos casos (donaci\u00f3 o compravenda), qui transmet l&#8217;immoble haur\u00e0 de tributar en la seva declaraci\u00f3 de la renda, en concepte de guany patrimonial, ja que ha generat unes plusv\u00e0lues que provoquen una alteraci\u00f3 en el seu patrimoni. Aix\u00ed mateix, en tots dos casos, la transmissi\u00f3 est\u00e0 subjecta a l&#8217;Impost sobre Increment de Valor de Terrenys de Naturalesa Urbana que haur\u00e0 de ser abonat pel transmitente o el donatari, en funci\u00f3 de la naturalesa de l&#8217;operaci\u00f3.<\/p>\n","protected":false},"excerpt":{"rendered":"<p>Consulta d&#8217;aquesta setmana: \u00a0Puc tenir\u00a0cap problema de tipus fiscal si venc una propietat als meus fills? El fet que hi hagi una relaci\u00f3 de parentiu entre les dues parts no impedeix que pugui vendre la propietat ni ha de comportar titllar l&#8217;operaci\u00f3 de donaci\u00f3 encoberta. Si realment es demostra que es tracta d&#8217;una venda, no [&hellip;]<\/p>\n","protected":false},"author":1,"featured_media":0,"comment_status":"closed","ping_status":"closed","sticky":false,"template":"","format":"standard","meta":{"content-type":"","footnotes":""},"categories":[1154],"tags":[],"yoast_head":"<!-- This site is optimized with the Yoast SEO plugin v23.9 - https:\/\/yoast.com\/wordpress\/plugins\/seo\/ -->\n<title>Problemes fiscals al vendre una propietat als fills? | Amat Immobiliaris<\/title>\n<meta name=\"robots\" content=\"index, follow, max-snippet:-1, max-image-preview:large, max-video-preview:-1\" \/>\n<link rel=\"canonical\" href=\"https:\/\/www.amatimmobiliaris.com\/w\/ca\/2015\/04\/problemes-fiscals-al-vendre-una-propietat-als-fills\/\" \/>\n<meta property=\"og:locale\" content=\"ca_ES\" \/>\n<meta property=\"og:type\" content=\"article\" \/>\n<meta property=\"og:title\" content=\"Problemes fiscals al vendre una propietat als fills? | Amat Immobiliaris\" \/>\n<meta property=\"og:description\" content=\"Consulta d&#8217;aquesta setmana: \u00a0Puc tenir\u00a0cap problema de tipus fiscal si venc una propietat als meus fills? El fet que hi hagi una relaci\u00f3 de parentiu entre les dues parts no impedeix que pugui vendre la propietat ni ha de comportar titllar l&#8217;operaci\u00f3 de donaci\u00f3 encoberta. Si realment es demostra que es tracta d&#8217;una venda, no [&hellip;]\" \/>\n<meta property=\"og:url\" content=\"https:\/\/www.amatimmobiliaris.com\/w\/ca\/2015\/04\/problemes-fiscals-al-vendre-una-propietat-als-fills\/\" \/>\n<meta property=\"og:site_name\" content=\"Amat Immobiliaris\" \/>\n<meta property=\"article:publisher\" content=\"https:\/\/www.facebook.com\/amatimmobiliaris\" \/>\n<meta property=\"article:published_time\" content=\"2015-04-13T12:55:38+00:00\" \/>\n<meta property=\"article:modified_time\" content=\"2023-04-24T16:26:38+00:00\" \/>\n<meta property=\"og:image\" content=\"https:\/\/www.amatimmobiliaris.com\/w\/wp-content\/uploads\/2022\/01\/2014-Saga-familiar-Amat-dw-1-1024x683.jpg\" \/>\n\t<meta property=\"og:image:width\" content=\"1024\" \/>\n\t<meta property=\"og:image:height\" content=\"683\" \/>\n\t<meta property=\"og:image:type\" content=\"image\/jpeg\" \/>\n<meta name=\"author\" content=\"Amat Immobiliaris\" \/>\n<meta name=\"twitter:card\" content=\"summary_large_image\" \/>\n<meta name=\"twitter:creator\" content=\"@amat_cat\" \/>\n<meta name=\"twitter:site\" content=\"@amat_cat\" \/>\n<meta name=\"twitter:label1\" content=\"Escrit per\" \/>\n\t<meta name=\"twitter:data1\" content=\"Amat Immobiliaris\" \/>\n\t<meta name=\"twitter:label2\" content=\"Temps estimat de lectura\" \/>\n\t<meta name=\"twitter:data2\" content=\"2 minuts\" \/>\n<script type=\"application\/ld+json\" class=\"yoast-schema-graph\">{\"@context\":\"https:\/\/schema.org\",\"@graph\":[{\"@type\":\"Article\",\"@id\":\"https:\/\/www.amatimmobiliaris.com\/w\/ca\/2015\/04\/problemes-fiscals-al-vendre-una-propietat-als-fills\/#article\",\"isPartOf\":{\"@id\":\"https:\/\/www.amatimmobiliaris.com\/w\/ca\/2015\/04\/problemes-fiscals-al-vendre-una-propietat-als-fills\/\"},\"author\":{\"name\":\"Amat Immobiliaris\",\"@id\":\"https:\/\/www.amatimmobiliaris.com\/w\/#\/schema\/person\/c880da71d1e156e7ea6774ffb445e034\"},\"headline\":\"Problemes fiscals al vendre una propietat als fills?\",\"datePublished\":\"2015-04-13T12:55:38+00:00\",\"dateModified\":\"2023-04-24T16:26:38+00:00\",\"mainEntityOfPage\":{\"@id\":\"https:\/\/www.amatimmobiliaris.com\/w\/ca\/2015\/04\/problemes-fiscals-al-vendre-una-propietat-als-fills\/\"},\"wordCount\":337,\"publisher\":{\"@id\":\"https:\/\/www.amatimmobiliaris.com\/w\/#organization\"},\"articleSection\":[\"L'usuari pregunta\"],\"inLanguage\":\"ca\"},{\"@type\":\"WebPage\",\"@id\":\"https:\/\/www.amatimmobiliaris.com\/w\/ca\/2015\/04\/problemes-fiscals-al-vendre-una-propietat-als-fills\/\",\"url\":\"https:\/\/www.amatimmobiliaris.com\/w\/ca\/2015\/04\/problemes-fiscals-al-vendre-una-propietat-als-fills\/\",\"name\":\"Problemes fiscals al vendre una propietat als fills? | Amat Immobiliaris\",\"isPartOf\":{\"@id\":\"https:\/\/www.amatimmobiliaris.com\/w\/#website\"},\"datePublished\":\"2015-04-13T12:55:38+00:00\",\"dateModified\":\"2023-04-24T16:26:38+00:00\",\"breadcrumb\":{\"@id\":\"https:\/\/www.amatimmobiliaris.com\/w\/ca\/2015\/04\/problemes-fiscals-al-vendre-una-propietat-als-fills\/#breadcrumb\"},\"inLanguage\":\"ca\",\"potentialAction\":[{\"@type\":\"ReadAction\",\"target\":[\"https:\/\/www.amatimmobiliaris.com\/w\/ca\/2015\/04\/problemes-fiscals-al-vendre-una-propietat-als-fills\/\"]}]},{\"@type\":\"BreadcrumbList\",\"@id\":\"https:\/\/www.amatimmobiliaris.com\/w\/ca\/2015\/04\/problemes-fiscals-al-vendre-una-propietat-als-fills\/#breadcrumb\",\"itemListElement\":[{\"@type\":\"ListItem\",\"position\":1,\"name\":\"Home\",\"item\":\"https:\/\/www.amatimmobiliaris.com\/w\/ca\/\"},{\"@type\":\"ListItem\",\"position\":2,\"name\":\"Consells\",\"item\":\"https:\/\/www.amatimmobiliaris.com\/w\/ca\/categoria-ca\/consells-ca\/\"},{\"@type\":\"ListItem\",\"position\":3,\"name\":\"L'usuari pregunta\",\"item\":\"https:\/\/www.amatimmobiliaris.com\/w\/ca\/categoria-ca\/consells-ca\/usuari-pregunta-ca\/\"},{\"@type\":\"ListItem\",\"position\":4,\"name\":\"Problemes fiscals al vendre una propietat als fills?\"}]},{\"@type\":\"WebSite\",\"@id\":\"https:\/\/www.amatimmobiliaris.com\/w\/#website\",\"url\":\"https:\/\/www.amatimmobiliaris.com\/w\/\",\"name\":\"Amat Immobiliaris\",\"description\":\"Empresa familiar del sector inmobiliario con oficinas en Barcelona, Sant Cugat del Vall\u00e9s y Sant Just Desvern. Te ayudamos a comprar, alquilar o vender tu casa o piso. Somos un equipo coherente con una cultura de empresa honesta, innovadora y eficaz. Tambi\u00e9n en www.amatluxury.com\",\"publisher\":{\"@id\":\"https:\/\/www.amatimmobiliaris.com\/w\/#organization\"},\"alternateName\":\"AmatImmo\",\"potentialAction\":[{\"@type\":\"SearchAction\",\"target\":{\"@type\":\"EntryPoint\",\"urlTemplate\":\"https:\/\/www.amatimmobiliaris.com\/w\/?s={search_term_string}\"},\"query-input\":{\"@type\":\"PropertyValueSpecification\",\"valueRequired\":true,\"valueName\":\"search_term_string\"}}],\"inLanguage\":\"ca\"},{\"@type\":\"Organization\",\"@id\":\"https:\/\/www.amatimmobiliaris.com\/w\/#organization\",\"name\":\"Amat Immobiliaris\",\"url\":\"https:\/\/www.amatimmobiliaris.com\/w\/\",\"logo\":{\"@type\":\"ImageObject\",\"inLanguage\":\"ca\",\"@id\":\"https:\/\/www.amatimmobiliaris.com\/w\/#\/schema\/logo\/image\/\",\"url\":\"https:\/\/www.amatimmobiliaris.com\/w\/wp-content\/uploads\/2022\/10\/amat-logo.jpg\",\"contentUrl\":\"https:\/\/www.amatimmobiliaris.com\/w\/wp-content\/uploads\/2022\/10\/amat-logo.jpg\",\"width\":900,\"height\":900,\"caption\":\"Amat Immobiliaris\"},\"image\":{\"@id\":\"https:\/\/www.amatimmobiliaris.com\/w\/#\/schema\/logo\/image\/\"},\"sameAs\":[\"https:\/\/www.facebook.com\/amatimmobiliaris\",\"https:\/\/x.com\/amat_cat\",\"https:\/\/www.instagram.com\/amat_immo\/\",\"https:\/\/www.linkedin.com\/company\/amat-finques\/\",\"https:\/\/www.youtube.com\/@amatimmobiliaris\"]},{\"@type\":\"Person\",\"@id\":\"https:\/\/www.amatimmobiliaris.com\/w\/#\/schema\/person\/c880da71d1e156e7ea6774ffb445e034\",\"name\":\"Amat Immobiliaris\",\"sameAs\":[\"http:\/\/amat-inmo-wp.localhost\"]}]}<\/script>\n<!-- \/ Yoast SEO plugin. -->","yoast_head_json":{"title":"Problemes fiscals al vendre una propietat als fills? | Amat Immobiliaris","robots":{"index":"index","follow":"follow","max-snippet":"max-snippet:-1","max-image-preview":"max-image-preview:large","max-video-preview":"max-video-preview:-1"},"canonical":"https:\/\/www.amatimmobiliaris.com\/w\/ca\/2015\/04\/problemes-fiscals-al-vendre-una-propietat-als-fills\/","og_locale":"ca_ES","og_type":"article","og_title":"Problemes fiscals al vendre una propietat als fills? | Amat Immobiliaris","og_description":"Consulta d&#8217;aquesta setmana: \u00a0Puc tenir\u00a0cap problema de tipus fiscal si venc una propietat als meus fills? El fet que hi hagi una relaci\u00f3 de parentiu entre les dues parts no impedeix que pugui vendre la propietat ni ha de comportar titllar l&#8217;operaci\u00f3 de donaci\u00f3 encoberta. Si realment es demostra que es tracta d&#8217;una venda, no [&hellip;]","og_url":"https:\/\/www.amatimmobiliaris.com\/w\/ca\/2015\/04\/problemes-fiscals-al-vendre-una-propietat-als-fills\/","og_site_name":"Amat Immobiliaris","article_publisher":"https:\/\/www.facebook.com\/amatimmobiliaris","article_published_time":"2015-04-13T12:55:38+00:00","article_modified_time":"2023-04-24T16:26:38+00:00","og_image":[{"width":1024,"height":683,"url":"https:\/\/www.amatimmobiliaris.com\/w\/wp-content\/uploads\/2022\/01\/2014-Saga-familiar-Amat-dw-1-1024x683.jpg","type":"image\/jpeg"}],"author":"Amat Immobiliaris","twitter_card":"summary_large_image","twitter_creator":"@amat_cat","twitter_site":"@amat_cat","twitter_misc":{"Escrit per":"Amat Immobiliaris","Temps estimat de lectura":"2 minuts"},"schema":{"@context":"https:\/\/schema.org","@graph":[{"@type":"Article","@id":"https:\/\/www.amatimmobiliaris.com\/w\/ca\/2015\/04\/problemes-fiscals-al-vendre-una-propietat-als-fills\/#article","isPartOf":{"@id":"https:\/\/www.amatimmobiliaris.com\/w\/ca\/2015\/04\/problemes-fiscals-al-vendre-una-propietat-als-fills\/"},"author":{"name":"Amat Immobiliaris","@id":"https:\/\/www.amatimmobiliaris.com\/w\/#\/schema\/person\/c880da71d1e156e7ea6774ffb445e034"},"headline":"Problemes fiscals al vendre una propietat als fills?","datePublished":"2015-04-13T12:55:38+00:00","dateModified":"2023-04-24T16:26:38+00:00","mainEntityOfPage":{"@id":"https:\/\/www.amatimmobiliaris.com\/w\/ca\/2015\/04\/problemes-fiscals-al-vendre-una-propietat-als-fills\/"},"wordCount":337,"publisher":{"@id":"https:\/\/www.amatimmobiliaris.com\/w\/#organization"},"articleSection":["L'usuari pregunta"],"inLanguage":"ca"},{"@type":"WebPage","@id":"https:\/\/www.amatimmobiliaris.com\/w\/ca\/2015\/04\/problemes-fiscals-al-vendre-una-propietat-als-fills\/","url":"https:\/\/www.amatimmobiliaris.com\/w\/ca\/2015\/04\/problemes-fiscals-al-vendre-una-propietat-als-fills\/","name":"Problemes fiscals al vendre una propietat als fills? | Amat Immobiliaris","isPartOf":{"@id":"https:\/\/www.amatimmobiliaris.com\/w\/#website"},"datePublished":"2015-04-13T12:55:38+00:00","dateModified":"2023-04-24T16:26:38+00:00","breadcrumb":{"@id":"https:\/\/www.amatimmobiliaris.com\/w\/ca\/2015\/04\/problemes-fiscals-al-vendre-una-propietat-als-fills\/#breadcrumb"},"inLanguage":"ca","potentialAction":[{"@type":"ReadAction","target":["https:\/\/www.amatimmobiliaris.com\/w\/ca\/2015\/04\/problemes-fiscals-al-vendre-una-propietat-als-fills\/"]}]},{"@type":"BreadcrumbList","@id":"https:\/\/www.amatimmobiliaris.com\/w\/ca\/2015\/04\/problemes-fiscals-al-vendre-una-propietat-als-fills\/#breadcrumb","itemListElement":[{"@type":"ListItem","position":1,"name":"Home","item":"https:\/\/www.amatimmobiliaris.com\/w\/ca\/"},{"@type":"ListItem","position":2,"name":"Consells","item":"https:\/\/www.amatimmobiliaris.com\/w\/ca\/categoria-ca\/consells-ca\/"},{"@type":"ListItem","position":3,"name":"L'usuari pregunta","item":"https:\/\/www.amatimmobiliaris.com\/w\/ca\/categoria-ca\/consells-ca\/usuari-pregunta-ca\/"},{"@type":"ListItem","position":4,"name":"Problemes fiscals al vendre una propietat als fills?"}]},{"@type":"WebSite","@id":"https:\/\/www.amatimmobiliaris.com\/w\/#website","url":"https:\/\/www.amatimmobiliaris.com\/w\/","name":"Amat Immobiliaris","description":"Empresa familiar del sector inmobiliario con oficinas en Barcelona, Sant Cugat del Vall\u00e9s y Sant Just Desvern. Te ayudamos a comprar, alquilar o vender tu casa o piso. Somos un equipo coherente con una cultura de empresa honesta, innovadora y eficaz. Tambi\u00e9n en www.amatluxury.com","publisher":{"@id":"https:\/\/www.amatimmobiliaris.com\/w\/#organization"},"alternateName":"AmatImmo","potentialAction":[{"@type":"SearchAction","target":{"@type":"EntryPoint","urlTemplate":"https:\/\/www.amatimmobiliaris.com\/w\/?s={search_term_string}"},"query-input":{"@type":"PropertyValueSpecification","valueRequired":true,"valueName":"search_term_string"}}],"inLanguage":"ca"},{"@type":"Organization","@id":"https:\/\/www.amatimmobiliaris.com\/w\/#organization","name":"Amat Immobiliaris","url":"https:\/\/www.amatimmobiliaris.com\/w\/","logo":{"@type":"ImageObject","inLanguage":"ca","@id":"https:\/\/www.amatimmobiliaris.com\/w\/#\/schema\/logo\/image\/","url":"https:\/\/www.amatimmobiliaris.com\/w\/wp-content\/uploads\/2022\/10\/amat-logo.jpg","contentUrl":"https:\/\/www.amatimmobiliaris.com\/w\/wp-content\/uploads\/2022\/10\/amat-logo.jpg","width":900,"height":900,"caption":"Amat Immobiliaris"},"image":{"@id":"https:\/\/www.amatimmobiliaris.com\/w\/#\/schema\/logo\/image\/"},"sameAs":["https:\/\/www.facebook.com\/amatimmobiliaris","https:\/\/x.com\/amat_cat","https:\/\/www.instagram.com\/amat_immo\/","https:\/\/www.linkedin.com\/company\/amat-finques\/","https:\/\/www.youtube.com\/@amatimmobiliaris"]},{"@type":"Person","@id":"https:\/\/www.amatimmobiliaris.com\/w\/#\/schema\/person\/c880da71d1e156e7ea6774ffb445e034","name":"Amat Immobiliaris","sameAs":["http:\/\/amat-inmo-wp.localhost"]}]}},"_links":{"self":[{"href":"https:\/\/www.amatimmobiliaris.com\/w\/ca\/wp-json\/wp\/v2\/posts\/12380"}],"collection":[{"href":"https:\/\/www.amatimmobiliaris.com\/w\/ca\/wp-json\/wp\/v2\/posts"}],"about":[{"href":"https:\/\/www.amatimmobiliaris.com\/w\/ca\/wp-json\/wp\/v2\/types\/post"}],"author":[{"embeddable":true,"href":"https:\/\/www.amatimmobiliaris.com\/w\/ca\/wp-json\/wp\/v2\/users\/1"}],"replies":[{"embeddable":true,"href":"https:\/\/www.amatimmobiliaris.com\/w\/ca\/wp-json\/wp\/v2\/comments?post=12380"}],"version-history":[{"count":2,"href":"https:\/\/www.amatimmobiliaris.com\/w\/ca\/wp-json\/wp\/v2\/posts\/12380\/revisions"}],"predecessor-version":[{"id":23613,"href":"https:\/\/www.amatimmobiliaris.com\/w\/ca\/wp-json\/wp\/v2\/posts\/12380\/revisions\/23613"}],"wp:attachment":[{"href":"https:\/\/www.amatimmobiliaris.com\/w\/ca\/wp-json\/wp\/v2\/media?parent=12380"}],"wp:term":[{"taxonomy":"category","embeddable":true,"href":"https:\/\/www.amatimmobiliaris.com\/w\/ca\/wp-json\/wp\/v2\/categories?post=12380"},{"taxonomy":"post_tag","embeddable":true,"href":"https:\/\/www.amatimmobiliaris.com\/w\/ca\/wp-json\/wp\/v2\/tags?post=12380"}],"curies":[{"name":"wp","href":"https:\/\/api.w.org\/{rel}","templated":true}]}}