{"id":12367,"date":"2015-03-18T11:00:22","date_gmt":"2015-03-18T11:00:22","guid":{"rendered":"http:\/\/amat-inmo-wp.localhost\/2015\/03\/18\/obres-a-canvi-del-lloguer\/"},"modified":"2023-04-19T12:22:10","modified_gmt":"2023-04-19T12:22:10","slug":"obres-a-canvi-del-lloguer","status":"publish","type":"post","link":"https:\/\/www.amatimmobiliaris.com\/w\/ca\/2015\/03\/obres-a-canvi-del-lloguer\/","title":{"rendered":"Obres a canvi del lloguer?"},"content":{"rendered":"<p>Aquesta consulta ens arriba en relaci\u00f3 a les reformes per part dels llogaters\u00a0en un pis de propietat:<\/p>\n<p><em><strong>He heretat un pis molt vellet al centre de Barcelona i m han dit que ara puc demanar que facin les obres els llogaters en lloc de pagar-me el lloguer durant un temps. Ho trobo molt pr\u00e0ctic, doncs aix\u00ed s\u2019ho faran al seu gust. \u00c9s cert? <\/strong><\/em><\/p>\n<p><em>\u00c9s cert que la Llei de mesures de <\/em>Flexibilitzaci\u00f3 i foment del mercat del lloguer d\u2019habitatges <em>preveu que els llogaters puguin fer qualsevol tipus de reforma i que el seu cost es pugui computar com a rendes.<\/em><\/p>\n<p><em>La nostre opini\u00f3 per\u00f2, no \u00e9s molt favorable, al menys de moment, al plantejament que fa la llei; hi veiem m\u00e9s inconvenients que avantatges. Ens sembla nom\u00e9s una bona alternativa en aquells casos en qu\u00e8 la propietat no tingui recursos, ni manera d\u2019obtenir-los i abans de deixar un pis tancat \u00e9s molt millor optar per aquesta alternativa.<\/em><\/p>\n<p><em>Les dificultats que hi veiem s\u00f3n les seg\u00fcents:<\/em><\/p>\n<p><strong>a)\u00a0\u00a0<\/strong><em>\u00a0\u00a0 Vost\u00e8 mateix ha explicat que aix\u00ed faran el pis al seu gust,\u00a0 per\u00f2 el nostre consell \u00e9s que vost\u00e8 doni el seu vist i plau al projecte, doncs es podria trobar amb solucions que no encaixessin gens amb les demandes habituals del mercat i quan marxes el llogater li cost\u00e9s molt trobar-ne de nous.<\/em><\/p>\n<p><strong>b)\u00a0<\/strong><em><strong>\u00a0\u00a0 <\/strong>El grau de confian\u00e7a amb qui fa l\u2019obra ha de ser alt, tant pel llogater com per el seu constructor, doncs no seria ni la primera ni la darrera vegada que ens trobem amb bons projectes per\u00f2 molt mal executats. De nou li recomanar\u00edem la seva supervisi\u00f3 personal.<\/em><\/p>\n<p><strong>c)<\/strong>\u00a0\u00a0<em>\u00a0\u00a0 Aquesta nova llei no ens aclareix com computar\u00e0 fiscalment aquesta soluci\u00f3, si per un valor de renda estimat o pel valor de les factures presentades, etc. Tant per la part dels ingressos no obtinguts monet\u00e0riament com per la part de la inversi\u00f3 que es fa per una persona que no \u00e9s titular de l\u2019habitatge.<\/em><\/p>\n<p>&nbsp;<\/p>\n<p>Si teniu qualsevol q\u00fcesti\u00f3 relacionada amb el m\u00f3n immobiliari feu-nos-la arribar a <a href=\"mailto:info@amatimmo.cat\">info@amatimmo.cat<\/a> i nosaltres probarem de donar-li soluci\u00f3, com la es 100 preguntes i respostes que trobareu  aqu\u00ed.<\/p>\n","protected":false},"excerpt":{"rendered":"<p>Aquesta consulta ens arriba en relaci\u00f3 a les reformes per part dels llogaters\u00a0en un pis de propietat: He heretat un pis molt vellet al centre de Barcelona i m han dit que ara puc demanar que facin les obres els llogaters en lloc de pagar-me el lloguer durant un temps. Ho trobo molt pr\u00e0ctic, doncs [&hellip;]<\/p>\n","protected":false},"author":1,"featured_media":0,"comment_status":"closed","ping_status":"open","sticky":false,"template":"","format":"standard","meta":{"content-type":"","footnotes":""},"categories":[745],"tags":[],"yoast_head":"<!-- This site is optimized with the Yoast SEO plugin v23.9 - https:\/\/yoast.com\/wordpress\/plugins\/seo\/ -->\n<title>Obres a canvi del lloguer? | Amat Immobiliaris<\/title>\n<meta name=\"robots\" content=\"index, follow, max-snippet:-1, max-image-preview:large, max-video-preview:-1\" \/>\n<link rel=\"canonical\" href=\"https:\/\/www.amatimmobiliaris.com\/w\/ca\/2015\/03\/obres-a-canvi-del-lloguer\/\" \/>\n<meta property=\"og:locale\" content=\"ca_ES\" \/>\n<meta property=\"og:type\" content=\"article\" \/>\n<meta property=\"og:title\" content=\"Obres a canvi del lloguer? | Amat Immobiliaris\" \/>\n<meta property=\"og:description\" content=\"Aquesta consulta ens arriba en relaci\u00f3 a les reformes per part dels llogaters\u00a0en un pis de propietat: He heretat un pis molt vellet al centre de Barcelona i m han dit que ara puc demanar que facin les obres els llogaters en lloc de pagar-me el lloguer durant un temps. Ho trobo molt pr\u00e0ctic, doncs [&hellip;]\" \/>\n<meta property=\"og:url\" content=\"https:\/\/www.amatimmobiliaris.com\/w\/ca\/2015\/03\/obres-a-canvi-del-lloguer\/\" \/>\n<meta property=\"og:site_name\" content=\"Amat Immobiliaris\" \/>\n<meta property=\"article:publisher\" content=\"https:\/\/www.facebook.com\/amatimmobiliaris\" \/>\n<meta property=\"article:published_time\" content=\"2015-03-18T11:00:22+00:00\" \/>\n<meta property=\"article:modified_time\" content=\"2023-04-19T12:22:10+00:00\" \/>\n<meta property=\"og:image\" content=\"https:\/\/www.amatimmobiliaris.com\/w\/wp-content\/uploads\/2022\/01\/2014-Saga-familiar-Amat-dw-1-1024x683.jpg\" \/>\n\t<meta property=\"og:image:width\" content=\"1024\" \/>\n\t<meta property=\"og:image:height\" content=\"683\" \/>\n\t<meta property=\"og:image:type\" content=\"image\/jpeg\" \/>\n<meta name=\"author\" content=\"Amat Immobiliaris\" \/>\n<meta name=\"twitter:card\" content=\"summary_large_image\" \/>\n<meta name=\"twitter:creator\" content=\"@amat_cat\" \/>\n<meta name=\"twitter:site\" content=\"@amat_cat\" \/>\n<meta name=\"twitter:label1\" content=\"Escrit per\" \/>\n\t<meta name=\"twitter:data1\" content=\"Amat Immobiliaris\" \/>\n\t<meta name=\"twitter:label2\" content=\"Temps estimat de lectura\" \/>\n\t<meta name=\"twitter:data2\" content=\"2 minuts\" \/>\n<script type=\"application\/ld+json\" class=\"yoast-schema-graph\">{\"@context\":\"https:\/\/schema.org\",\"@graph\":[{\"@type\":\"Article\",\"@id\":\"https:\/\/www.amatimmobiliaris.com\/w\/ca\/2015\/03\/obres-a-canvi-del-lloguer\/#article\",\"isPartOf\":{\"@id\":\"https:\/\/www.amatimmobiliaris.com\/w\/ca\/2015\/03\/obres-a-canvi-del-lloguer\/\"},\"author\":{\"name\":\"Amat Immobiliaris\",\"@id\":\"https:\/\/www.amatimmobiliaris.com\/w\/#\/schema\/person\/c880da71d1e156e7ea6774ffb445e034\"},\"headline\":\"Obres a canvi del lloguer?\",\"datePublished\":\"2015-03-18T11:00:22+00:00\",\"dateModified\":\"2023-04-19T12:22:10+00:00\",\"mainEntityOfPage\":{\"@id\":\"https:\/\/www.amatimmobiliaris.com\/w\/ca\/2015\/03\/obres-a-canvi-del-lloguer\/\"},\"wordCount\":377,\"publisher\":{\"@id\":\"https:\/\/www.amatimmobiliaris.com\/w\/#organization\"},\"articleSection\":[\"El usuario pregunta\"],\"inLanguage\":\"ca\"},{\"@type\":\"WebPage\",\"@id\":\"https:\/\/www.amatimmobiliaris.com\/w\/ca\/2015\/03\/obres-a-canvi-del-lloguer\/\",\"url\":\"https:\/\/www.amatimmobiliaris.com\/w\/ca\/2015\/03\/obres-a-canvi-del-lloguer\/\",\"name\":\"Obres a canvi del lloguer? | Amat Immobiliaris\",\"isPartOf\":{\"@id\":\"https:\/\/www.amatimmobiliaris.com\/w\/#website\"},\"datePublished\":\"2015-03-18T11:00:22+00:00\",\"dateModified\":\"2023-04-19T12:22:10+00:00\",\"breadcrumb\":{\"@id\":\"https:\/\/www.amatimmobiliaris.com\/w\/ca\/2015\/03\/obres-a-canvi-del-lloguer\/#breadcrumb\"},\"inLanguage\":\"ca\",\"potentialAction\":[{\"@type\":\"ReadAction\",\"target\":[\"https:\/\/www.amatimmobiliaris.com\/w\/ca\/2015\/03\/obres-a-canvi-del-lloguer\/\"]}]},{\"@type\":\"BreadcrumbList\",\"@id\":\"https:\/\/www.amatimmobiliaris.com\/w\/ca\/2015\/03\/obres-a-canvi-del-lloguer\/#breadcrumb\",\"itemListElement\":[{\"@type\":\"ListItem\",\"position\":1,\"name\":\"Home\",\"item\":\"https:\/\/www.amatimmobiliaris.com\/w\/ca\/\"},{\"@type\":\"ListItem\",\"position\":2,\"name\":\"Consejos\",\"item\":\"https:\/\/www.amatimmobiliaris.com\/w\/category\/consejos\/\"},{\"@type\":\"ListItem\",\"position\":3,\"name\":\"El usuario pregunta\",\"item\":\"https:\/\/www.amatimmobiliaris.com\/w\/category\/consejos\/el-usuario-pregunta\/\"},{\"@type\":\"ListItem\",\"position\":4,\"name\":\"Obres a canvi del lloguer?\"}]},{\"@type\":\"WebSite\",\"@id\":\"https:\/\/www.amatimmobiliaris.com\/w\/#website\",\"url\":\"https:\/\/www.amatimmobiliaris.com\/w\/\",\"name\":\"Amat Immobiliaris\",\"description\":\"Empresa familiar del sector inmobiliario con oficinas en Barcelona, Sant Cugat del Vall\u00e9s y Sant Just Desvern. Te ayudamos a comprar, alquilar o vender tu casa o piso. Somos un equipo coherente con una cultura de empresa honesta, innovadora y eficaz. Tambi\u00e9n en www.amatluxury.com\",\"publisher\":{\"@id\":\"https:\/\/www.amatimmobiliaris.com\/w\/#organization\"},\"alternateName\":\"AmatImmo\",\"potentialAction\":[{\"@type\":\"SearchAction\",\"target\":{\"@type\":\"EntryPoint\",\"urlTemplate\":\"https:\/\/www.amatimmobiliaris.com\/w\/?s={search_term_string}\"},\"query-input\":{\"@type\":\"PropertyValueSpecification\",\"valueRequired\":true,\"valueName\":\"search_term_string\"}}],\"inLanguage\":\"ca\"},{\"@type\":\"Organization\",\"@id\":\"https:\/\/www.amatimmobiliaris.com\/w\/#organization\",\"name\":\"Amat Immobiliaris\",\"url\":\"https:\/\/www.amatimmobiliaris.com\/w\/\",\"logo\":{\"@type\":\"ImageObject\",\"inLanguage\":\"ca\",\"@id\":\"https:\/\/www.amatimmobiliaris.com\/w\/#\/schema\/logo\/image\/\",\"url\":\"https:\/\/www.amatimmobiliaris.com\/w\/wp-content\/uploads\/2022\/10\/amat-logo.jpg\",\"contentUrl\":\"https:\/\/www.amatimmobiliaris.com\/w\/wp-content\/uploads\/2022\/10\/amat-logo.jpg\",\"width\":900,\"height\":900,\"caption\":\"Amat Immobiliaris\"},\"image\":{\"@id\":\"https:\/\/www.amatimmobiliaris.com\/w\/#\/schema\/logo\/image\/\"},\"sameAs\":[\"https:\/\/www.facebook.com\/amatimmobiliaris\",\"https:\/\/x.com\/amat_cat\",\"https:\/\/www.instagram.com\/amat_immo\/\",\"https:\/\/www.linkedin.com\/company\/amat-finques\/\",\"https:\/\/www.youtube.com\/@amatimmobiliaris\"]},{\"@type\":\"Person\",\"@id\":\"https:\/\/www.amatimmobiliaris.com\/w\/#\/schema\/person\/c880da71d1e156e7ea6774ffb445e034\",\"name\":\"Amat Immobiliaris\",\"sameAs\":[\"http:\/\/amat-inmo-wp.localhost\"]}]}<\/script>\n<!-- \/ Yoast SEO plugin. -->","yoast_head_json":{"title":"Obres a canvi del lloguer? | Amat Immobiliaris","robots":{"index":"index","follow":"follow","max-snippet":"max-snippet:-1","max-image-preview":"max-image-preview:large","max-video-preview":"max-video-preview:-1"},"canonical":"https:\/\/www.amatimmobiliaris.com\/w\/ca\/2015\/03\/obres-a-canvi-del-lloguer\/","og_locale":"ca_ES","og_type":"article","og_title":"Obres a canvi del lloguer? | Amat Immobiliaris","og_description":"Aquesta consulta ens arriba en relaci\u00f3 a les reformes per part dels llogaters\u00a0en un pis de propietat: He heretat un pis molt vellet al centre de Barcelona i m han dit que ara puc demanar que facin les obres els llogaters en lloc de pagar-me el lloguer durant un temps. Ho trobo molt pr\u00e0ctic, doncs [&hellip;]","og_url":"https:\/\/www.amatimmobiliaris.com\/w\/ca\/2015\/03\/obres-a-canvi-del-lloguer\/","og_site_name":"Amat Immobiliaris","article_publisher":"https:\/\/www.facebook.com\/amatimmobiliaris","article_published_time":"2015-03-18T11:00:22+00:00","article_modified_time":"2023-04-19T12:22:10+00:00","og_image":[{"width":1024,"height":683,"url":"https:\/\/www.amatimmobiliaris.com\/w\/wp-content\/uploads\/2022\/01\/2014-Saga-familiar-Amat-dw-1-1024x683.jpg","type":"image\/jpeg"}],"author":"Amat Immobiliaris","twitter_card":"summary_large_image","twitter_creator":"@amat_cat","twitter_site":"@amat_cat","twitter_misc":{"Escrit per":"Amat Immobiliaris","Temps estimat de lectura":"2 minuts"},"schema":{"@context":"https:\/\/schema.org","@graph":[{"@type":"Article","@id":"https:\/\/www.amatimmobiliaris.com\/w\/ca\/2015\/03\/obres-a-canvi-del-lloguer\/#article","isPartOf":{"@id":"https:\/\/www.amatimmobiliaris.com\/w\/ca\/2015\/03\/obres-a-canvi-del-lloguer\/"},"author":{"name":"Amat Immobiliaris","@id":"https:\/\/www.amatimmobiliaris.com\/w\/#\/schema\/person\/c880da71d1e156e7ea6774ffb445e034"},"headline":"Obres a canvi del lloguer?","datePublished":"2015-03-18T11:00:22+00:00","dateModified":"2023-04-19T12:22:10+00:00","mainEntityOfPage":{"@id":"https:\/\/www.amatimmobiliaris.com\/w\/ca\/2015\/03\/obres-a-canvi-del-lloguer\/"},"wordCount":377,"publisher":{"@id":"https:\/\/www.amatimmobiliaris.com\/w\/#organization"},"articleSection":["El usuario pregunta"],"inLanguage":"ca"},{"@type":"WebPage","@id":"https:\/\/www.amatimmobiliaris.com\/w\/ca\/2015\/03\/obres-a-canvi-del-lloguer\/","url":"https:\/\/www.amatimmobiliaris.com\/w\/ca\/2015\/03\/obres-a-canvi-del-lloguer\/","name":"Obres a canvi del lloguer? | Amat Immobiliaris","isPartOf":{"@id":"https:\/\/www.amatimmobiliaris.com\/w\/#website"},"datePublished":"2015-03-18T11:00:22+00:00","dateModified":"2023-04-19T12:22:10+00:00","breadcrumb":{"@id":"https:\/\/www.amatimmobiliaris.com\/w\/ca\/2015\/03\/obres-a-canvi-del-lloguer\/#breadcrumb"},"inLanguage":"ca","potentialAction":[{"@type":"ReadAction","target":["https:\/\/www.amatimmobiliaris.com\/w\/ca\/2015\/03\/obres-a-canvi-del-lloguer\/"]}]},{"@type":"BreadcrumbList","@id":"https:\/\/www.amatimmobiliaris.com\/w\/ca\/2015\/03\/obres-a-canvi-del-lloguer\/#breadcrumb","itemListElement":[{"@type":"ListItem","position":1,"name":"Home","item":"https:\/\/www.amatimmobiliaris.com\/w\/ca\/"},{"@type":"ListItem","position":2,"name":"Consejos","item":"https:\/\/www.amatimmobiliaris.com\/w\/category\/consejos\/"},{"@type":"ListItem","position":3,"name":"El usuario pregunta","item":"https:\/\/www.amatimmobiliaris.com\/w\/category\/consejos\/el-usuario-pregunta\/"},{"@type":"ListItem","position":4,"name":"Obres a canvi del lloguer?"}]},{"@type":"WebSite","@id":"https:\/\/www.amatimmobiliaris.com\/w\/#website","url":"https:\/\/www.amatimmobiliaris.com\/w\/","name":"Amat Immobiliaris","description":"Empresa familiar del sector inmobiliario con oficinas en Barcelona, Sant Cugat del Vall\u00e9s y Sant Just Desvern. Te ayudamos a comprar, alquilar o vender tu casa o piso. Somos un equipo coherente con una cultura de empresa honesta, innovadora y eficaz. Tambi\u00e9n en www.amatluxury.com","publisher":{"@id":"https:\/\/www.amatimmobiliaris.com\/w\/#organization"},"alternateName":"AmatImmo","potentialAction":[{"@type":"SearchAction","target":{"@type":"EntryPoint","urlTemplate":"https:\/\/www.amatimmobiliaris.com\/w\/?s={search_term_string}"},"query-input":{"@type":"PropertyValueSpecification","valueRequired":true,"valueName":"search_term_string"}}],"inLanguage":"ca"},{"@type":"Organization","@id":"https:\/\/www.amatimmobiliaris.com\/w\/#organization","name":"Amat Immobiliaris","url":"https:\/\/www.amatimmobiliaris.com\/w\/","logo":{"@type":"ImageObject","inLanguage":"ca","@id":"https:\/\/www.amatimmobiliaris.com\/w\/#\/schema\/logo\/image\/","url":"https:\/\/www.amatimmobiliaris.com\/w\/wp-content\/uploads\/2022\/10\/amat-logo.jpg","contentUrl":"https:\/\/www.amatimmobiliaris.com\/w\/wp-content\/uploads\/2022\/10\/amat-logo.jpg","width":900,"height":900,"caption":"Amat Immobiliaris"},"image":{"@id":"https:\/\/www.amatimmobiliaris.com\/w\/#\/schema\/logo\/image\/"},"sameAs":["https:\/\/www.facebook.com\/amatimmobiliaris","https:\/\/x.com\/amat_cat","https:\/\/www.instagram.com\/amat_immo\/","https:\/\/www.linkedin.com\/company\/amat-finques\/","https:\/\/www.youtube.com\/@amatimmobiliaris"]},{"@type":"Person","@id":"https:\/\/www.amatimmobiliaris.com\/w\/#\/schema\/person\/c880da71d1e156e7ea6774ffb445e034","name":"Amat Immobiliaris","sameAs":["http:\/\/amat-inmo-wp.localhost"]}]}},"_links":{"self":[{"href":"https:\/\/www.amatimmobiliaris.com\/w\/ca\/wp-json\/wp\/v2\/posts\/12367"}],"collection":[{"href":"https:\/\/www.amatimmobiliaris.com\/w\/ca\/wp-json\/wp\/v2\/posts"}],"about":[{"href":"https:\/\/www.amatimmobiliaris.com\/w\/ca\/wp-json\/wp\/v2\/types\/post"}],"author":[{"embeddable":true,"href":"https:\/\/www.amatimmobiliaris.com\/w\/ca\/wp-json\/wp\/v2\/users\/1"}],"replies":[{"embeddable":true,"href":"https:\/\/www.amatimmobiliaris.com\/w\/ca\/wp-json\/wp\/v2\/comments?post=12367"}],"version-history":[{"count":3,"href":"https:\/\/www.amatimmobiliaris.com\/w\/ca\/wp-json\/wp\/v2\/posts\/12367\/revisions"}],"predecessor-version":[{"id":25018,"href":"https:\/\/www.amatimmobiliaris.com\/w\/ca\/wp-json\/wp\/v2\/posts\/12367\/revisions\/25018"}],"wp:attachment":[{"href":"https:\/\/www.amatimmobiliaris.com\/w\/ca\/wp-json\/wp\/v2\/media?parent=12367"}],"wp:term":[{"taxonomy":"category","embeddable":true,"href":"https:\/\/www.amatimmobiliaris.com\/w\/ca\/wp-json\/wp\/v2\/categories?post=12367"},{"taxonomy":"post_tag","embeddable":true,"href":"https:\/\/www.amatimmobiliaris.com\/w\/ca\/wp-json\/wp\/v2\/tags?post=12367"}],"curies":[{"name":"wp","href":"https:\/\/api.w.org\/{rel}","templated":true}]}}