{"id":12355,"date":"2015-02-03T15:27:22","date_gmt":"2015-02-03T15:27:22","guid":{"rendered":"http:\/\/amat-inmo-wp.localhost\/2015\/02\/03\/simposium-internacional-a-venecia\/"},"modified":"2023-05-05T14:00:33","modified_gmt":"2023-05-05T14:00:33","slug":"simposium-internacional-a-venecia","status":"publish","type":"post","link":"https:\/\/www.amatimmobiliaris.com\/w\/ca\/2015\/02\/simposium-internacional-a-venecia\/","title":{"rendered":"Simp\u00f2sium Internacional a Ven\u00e8cia"},"content":{"rendered":"<p style=\"text-align: justify;\">\n<p style=\"text-align: justify;\">Una setmana despr\u00e9s de tornar del <a href=\"https:\/\/www.luxuryrealestate.com\/news\/press_releases\/5983-who%E2%80%99s-who-in-luxury-real-estate-convenes-in-venice-italy-for-the-9th-annual-international-symposium\" target=\"_blank\" rel=\"noopener nofollow\" class=\"broken_link\">Simp\u00f2sium Internacional organitzat per Luxury Real Estate<\/a> hem pogut reflexionar i valorar tot el que vam escoltar durant aquells dies.<\/p>\n<p style=\"text-align: justify;\">Per nosaltres ha estat ja la quarta vegada que hem assistit a un simp\u00f2sium de Luxury Real Estate i, la veritat, quan mires endarrere veus que algunes de les coses apreses ens han ajudat a fer l\u2019empresa una mica millor durant aquests quatre anys i, a la vegada, ens ha ajudat a ampliar molt la nostra capacitat de captar clients internacionals. Per sintetitzar-ho de forma simple: som una empresa que ens podr\u00edem definir com a <strong><em>Experts Locals amb Projecci\u00f3 Internacional<\/em><\/strong>.<\/p>\n<p style=\"text-align: justify;\"><!--more-->Aquest any hem compartit experi\u00e8ncia amb poc m\u00e9s de trenta agents immobiliaris de diferents pa\u00efsos (USA, UK, Montenegro, Su\u00efssa, Austr\u00e0lia, It\u00e0lia, \u00c0ustria i Fran\u00e7a). Aquesta varietat de mercats i de tipus d\u2019empresa \u00e9s el que m\u00e9s enriqueix els debats durant els dies de congr\u00e9s.<\/p>\n<p style=\"text-align: justify;\">Com \u00e9s habitual en aquests congressos una de les tem\u00e0tiques de qu\u00e8 m\u00e9s s\u2019ha parlat ha estat de m\u00e0rqueting, en especial atenci\u00f3 a temes de <em>social media<\/em>. Aqu\u00ed vam poder gaudir d\u2019una confer\u00e8ncia d\u2019un expert en m\u00e0rqueting digital i escoltar com treballen algunes de les empreses americanes m\u00e9s exitoses en temes de <em>social media<\/em>. Ara ens toca a nosaltres intentar adaptar a la nostra realitat algunes de les idees i tecnologies que vam sentir parlar.<\/p>\n<p style=\"text-align: justify;\">Altres tem\u00e0tiques treballades durant el congr\u00e9s han estat la negociaci\u00f3 i el mercats internacionals. \u00c9s aqu\u00ed, quan sentim parlar altres agents europeus, on veiem que els \u00faltims anys hem treballat amb mercats molt similars, com per exemple el mercat Rus, i que tots en notem la davallada. Tot i aix\u00ed, compartint la informaci\u00f3 dels altres mercats amb els quals treballem, tots hem tret conclusions d\u2019altres mercats on podem treballar, fins i tot construint una estrat\u00e8gia conjunta per oferir un millor servei.<\/p>\n<p style=\"text-align: justify;\">Al final es tracta d\u2019aix\u00f2, fer <em>networking<\/em> per ampliar la nostra capacitat de captaci\u00f3 de clients ja sigui directament o trobant sin\u00e8rgies amb d\u2019altres agents per atacar tercers mercats i, a la vegada, intentar aprendre dels millors.<\/p>\n<p style=\"text-align: justify;\">Un any m\u00e9s treballarem per consolidar el que ja hem guanyat en aquest sentit i intentarem poder aplicar les noves idees apreses i ampliar la nostra base de treball a l\u2019estranger.<\/p>\n<p style=\"text-align: right;\"><strong><span style=\"color: #ff0000;\">Guifr\u00e9 Homedes<\/span><\/strong><\/p>\n","protected":false},"excerpt":{"rendered":"<p>Una setmana despr\u00e9s de tornar del Simp\u00f2sium Internacional organitzat per Luxury Real Estate hem pogut reflexionar i valorar tot el que vam escoltar durant aquells dies. Per nosaltres ha estat ja la quarta vegada que hem assistit a un simp\u00f2sium de Luxury Real Estate i, la veritat, quan mires endarrere veus que algunes de les [&hellip;]<\/p>\n","protected":false},"author":1,"featured_media":0,"comment_status":"closed","ping_status":"open","sticky":false,"template":"","format":"standard","meta":{"content-type":"","footnotes":""},"categories":[742],"tags":[92,1710],"yoast_head":"<!-- This site is optimized with the Yoast SEO plugin v23.9 - https:\/\/yoast.com\/wordpress\/plugins\/seo\/ -->\n<title>Simp\u00f2sium Internacional a Ven\u00e8cia | Amat Immobiliaris<\/title>\n<meta name=\"robots\" content=\"index, follow, max-snippet:-1, max-image-preview:large, max-video-preview:-1\" \/>\n<link rel=\"canonical\" href=\"https:\/\/www.amatimmobiliaris.com\/w\/ca\/2015\/02\/simposium-internacional-a-venecia\/\" \/>\n<meta property=\"og:locale\" content=\"ca_ES\" \/>\n<meta property=\"og:type\" content=\"article\" \/>\n<meta property=\"og:title\" content=\"Simp\u00f2sium Internacional a Ven\u00e8cia | Amat Immobiliaris\" \/>\n<meta property=\"og:description\" content=\"Una setmana despr\u00e9s de tornar del Simp\u00f2sium Internacional organitzat per Luxury Real Estate hem pogut reflexionar i valorar tot el que vam escoltar durant aquells dies. Per nosaltres ha estat ja la quarta vegada que hem assistit a un simp\u00f2sium de Luxury Real Estate i, la veritat, quan mires endarrere veus que algunes de les [&hellip;]\" \/>\n<meta property=\"og:url\" content=\"https:\/\/www.amatimmobiliaris.com\/w\/ca\/2015\/02\/simposium-internacional-a-venecia\/\" \/>\n<meta property=\"og:site_name\" content=\"Amat Immobiliaris\" \/>\n<meta property=\"article:publisher\" content=\"https:\/\/www.facebook.com\/amatimmobiliaris\" \/>\n<meta property=\"article:published_time\" content=\"2015-02-03T15:27:22+00:00\" \/>\n<meta property=\"article:modified_time\" content=\"2023-05-05T14:00:33+00:00\" \/>\n<meta property=\"og:image\" content=\"https:\/\/www.amatimmobiliaris.com\/w\/wp-content\/uploads\/2022\/01\/2014-Saga-familiar-Amat-dw-1-1024x683.jpg\" \/>\n\t<meta property=\"og:image:width\" content=\"1024\" \/>\n\t<meta property=\"og:image:height\" content=\"683\" \/>\n\t<meta property=\"og:image:type\" content=\"image\/jpeg\" \/>\n<meta name=\"author\" content=\"Amat Immobiliaris\" \/>\n<meta name=\"twitter:card\" content=\"summary_large_image\" \/>\n<meta name=\"twitter:creator\" content=\"@amat_cat\" \/>\n<meta name=\"twitter:site\" content=\"@amat_cat\" \/>\n<meta name=\"twitter:label1\" content=\"Escrit per\" \/>\n\t<meta name=\"twitter:data1\" content=\"Amat Immobiliaris\" \/>\n\t<meta name=\"twitter:label2\" content=\"Temps estimat de lectura\" \/>\n\t<meta name=\"twitter:data2\" content=\"2 minuts\" \/>\n<script type=\"application\/ld+json\" class=\"yoast-schema-graph\">{\"@context\":\"https:\/\/schema.org\",\"@graph\":[{\"@type\":\"Article\",\"@id\":\"https:\/\/www.amatimmobiliaris.com\/w\/ca\/2015\/02\/simposium-internacional-a-venecia\/#article\",\"isPartOf\":{\"@id\":\"https:\/\/www.amatimmobiliaris.com\/w\/ca\/2015\/02\/simposium-internacional-a-venecia\/\"},\"author\":{\"name\":\"Amat Immobiliaris\",\"@id\":\"https:\/\/www.amatimmobiliaris.com\/w\/#\/schema\/person\/c880da71d1e156e7ea6774ffb445e034\"},\"headline\":\"Simp\u00f2sium Internacional a Ven\u00e8cia\",\"datePublished\":\"2015-02-03T15:27:22+00:00\",\"dateModified\":\"2023-05-05T14:00:33+00:00\",\"mainEntityOfPage\":{\"@id\":\"https:\/\/www.amatimmobiliaris.com\/w\/ca\/2015\/02\/simposium-internacional-a-venecia\/\"},\"wordCount\":415,\"publisher\":{\"@id\":\"https:\/\/www.amatimmobiliaris.com\/w\/#organization\"},\"keywords\":[\"Conferencia\",\"Esdeveniment\"],\"articleSection\":[\"Eventos\"],\"inLanguage\":\"ca\"},{\"@type\":\"WebPage\",\"@id\":\"https:\/\/www.amatimmobiliaris.com\/w\/ca\/2015\/02\/simposium-internacional-a-venecia\/\",\"url\":\"https:\/\/www.amatimmobiliaris.com\/w\/ca\/2015\/02\/simposium-internacional-a-venecia\/\",\"name\":\"Simp\u00f2sium Internacional a Ven\u00e8cia | Amat Immobiliaris\",\"isPartOf\":{\"@id\":\"https:\/\/www.amatimmobiliaris.com\/w\/#website\"},\"datePublished\":\"2015-02-03T15:27:22+00:00\",\"dateModified\":\"2023-05-05T14:00:33+00:00\",\"breadcrumb\":{\"@id\":\"https:\/\/www.amatimmobiliaris.com\/w\/ca\/2015\/02\/simposium-internacional-a-venecia\/#breadcrumb\"},\"inLanguage\":\"ca\",\"potentialAction\":[{\"@type\":\"ReadAction\",\"target\":[\"https:\/\/www.amatimmobiliaris.com\/w\/ca\/2015\/02\/simposium-internacional-a-venecia\/\"]}]},{\"@type\":\"BreadcrumbList\",\"@id\":\"https:\/\/www.amatimmobiliaris.com\/w\/ca\/2015\/02\/simposium-internacional-a-venecia\/#breadcrumb\",\"itemListElement\":[{\"@type\":\"ListItem\",\"position\":1,\"name\":\"Home\",\"item\":\"https:\/\/www.amatimmobiliaris.com\/w\/ca\/\"},{\"@type\":\"ListItem\",\"position\":2,\"name\":\"Eventos\",\"item\":\"https:\/\/www.amatimmobiliaris.com\/w\/category\/eventos\/\"},{\"@type\":\"ListItem\",\"position\":3,\"name\":\"Simp\u00f2sium Internacional a Ven\u00e8cia\"}]},{\"@type\":\"WebSite\",\"@id\":\"https:\/\/www.amatimmobiliaris.com\/w\/#website\",\"url\":\"https:\/\/www.amatimmobiliaris.com\/w\/\",\"name\":\"Amat Immobiliaris\",\"description\":\"Empresa familiar del sector inmobiliario con oficinas en Barcelona, Sant Cugat del Vall\u00e9s y Sant Just Desvern. Te ayudamos a comprar, alquilar o vender tu casa o piso. Somos un equipo coherente con una cultura de empresa honesta, innovadora y eficaz. Tambi\u00e9n en www.amatluxury.com\",\"publisher\":{\"@id\":\"https:\/\/www.amatimmobiliaris.com\/w\/#organization\"},\"alternateName\":\"AmatImmo\",\"potentialAction\":[{\"@type\":\"SearchAction\",\"target\":{\"@type\":\"EntryPoint\",\"urlTemplate\":\"https:\/\/www.amatimmobiliaris.com\/w\/?s={search_term_string}\"},\"query-input\":{\"@type\":\"PropertyValueSpecification\",\"valueRequired\":true,\"valueName\":\"search_term_string\"}}],\"inLanguage\":\"ca\"},{\"@type\":\"Organization\",\"@id\":\"https:\/\/www.amatimmobiliaris.com\/w\/#organization\",\"name\":\"Amat Immobiliaris\",\"url\":\"https:\/\/www.amatimmobiliaris.com\/w\/\",\"logo\":{\"@type\":\"ImageObject\",\"inLanguage\":\"ca\",\"@id\":\"https:\/\/www.amatimmobiliaris.com\/w\/#\/schema\/logo\/image\/\",\"url\":\"https:\/\/www.amatimmobiliaris.com\/w\/wp-content\/uploads\/2022\/10\/amat-logo.jpg\",\"contentUrl\":\"https:\/\/www.amatimmobiliaris.com\/w\/wp-content\/uploads\/2022\/10\/amat-logo.jpg\",\"width\":900,\"height\":900,\"caption\":\"Amat Immobiliaris\"},\"image\":{\"@id\":\"https:\/\/www.amatimmobiliaris.com\/w\/#\/schema\/logo\/image\/\"},\"sameAs\":[\"https:\/\/www.facebook.com\/amatimmobiliaris\",\"https:\/\/x.com\/amat_cat\",\"https:\/\/www.instagram.com\/amat_immo\/\",\"https:\/\/www.linkedin.com\/company\/amat-finques\/\",\"https:\/\/www.youtube.com\/@amatimmobiliaris\"]},{\"@type\":\"Person\",\"@id\":\"https:\/\/www.amatimmobiliaris.com\/w\/#\/schema\/person\/c880da71d1e156e7ea6774ffb445e034\",\"name\":\"Amat Immobiliaris\",\"sameAs\":[\"http:\/\/amat-inmo-wp.localhost\"]}]}<\/script>\n<!-- \/ Yoast SEO plugin. -->","yoast_head_json":{"title":"Simp\u00f2sium Internacional a Ven\u00e8cia | Amat Immobiliaris","robots":{"index":"index","follow":"follow","max-snippet":"max-snippet:-1","max-image-preview":"max-image-preview:large","max-video-preview":"max-video-preview:-1"},"canonical":"https:\/\/www.amatimmobiliaris.com\/w\/ca\/2015\/02\/simposium-internacional-a-venecia\/","og_locale":"ca_ES","og_type":"article","og_title":"Simp\u00f2sium Internacional a Ven\u00e8cia | Amat Immobiliaris","og_description":"Una setmana despr\u00e9s de tornar del Simp\u00f2sium Internacional organitzat per Luxury Real Estate hem pogut reflexionar i valorar tot el que vam escoltar durant aquells dies. Per nosaltres ha estat ja la quarta vegada que hem assistit a un simp\u00f2sium de Luxury Real Estate i, la veritat, quan mires endarrere veus que algunes de les [&hellip;]","og_url":"https:\/\/www.amatimmobiliaris.com\/w\/ca\/2015\/02\/simposium-internacional-a-venecia\/","og_site_name":"Amat Immobiliaris","article_publisher":"https:\/\/www.facebook.com\/amatimmobiliaris","article_published_time":"2015-02-03T15:27:22+00:00","article_modified_time":"2023-05-05T14:00:33+00:00","og_image":[{"width":1024,"height":683,"url":"https:\/\/www.amatimmobiliaris.com\/w\/wp-content\/uploads\/2022\/01\/2014-Saga-familiar-Amat-dw-1-1024x683.jpg","type":"image\/jpeg"}],"author":"Amat Immobiliaris","twitter_card":"summary_large_image","twitter_creator":"@amat_cat","twitter_site":"@amat_cat","twitter_misc":{"Escrit per":"Amat Immobiliaris","Temps estimat de lectura":"2 minuts"},"schema":{"@context":"https:\/\/schema.org","@graph":[{"@type":"Article","@id":"https:\/\/www.amatimmobiliaris.com\/w\/ca\/2015\/02\/simposium-internacional-a-venecia\/#article","isPartOf":{"@id":"https:\/\/www.amatimmobiliaris.com\/w\/ca\/2015\/02\/simposium-internacional-a-venecia\/"},"author":{"name":"Amat Immobiliaris","@id":"https:\/\/www.amatimmobiliaris.com\/w\/#\/schema\/person\/c880da71d1e156e7ea6774ffb445e034"},"headline":"Simp\u00f2sium Internacional a Ven\u00e8cia","datePublished":"2015-02-03T15:27:22+00:00","dateModified":"2023-05-05T14:00:33+00:00","mainEntityOfPage":{"@id":"https:\/\/www.amatimmobiliaris.com\/w\/ca\/2015\/02\/simposium-internacional-a-venecia\/"},"wordCount":415,"publisher":{"@id":"https:\/\/www.amatimmobiliaris.com\/w\/#organization"},"keywords":["Conferencia","Esdeveniment"],"articleSection":["Eventos"],"inLanguage":"ca"},{"@type":"WebPage","@id":"https:\/\/www.amatimmobiliaris.com\/w\/ca\/2015\/02\/simposium-internacional-a-venecia\/","url":"https:\/\/www.amatimmobiliaris.com\/w\/ca\/2015\/02\/simposium-internacional-a-venecia\/","name":"Simp\u00f2sium Internacional a Ven\u00e8cia | Amat Immobiliaris","isPartOf":{"@id":"https:\/\/www.amatimmobiliaris.com\/w\/#website"},"datePublished":"2015-02-03T15:27:22+00:00","dateModified":"2023-05-05T14:00:33+00:00","breadcrumb":{"@id":"https:\/\/www.amatimmobiliaris.com\/w\/ca\/2015\/02\/simposium-internacional-a-venecia\/#breadcrumb"},"inLanguage":"ca","potentialAction":[{"@type":"ReadAction","target":["https:\/\/www.amatimmobiliaris.com\/w\/ca\/2015\/02\/simposium-internacional-a-venecia\/"]}]},{"@type":"BreadcrumbList","@id":"https:\/\/www.amatimmobiliaris.com\/w\/ca\/2015\/02\/simposium-internacional-a-venecia\/#breadcrumb","itemListElement":[{"@type":"ListItem","position":1,"name":"Home","item":"https:\/\/www.amatimmobiliaris.com\/w\/ca\/"},{"@type":"ListItem","position":2,"name":"Eventos","item":"https:\/\/www.amatimmobiliaris.com\/w\/category\/eventos\/"},{"@type":"ListItem","position":3,"name":"Simp\u00f2sium Internacional a Ven\u00e8cia"}]},{"@type":"WebSite","@id":"https:\/\/www.amatimmobiliaris.com\/w\/#website","url":"https:\/\/www.amatimmobiliaris.com\/w\/","name":"Amat Immobiliaris","description":"Empresa familiar del sector inmobiliario con oficinas en Barcelona, Sant Cugat del Vall\u00e9s y Sant Just Desvern. Te ayudamos a comprar, alquilar o vender tu casa o piso. Somos un equipo coherente con una cultura de empresa honesta, innovadora y eficaz. Tambi\u00e9n en www.amatluxury.com","publisher":{"@id":"https:\/\/www.amatimmobiliaris.com\/w\/#organization"},"alternateName":"AmatImmo","potentialAction":[{"@type":"SearchAction","target":{"@type":"EntryPoint","urlTemplate":"https:\/\/www.amatimmobiliaris.com\/w\/?s={search_term_string}"},"query-input":{"@type":"PropertyValueSpecification","valueRequired":true,"valueName":"search_term_string"}}],"inLanguage":"ca"},{"@type":"Organization","@id":"https:\/\/www.amatimmobiliaris.com\/w\/#organization","name":"Amat Immobiliaris","url":"https:\/\/www.amatimmobiliaris.com\/w\/","logo":{"@type":"ImageObject","inLanguage":"ca","@id":"https:\/\/www.amatimmobiliaris.com\/w\/#\/schema\/logo\/image\/","url":"https:\/\/www.amatimmobiliaris.com\/w\/wp-content\/uploads\/2022\/10\/amat-logo.jpg","contentUrl":"https:\/\/www.amatimmobiliaris.com\/w\/wp-content\/uploads\/2022\/10\/amat-logo.jpg","width":900,"height":900,"caption":"Amat Immobiliaris"},"image":{"@id":"https:\/\/www.amatimmobiliaris.com\/w\/#\/schema\/logo\/image\/"},"sameAs":["https:\/\/www.facebook.com\/amatimmobiliaris","https:\/\/x.com\/amat_cat","https:\/\/www.instagram.com\/amat_immo\/","https:\/\/www.linkedin.com\/company\/amat-finques\/","https:\/\/www.youtube.com\/@amatimmobiliaris"]},{"@type":"Person","@id":"https:\/\/www.amatimmobiliaris.com\/w\/#\/schema\/person\/c880da71d1e156e7ea6774ffb445e034","name":"Amat Immobiliaris","sameAs":["http:\/\/amat-inmo-wp.localhost"]}]}},"_links":{"self":[{"href":"https:\/\/www.amatimmobiliaris.com\/w\/ca\/wp-json\/wp\/v2\/posts\/12355"}],"collection":[{"href":"https:\/\/www.amatimmobiliaris.com\/w\/ca\/wp-json\/wp\/v2\/posts"}],"about":[{"href":"https:\/\/www.amatimmobiliaris.com\/w\/ca\/wp-json\/wp\/v2\/types\/post"}],"author":[{"embeddable":true,"href":"https:\/\/www.amatimmobiliaris.com\/w\/ca\/wp-json\/wp\/v2\/users\/1"}],"replies":[{"embeddable":true,"href":"https:\/\/www.amatimmobiliaris.com\/w\/ca\/wp-json\/wp\/v2\/comments?post=12355"}],"version-history":[{"count":3,"href":"https:\/\/www.amatimmobiliaris.com\/w\/ca\/wp-json\/wp\/v2\/posts\/12355\/revisions"}],"predecessor-version":[{"id":26806,"href":"https:\/\/www.amatimmobiliaris.com\/w\/ca\/wp-json\/wp\/v2\/posts\/12355\/revisions\/26806"}],"wp:attachment":[{"href":"https:\/\/www.amatimmobiliaris.com\/w\/ca\/wp-json\/wp\/v2\/media?parent=12355"}],"wp:term":[{"taxonomy":"category","embeddable":true,"href":"https:\/\/www.amatimmobiliaris.com\/w\/ca\/wp-json\/wp\/v2\/categories?post=12355"},{"taxonomy":"post_tag","embeddable":true,"href":"https:\/\/www.amatimmobiliaris.com\/w\/ca\/wp-json\/wp\/v2\/tags?post=12355"}],"curies":[{"name":"wp","href":"https:\/\/api.w.org\/{rel}","templated":true}]}}