{"id":12353,"date":"2014-12-17T12:56:34","date_gmt":"2014-12-17T12:56:34","guid":{"rendered":"http:\/\/amat-inmo-wp.localhost\/2014\/12\/17\/corpresos-amb-lespectacle-danza-wow-de-fundacio-sifu-i-fundacio-vodafone\/"},"modified":"2023-04-27T15:01:23","modified_gmt":"2023-04-27T15:01:23","slug":"corpresos-amb-lespectacle-danza-wow-de-fundacio-sifu-i-fundacio-vodafone","status":"publish","type":"post","link":"https:\/\/www.amatimmobiliaris.com\/w\/ca\/2014\/12\/corpresos-amb-lespectacle-danza-wow-de-fundacio-sifu-i-fundacio-vodafone\/","title":{"rendered":"Corpresos amb l\u2019espectacle Danza WOW de Fundaci\u00f3 Sifu i Fundaci\u00f3 Vodafone"},"content":{"rendered":"<p>El dijous 11 de desembre, la sala petita del Palau de la Musica estava completament plena, el <a href=\"https:\/\/www.gruposifu.com\/\"><em>Grup Sifu<\/em><\/a> ens va convocar a la vetllada <a href=\"https:\/\/www.fundaciongruposifu.org\/\"><em>Danza WOW<\/em><\/a><em> <\/em>per celebrar el Dia Internacional de les Persones amb Discapacitat.<\/p>\n<p>Despr\u00e9s dels corresponents parlaments, van presentar la plataforma tecnol\u00f2gica <a href=\"https:\/\/www.youtube.com\/watch?v=9x-QA0aRTQ8&amp;list=UU3uV-2rIN1DYbrsVANGx_xQ\"><em>mFACILyTA<\/em><\/a><em>, <\/em>creada amb col\u00b7laboraci\u00f3 de la <a href=\"https:\/\/fundacionvodafone.es\/\">Fundaci\u00f3 Vodafone<\/a> i dissenyada per facilitar la vida personal i laboral de les persones amb discapacitat. Seguidament va comen\u00e7ar l&#8217;espectacle a c\u00e0rrec de <a href=\"https:\/\/danzadown.es\/#!bloggerdanza\/c1nws\"><em>Danza Down Compa\u00f1\u00eda El\u00edas Lafuente<\/em><\/a>, grup madrileny de dansa integrat per persones amb S\u00edndrome de Down, que han servit de prova pilot de la nova plataforma i porten ja m\u00e9s d\u2019un m\u00e9s fent-la servir als seus assajos per al seu debut amb Danza WOW!<\/p>\n<p><!--more-->Va actuar un grup de 12 nois i 11 noies, tots amb S\u00edndrome de Down, algunes noies amb problemes de mobilitat, perceptible quan baixaven les escales, els quals semblaven que desapareixen quan actuaven. Ballaven dues peces, una de Billy Elliot i, despr\u00e8s de canviar-se roba, unes variacions del Llac dels Cignes. Em falten les paraules per descriure les sensacions, l\u2019admiraci\u00f3 profunda pel mestre El\u00edas Lafuente. Aconseguir una coordinaci\u00f3, uns moviments de ballet cl\u00e0ssic, una coreografia&#8230; Sembla impossible! Sento una tendresa infinita al veure l&#8217;esfor\u00e7 de tot l&#8217;equip de ball malgrat les evidents dificultats f\u00edsiques, la seva alegria al rebre els aplaudiments al final, la felicitat dels pares pel repte aconseguit, i la tristesa pel desconeixement social del m\u00f3n de les discapacitats i, en especial, per les retallades sofertes per tots aquests col\u00b7lectius a causa de la crisi, quan s\u00f3n qui m\u00e9s necessiten el recolzament de les administracions i de la societat en general.<\/p>\n<p>Per \u00faltim agrair a <a href=\"https:\/\/www.gruposifu.com\/\"><em>Sifu<\/em><\/a><em>,<\/em> \u2018empresa l\u00edder en Facility Services\u2019 que integra en la seva plantilla una gran part de persones amb discapacitats, la seva coher\u00e8ncia, els seus valors i el seu treball de cada dia.<\/p>\n<p><center><iframe loading=\"lazy\" src=\"\/\/www.youtube.com\/embed\/3JRevVYeItk\" frameborder=\"0\" width=\"560\" height=\"315\"><\/iframe><\/center>Article relacionat: <a href=\"https:\/\/diumenge.ara.cat\/diumenge\/sifu-integracio-laboral-creixement_1_1975643.html\">http:\/\/www.ara.cat\/suplements\/diumenge\/Sifu-integracio-laboral-creixement_0_1266473354.html<\/a><\/p>\n<p align=\"right\"><span style=\"color: #ff0000;\"><strong>Immaculada Amat<\/strong><\/span><br \/>\n<span style=\"color: #ff0000;\"><strong> Co-directora general de Amat Immobiliaris<\/strong><\/span><\/p>\n","protected":false},"excerpt":{"rendered":"<p>El dijous 11 de desembre, la sala petita del Palau de la Musica estava completament plena, el Grup Sifu ens va convocar a la vetllada Danza WOW per celebrar el Dia Internacional de les Persones amb Discapacitat. Despr\u00e9s dels corresponents parlaments, van presentar la plataforma tecnol\u00f2gica mFACILyTA, creada amb col\u00b7laboraci\u00f3 de la Fundaci\u00f3 Vodafone i [&hellip;]<\/p>\n","protected":false},"author":1,"featured_media":0,"comment_status":"closed","ping_status":"closed","sticky":false,"template":"","format":"standard","meta":{"content-type":"","footnotes":""},"categories":[864,741],"tags":[],"yoast_head":"<!-- This site is optimized with the Yoast SEO plugin v23.9 - https:\/\/yoast.com\/wordpress\/plugins\/seo\/ -->\n<title>Corpresos amb l\u2019espectacle Danza WOW de Fundaci\u00f3 Sifu i Fundaci\u00f3 Vodafone | Amat Immobiliaris<\/title>\n<meta name=\"robots\" content=\"index, follow, max-snippet:-1, max-image-preview:large, max-video-preview:-1\" \/>\n<link rel=\"canonical\" href=\"https:\/\/www.amatimmobiliaris.com\/w\/ca\/2014\/12\/corpresos-amb-lespectacle-danza-wow-de-fundacio-sifu-i-fundacio-vodafone\/\" \/>\n<meta property=\"og:locale\" content=\"ca_ES\" \/>\n<meta property=\"og:type\" content=\"article\" \/>\n<meta property=\"og:title\" content=\"Corpresos amb l\u2019espectacle Danza WOW de Fundaci\u00f3 Sifu i Fundaci\u00f3 Vodafone | Amat Immobiliaris\" \/>\n<meta property=\"og:description\" content=\"El dijous 11 de desembre, la sala petita del Palau de la Musica estava completament plena, el Grup Sifu ens va convocar a la vetllada Danza WOW per celebrar el Dia Internacional de les Persones amb Discapacitat. Despr\u00e9s dels corresponents parlaments, van presentar la plataforma tecnol\u00f2gica mFACILyTA, creada amb col\u00b7laboraci\u00f3 de la Fundaci\u00f3 Vodafone i [&hellip;]\" \/>\n<meta property=\"og:url\" content=\"https:\/\/www.amatimmobiliaris.com\/w\/ca\/2014\/12\/corpresos-amb-lespectacle-danza-wow-de-fundacio-sifu-i-fundacio-vodafone\/\" \/>\n<meta property=\"og:site_name\" content=\"Amat Immobiliaris\" \/>\n<meta property=\"article:publisher\" content=\"https:\/\/www.facebook.com\/amatimmobiliaris\" \/>\n<meta property=\"article:published_time\" content=\"2014-12-17T12:56:34+00:00\" \/>\n<meta property=\"article:modified_time\" content=\"2023-04-27T15:01:23+00:00\" \/>\n<meta property=\"og:image\" content=\"https:\/\/www.amatimmobiliaris.com\/w\/wp-content\/uploads\/2022\/01\/2014-Saga-familiar-Amat-dw-1-1024x683.jpg\" \/>\n\t<meta property=\"og:image:width\" content=\"1024\" \/>\n\t<meta property=\"og:image:height\" content=\"683\" \/>\n\t<meta property=\"og:image:type\" content=\"image\/jpeg\" \/>\n<meta name=\"author\" content=\"Amat Immobiliaris\" \/>\n<meta name=\"twitter:card\" content=\"summary_large_image\" \/>\n<meta name=\"twitter:creator\" content=\"@amat_cat\" \/>\n<meta name=\"twitter:site\" content=\"@amat_cat\" \/>\n<meta name=\"twitter:label1\" content=\"Escrit per\" \/>\n\t<meta name=\"twitter:data1\" content=\"Amat Immobiliaris\" \/>\n\t<meta name=\"twitter:label2\" content=\"Temps estimat de lectura\" \/>\n\t<meta name=\"twitter:data2\" content=\"2 minuts\" \/>\n<script type=\"application\/ld+json\" class=\"yoast-schema-graph\">{\"@context\":\"https:\/\/schema.org\",\"@graph\":[{\"@type\":\"Article\",\"@id\":\"https:\/\/www.amatimmobiliaris.com\/w\/ca\/2014\/12\/corpresos-amb-lespectacle-danza-wow-de-fundacio-sifu-i-fundacio-vodafone\/#article\",\"isPartOf\":{\"@id\":\"https:\/\/www.amatimmobiliaris.com\/w\/ca\/2014\/12\/corpresos-amb-lespectacle-danza-wow-de-fundacio-sifu-i-fundacio-vodafone\/\"},\"author\":{\"name\":\"Amat Immobiliaris\",\"@id\":\"https:\/\/www.amatimmobiliaris.com\/w\/#\/schema\/person\/c880da71d1e156e7ea6774ffb445e034\"},\"headline\":\"Corpresos amb l\u2019espectacle Danza WOW de Fundaci\u00f3 Sifu i Fundaci\u00f3 Vodafone\",\"datePublished\":\"2014-12-17T12:56:34+00:00\",\"dateModified\":\"2023-04-27T15:01:23+00:00\",\"mainEntityOfPage\":{\"@id\":\"https:\/\/www.amatimmobiliaris.com\/w\/ca\/2014\/12\/corpresos-amb-lespectacle-danza-wow-de-fundacio-sifu-i-fundacio-vodafone\/\"},\"wordCount\":357,\"publisher\":{\"@id\":\"https:\/\/www.amatimmobiliaris.com\/w\/#organization\"},\"articleSection\":[\"Colaboraciones\",\"El mundo Amat\"],\"inLanguage\":\"ca\"},{\"@type\":\"WebPage\",\"@id\":\"https:\/\/www.amatimmobiliaris.com\/w\/ca\/2014\/12\/corpresos-amb-lespectacle-danza-wow-de-fundacio-sifu-i-fundacio-vodafone\/\",\"url\":\"https:\/\/www.amatimmobiliaris.com\/w\/ca\/2014\/12\/corpresos-amb-lespectacle-danza-wow-de-fundacio-sifu-i-fundacio-vodafone\/\",\"name\":\"Corpresos amb l\u2019espectacle Danza WOW de Fundaci\u00f3 Sifu i Fundaci\u00f3 Vodafone | Amat Immobiliaris\",\"isPartOf\":{\"@id\":\"https:\/\/www.amatimmobiliaris.com\/w\/#website\"},\"datePublished\":\"2014-12-17T12:56:34+00:00\",\"dateModified\":\"2023-04-27T15:01:23+00:00\",\"breadcrumb\":{\"@id\":\"https:\/\/www.amatimmobiliaris.com\/w\/ca\/2014\/12\/corpresos-amb-lespectacle-danza-wow-de-fundacio-sifu-i-fundacio-vodafone\/#breadcrumb\"},\"inLanguage\":\"ca\",\"potentialAction\":[{\"@type\":\"ReadAction\",\"target\":[\"https:\/\/www.amatimmobiliaris.com\/w\/ca\/2014\/12\/corpresos-amb-lespectacle-danza-wow-de-fundacio-sifu-i-fundacio-vodafone\/\"]}]},{\"@type\":\"BreadcrumbList\",\"@id\":\"https:\/\/www.amatimmobiliaris.com\/w\/ca\/2014\/12\/corpresos-amb-lespectacle-danza-wow-de-fundacio-sifu-i-fundacio-vodafone\/#breadcrumb\",\"itemListElement\":[{\"@type\":\"ListItem\",\"position\":1,\"name\":\"Home\",\"item\":\"https:\/\/www.amatimmobiliaris.com\/w\/ca\/\"},{\"@type\":\"ListItem\",\"position\":2,\"name\":\"El mundo Amat\",\"item\":\"https:\/\/www.amatimmobiliaris.com\/w\/category\/el-mundo-amat\/\"},{\"@type\":\"ListItem\",\"position\":3,\"name\":\"Colaboraciones\",\"item\":\"https:\/\/www.amatimmobiliaris.com\/w\/category\/el-mundo-amat\/colaboraciones-amat\/\"},{\"@type\":\"ListItem\",\"position\":4,\"name\":\"Corpresos amb l\u2019espectacle Danza WOW de Fundaci\u00f3 Sifu i Fundaci\u00f3 Vodafone\"}]},{\"@type\":\"WebSite\",\"@id\":\"https:\/\/www.amatimmobiliaris.com\/w\/#website\",\"url\":\"https:\/\/www.amatimmobiliaris.com\/w\/\",\"name\":\"Amat Immobiliaris\",\"description\":\"Empresa familiar del sector inmobiliario con oficinas en Barcelona, Sant Cugat del Vall\u00e9s y Sant Just Desvern. Te ayudamos a comprar, alquilar o vender tu casa o piso. Somos un equipo coherente con una cultura de empresa honesta, innovadora y eficaz. Tambi\u00e9n en www.amatluxury.com\",\"publisher\":{\"@id\":\"https:\/\/www.amatimmobiliaris.com\/w\/#organization\"},\"alternateName\":\"AmatImmo\",\"potentialAction\":[{\"@type\":\"SearchAction\",\"target\":{\"@type\":\"EntryPoint\",\"urlTemplate\":\"https:\/\/www.amatimmobiliaris.com\/w\/?s={search_term_string}\"},\"query-input\":{\"@type\":\"PropertyValueSpecification\",\"valueRequired\":true,\"valueName\":\"search_term_string\"}}],\"inLanguage\":\"ca\"},{\"@type\":\"Organization\",\"@id\":\"https:\/\/www.amatimmobiliaris.com\/w\/#organization\",\"name\":\"Amat Immobiliaris\",\"url\":\"https:\/\/www.amatimmobiliaris.com\/w\/\",\"logo\":{\"@type\":\"ImageObject\",\"inLanguage\":\"ca\",\"@id\":\"https:\/\/www.amatimmobiliaris.com\/w\/#\/schema\/logo\/image\/\",\"url\":\"https:\/\/www.amatimmobiliaris.com\/w\/wp-content\/uploads\/2022\/10\/amat-logo.jpg\",\"contentUrl\":\"https:\/\/www.amatimmobiliaris.com\/w\/wp-content\/uploads\/2022\/10\/amat-logo.jpg\",\"width\":900,\"height\":900,\"caption\":\"Amat Immobiliaris\"},\"image\":{\"@id\":\"https:\/\/www.amatimmobiliaris.com\/w\/#\/schema\/logo\/image\/\"},\"sameAs\":[\"https:\/\/www.facebook.com\/amatimmobiliaris\",\"https:\/\/x.com\/amat_cat\",\"https:\/\/www.instagram.com\/amat_immo\/\",\"https:\/\/www.linkedin.com\/company\/amat-finques\/\",\"https:\/\/www.youtube.com\/@amatimmobiliaris\"]},{\"@type\":\"Person\",\"@id\":\"https:\/\/www.amatimmobiliaris.com\/w\/#\/schema\/person\/c880da71d1e156e7ea6774ffb445e034\",\"name\":\"Amat Immobiliaris\",\"sameAs\":[\"http:\/\/amat-inmo-wp.localhost\"]}]}<\/script>\n<!-- \/ Yoast SEO plugin. -->","yoast_head_json":{"title":"Corpresos amb l\u2019espectacle Danza WOW de Fundaci\u00f3 Sifu i Fundaci\u00f3 Vodafone | Amat Immobiliaris","robots":{"index":"index","follow":"follow","max-snippet":"max-snippet:-1","max-image-preview":"max-image-preview:large","max-video-preview":"max-video-preview:-1"},"canonical":"https:\/\/www.amatimmobiliaris.com\/w\/ca\/2014\/12\/corpresos-amb-lespectacle-danza-wow-de-fundacio-sifu-i-fundacio-vodafone\/","og_locale":"ca_ES","og_type":"article","og_title":"Corpresos amb l\u2019espectacle Danza WOW de Fundaci\u00f3 Sifu i Fundaci\u00f3 Vodafone | Amat Immobiliaris","og_description":"El dijous 11 de desembre, la sala petita del Palau de la Musica estava completament plena, el Grup Sifu ens va convocar a la vetllada Danza WOW per celebrar el Dia Internacional de les Persones amb Discapacitat. Despr\u00e9s dels corresponents parlaments, van presentar la plataforma tecnol\u00f2gica mFACILyTA, creada amb col\u00b7laboraci\u00f3 de la Fundaci\u00f3 Vodafone i [&hellip;]","og_url":"https:\/\/www.amatimmobiliaris.com\/w\/ca\/2014\/12\/corpresos-amb-lespectacle-danza-wow-de-fundacio-sifu-i-fundacio-vodafone\/","og_site_name":"Amat Immobiliaris","article_publisher":"https:\/\/www.facebook.com\/amatimmobiliaris","article_published_time":"2014-12-17T12:56:34+00:00","article_modified_time":"2023-04-27T15:01:23+00:00","og_image":[{"width":1024,"height":683,"url":"https:\/\/www.amatimmobiliaris.com\/w\/wp-content\/uploads\/2022\/01\/2014-Saga-familiar-Amat-dw-1-1024x683.jpg","type":"image\/jpeg"}],"author":"Amat Immobiliaris","twitter_card":"summary_large_image","twitter_creator":"@amat_cat","twitter_site":"@amat_cat","twitter_misc":{"Escrit per":"Amat Immobiliaris","Temps estimat de lectura":"2 minuts"},"schema":{"@context":"https:\/\/schema.org","@graph":[{"@type":"Article","@id":"https:\/\/www.amatimmobiliaris.com\/w\/ca\/2014\/12\/corpresos-amb-lespectacle-danza-wow-de-fundacio-sifu-i-fundacio-vodafone\/#article","isPartOf":{"@id":"https:\/\/www.amatimmobiliaris.com\/w\/ca\/2014\/12\/corpresos-amb-lespectacle-danza-wow-de-fundacio-sifu-i-fundacio-vodafone\/"},"author":{"name":"Amat Immobiliaris","@id":"https:\/\/www.amatimmobiliaris.com\/w\/#\/schema\/person\/c880da71d1e156e7ea6774ffb445e034"},"headline":"Corpresos amb l\u2019espectacle Danza WOW de Fundaci\u00f3 Sifu i Fundaci\u00f3 Vodafone","datePublished":"2014-12-17T12:56:34+00:00","dateModified":"2023-04-27T15:01:23+00:00","mainEntityOfPage":{"@id":"https:\/\/www.amatimmobiliaris.com\/w\/ca\/2014\/12\/corpresos-amb-lespectacle-danza-wow-de-fundacio-sifu-i-fundacio-vodafone\/"},"wordCount":357,"publisher":{"@id":"https:\/\/www.amatimmobiliaris.com\/w\/#organization"},"articleSection":["Colaboraciones","El mundo Amat"],"inLanguage":"ca"},{"@type":"WebPage","@id":"https:\/\/www.amatimmobiliaris.com\/w\/ca\/2014\/12\/corpresos-amb-lespectacle-danza-wow-de-fundacio-sifu-i-fundacio-vodafone\/","url":"https:\/\/www.amatimmobiliaris.com\/w\/ca\/2014\/12\/corpresos-amb-lespectacle-danza-wow-de-fundacio-sifu-i-fundacio-vodafone\/","name":"Corpresos amb l\u2019espectacle Danza WOW de Fundaci\u00f3 Sifu i Fundaci\u00f3 Vodafone | Amat Immobiliaris","isPartOf":{"@id":"https:\/\/www.amatimmobiliaris.com\/w\/#website"},"datePublished":"2014-12-17T12:56:34+00:00","dateModified":"2023-04-27T15:01:23+00:00","breadcrumb":{"@id":"https:\/\/www.amatimmobiliaris.com\/w\/ca\/2014\/12\/corpresos-amb-lespectacle-danza-wow-de-fundacio-sifu-i-fundacio-vodafone\/#breadcrumb"},"inLanguage":"ca","potentialAction":[{"@type":"ReadAction","target":["https:\/\/www.amatimmobiliaris.com\/w\/ca\/2014\/12\/corpresos-amb-lespectacle-danza-wow-de-fundacio-sifu-i-fundacio-vodafone\/"]}]},{"@type":"BreadcrumbList","@id":"https:\/\/www.amatimmobiliaris.com\/w\/ca\/2014\/12\/corpresos-amb-lespectacle-danza-wow-de-fundacio-sifu-i-fundacio-vodafone\/#breadcrumb","itemListElement":[{"@type":"ListItem","position":1,"name":"Home","item":"https:\/\/www.amatimmobiliaris.com\/w\/ca\/"},{"@type":"ListItem","position":2,"name":"El mundo Amat","item":"https:\/\/www.amatimmobiliaris.com\/w\/category\/el-mundo-amat\/"},{"@type":"ListItem","position":3,"name":"Colaboraciones","item":"https:\/\/www.amatimmobiliaris.com\/w\/category\/el-mundo-amat\/colaboraciones-amat\/"},{"@type":"ListItem","position":4,"name":"Corpresos amb l\u2019espectacle Danza WOW de Fundaci\u00f3 Sifu i Fundaci\u00f3 Vodafone"}]},{"@type":"WebSite","@id":"https:\/\/www.amatimmobiliaris.com\/w\/#website","url":"https:\/\/www.amatimmobiliaris.com\/w\/","name":"Amat Immobiliaris","description":"Empresa familiar del sector inmobiliario con oficinas en Barcelona, Sant Cugat del Vall\u00e9s y Sant Just Desvern. Te ayudamos a comprar, alquilar o vender tu casa o piso. Somos un equipo coherente con una cultura de empresa honesta, innovadora y eficaz. Tambi\u00e9n en www.amatluxury.com","publisher":{"@id":"https:\/\/www.amatimmobiliaris.com\/w\/#organization"},"alternateName":"AmatImmo","potentialAction":[{"@type":"SearchAction","target":{"@type":"EntryPoint","urlTemplate":"https:\/\/www.amatimmobiliaris.com\/w\/?s={search_term_string}"},"query-input":{"@type":"PropertyValueSpecification","valueRequired":true,"valueName":"search_term_string"}}],"inLanguage":"ca"},{"@type":"Organization","@id":"https:\/\/www.amatimmobiliaris.com\/w\/#organization","name":"Amat Immobiliaris","url":"https:\/\/www.amatimmobiliaris.com\/w\/","logo":{"@type":"ImageObject","inLanguage":"ca","@id":"https:\/\/www.amatimmobiliaris.com\/w\/#\/schema\/logo\/image\/","url":"https:\/\/www.amatimmobiliaris.com\/w\/wp-content\/uploads\/2022\/10\/amat-logo.jpg","contentUrl":"https:\/\/www.amatimmobiliaris.com\/w\/wp-content\/uploads\/2022\/10\/amat-logo.jpg","width":900,"height":900,"caption":"Amat Immobiliaris"},"image":{"@id":"https:\/\/www.amatimmobiliaris.com\/w\/#\/schema\/logo\/image\/"},"sameAs":["https:\/\/www.facebook.com\/amatimmobiliaris","https:\/\/x.com\/amat_cat","https:\/\/www.instagram.com\/amat_immo\/","https:\/\/www.linkedin.com\/company\/amat-finques\/","https:\/\/www.youtube.com\/@amatimmobiliaris"]},{"@type":"Person","@id":"https:\/\/www.amatimmobiliaris.com\/w\/#\/schema\/person\/c880da71d1e156e7ea6774ffb445e034","name":"Amat Immobiliaris","sameAs":["http:\/\/amat-inmo-wp.localhost"]}]}},"_links":{"self":[{"href":"https:\/\/www.amatimmobiliaris.com\/w\/ca\/wp-json\/wp\/v2\/posts\/12353"}],"collection":[{"href":"https:\/\/www.amatimmobiliaris.com\/w\/ca\/wp-json\/wp\/v2\/posts"}],"about":[{"href":"https:\/\/www.amatimmobiliaris.com\/w\/ca\/wp-json\/wp\/v2\/types\/post"}],"author":[{"embeddable":true,"href":"https:\/\/www.amatimmobiliaris.com\/w\/ca\/wp-json\/wp\/v2\/users\/1"}],"replies":[{"embeddable":true,"href":"https:\/\/www.amatimmobiliaris.com\/w\/ca\/wp-json\/wp\/v2\/comments?post=12353"}],"version-history":[{"count":10,"href":"https:\/\/www.amatimmobiliaris.com\/w\/ca\/wp-json\/wp\/v2\/posts\/12353\/revisions"}],"predecessor-version":[{"id":27287,"href":"https:\/\/www.amatimmobiliaris.com\/w\/ca\/wp-json\/wp\/v2\/posts\/12353\/revisions\/27287"}],"wp:attachment":[{"href":"https:\/\/www.amatimmobiliaris.com\/w\/ca\/wp-json\/wp\/v2\/media?parent=12353"}],"wp:term":[{"taxonomy":"category","embeddable":true,"href":"https:\/\/www.amatimmobiliaris.com\/w\/ca\/wp-json\/wp\/v2\/categories?post=12353"},{"taxonomy":"post_tag","embeddable":true,"href":"https:\/\/www.amatimmobiliaris.com\/w\/ca\/wp-json\/wp\/v2\/tags?post=12353"}],"curies":[{"name":"wp","href":"https:\/\/api.w.org\/{rel}","templated":true}]}}