{"id":12351,"date":"2014-12-15T14:56:37","date_gmt":"2014-12-15T14:56:37","guid":{"rendered":"http:\/\/amat-inmo-wp.localhost\/2014\/12\/15\/embolica-que-embolica\/"},"modified":"2023-04-17T11:58:22","modified_gmt":"2023-04-17T11:58:22","slug":"embolica-que-embolica","status":"publish","type":"post","link":"https:\/\/www.amatimmobiliaris.com\/w\/ca\/2014\/12\/embolica-que-embolica\/","title":{"rendered":"Embolica que embolica"},"content":{"rendered":"<p style=\"text-align: justify;\">\n<p style=\"text-align: center;\">\n<p style=\"text-align: justify;\">Novembre ha estat un mes &#8220;embolicat&#8221; des de diversos punts de vista:<\/p>\n<ul style=\"text-align: justify;\">\n<li>Des del punt de vista fiscal<\/li>\n<li>Des del punt de vista del mercat<\/li>\n<li>Des del punt de vista de novetats per les comunitats de propietaris<\/li>\n<\/ul>\n<p style=\"text-align: justify;\">Fins el passat dia 28 de novembre no s&#8217;han publicat al BOE les \u00faltimes modificacions fiscals i, com sempre, ha estat un embolic d&#8217;informacions contradict\u00f2ries sortides del propi Govern. No saps mai si primer envien uns quants globus sonda a veure qu\u00e8 passa o si realment fan les lleis sense estudiar-ne ben b\u00e9 les conseq\u00fc\u00e8ncies i quan se&#8217;n adonen tiren enrere. El cert \u00e9s que amb l\u2019aprovaci\u00f3 de l\u2019Avantprojecte, el passat mes de juny, va apar\u00e8ixer a tots els mitjans d\u2019informaci\u00f3 la proposta de reforma fiscal que, entre d\u2019altres coses, comportava la desaparici\u00f3 una s\u00e8rie de beneficis fiscals relacionats amb la transmissi\u00f3 dels immobles, entre altres els coeficients d&#8217;abatiment i els coeficients d\u2019actualitzaci\u00f3. Aix\u00f2 va preocupar a molts propietaris que tenien els seus habitatges en venda i que van decidir accelerar les gestions a fi que la venda es pogu\u00e9s produir abans de finals d&#8217;any per minimitzar l&#8217;impacte fiscal.<\/p>\n<p style=\"text-align: justify;\"><!--more-->En aquell moment va ser una bona decisi\u00f3 per\u00f2 avui, en alguns casos, ja no ho \u00e9s tant. Vist com ha quedat la reforma definitiva potser hagu\u00e9s estat m\u00e9s favorable esperar a exercicis posteriors. Hi ha hagut moltes variacions entre l\u2019Avantprojecte i el Projecte i entre el Projecte i el que finalment s\u2019ha aprovat. Aquest fet ha generat en el contribuent una sensaci\u00f3 d\u2019inseguretat i incertesa jur\u00eddica considerable i m\u00e9s si tenim en compte que queda molt poc temps per acabar l\u2019exercici i el marge de maniobra per una m\u00ednima planificaci\u00f3 fiscal \u00e9s petit.<\/p>\n<p style=\"text-align: justify;\">Embolic en el mercat, per un costat hem llegit a tots els mitjans que a Catalunya \u00e9s on s&#8217;han fet menys operacions d\u2019adquisici\u00f3 d\u2019habitatges de tot l&#8217;estat en el primer semestre d\u2019aquest any. Per altra banda hem vist que quan s&#8217;ha iniciat la comercialitzaci\u00f3 de determinades promocions a Barcelona hi ha hagut grans cues i s&#8217;han venut molt r\u00e0pidament. I finalment, quan parles amb les diferents empreses comercialitzadores totes coincideixen en que estem en un moment en qu\u00e8 el mercat \u00e9s una dent de serra continua: un mes hi ha visites, el seg\u00fcent no; un mes es fan operacions, el mes seg\u00fcent no. Tota aquesta situaci\u00f3 provoca un efecte que entenem \u00e9s bastant &#8220;pervers&#8221;. Molts propietaris pensen que ja es poden pujar preus, que ja tornem a estar en bona \u00e8poca .Per\u00f2 compte! No podem oblidar que continuem amb el mateix atur, que els sous no es mouen i que molts estats dels que rebien clients compradors tenen en aquests moments problemes interns que han provocat menys aflu\u00e8ncia de compradors estrangers.<\/p>\n<p style=\"text-align: justify;\">Per \u00faltim, embolic per a les comunitats de propietaris que veuen com han de resoldre en poc per\u00edode de temps uns nous requisits fiscals, el model 347.\u00a0 Condicionar les antenes de TV per les noves sintonies, no \u00e9s cap tonteria. Hist\u00f2ricament, en les estad\u00edstiques que fem dels problemes de les comunitats, la incid\u00e8ncia que m\u00e9s posa als comunitaris nervi\u00f3s s\u00f3n les que tenen que veure amb problemes de l\u2019antena de TV. A m\u00e9s a m\u00e9s, segons els propis instal\u00b7ladors, no hi ha prou material per fer tots els canvis abans del canvi del dividend digital el 31 de Desembre i, per acabar, els requisits per demanar la subvenci\u00f3 son for\u00e7a feixucs.<\/p>\n<p style=\"text-align: justify;\">\n<p style=\"text-align: right;\"><span style=\"color: #ff0000;\"><strong>Immaculada Amat<\/strong><\/span><\/p>\n<p style=\"text-align: right;\"><span style=\"color: #ff0000;\"><strong>Co-directora General d\u2019Amat Immobiliaris<\/strong><\/span><\/p>\n","protected":false},"excerpt":{"rendered":"<p>Novembre ha estat un mes &#8220;embolicat&#8221; des de diversos punts de vista: Des del punt de vista fiscal Des del punt de vista del mercat Des del punt de vista de novetats per les comunitats de propietaris Fins el passat dia 28 de novembre no s&#8217;han publicat al BOE les \u00faltimes modificacions fiscals i, com [&hellip;]<\/p>\n","protected":false},"author":1,"featured_media":0,"comment_status":"closed","ping_status":"open","sticky":false,"template":"","format":"standard","meta":{"content-type":"","footnotes":""},"categories":[741],"tags":[],"yoast_head":"<!-- This site is optimized with the Yoast SEO plugin v23.9 - https:\/\/yoast.com\/wordpress\/plugins\/seo\/ -->\n<title>Embolica que embolica | Amat Immobiliaris<\/title>\n<meta name=\"robots\" content=\"index, follow, max-snippet:-1, max-image-preview:large, max-video-preview:-1\" \/>\n<link rel=\"canonical\" href=\"https:\/\/www.amatimmobiliaris.com\/w\/ca\/2014\/12\/embolica-que-embolica\/\" \/>\n<meta property=\"og:locale\" content=\"ca_ES\" \/>\n<meta property=\"og:type\" content=\"article\" \/>\n<meta property=\"og:title\" content=\"Embolica que embolica | Amat Immobiliaris\" \/>\n<meta property=\"og:description\" content=\"Novembre ha estat un mes &#8220;embolicat&#8221; des de diversos punts de vista: Des del punt de vista fiscal Des del punt de vista del mercat Des del punt de vista de novetats per les comunitats de propietaris Fins el passat dia 28 de novembre no s&#8217;han publicat al BOE les \u00faltimes modificacions fiscals i, com [&hellip;]\" \/>\n<meta property=\"og:url\" content=\"https:\/\/www.amatimmobiliaris.com\/w\/ca\/2014\/12\/embolica-que-embolica\/\" \/>\n<meta property=\"og:site_name\" content=\"Amat Immobiliaris\" \/>\n<meta property=\"article:publisher\" content=\"https:\/\/www.facebook.com\/amatimmobiliaris\" \/>\n<meta property=\"article:published_time\" content=\"2014-12-15T14:56:37+00:00\" \/>\n<meta property=\"article:modified_time\" content=\"2023-04-17T11:58:22+00:00\" \/>\n<meta property=\"og:image\" content=\"https:\/\/www.amatimmobiliaris.com\/w\/wp-content\/uploads\/2022\/01\/2014-Saga-familiar-Amat-dw-1-1024x683.jpg\" \/>\n\t<meta property=\"og:image:width\" content=\"1024\" \/>\n\t<meta property=\"og:image:height\" content=\"683\" \/>\n\t<meta property=\"og:image:type\" content=\"image\/jpeg\" \/>\n<meta name=\"author\" content=\"Amat Immobiliaris\" \/>\n<meta name=\"twitter:card\" content=\"summary_large_image\" \/>\n<meta name=\"twitter:creator\" content=\"@amat_cat\" \/>\n<meta name=\"twitter:site\" content=\"@amat_cat\" \/>\n<meta name=\"twitter:label1\" content=\"Escrit per\" \/>\n\t<meta name=\"twitter:data1\" content=\"Amat Immobiliaris\" \/>\n\t<meta name=\"twitter:label2\" content=\"Temps estimat de lectura\" \/>\n\t<meta name=\"twitter:data2\" content=\"3 minuts\" \/>\n<script type=\"application\/ld+json\" class=\"yoast-schema-graph\">{\"@context\":\"https:\/\/schema.org\",\"@graph\":[{\"@type\":\"Article\",\"@id\":\"https:\/\/www.amatimmobiliaris.com\/w\/ca\/2014\/12\/embolica-que-embolica\/#article\",\"isPartOf\":{\"@id\":\"https:\/\/www.amatimmobiliaris.com\/w\/ca\/2014\/12\/embolica-que-embolica\/\"},\"author\":{\"name\":\"Amat Immobiliaris\",\"@id\":\"https:\/\/www.amatimmobiliaris.com\/w\/#\/schema\/person\/c880da71d1e156e7ea6774ffb445e034\"},\"headline\":\"Embolica que embolica\",\"datePublished\":\"2014-12-15T14:56:37+00:00\",\"dateModified\":\"2023-04-17T11:58:22+00:00\",\"mainEntityOfPage\":{\"@id\":\"https:\/\/www.amatimmobiliaris.com\/w\/ca\/2014\/12\/embolica-que-embolica\/\"},\"wordCount\":607,\"publisher\":{\"@id\":\"https:\/\/www.amatimmobiliaris.com\/w\/#organization\"},\"articleSection\":[\"El mundo Amat\"],\"inLanguage\":\"ca\"},{\"@type\":\"WebPage\",\"@id\":\"https:\/\/www.amatimmobiliaris.com\/w\/ca\/2014\/12\/embolica-que-embolica\/\",\"url\":\"https:\/\/www.amatimmobiliaris.com\/w\/ca\/2014\/12\/embolica-que-embolica\/\",\"name\":\"Embolica que embolica | Amat Immobiliaris\",\"isPartOf\":{\"@id\":\"https:\/\/www.amatimmobiliaris.com\/w\/#website\"},\"datePublished\":\"2014-12-15T14:56:37+00:00\",\"dateModified\":\"2023-04-17T11:58:22+00:00\",\"breadcrumb\":{\"@id\":\"https:\/\/www.amatimmobiliaris.com\/w\/ca\/2014\/12\/embolica-que-embolica\/#breadcrumb\"},\"inLanguage\":\"ca\",\"potentialAction\":[{\"@type\":\"ReadAction\",\"target\":[\"https:\/\/www.amatimmobiliaris.com\/w\/ca\/2014\/12\/embolica-que-embolica\/\"]}]},{\"@type\":\"BreadcrumbList\",\"@id\":\"https:\/\/www.amatimmobiliaris.com\/w\/ca\/2014\/12\/embolica-que-embolica\/#breadcrumb\",\"itemListElement\":[{\"@type\":\"ListItem\",\"position\":1,\"name\":\"Home\",\"item\":\"https:\/\/www.amatimmobiliaris.com\/w\/ca\/\"},{\"@type\":\"ListItem\",\"position\":2,\"name\":\"El mundo Amat\",\"item\":\"https:\/\/www.amatimmobiliaris.com\/w\/category\/el-mundo-amat\/\"},{\"@type\":\"ListItem\",\"position\":3,\"name\":\"Embolica que embolica\"}]},{\"@type\":\"WebSite\",\"@id\":\"https:\/\/www.amatimmobiliaris.com\/w\/#website\",\"url\":\"https:\/\/www.amatimmobiliaris.com\/w\/\",\"name\":\"Amat Immobiliaris\",\"description\":\"Empresa familiar del sector inmobiliario con oficinas en Barcelona, Sant Cugat del Vall\u00e9s y Sant Just Desvern. Te ayudamos a comprar, alquilar o vender tu casa o piso. Somos un equipo coherente con una cultura de empresa honesta, innovadora y eficaz. Tambi\u00e9n en www.amatluxury.com\",\"publisher\":{\"@id\":\"https:\/\/www.amatimmobiliaris.com\/w\/#organization\"},\"alternateName\":\"AmatImmo\",\"potentialAction\":[{\"@type\":\"SearchAction\",\"target\":{\"@type\":\"EntryPoint\",\"urlTemplate\":\"https:\/\/www.amatimmobiliaris.com\/w\/?s={search_term_string}\"},\"query-input\":{\"@type\":\"PropertyValueSpecification\",\"valueRequired\":true,\"valueName\":\"search_term_string\"}}],\"inLanguage\":\"ca\"},{\"@type\":\"Organization\",\"@id\":\"https:\/\/www.amatimmobiliaris.com\/w\/#organization\",\"name\":\"Amat Immobiliaris\",\"url\":\"https:\/\/www.amatimmobiliaris.com\/w\/\",\"logo\":{\"@type\":\"ImageObject\",\"inLanguage\":\"ca\",\"@id\":\"https:\/\/www.amatimmobiliaris.com\/w\/#\/schema\/logo\/image\/\",\"url\":\"https:\/\/www.amatimmobiliaris.com\/w\/wp-content\/uploads\/2022\/10\/amat-logo.jpg\",\"contentUrl\":\"https:\/\/www.amatimmobiliaris.com\/w\/wp-content\/uploads\/2022\/10\/amat-logo.jpg\",\"width\":900,\"height\":900,\"caption\":\"Amat Immobiliaris\"},\"image\":{\"@id\":\"https:\/\/www.amatimmobiliaris.com\/w\/#\/schema\/logo\/image\/\"},\"sameAs\":[\"https:\/\/www.facebook.com\/amatimmobiliaris\",\"https:\/\/x.com\/amat_cat\",\"https:\/\/www.instagram.com\/amat_immo\/\",\"https:\/\/www.linkedin.com\/company\/amat-finques\/\",\"https:\/\/www.youtube.com\/@amatimmobiliaris\"]},{\"@type\":\"Person\",\"@id\":\"https:\/\/www.amatimmobiliaris.com\/w\/#\/schema\/person\/c880da71d1e156e7ea6774ffb445e034\",\"name\":\"Amat Immobiliaris\",\"sameAs\":[\"http:\/\/amat-inmo-wp.localhost\"]}]}<\/script>\n<!-- \/ Yoast SEO plugin. -->","yoast_head_json":{"title":"Embolica que embolica | Amat Immobiliaris","robots":{"index":"index","follow":"follow","max-snippet":"max-snippet:-1","max-image-preview":"max-image-preview:large","max-video-preview":"max-video-preview:-1"},"canonical":"https:\/\/www.amatimmobiliaris.com\/w\/ca\/2014\/12\/embolica-que-embolica\/","og_locale":"ca_ES","og_type":"article","og_title":"Embolica que embolica | Amat Immobiliaris","og_description":"Novembre ha estat un mes &#8220;embolicat&#8221; des de diversos punts de vista: Des del punt de vista fiscal Des del punt de vista del mercat Des del punt de vista de novetats per les comunitats de propietaris Fins el passat dia 28 de novembre no s&#8217;han publicat al BOE les \u00faltimes modificacions fiscals i, com [&hellip;]","og_url":"https:\/\/www.amatimmobiliaris.com\/w\/ca\/2014\/12\/embolica-que-embolica\/","og_site_name":"Amat Immobiliaris","article_publisher":"https:\/\/www.facebook.com\/amatimmobiliaris","article_published_time":"2014-12-15T14:56:37+00:00","article_modified_time":"2023-04-17T11:58:22+00:00","og_image":[{"width":1024,"height":683,"url":"https:\/\/www.amatimmobiliaris.com\/w\/wp-content\/uploads\/2022\/01\/2014-Saga-familiar-Amat-dw-1-1024x683.jpg","type":"image\/jpeg"}],"author":"Amat Immobiliaris","twitter_card":"summary_large_image","twitter_creator":"@amat_cat","twitter_site":"@amat_cat","twitter_misc":{"Escrit per":"Amat Immobiliaris","Temps estimat de lectura":"3 minuts"},"schema":{"@context":"https:\/\/schema.org","@graph":[{"@type":"Article","@id":"https:\/\/www.amatimmobiliaris.com\/w\/ca\/2014\/12\/embolica-que-embolica\/#article","isPartOf":{"@id":"https:\/\/www.amatimmobiliaris.com\/w\/ca\/2014\/12\/embolica-que-embolica\/"},"author":{"name":"Amat Immobiliaris","@id":"https:\/\/www.amatimmobiliaris.com\/w\/#\/schema\/person\/c880da71d1e156e7ea6774ffb445e034"},"headline":"Embolica que embolica","datePublished":"2014-12-15T14:56:37+00:00","dateModified":"2023-04-17T11:58:22+00:00","mainEntityOfPage":{"@id":"https:\/\/www.amatimmobiliaris.com\/w\/ca\/2014\/12\/embolica-que-embolica\/"},"wordCount":607,"publisher":{"@id":"https:\/\/www.amatimmobiliaris.com\/w\/#organization"},"articleSection":["El mundo Amat"],"inLanguage":"ca"},{"@type":"WebPage","@id":"https:\/\/www.amatimmobiliaris.com\/w\/ca\/2014\/12\/embolica-que-embolica\/","url":"https:\/\/www.amatimmobiliaris.com\/w\/ca\/2014\/12\/embolica-que-embolica\/","name":"Embolica que embolica | Amat Immobiliaris","isPartOf":{"@id":"https:\/\/www.amatimmobiliaris.com\/w\/#website"},"datePublished":"2014-12-15T14:56:37+00:00","dateModified":"2023-04-17T11:58:22+00:00","breadcrumb":{"@id":"https:\/\/www.amatimmobiliaris.com\/w\/ca\/2014\/12\/embolica-que-embolica\/#breadcrumb"},"inLanguage":"ca","potentialAction":[{"@type":"ReadAction","target":["https:\/\/www.amatimmobiliaris.com\/w\/ca\/2014\/12\/embolica-que-embolica\/"]}]},{"@type":"BreadcrumbList","@id":"https:\/\/www.amatimmobiliaris.com\/w\/ca\/2014\/12\/embolica-que-embolica\/#breadcrumb","itemListElement":[{"@type":"ListItem","position":1,"name":"Home","item":"https:\/\/www.amatimmobiliaris.com\/w\/ca\/"},{"@type":"ListItem","position":2,"name":"El mundo Amat","item":"https:\/\/www.amatimmobiliaris.com\/w\/category\/el-mundo-amat\/"},{"@type":"ListItem","position":3,"name":"Embolica que embolica"}]},{"@type":"WebSite","@id":"https:\/\/www.amatimmobiliaris.com\/w\/#website","url":"https:\/\/www.amatimmobiliaris.com\/w\/","name":"Amat Immobiliaris","description":"Empresa familiar del sector inmobiliario con oficinas en Barcelona, Sant Cugat del Vall\u00e9s y Sant Just Desvern. Te ayudamos a comprar, alquilar o vender tu casa o piso. Somos un equipo coherente con una cultura de empresa honesta, innovadora y eficaz. Tambi\u00e9n en www.amatluxury.com","publisher":{"@id":"https:\/\/www.amatimmobiliaris.com\/w\/#organization"},"alternateName":"AmatImmo","potentialAction":[{"@type":"SearchAction","target":{"@type":"EntryPoint","urlTemplate":"https:\/\/www.amatimmobiliaris.com\/w\/?s={search_term_string}"},"query-input":{"@type":"PropertyValueSpecification","valueRequired":true,"valueName":"search_term_string"}}],"inLanguage":"ca"},{"@type":"Organization","@id":"https:\/\/www.amatimmobiliaris.com\/w\/#organization","name":"Amat Immobiliaris","url":"https:\/\/www.amatimmobiliaris.com\/w\/","logo":{"@type":"ImageObject","inLanguage":"ca","@id":"https:\/\/www.amatimmobiliaris.com\/w\/#\/schema\/logo\/image\/","url":"https:\/\/www.amatimmobiliaris.com\/w\/wp-content\/uploads\/2022\/10\/amat-logo.jpg","contentUrl":"https:\/\/www.amatimmobiliaris.com\/w\/wp-content\/uploads\/2022\/10\/amat-logo.jpg","width":900,"height":900,"caption":"Amat Immobiliaris"},"image":{"@id":"https:\/\/www.amatimmobiliaris.com\/w\/#\/schema\/logo\/image\/"},"sameAs":["https:\/\/www.facebook.com\/amatimmobiliaris","https:\/\/x.com\/amat_cat","https:\/\/www.instagram.com\/amat_immo\/","https:\/\/www.linkedin.com\/company\/amat-finques\/","https:\/\/www.youtube.com\/@amatimmobiliaris"]},{"@type":"Person","@id":"https:\/\/www.amatimmobiliaris.com\/w\/#\/schema\/person\/c880da71d1e156e7ea6774ffb445e034","name":"Amat Immobiliaris","sameAs":["http:\/\/amat-inmo-wp.localhost"]}]}},"_links":{"self":[{"href":"https:\/\/www.amatimmobiliaris.com\/w\/ca\/wp-json\/wp\/v2\/posts\/12351"}],"collection":[{"href":"https:\/\/www.amatimmobiliaris.com\/w\/ca\/wp-json\/wp\/v2\/posts"}],"about":[{"href":"https:\/\/www.amatimmobiliaris.com\/w\/ca\/wp-json\/wp\/v2\/types\/post"}],"author":[{"embeddable":true,"href":"https:\/\/www.amatimmobiliaris.com\/w\/ca\/wp-json\/wp\/v2\/users\/1"}],"replies":[{"embeddable":true,"href":"https:\/\/www.amatimmobiliaris.com\/w\/ca\/wp-json\/wp\/v2\/comments?post=12351"}],"version-history":[{"count":2,"href":"https:\/\/www.amatimmobiliaris.com\/w\/ca\/wp-json\/wp\/v2\/posts\/12351\/revisions"}],"predecessor-version":[{"id":24302,"href":"https:\/\/www.amatimmobiliaris.com\/w\/ca\/wp-json\/wp\/v2\/posts\/12351\/revisions\/24302"}],"wp:attachment":[{"href":"https:\/\/www.amatimmobiliaris.com\/w\/ca\/wp-json\/wp\/v2\/media?parent=12351"}],"wp:term":[{"taxonomy":"category","embeddable":true,"href":"https:\/\/www.amatimmobiliaris.com\/w\/ca\/wp-json\/wp\/v2\/categories?post=12351"},{"taxonomy":"post_tag","embeddable":true,"href":"https:\/\/www.amatimmobiliaris.com\/w\/ca\/wp-json\/wp\/v2\/tags?post=12351"}],"curies":[{"name":"wp","href":"https:\/\/api.w.org\/{rel}","templated":true}]}}