{"id":12342,"date":"2014-09-25T14:01:43","date_gmt":"2014-09-25T14:01:43","guid":{"rendered":"http:\/\/amat-inmo-wp.localhost\/2014\/09\/25\/estabilitat-i-confianca-en-el-lloguer\/"},"modified":"2023-04-19T12:20:46","modified_gmt":"2023-04-19T12:20:46","slug":"estabilitat-i-confianca-en-el-lloguer","status":"publish","type":"post","link":"https:\/\/www.amatimmobiliaris.com\/w\/ca\/2014\/09\/estabilitat-i-confianca-en-el-lloguer\/","title":{"rendered":"Estabilitat i confian\u00e7a en el lloguer"},"content":{"rendered":"<p style=\"text-align: justify;\">Amb tot el que va d\u2019any, s\u2019han anat assentant els preus del lloguer, en especial del lloguer residencial. Aix\u00ed doncs, ara ja podem afirmar que hem aconseguit l\u2019estabilitat necess\u00e0ria per restablir entre tots la confian\u00e7a en un mercat que pensem que ser\u00e0 un gran mercat de futur.<\/p>\n<p style=\"text-align: justify;\">S\u2019han acabat les negociacions a la baixa, ja portem 8 mesos sense necessitat d\u2019establir nous preus, aix\u00f2 ha estat possible per diversos factors:<\/p>\n<p style=\"text-align: justify;\">En primer lloc, segurament ja hav\u00edem baixat suficientment els preus, com per satisfer el preu de la demanda.<\/p>\n<p style=\"text-align: justify;\"><!--more-->En segon lloc, a poc a poc s\u2019ha incrementat la demanda, alguna cosa es mou. Potser no \u00e9s tant per la petita baixada que ha tingut l\u2019atur, sin\u00f3 per la confian\u00e7a en l\u2019estabilitat del lloc de treball actual. En definitiva, el resultat ha estat un increment d\u2019un 8% en noves contractacions de lloguer en relaci\u00f3 a l\u2019any passat.<\/p>\n<p style=\"text-align: justify;\">I especialment en tercer lloc, es tornen a llogar locals. Ja no \u00e9s una situaci\u00f3 puntual que va comen\u00e7ar l\u2019any passat, durant aquests 8 mesos s\u2019ha anat consolidant la tend\u00e8ncia.<\/p>\n<p style=\"text-align: justify;\">Per tant, llogar ja comen\u00e7a a ser una bona sortida per tots, endavant!<\/p>\n<p style=\"text-align: right;\" align=\"right\"><span style=\"color: #ff0000;\"><strong>Joana Amat Amig\u00f3<\/strong><\/span><\/p>\n<p style=\"text-align: right;\" align=\"right\"><span style=\"color: #ff0000;\"><strong>Codirectora General de Amat Immobiliaris.<\/strong><\/span><\/p>\n","protected":false},"excerpt":{"rendered":"<p>Amb tot el que va d\u2019any, s\u2019han anat assentant els preus del lloguer, en especial del lloguer residencial. Aix\u00ed doncs, ara ja podem afirmar que hem aconseguit l\u2019estabilitat necess\u00e0ria per restablir entre tots la confian\u00e7a en un mercat que pensem que ser\u00e0 un gran mercat de futur. S\u2019han acabat les negociacions a la baixa, ja [&hellip;]<\/p>\n","protected":false},"author":1,"featured_media":0,"comment_status":"closed","ping_status":"open","sticky":false,"template":"","format":"standard","meta":{"content-type":"","footnotes":""},"categories":[745],"tags":[],"yoast_head":"<!-- This site is optimized with the Yoast SEO plugin v23.9 - https:\/\/yoast.com\/wordpress\/plugins\/seo\/ -->\n<title>Estabilitat i confian\u00e7a en el lloguer | Amat Immobiliaris<\/title>\n<meta name=\"robots\" content=\"index, follow, max-snippet:-1, max-image-preview:large, max-video-preview:-1\" \/>\n<link rel=\"canonical\" href=\"https:\/\/www.amatimmobiliaris.com\/w\/ca\/2014\/09\/estabilitat-i-confianca-en-el-lloguer\/\" \/>\n<meta property=\"og:locale\" content=\"ca_ES\" \/>\n<meta property=\"og:type\" content=\"article\" \/>\n<meta property=\"og:title\" content=\"Estabilitat i confian\u00e7a en el lloguer | Amat Immobiliaris\" \/>\n<meta property=\"og:description\" content=\"Amb tot el que va d\u2019any, s\u2019han anat assentant els preus del lloguer, en especial del lloguer residencial. Aix\u00ed doncs, ara ja podem afirmar que hem aconseguit l\u2019estabilitat necess\u00e0ria per restablir entre tots la confian\u00e7a en un mercat que pensem que ser\u00e0 un gran mercat de futur. S\u2019han acabat les negociacions a la baixa, ja [&hellip;]\" \/>\n<meta property=\"og:url\" content=\"https:\/\/www.amatimmobiliaris.com\/w\/ca\/2014\/09\/estabilitat-i-confianca-en-el-lloguer\/\" \/>\n<meta property=\"og:site_name\" content=\"Amat Immobiliaris\" \/>\n<meta property=\"article:publisher\" content=\"https:\/\/www.facebook.com\/amatimmobiliaris\" \/>\n<meta property=\"article:published_time\" content=\"2014-09-25T14:01:43+00:00\" \/>\n<meta property=\"article:modified_time\" content=\"2023-04-19T12:20:46+00:00\" \/>\n<meta property=\"og:image\" content=\"https:\/\/www.amatimmobiliaris.com\/w\/wp-content\/uploads\/2022\/01\/2014-Saga-familiar-Amat-dw-1-1024x683.jpg\" \/>\n\t<meta property=\"og:image:width\" content=\"1024\" \/>\n\t<meta property=\"og:image:height\" content=\"683\" \/>\n\t<meta property=\"og:image:type\" content=\"image\/jpeg\" \/>\n<meta name=\"author\" content=\"Amat Immobiliaris\" \/>\n<meta name=\"twitter:card\" content=\"summary_large_image\" \/>\n<meta name=\"twitter:creator\" content=\"@amat_cat\" \/>\n<meta name=\"twitter:site\" content=\"@amat_cat\" \/>\n<meta name=\"twitter:label1\" content=\"Escrit per\" \/>\n\t<meta name=\"twitter:data1\" content=\"Amat Immobiliaris\" \/>\n\t<meta name=\"twitter:label2\" content=\"Temps estimat de lectura\" \/>\n\t<meta name=\"twitter:data2\" content=\"1 minut\" \/>\n<script type=\"application\/ld+json\" class=\"yoast-schema-graph\">{\"@context\":\"https:\/\/schema.org\",\"@graph\":[{\"@type\":\"Article\",\"@id\":\"https:\/\/www.amatimmobiliaris.com\/w\/ca\/2014\/09\/estabilitat-i-confianca-en-el-lloguer\/#article\",\"isPartOf\":{\"@id\":\"https:\/\/www.amatimmobiliaris.com\/w\/ca\/2014\/09\/estabilitat-i-confianca-en-el-lloguer\/\"},\"author\":{\"name\":\"Amat Immobiliaris\",\"@id\":\"https:\/\/www.amatimmobiliaris.com\/w\/#\/schema\/person\/c880da71d1e156e7ea6774ffb445e034\"},\"headline\":\"Estabilitat i confian\u00e7a en el lloguer\",\"datePublished\":\"2014-09-25T14:01:43+00:00\",\"dateModified\":\"2023-04-19T12:20:46+00:00\",\"mainEntityOfPage\":{\"@id\":\"https:\/\/www.amatimmobiliaris.com\/w\/ca\/2014\/09\/estabilitat-i-confianca-en-el-lloguer\/\"},\"wordCount\":220,\"publisher\":{\"@id\":\"https:\/\/www.amatimmobiliaris.com\/w\/#organization\"},\"articleSection\":[\"El usuario pregunta\"],\"inLanguage\":\"ca\"},{\"@type\":\"WebPage\",\"@id\":\"https:\/\/www.amatimmobiliaris.com\/w\/ca\/2014\/09\/estabilitat-i-confianca-en-el-lloguer\/\",\"url\":\"https:\/\/www.amatimmobiliaris.com\/w\/ca\/2014\/09\/estabilitat-i-confianca-en-el-lloguer\/\",\"name\":\"Estabilitat i confian\u00e7a en el lloguer | Amat Immobiliaris\",\"isPartOf\":{\"@id\":\"https:\/\/www.amatimmobiliaris.com\/w\/#website\"},\"datePublished\":\"2014-09-25T14:01:43+00:00\",\"dateModified\":\"2023-04-19T12:20:46+00:00\",\"breadcrumb\":{\"@id\":\"https:\/\/www.amatimmobiliaris.com\/w\/ca\/2014\/09\/estabilitat-i-confianca-en-el-lloguer\/#breadcrumb\"},\"inLanguage\":\"ca\",\"potentialAction\":[{\"@type\":\"ReadAction\",\"target\":[\"https:\/\/www.amatimmobiliaris.com\/w\/ca\/2014\/09\/estabilitat-i-confianca-en-el-lloguer\/\"]}]},{\"@type\":\"BreadcrumbList\",\"@id\":\"https:\/\/www.amatimmobiliaris.com\/w\/ca\/2014\/09\/estabilitat-i-confianca-en-el-lloguer\/#breadcrumb\",\"itemListElement\":[{\"@type\":\"ListItem\",\"position\":1,\"name\":\"Home\",\"item\":\"https:\/\/www.amatimmobiliaris.com\/w\/ca\/\"},{\"@type\":\"ListItem\",\"position\":2,\"name\":\"Consejos\",\"item\":\"https:\/\/www.amatimmobiliaris.com\/w\/category\/consejos\/\"},{\"@type\":\"ListItem\",\"position\":3,\"name\":\"El usuario pregunta\",\"item\":\"https:\/\/www.amatimmobiliaris.com\/w\/category\/consejos\/el-usuario-pregunta\/\"},{\"@type\":\"ListItem\",\"position\":4,\"name\":\"Estabilitat i confian\u00e7a en el lloguer\"}]},{\"@type\":\"WebSite\",\"@id\":\"https:\/\/www.amatimmobiliaris.com\/w\/#website\",\"url\":\"https:\/\/www.amatimmobiliaris.com\/w\/\",\"name\":\"Amat Immobiliaris\",\"description\":\"Empresa familiar del sector inmobiliario con oficinas en Barcelona, Sant Cugat del Vall\u00e9s y Sant Just Desvern. Te ayudamos a comprar, alquilar o vender tu casa o piso. Somos un equipo coherente con una cultura de empresa honesta, innovadora y eficaz. Tambi\u00e9n en www.amatluxury.com\",\"publisher\":{\"@id\":\"https:\/\/www.amatimmobiliaris.com\/w\/#organization\"},\"alternateName\":\"AmatImmo\",\"potentialAction\":[{\"@type\":\"SearchAction\",\"target\":{\"@type\":\"EntryPoint\",\"urlTemplate\":\"https:\/\/www.amatimmobiliaris.com\/w\/?s={search_term_string}\"},\"query-input\":{\"@type\":\"PropertyValueSpecification\",\"valueRequired\":true,\"valueName\":\"search_term_string\"}}],\"inLanguage\":\"ca\"},{\"@type\":\"Organization\",\"@id\":\"https:\/\/www.amatimmobiliaris.com\/w\/#organization\",\"name\":\"Amat Immobiliaris\",\"url\":\"https:\/\/www.amatimmobiliaris.com\/w\/\",\"logo\":{\"@type\":\"ImageObject\",\"inLanguage\":\"ca\",\"@id\":\"https:\/\/www.amatimmobiliaris.com\/w\/#\/schema\/logo\/image\/\",\"url\":\"https:\/\/www.amatimmobiliaris.com\/w\/wp-content\/uploads\/2022\/10\/amat-logo.jpg\",\"contentUrl\":\"https:\/\/www.amatimmobiliaris.com\/w\/wp-content\/uploads\/2022\/10\/amat-logo.jpg\",\"width\":900,\"height\":900,\"caption\":\"Amat Immobiliaris\"},\"image\":{\"@id\":\"https:\/\/www.amatimmobiliaris.com\/w\/#\/schema\/logo\/image\/\"},\"sameAs\":[\"https:\/\/www.facebook.com\/amatimmobiliaris\",\"https:\/\/x.com\/amat_cat\",\"https:\/\/www.instagram.com\/amat_immo\/\",\"https:\/\/www.linkedin.com\/company\/amat-finques\/\",\"https:\/\/www.youtube.com\/@amatimmobiliaris\"]},{\"@type\":\"Person\",\"@id\":\"https:\/\/www.amatimmobiliaris.com\/w\/#\/schema\/person\/c880da71d1e156e7ea6774ffb445e034\",\"name\":\"Amat Immobiliaris\",\"sameAs\":[\"http:\/\/amat-inmo-wp.localhost\"]}]}<\/script>\n<!-- \/ Yoast SEO plugin. -->","yoast_head_json":{"title":"Estabilitat i confian\u00e7a en el lloguer | Amat Immobiliaris","robots":{"index":"index","follow":"follow","max-snippet":"max-snippet:-1","max-image-preview":"max-image-preview:large","max-video-preview":"max-video-preview:-1"},"canonical":"https:\/\/www.amatimmobiliaris.com\/w\/ca\/2014\/09\/estabilitat-i-confianca-en-el-lloguer\/","og_locale":"ca_ES","og_type":"article","og_title":"Estabilitat i confian\u00e7a en el lloguer | Amat Immobiliaris","og_description":"Amb tot el que va d\u2019any, s\u2019han anat assentant els preus del lloguer, en especial del lloguer residencial. Aix\u00ed doncs, ara ja podem afirmar que hem aconseguit l\u2019estabilitat necess\u00e0ria per restablir entre tots la confian\u00e7a en un mercat que pensem que ser\u00e0 un gran mercat de futur. S\u2019han acabat les negociacions a la baixa, ja [&hellip;]","og_url":"https:\/\/www.amatimmobiliaris.com\/w\/ca\/2014\/09\/estabilitat-i-confianca-en-el-lloguer\/","og_site_name":"Amat Immobiliaris","article_publisher":"https:\/\/www.facebook.com\/amatimmobiliaris","article_published_time":"2014-09-25T14:01:43+00:00","article_modified_time":"2023-04-19T12:20:46+00:00","og_image":[{"width":1024,"height":683,"url":"https:\/\/www.amatimmobiliaris.com\/w\/wp-content\/uploads\/2022\/01\/2014-Saga-familiar-Amat-dw-1-1024x683.jpg","type":"image\/jpeg"}],"author":"Amat Immobiliaris","twitter_card":"summary_large_image","twitter_creator":"@amat_cat","twitter_site":"@amat_cat","twitter_misc":{"Escrit per":"Amat Immobiliaris","Temps estimat de lectura":"1 minut"},"schema":{"@context":"https:\/\/schema.org","@graph":[{"@type":"Article","@id":"https:\/\/www.amatimmobiliaris.com\/w\/ca\/2014\/09\/estabilitat-i-confianca-en-el-lloguer\/#article","isPartOf":{"@id":"https:\/\/www.amatimmobiliaris.com\/w\/ca\/2014\/09\/estabilitat-i-confianca-en-el-lloguer\/"},"author":{"name":"Amat Immobiliaris","@id":"https:\/\/www.amatimmobiliaris.com\/w\/#\/schema\/person\/c880da71d1e156e7ea6774ffb445e034"},"headline":"Estabilitat i confian\u00e7a en el lloguer","datePublished":"2014-09-25T14:01:43+00:00","dateModified":"2023-04-19T12:20:46+00:00","mainEntityOfPage":{"@id":"https:\/\/www.amatimmobiliaris.com\/w\/ca\/2014\/09\/estabilitat-i-confianca-en-el-lloguer\/"},"wordCount":220,"publisher":{"@id":"https:\/\/www.amatimmobiliaris.com\/w\/#organization"},"articleSection":["El usuario pregunta"],"inLanguage":"ca"},{"@type":"WebPage","@id":"https:\/\/www.amatimmobiliaris.com\/w\/ca\/2014\/09\/estabilitat-i-confianca-en-el-lloguer\/","url":"https:\/\/www.amatimmobiliaris.com\/w\/ca\/2014\/09\/estabilitat-i-confianca-en-el-lloguer\/","name":"Estabilitat i confian\u00e7a en el lloguer | Amat Immobiliaris","isPartOf":{"@id":"https:\/\/www.amatimmobiliaris.com\/w\/#website"},"datePublished":"2014-09-25T14:01:43+00:00","dateModified":"2023-04-19T12:20:46+00:00","breadcrumb":{"@id":"https:\/\/www.amatimmobiliaris.com\/w\/ca\/2014\/09\/estabilitat-i-confianca-en-el-lloguer\/#breadcrumb"},"inLanguage":"ca","potentialAction":[{"@type":"ReadAction","target":["https:\/\/www.amatimmobiliaris.com\/w\/ca\/2014\/09\/estabilitat-i-confianca-en-el-lloguer\/"]}]},{"@type":"BreadcrumbList","@id":"https:\/\/www.amatimmobiliaris.com\/w\/ca\/2014\/09\/estabilitat-i-confianca-en-el-lloguer\/#breadcrumb","itemListElement":[{"@type":"ListItem","position":1,"name":"Home","item":"https:\/\/www.amatimmobiliaris.com\/w\/ca\/"},{"@type":"ListItem","position":2,"name":"Consejos","item":"https:\/\/www.amatimmobiliaris.com\/w\/category\/consejos\/"},{"@type":"ListItem","position":3,"name":"El usuario pregunta","item":"https:\/\/www.amatimmobiliaris.com\/w\/category\/consejos\/el-usuario-pregunta\/"},{"@type":"ListItem","position":4,"name":"Estabilitat i confian\u00e7a en el lloguer"}]},{"@type":"WebSite","@id":"https:\/\/www.amatimmobiliaris.com\/w\/#website","url":"https:\/\/www.amatimmobiliaris.com\/w\/","name":"Amat Immobiliaris","description":"Empresa familiar del sector inmobiliario con oficinas en Barcelona, Sant Cugat del Vall\u00e9s y Sant Just Desvern. Te ayudamos a comprar, alquilar o vender tu casa o piso. Somos un equipo coherente con una cultura de empresa honesta, innovadora y eficaz. Tambi\u00e9n en www.amatluxury.com","publisher":{"@id":"https:\/\/www.amatimmobiliaris.com\/w\/#organization"},"alternateName":"AmatImmo","potentialAction":[{"@type":"SearchAction","target":{"@type":"EntryPoint","urlTemplate":"https:\/\/www.amatimmobiliaris.com\/w\/?s={search_term_string}"},"query-input":{"@type":"PropertyValueSpecification","valueRequired":true,"valueName":"search_term_string"}}],"inLanguage":"ca"},{"@type":"Organization","@id":"https:\/\/www.amatimmobiliaris.com\/w\/#organization","name":"Amat Immobiliaris","url":"https:\/\/www.amatimmobiliaris.com\/w\/","logo":{"@type":"ImageObject","inLanguage":"ca","@id":"https:\/\/www.amatimmobiliaris.com\/w\/#\/schema\/logo\/image\/","url":"https:\/\/www.amatimmobiliaris.com\/w\/wp-content\/uploads\/2022\/10\/amat-logo.jpg","contentUrl":"https:\/\/www.amatimmobiliaris.com\/w\/wp-content\/uploads\/2022\/10\/amat-logo.jpg","width":900,"height":900,"caption":"Amat Immobiliaris"},"image":{"@id":"https:\/\/www.amatimmobiliaris.com\/w\/#\/schema\/logo\/image\/"},"sameAs":["https:\/\/www.facebook.com\/amatimmobiliaris","https:\/\/x.com\/amat_cat","https:\/\/www.instagram.com\/amat_immo\/","https:\/\/www.linkedin.com\/company\/amat-finques\/","https:\/\/www.youtube.com\/@amatimmobiliaris"]},{"@type":"Person","@id":"https:\/\/www.amatimmobiliaris.com\/w\/#\/schema\/person\/c880da71d1e156e7ea6774ffb445e034","name":"Amat Immobiliaris","sameAs":["http:\/\/amat-inmo-wp.localhost"]}]}},"_links":{"self":[{"href":"https:\/\/www.amatimmobiliaris.com\/w\/ca\/wp-json\/wp\/v2\/posts\/12342"}],"collection":[{"href":"https:\/\/www.amatimmobiliaris.com\/w\/ca\/wp-json\/wp\/v2\/posts"}],"about":[{"href":"https:\/\/www.amatimmobiliaris.com\/w\/ca\/wp-json\/wp\/v2\/types\/post"}],"author":[{"embeddable":true,"href":"https:\/\/www.amatimmobiliaris.com\/w\/ca\/wp-json\/wp\/v2\/users\/1"}],"replies":[{"embeddable":true,"href":"https:\/\/www.amatimmobiliaris.com\/w\/ca\/wp-json\/wp\/v2\/comments?post=12342"}],"version-history":[{"count":1,"href":"https:\/\/www.amatimmobiliaris.com\/w\/ca\/wp-json\/wp\/v2\/posts\/12342\/revisions"}],"predecessor-version":[{"id":24967,"href":"https:\/\/www.amatimmobiliaris.com\/w\/ca\/wp-json\/wp\/v2\/posts\/12342\/revisions\/24967"}],"wp:attachment":[{"href":"https:\/\/www.amatimmobiliaris.com\/w\/ca\/wp-json\/wp\/v2\/media?parent=12342"}],"wp:term":[{"taxonomy":"category","embeddable":true,"href":"https:\/\/www.amatimmobiliaris.com\/w\/ca\/wp-json\/wp\/v2\/categories?post=12342"},{"taxonomy":"post_tag","embeddable":true,"href":"https:\/\/www.amatimmobiliaris.com\/w\/ca\/wp-json\/wp\/v2\/tags?post=12342"}],"curies":[{"name":"wp","href":"https:\/\/api.w.org\/{rel}","templated":true}]}}