{"id":12339,"date":"2024-04-12T05:00:43","date_gmt":"2024-04-12T05:00:43","guid":{"rendered":"http:\/\/amat-inmo-wp.localhost\/2014\/07\/23\/el-carrer-dels-petons-de-barcelona\/"},"modified":"2024-04-11T16:28:57","modified_gmt":"2024-04-11T16:28:57","slug":"el-carrer-dels-petons-de-barcelona","status":"publish","type":"post","link":"https:\/\/www.amatimmobiliaris.com\/w\/ca\/2024\/04\/el-carrer-dels-petons-de-barcelona\/","title":{"rendered":"Descobreix el Carrer dels Petons de Barcelona al Dia Internacional dels Petons"},"content":{"rendered":"<h2><strong>Descobreix la Curiosa Hist\u00f2ria darrere d&#8217;un dels Carrers M\u00e9s Encantadors de la Ciutat<\/strong><\/h2>\n<p>&nbsp;<\/p>\n<p style=\"text-align: justify;\">Amb motiu del <strong>Dia Internacional dels Petons que se celebra aquest dissabte 13 d&#8217;abril<\/strong>, explorem el fascinant Carrer dels Petons a Barcelona. Caminant pel carrer del <em><span class=\"hiddenSpellError\">Comer\u00e7<\/span>\u00a0<\/em>de Barcelona, \u200b\u200bal barri del\u00a0<span class=\"hiddenSpellError\">Born<\/span>, \u00e9s f\u00e0cil trobar-se, si no ho has fet ja, amb al <strong><a href=\"https:\/\/earth.google.com\/web\/search\/Carrer+dels+petons\/@41.38962001,2.18116987,24.17819088a,756.72080598d,35y,179.73509304h,44.99992239t,360r\/data=Cn0aUxJNCiUweDEyYTRhMmZjZWY3MGMyOTk6MHhiODUxYzdiYWM3NGUwNzE5GbFPAMXIsURAIThc9coGcwFAKhJDYXJyZXIgZGVscyBwZXRvbnMYAiABIiYKJAmFnWq0psBEQBHJEYQU9r9EQBmCP9bNLbYAQCHqk3D_OqgAQDoDCgEw\" target=\"_blank\" rel=\"noopener\">Carrer del Petons<\/a><\/strong><strong><span class=\"hiddenSpellError\">. <\/span><\/strong><span class=\"hiddenSpellError\">Aquest <\/span><strong><span class=\"hiddenSpellError\">carrer ple d&#8217;encant i misteri, guarda una hist\u00f2ria intrigant <\/span><\/strong><span class=\"hiddenSpellError\">que ha capturat la imaginaci\u00f3 de locals i visitants de la mateixa manera.<\/span><\/p>\n<p>&nbsp;<\/p>\n<h3>L&#8217;Origen del Nom del Carrer dels Petons<\/h3>\n<p style=\"text-align: justify;\">El nom del <strong>Carrer dels Petons<\/strong> evoca un regust rom\u00e0ntic i t\u00e9 el seu <strong>origen en diverses hip\u00f2tesis<\/strong>. La m\u00e9s estesa suggereix que era el <strong>lloc on les fam\u00edlies dels condemnats a mort a l&#8217;esplanada de la Ciutadella s&#8217;acomiadaven dels seus \u00e9ssers estimats abans de l&#8217;execuci\u00f3<\/strong>. \u00c9s cert\u00a0que aquest carrer sense sortida t\u00e9 l&#8217;entrada on comen\u00e7ava l&#8217;esplanada, normalment l&#8217;escenari de les execucions.<strong> Una altra hip\u00f2tesi apunta<\/strong> que l&#8217;estretor i la discreci\u00f3 del carrer, amb edificis de finestres petites, <strong>permetia a les parelles amagar-se i deixar-se portar per les passions.<\/strong><\/p>\n<p>&nbsp;<\/p>\n<p style=\"text-align: justify;\"><img loading=\"lazy\" decoding=\"async\" class=\"alignnone size-full wp-image-34669\" src=\"https:\/\/www.amatimmobiliaris.com\/w\/wp-content\/uploads\/2014\/07\/Calle-de-los-Besos.png\" alt=\"Calle de los Besos_Amat Immobiliaris\" width=\"3938\" height=\"1952\" srcset=\"https:\/\/www.amatimmobiliaris.com\/w\/wp-content\/uploads\/2014\/07\/Calle-de-los-Besos.png 3938w, https:\/\/www.amatimmobiliaris.com\/w\/wp-content\/uploads\/2014\/07\/Calle-de-los-Besos-300x149.png 300w, https:\/\/www.amatimmobiliaris.com\/w\/wp-content\/uploads\/2014\/07\/Calle-de-los-Besos-1024x508.png 1024w, https:\/\/www.amatimmobiliaris.com\/w\/wp-content\/uploads\/2014\/07\/Calle-de-los-Besos-768x381.png 768w, https:\/\/www.amatimmobiliaris.com\/w\/wp-content\/uploads\/2014\/07\/Calle-de-los-Besos-1536x761.png 1536w, https:\/\/www.amatimmobiliaris.com\/w\/wp-content\/uploads\/2014\/07\/Calle-de-los-Besos-2048x1015.png 2048w\" sizes=\"(max-width: 3938px) 100vw, 3938px\" \/><\/p>\n<p>&nbsp;<\/p>\n<p style=\"text-align: justify;\">Tanmateix, <strong>l&#8217;Ajuntament de Barcelona assenyala que la veritable hist\u00f2ria darrere del nom del carrer es deu a Joan Potons<\/strong>, un ve\u00ed del barri nascut al segle XVII, que vivia en aquest mateix carrer que portava el seu cognom Potons. Potser per culpa dels ve\u00efns, el <strong>nom del carrer va evolucionar fins a convertir-se en Petons.<\/strong><\/p>\n<h3>El pet\u00f3 m\u00e9s llarg del m\u00f3n<\/h3>\n<p style=\"text-align: justify;\">El <strong>Dia Mundial del Pet\u00f3<\/strong> va n\u00e9ixer d&#8217;un concurs a Tail\u00e0ndia el 2011. Una <strong>parella tailandesa va establir un r\u00e8cord mundial amb el pet\u00f3 m\u00e9s llarg que va durar<\/strong>\u00a046 hores, 24 minuts i 9 segons. A <strong>2013, la mateixa parella va trencar el seu propi r\u00e8cord<\/strong> amb un pet\u00f3 de 58 hores, 35 minuts i 58 segons.<\/p>\n<p>&nbsp;<\/p>\n<h3>Curiositats sobre els petons que potser encara no saps<\/h3>\n<p><img loading=\"lazy\" decoding=\"async\" class=\"alignnone size-full wp-image-34666\" src=\"https:\/\/www.amatimmobiliaris.com\/w\/wp-content\/uploads\/2014\/07\/Beso-mas-famoso-del-mundo.jpeg\" alt=\"Beso ma\u0301s famoso del mundo_La calle de los Besos Amat Immo\" width=\"655\" height=\"368\" srcset=\"https:\/\/www.amatimmobiliaris.com\/w\/wp-content\/uploads\/2014\/07\/Beso-mas-famoso-del-mundo.jpeg 655w, https:\/\/www.amatimmobiliaris.com\/w\/wp-content\/uploads\/2014\/07\/Beso-mas-famoso-del-mundo-300x169.jpeg 300w\" sizes=\"(max-width: 655px) 100vw, 655px\" \/><\/p>\n<ul>\n<li>Un <strong>pet\u00f3 apassionat crema entre 6 a 100 calories per minut<\/strong> i refor\u00e7a el sistema immunitari. Millora la circulaci\u00f3 sangu\u00ednia i incrementa l&#8217;autoestima.<\/li>\n<li><strong>Fran\u00e7a va prohibir l&#8217;any 1910 els petons a les estacions de trens<\/strong>, ja que ocasionaven retards.<\/li>\n<li>Les <strong>persones que fan un pet\u00f3 amb molta freq\u00fc\u00e8ncia tendeixen a viure m\u00e9s anys<\/strong> i a patir menys malalties.<\/li>\n<li>El 2025 el pet\u00f3 m\u00e9s fam\u00f3s de la hist\u00f2ria, la famosa fotografia d&#8217;<strong>Alfred Eisenstaedt a Times Square<\/strong>, que immortalitz\u00e0 en blanc i negre l&#8217;ic\u00f2nic pet\u00f3 entre un mariner i una infermera al final de la Segona Guerra Mundial, coneguda com <strong><em>El pet\u00f3<\/em>, far\u00e0 80 anys. <\/strong><\/li>\n<\/ul>\n<h3>Submergeix-te en les fascinants hist\u00f2ries de Barcelona<\/h3>\n<p style=\"text-align: justify;\">El <strong>Dia Internacional del Pet\u00f3<\/strong> \u00e9s una oportunitat perfecta per explorar racons rom\u00e0ntics com el <strong>Carrer dels Petons a Barcelona.<\/strong> Celebra l&#8217;amor i la passi\u00f3 a la ciutat comtal i descobreix la m\u00e0gia que s&#8217;amaga a cada rac\u00f3. A <strong><a href=\"https:\/\/www.amatimmobiliaris.com\/\" target=\"_blank\" rel=\"noopener\">Amat Immobiliaris, amb m\u00e9s de 75 anys d&#8217;experi\u00e8ncia<\/a><\/strong> a la prov\u00edncia de Barcelona i dues oficines a la ciutat comtal, ens apassiona descobrir i compartir curiositats sobre la ciutat de Barcelona i els seus carrers.<\/p>\n<p>&nbsp;<\/p>\n<h5><strong>T&#8217;ha agradat l&#8217;article? <b>Comparteix-t&#8217;ho!<\/b><\/strong><\/h5>\n<p><a href=\"https:\/\/twitter.com\/intent\/tweet?text=Explora el fascinant Carrer dels Petons a Barcelona en aquest article especial amb motiu del Dia Internacional dels Petons. ?%0A%40amat_cat%0A%23amat_cultura%20%0A&amp;url=https:\/\/www.amatimmobiliaris.com\/w\/ca\/2024\/04\/el-carrer-dels-petons-de-barcelona\/\" target=\"_blank\" rel=\"noopener\"><img loading=\"lazy\" decoding=\"async\" class=\"alignnone wp-image-19030 size-full\" src=\"https:\/\/www.amatimmobiliaris.com\/w\/wp-content\/uploads\/2021\/11\/twitter.png\" alt=\"\" width=\"25\" height=\"20\" \/><\/a><a href=\"https:\/\/www.facebook.com\/sharer\/sharer.php?url=https:\/\/www.amatimmobiliaris.com\/w\/ca\/2024\/04\/el-carrer-dels-petons-de-barcelona\/\" class=\"broken_link\" rel=\"nofollow\"><img loading=\"lazy\" decoding=\"async\" class=\"alignnone wp-image-19024 size-full\" src=\"https:\/\/www.amatimmobiliaris.com\/w\/wp-content\/uploads\/2021\/11\/fb.png\" alt=\"\" width=\"12\" height=\"24\" \/><\/a><a href=\"https:\/\/www.linkedin.com\/sharing\/share-offsite\/?url=https:\/\/www.amatimmobiliaris.com\/w\/ca\/2024\/04\/el-carrer-dels-petons-de-barcelona\/\"><img loading=\"lazy\" decoding=\"async\" class=\"alignnone wp-image-19028 size-full\" src=\"https:\/\/www.amatimmobiliaris.com\/w\/wp-content\/uploads\/2021\/11\/linkedin.png\" alt=\"\" width=\"25\" height=\"25\" \/><\/a><\/p>\n","protected":false},"excerpt":{"rendered":"<p>Descobreix la Curiosa Hist\u00f2ria darrere d&#8217;un dels Carrers M\u00e9s Encantadors de la Ciutat &nbsp; Amb motiu del Dia Internacional dels Petons que se celebra aquest dissabte 13 d&#8217;abril, explorem el fascinant Carrer dels Petons a Barcelona. Caminant pel carrer del Comer\u00e7\u00a0de Barcelona, \u200b\u200bal barri del\u00a0Born, \u00e9s f\u00e0cil trobar-se, si no ho has fet ja, amb [&hellip;]<\/p>\n","protected":false},"author":1,"featured_media":34672,"comment_status":"closed","ping_status":"closed","sticky":false,"template":"","format":"standard","meta":{"content-type":"","footnotes":""},"categories":[1624,1151,1632,1157],"tags":[118,73],"yoast_head":"<!-- This site is optimized with the Yoast SEO plugin v23.9 - https:\/\/yoast.com\/wordpress\/plugins\/seo\/ -->\n<title>Descobreix el Carrer dels Petons de Barcelona al Dia Internacional dels Petons | Amat Immobiliaris<\/title>\n<meta name=\"description\" content=\"Explora el fascinant Carrer dels Petons a Barcelona en aquest article especial amb motiu del Dia Internacional dels Petons. ?\" \/>\n<meta name=\"robots\" content=\"index, nofollow, max-snippet:-1, max-image-preview:large, max-video-preview:-1\" \/>\n<link rel=\"canonical\" href=\"https:\/\/www.amatimmobiliaris.com\/w\/ca\/2024\/04\/el-carrer-dels-petons-de-barcelona\/\" \/>\n<meta property=\"og:locale\" content=\"ca_ES\" \/>\n<meta property=\"og:type\" content=\"article\" \/>\n<meta property=\"og:title\" content=\"Descobreix el Carrer dels Petons de Barcelona al Dia Internacional dels Petons | Amat Immobiliaris\" \/>\n<meta property=\"og:description\" content=\"Explora el fascinant Carrer dels Petons a Barcelona en aquest article especial amb motiu del Dia Internacional dels Petons. ?\" \/>\n<meta property=\"og:url\" content=\"https:\/\/www.amatimmobiliaris.com\/w\/ca\/2024\/04\/el-carrer-dels-petons-de-barcelona\/\" \/>\n<meta property=\"og:site_name\" content=\"Amat Immobiliaris\" \/>\n<meta property=\"article:publisher\" content=\"https:\/\/www.facebook.com\/amatimmobiliaris\" \/>\n<meta property=\"article:published_time\" content=\"2024-04-12T05:00:43+00:00\" \/>\n<meta property=\"article:modified_time\" content=\"2024-04-11T16:28:57+00:00\" \/>\n<meta property=\"og:image\" content=\"https:\/\/www.amatimmobiliaris.com\/w\/wp-content\/uploads\/2014\/07\/La-Calle-de-los-Besos-de-Barcelona_-Amat-Immo-scaled.jpg\" \/>\n\t<meta property=\"og:image:width\" content=\"2560\" \/>\n\t<meta property=\"og:image:height\" content=\"881\" \/>\n\t<meta property=\"og:image:type\" content=\"image\/jpeg\" \/>\n<meta name=\"author\" content=\"Amat Immobiliaris\" \/>\n<meta name=\"twitter:card\" content=\"summary_large_image\" \/>\n<meta name=\"twitter:creator\" content=\"@amat_cat\" \/>\n<meta name=\"twitter:site\" content=\"@amat_cat\" \/>\n<meta name=\"twitter:label1\" content=\"Escrit per\" \/>\n\t<meta name=\"twitter:data1\" content=\"Amat Immobiliaris\" \/>\n\t<meta name=\"twitter:label2\" content=\"Temps estimat de lectura\" \/>\n\t<meta name=\"twitter:data2\" content=\"4 minuts\" \/>\n<script type=\"application\/ld+json\" class=\"yoast-schema-graph\">{\"@context\":\"https:\/\/schema.org\",\"@graph\":[{\"@type\":\"Article\",\"@id\":\"https:\/\/www.amatimmobiliaris.com\/w\/ca\/2024\/04\/el-carrer-dels-petons-de-barcelona\/#article\",\"isPartOf\":{\"@id\":\"https:\/\/www.amatimmobiliaris.com\/w\/2024\/04\/la-calle-de-los-besos-de-barcelona\/\"},\"author\":{\"name\":\"Amat Immobiliaris\",\"@id\":\"https:\/\/www.amatimmobiliaris.com\/w\/#\/schema\/person\/c880da71d1e156e7ea6774ffb445e034\"},\"headline\":\"Descobreix el Carrer dels Petons de Barcelona al Dia Internacional dels Petons\",\"datePublished\":\"2024-04-12T05:00:43+00:00\",\"dateModified\":\"2024-04-11T16:28:57+00:00\",\"mainEntityOfPage\":{\"@id\":\"https:\/\/www.amatimmobiliaris.com\/w\/2024\/04\/la-calle-de-los-besos-de-barcelona\/\"},\"wordCount\":533,\"publisher\":{\"@id\":\"https:\/\/www.amatimmobiliaris.com\/w\/#organization\"},\"image\":{\"@id\":\"https:\/\/www.amatimmobiliaris.com\/w\/ca\/2024\/04\/el-carrer-dels-petons-de-barcelona\/#primaryimage\"},\"thumbnailUrl\":\"https:\/\/www.amatimmobiliaris.com\/w\/wp-content\/uploads\/2014\/07\/La-Calle-de-los-Besos-de-Barcelona_-Amat-Immo-scaled.jpg\",\"keywords\":[\"Barcelona\",\"Cultura\"],\"articleSection\":[\"Actualitat\",\"Arquitectura i decoraci\u00f3\",\"Cultura\",\"Not\u00edcies\"],\"inLanguage\":\"ca\"},{\"@type\":\"WebPage\",\"@id\":\"https:\/\/www.amatimmobiliaris.com\/w\/2024\/04\/la-calle-de-los-besos-de-barcelona\/\",\"url\":\"https:\/\/www.amatimmobiliaris.com\/w\/ca\/2024\/04\/el-carrer-dels-petons-de-barcelona\/\",\"name\":\"Descobreix el Carrer dels Petons de Barcelona al Dia Internacional dels Petons | Amat Immobiliaris\",\"isPartOf\":{\"@id\":\"https:\/\/www.amatimmobiliaris.com\/w\/#website\"},\"primaryImageOfPage\":{\"@id\":\"https:\/\/www.amatimmobiliaris.com\/w\/ca\/2024\/04\/el-carrer-dels-petons-de-barcelona\/#primaryimage\"},\"image\":{\"@id\":\"https:\/\/www.amatimmobiliaris.com\/w\/ca\/2024\/04\/el-carrer-dels-petons-de-barcelona\/#primaryimage\"},\"thumbnailUrl\":\"https:\/\/www.amatimmobiliaris.com\/w\/wp-content\/uploads\/2014\/07\/La-Calle-de-los-Besos-de-Barcelona_-Amat-Immo-scaled.jpg\",\"datePublished\":\"2024-04-12T05:00:43+00:00\",\"dateModified\":\"2024-04-11T16:28:57+00:00\",\"description\":\"Explora el fascinant Carrer dels Petons a Barcelona en aquest article especial amb motiu del Dia Internacional dels Petons. ?\",\"breadcrumb\":{\"@id\":\"https:\/\/www.amatimmobiliaris.com\/w\/ca\/2024\/04\/el-carrer-dels-petons-de-barcelona\/#breadcrumb\"},\"inLanguage\":\"ca\",\"potentialAction\":[{\"@type\":\"ReadAction\",\"target\":[\"https:\/\/www.amatimmobiliaris.com\/w\/ca\/2024\/04\/el-carrer-dels-petons-de-barcelona\/\"]}]},{\"@type\":\"ImageObject\",\"inLanguage\":\"ca\",\"@id\":\"https:\/\/www.amatimmobiliaris.com\/w\/ca\/2024\/04\/el-carrer-dels-petons-de-barcelona\/#primaryimage\",\"url\":\"https:\/\/www.amatimmobiliaris.com\/w\/wp-content\/uploads\/2014\/07\/La-Calle-de-los-Besos-de-Barcelona_-Amat-Immo-scaled.jpg\",\"contentUrl\":\"https:\/\/www.amatimmobiliaris.com\/w\/wp-content\/uploads\/2014\/07\/La-Calle-de-los-Besos-de-Barcelona_-Amat-Immo-scaled.jpg\",\"width\":2560,\"height\":881,\"caption\":\"La Calle de los Besos de Barcelona_ Amat Immo\"},{\"@type\":\"BreadcrumbList\",\"@id\":\"https:\/\/www.amatimmobiliaris.com\/w\/ca\/2024\/04\/el-carrer-dels-petons-de-barcelona\/#breadcrumb\",\"itemListElement\":[{\"@type\":\"ListItem\",\"position\":1,\"name\":\"Home\",\"item\":\"https:\/\/www.amatimmobiliaris.com\/w\/ca\/\"},{\"@type\":\"ListItem\",\"position\":2,\"name\":\"Noticias\",\"item\":\"https:\/\/www.amatimmobiliaris.com\/w\/category\/noticias\/\"},{\"@type\":\"ListItem\",\"position\":3,\"name\":\"Cultura\",\"item\":\"https:\/\/www.amatimmobiliaris.com\/w\/ca\/categoria-ca\/noticies-ca\/cultura-ca\/\"},{\"@type\":\"ListItem\",\"position\":4,\"name\":\"Descobreix el Carrer dels Petons de Barcelona al Dia Internacional dels Petons\"}]},{\"@type\":\"WebSite\",\"@id\":\"https:\/\/www.amatimmobiliaris.com\/w\/#website\",\"url\":\"https:\/\/www.amatimmobiliaris.com\/w\/\",\"name\":\"Amat Immobiliaris\",\"description\":\"Empresa familiar del sector inmobiliario con oficinas en Barcelona, Sant Cugat del Vall\u00e9s y Sant Just Desvern. Te ayudamos a comprar, alquilar o vender tu casa o piso. Somos un equipo coherente con una cultura de empresa honesta, innovadora y eficaz. Tambi\u00e9n en www.amatluxury.com\",\"publisher\":{\"@id\":\"https:\/\/www.amatimmobiliaris.com\/w\/#organization\"},\"alternateName\":\"AmatImmo\",\"potentialAction\":[{\"@type\":\"SearchAction\",\"target\":{\"@type\":\"EntryPoint\",\"urlTemplate\":\"https:\/\/www.amatimmobiliaris.com\/w\/?s={search_term_string}\"},\"query-input\":{\"@type\":\"PropertyValueSpecification\",\"valueRequired\":true,\"valueName\":\"search_term_string\"}}],\"inLanguage\":\"ca\"},{\"@type\":\"Organization\",\"@id\":\"https:\/\/www.amatimmobiliaris.com\/w\/#organization\",\"name\":\"Amat Immobiliaris\",\"url\":\"https:\/\/www.amatimmobiliaris.com\/w\/\",\"logo\":{\"@type\":\"ImageObject\",\"inLanguage\":\"ca\",\"@id\":\"https:\/\/www.amatimmobiliaris.com\/w\/#\/schema\/logo\/image\/\",\"url\":\"https:\/\/www.amatimmobiliaris.com\/w\/wp-content\/uploads\/2022\/10\/amat-logo.jpg\",\"contentUrl\":\"https:\/\/www.amatimmobiliaris.com\/w\/wp-content\/uploads\/2022\/10\/amat-logo.jpg\",\"width\":900,\"height\":900,\"caption\":\"Amat Immobiliaris\"},\"image\":{\"@id\":\"https:\/\/www.amatimmobiliaris.com\/w\/#\/schema\/logo\/image\/\"},\"sameAs\":[\"https:\/\/www.facebook.com\/amatimmobiliaris\",\"https:\/\/x.com\/amat_cat\",\"https:\/\/www.instagram.com\/amat_immo\/\",\"https:\/\/www.linkedin.com\/company\/amat-finques\/\",\"https:\/\/www.youtube.com\/@amatimmobiliaris\"]},{\"@type\":\"Person\",\"@id\":\"https:\/\/www.amatimmobiliaris.com\/w\/#\/schema\/person\/c880da71d1e156e7ea6774ffb445e034\",\"name\":\"Amat Immobiliaris\",\"sameAs\":[\"http:\/\/amat-inmo-wp.localhost\"]}]}<\/script>\n<!-- \/ Yoast SEO plugin. -->","yoast_head_json":{"title":"Descobreix el Carrer dels Petons de Barcelona al Dia Internacional dels Petons | Amat Immobiliaris","description":"Explora el fascinant Carrer dels Petons a Barcelona en aquest article especial amb motiu del Dia Internacional dels Petons. ?","robots":{"index":"index","follow":"nofollow","max-snippet":"max-snippet:-1","max-image-preview":"max-image-preview:large","max-video-preview":"max-video-preview:-1"},"canonical":"https:\/\/www.amatimmobiliaris.com\/w\/ca\/2024\/04\/el-carrer-dels-petons-de-barcelona\/","og_locale":"ca_ES","og_type":"article","og_title":"Descobreix el Carrer dels Petons de Barcelona al Dia Internacional dels Petons | Amat Immobiliaris","og_description":"Explora el fascinant Carrer dels Petons a Barcelona en aquest article especial amb motiu del Dia Internacional dels Petons. ?","og_url":"https:\/\/www.amatimmobiliaris.com\/w\/ca\/2024\/04\/el-carrer-dels-petons-de-barcelona\/","og_site_name":"Amat Immobiliaris","article_publisher":"https:\/\/www.facebook.com\/amatimmobiliaris","article_published_time":"2024-04-12T05:00:43+00:00","article_modified_time":"2024-04-11T16:28:57+00:00","og_image":[{"width":2560,"height":881,"url":"https:\/\/www.amatimmobiliaris.com\/w\/wp-content\/uploads\/2014\/07\/La-Calle-de-los-Besos-de-Barcelona_-Amat-Immo-scaled.jpg","type":"image\/jpeg"}],"author":"Amat Immobiliaris","twitter_card":"summary_large_image","twitter_creator":"@amat_cat","twitter_site":"@amat_cat","twitter_misc":{"Escrit per":"Amat Immobiliaris","Temps estimat de lectura":"4 minuts"},"schema":{"@context":"https:\/\/schema.org","@graph":[{"@type":"Article","@id":"https:\/\/www.amatimmobiliaris.com\/w\/ca\/2024\/04\/el-carrer-dels-petons-de-barcelona\/#article","isPartOf":{"@id":"https:\/\/www.amatimmobiliaris.com\/w\/2024\/04\/la-calle-de-los-besos-de-barcelona\/"},"author":{"name":"Amat Immobiliaris","@id":"https:\/\/www.amatimmobiliaris.com\/w\/#\/schema\/person\/c880da71d1e156e7ea6774ffb445e034"},"headline":"Descobreix el Carrer dels Petons de Barcelona al Dia Internacional dels Petons","datePublished":"2024-04-12T05:00:43+00:00","dateModified":"2024-04-11T16:28:57+00:00","mainEntityOfPage":{"@id":"https:\/\/www.amatimmobiliaris.com\/w\/2024\/04\/la-calle-de-los-besos-de-barcelona\/"},"wordCount":533,"publisher":{"@id":"https:\/\/www.amatimmobiliaris.com\/w\/#organization"},"image":{"@id":"https:\/\/www.amatimmobiliaris.com\/w\/ca\/2024\/04\/el-carrer-dels-petons-de-barcelona\/#primaryimage"},"thumbnailUrl":"https:\/\/www.amatimmobiliaris.com\/w\/wp-content\/uploads\/2014\/07\/La-Calle-de-los-Besos-de-Barcelona_-Amat-Immo-scaled.jpg","keywords":["Barcelona","Cultura"],"articleSection":["Actualitat","Arquitectura i decoraci\u00f3","Cultura","Not\u00edcies"],"inLanguage":"ca"},{"@type":"WebPage","@id":"https:\/\/www.amatimmobiliaris.com\/w\/2024\/04\/la-calle-de-los-besos-de-barcelona\/","url":"https:\/\/www.amatimmobiliaris.com\/w\/ca\/2024\/04\/el-carrer-dels-petons-de-barcelona\/","name":"Descobreix el Carrer dels Petons de Barcelona al Dia Internacional dels Petons | Amat Immobiliaris","isPartOf":{"@id":"https:\/\/www.amatimmobiliaris.com\/w\/#website"},"primaryImageOfPage":{"@id":"https:\/\/www.amatimmobiliaris.com\/w\/ca\/2024\/04\/el-carrer-dels-petons-de-barcelona\/#primaryimage"},"image":{"@id":"https:\/\/www.amatimmobiliaris.com\/w\/ca\/2024\/04\/el-carrer-dels-petons-de-barcelona\/#primaryimage"},"thumbnailUrl":"https:\/\/www.amatimmobiliaris.com\/w\/wp-content\/uploads\/2014\/07\/La-Calle-de-los-Besos-de-Barcelona_-Amat-Immo-scaled.jpg","datePublished":"2024-04-12T05:00:43+00:00","dateModified":"2024-04-11T16:28:57+00:00","description":"Explora el fascinant Carrer dels Petons a Barcelona en aquest article especial amb motiu del Dia Internacional dels Petons. ?","breadcrumb":{"@id":"https:\/\/www.amatimmobiliaris.com\/w\/ca\/2024\/04\/el-carrer-dels-petons-de-barcelona\/#breadcrumb"},"inLanguage":"ca","potentialAction":[{"@type":"ReadAction","target":["https:\/\/www.amatimmobiliaris.com\/w\/ca\/2024\/04\/el-carrer-dels-petons-de-barcelona\/"]}]},{"@type":"ImageObject","inLanguage":"ca","@id":"https:\/\/www.amatimmobiliaris.com\/w\/ca\/2024\/04\/el-carrer-dels-petons-de-barcelona\/#primaryimage","url":"https:\/\/www.amatimmobiliaris.com\/w\/wp-content\/uploads\/2014\/07\/La-Calle-de-los-Besos-de-Barcelona_-Amat-Immo-scaled.jpg","contentUrl":"https:\/\/www.amatimmobiliaris.com\/w\/wp-content\/uploads\/2014\/07\/La-Calle-de-los-Besos-de-Barcelona_-Amat-Immo-scaled.jpg","width":2560,"height":881,"caption":"La Calle de los Besos de Barcelona_ Amat Immo"},{"@type":"BreadcrumbList","@id":"https:\/\/www.amatimmobiliaris.com\/w\/ca\/2024\/04\/el-carrer-dels-petons-de-barcelona\/#breadcrumb","itemListElement":[{"@type":"ListItem","position":1,"name":"Home","item":"https:\/\/www.amatimmobiliaris.com\/w\/ca\/"},{"@type":"ListItem","position":2,"name":"Noticias","item":"https:\/\/www.amatimmobiliaris.com\/w\/category\/noticias\/"},{"@type":"ListItem","position":3,"name":"Cultura","item":"https:\/\/www.amatimmobiliaris.com\/w\/ca\/categoria-ca\/noticies-ca\/cultura-ca\/"},{"@type":"ListItem","position":4,"name":"Descobreix el Carrer dels Petons de Barcelona al Dia Internacional dels Petons"}]},{"@type":"WebSite","@id":"https:\/\/www.amatimmobiliaris.com\/w\/#website","url":"https:\/\/www.amatimmobiliaris.com\/w\/","name":"Amat Immobiliaris","description":"Empresa familiar del sector inmobiliario con oficinas en Barcelona, Sant Cugat del Vall\u00e9s y Sant Just Desvern. Te ayudamos a comprar, alquilar o vender tu casa o piso. Somos un equipo coherente con una cultura de empresa honesta, innovadora y eficaz. Tambi\u00e9n en www.amatluxury.com","publisher":{"@id":"https:\/\/www.amatimmobiliaris.com\/w\/#organization"},"alternateName":"AmatImmo","potentialAction":[{"@type":"SearchAction","target":{"@type":"EntryPoint","urlTemplate":"https:\/\/www.amatimmobiliaris.com\/w\/?s={search_term_string}"},"query-input":{"@type":"PropertyValueSpecification","valueRequired":true,"valueName":"search_term_string"}}],"inLanguage":"ca"},{"@type":"Organization","@id":"https:\/\/www.amatimmobiliaris.com\/w\/#organization","name":"Amat Immobiliaris","url":"https:\/\/www.amatimmobiliaris.com\/w\/","logo":{"@type":"ImageObject","inLanguage":"ca","@id":"https:\/\/www.amatimmobiliaris.com\/w\/#\/schema\/logo\/image\/","url":"https:\/\/www.amatimmobiliaris.com\/w\/wp-content\/uploads\/2022\/10\/amat-logo.jpg","contentUrl":"https:\/\/www.amatimmobiliaris.com\/w\/wp-content\/uploads\/2022\/10\/amat-logo.jpg","width":900,"height":900,"caption":"Amat Immobiliaris"},"image":{"@id":"https:\/\/www.amatimmobiliaris.com\/w\/#\/schema\/logo\/image\/"},"sameAs":["https:\/\/www.facebook.com\/amatimmobiliaris","https:\/\/x.com\/amat_cat","https:\/\/www.instagram.com\/amat_immo\/","https:\/\/www.linkedin.com\/company\/amat-finques\/","https:\/\/www.youtube.com\/@amatimmobiliaris"]},{"@type":"Person","@id":"https:\/\/www.amatimmobiliaris.com\/w\/#\/schema\/person\/c880da71d1e156e7ea6774ffb445e034","name":"Amat Immobiliaris","sameAs":["http:\/\/amat-inmo-wp.localhost"]}]}},"_links":{"self":[{"href":"https:\/\/www.amatimmobiliaris.com\/w\/ca\/wp-json\/wp\/v2\/posts\/12339"}],"collection":[{"href":"https:\/\/www.amatimmobiliaris.com\/w\/ca\/wp-json\/wp\/v2\/posts"}],"about":[{"href":"https:\/\/www.amatimmobiliaris.com\/w\/ca\/wp-json\/wp\/v2\/types\/post"}],"author":[{"embeddable":true,"href":"https:\/\/www.amatimmobiliaris.com\/w\/ca\/wp-json\/wp\/v2\/users\/1"}],"replies":[{"embeddable":true,"href":"https:\/\/www.amatimmobiliaris.com\/w\/ca\/wp-json\/wp\/v2\/comments?post=12339"}],"version-history":[{"count":7,"href":"https:\/\/www.amatimmobiliaris.com\/w\/ca\/wp-json\/wp\/v2\/posts\/12339\/revisions"}],"predecessor-version":[{"id":34692,"href":"https:\/\/www.amatimmobiliaris.com\/w\/ca\/wp-json\/wp\/v2\/posts\/12339\/revisions\/34692"}],"wp:featuredmedia":[{"embeddable":true,"href":"https:\/\/www.amatimmobiliaris.com\/w\/ca\/wp-json\/wp\/v2\/media\/34672"}],"wp:attachment":[{"href":"https:\/\/www.amatimmobiliaris.com\/w\/ca\/wp-json\/wp\/v2\/media?parent=12339"}],"wp:term":[{"taxonomy":"category","embeddable":true,"href":"https:\/\/www.amatimmobiliaris.com\/w\/ca\/wp-json\/wp\/v2\/categories?post=12339"},{"taxonomy":"post_tag","embeddable":true,"href":"https:\/\/www.amatimmobiliaris.com\/w\/ca\/wp-json\/wp\/v2\/tags?post=12339"}],"curies":[{"name":"wp","href":"https:\/\/api.w.org\/{rel}","templated":true}]}}