{"id":12334,"date":"2014-04-29T15:45:35","date_gmt":"2014-04-29T15:45:35","guid":{"rendered":"http:\/\/amat-inmo-wp.localhost\/2014\/04\/29\/estil-de-vida-a-vista-de-drone\/"},"modified":"2023-04-19T15:10:41","modified_gmt":"2023-04-19T15:10:41","slug":"estil-de-vida-a-vista-de-drone","status":"publish","type":"post","link":"https:\/\/www.amatimmobiliaris.com\/w\/ca\/2014\/04\/estil-de-vida-a-vista-de-drone\/","title":{"rendered":"Estil de vida a vista de Drone"},"content":{"rendered":"<div class=\"ratio ratio-16x9\"><iframe loading=\"lazy\" title=\"AmatImmo 30100 Can Olvieres - Historical 14th century country house fully restored\" width=\"800\" height=\"450\" src=\"https:\/\/www.youtube.com\/embed\/5mievFxs0Qs?feature=oembed\" frameborder=\"0\" allow=\"accelerometer; autoplay; clipboard-write; encrypted-media; gyroscope; picture-in-picture; web-share\" allowfullscreen><\/iframe><\/div>\n<p>Una vegada m\u00e9s <strong>Amat Immobiliaris<\/strong> \u00e9s una empresa pionera en el mercat immobiliari, en aquest cas, en m\u00e0rqueting immobiliari.<\/p>\n<p>Ja fa mesos que seguint tend\u00e8ncies en m\u00e0rqueting de pa\u00efsos com EUA vam decidir que vol\u00edem gravar propietats amb Drone, potenciant aix\u00ed l\u2019experi\u00e8ncia de viure en aquestes propietats i l\u2019espectacularitat d\u2019aquestes amb vistes poc habituals.<\/p>\n<p>Despr\u00e9s d\u2019un proc\u00e9s d\u2019investigaci\u00f3 vam trobar l\u2019empresa adequada per poder fer aquestes gravacions.<\/p>\n<p>Inaugurem els v\u00eddeos amb Drones amb una fant\u00e0stica propietat situada a Sant Just Desvern. Una propietat on es poden gaudir d\u2019unes vistes espectaculars combinant a la perfecci\u00f3 disseny i funcionalitat en totes les estances de la casa.<\/p>\n","protected":false},"excerpt":{"rendered":"<p>Una vegada m\u00e9s Amat Immobiliaris \u00e9s una empresa pionera en el mercat immobiliari, en aquest cas, en m\u00e0rqueting immobiliari. Ja fa mesos que seguint tend\u00e8ncies en m\u00e0rqueting de pa\u00efsos com EUA vam decidir que vol\u00edem gravar propietats amb Drone, potenciant aix\u00ed l\u2019experi\u00e8ncia de viure en aquestes propietats i l\u2019espectacularitat d\u2019aquestes amb vistes poc habituals. Despr\u00e9s [&hellip;]<\/p>\n","protected":false},"author":1,"featured_media":0,"comment_status":"closed","ping_status":"closed","sticky":false,"template":"","format":"standard","meta":{"content-type":"","footnotes":""},"categories":[1157,1158,1160],"tags":[],"yoast_head":"<!-- This site is optimized with the Yoast SEO plugin v23.9 - https:\/\/yoast.com\/wordpress\/plugins\/seo\/ -->\n<title>Estil de vida a vista de Drone | Amat Immobiliaris<\/title>\n<meta name=\"robots\" content=\"index, follow, max-snippet:-1, max-image-preview:large, max-video-preview:-1\" \/>\n<link rel=\"canonical\" href=\"https:\/\/www.amatimmobiliaris.com\/w\/ca\/2014\/04\/estil-de-vida-a-vista-de-drone\/\" \/>\n<meta property=\"og:locale\" content=\"ca_ES\" \/>\n<meta property=\"og:type\" content=\"article\" \/>\n<meta property=\"og:title\" content=\"Estil de vida a vista de Drone | Amat Immobiliaris\" \/>\n<meta property=\"og:description\" content=\"Una vegada m\u00e9s Amat Immobiliaris \u00e9s una empresa pionera en el mercat immobiliari, en aquest cas, en m\u00e0rqueting immobiliari. Ja fa mesos que seguint tend\u00e8ncies en m\u00e0rqueting de pa\u00efsos com EUA vam decidir que vol\u00edem gravar propietats amb Drone, potenciant aix\u00ed l\u2019experi\u00e8ncia de viure en aquestes propietats i l\u2019espectacularitat d\u2019aquestes amb vistes poc habituals. Despr\u00e9s [&hellip;]\" \/>\n<meta property=\"og:url\" content=\"https:\/\/www.amatimmobiliaris.com\/w\/ca\/2014\/04\/estil-de-vida-a-vista-de-drone\/\" \/>\n<meta property=\"og:site_name\" content=\"Amat Immobiliaris\" \/>\n<meta property=\"article:publisher\" content=\"https:\/\/www.facebook.com\/amatimmobiliaris\" \/>\n<meta property=\"article:published_time\" content=\"2014-04-29T15:45:35+00:00\" \/>\n<meta property=\"article:modified_time\" content=\"2023-04-19T15:10:41+00:00\" \/>\n<meta property=\"og:image\" content=\"https:\/\/www.amatimmobiliaris.com\/w\/wp-content\/uploads\/2022\/01\/2014-Saga-familiar-Amat-dw-1-1024x683.jpg\" \/>\n\t<meta property=\"og:image:width\" content=\"1024\" \/>\n\t<meta property=\"og:image:height\" content=\"683\" \/>\n\t<meta property=\"og:image:type\" content=\"image\/jpeg\" \/>\n<meta name=\"author\" content=\"Amat Immobiliaris\" \/>\n<meta name=\"twitter:card\" content=\"summary_large_image\" \/>\n<meta name=\"twitter:creator\" content=\"@amat_cat\" \/>\n<meta name=\"twitter:site\" content=\"@amat_cat\" \/>\n<meta name=\"twitter:label1\" content=\"Escrit per\" \/>\n\t<meta name=\"twitter:data1\" content=\"Amat Immobiliaris\" \/>\n\t<meta name=\"twitter:label2\" content=\"Temps estimat de lectura\" \/>\n\t<meta name=\"twitter:data2\" content=\"1 minut\" \/>\n<script type=\"application\/ld+json\" class=\"yoast-schema-graph\">{\"@context\":\"https:\/\/schema.org\",\"@graph\":[{\"@type\":\"Article\",\"@id\":\"https:\/\/www.amatimmobiliaris.com\/w\/ca\/2014\/04\/estil-de-vida-a-vista-de-drone\/#article\",\"isPartOf\":{\"@id\":\"https:\/\/www.amatimmobiliaris.com\/w\/ca\/2014\/04\/estil-de-vida-a-vista-de-drone\/\"},\"author\":{\"name\":\"Amat Immobiliaris\",\"@id\":\"https:\/\/www.amatimmobiliaris.com\/w\/#\/schema\/person\/c880da71d1e156e7ea6774ffb445e034\"},\"headline\":\"Estil de vida a vista de Drone\",\"datePublished\":\"2014-04-29T15:45:35+00:00\",\"dateModified\":\"2023-04-19T15:10:41+00:00\",\"mainEntityOfPage\":{\"@id\":\"https:\/\/www.amatimmobiliaris.com\/w\/ca\/2014\/04\/estil-de-vida-a-vista-de-drone\/\"},\"wordCount\":136,\"publisher\":{\"@id\":\"https:\/\/www.amatimmobiliaris.com\/w\/#organization\"},\"articleSection\":[\"Not\u00edcies\",\"Pisos destacats\",\"Sector Immobiliari\"],\"inLanguage\":\"ca\"},{\"@type\":\"WebPage\",\"@id\":\"https:\/\/www.amatimmobiliaris.com\/w\/ca\/2014\/04\/estil-de-vida-a-vista-de-drone\/\",\"url\":\"https:\/\/www.amatimmobiliaris.com\/w\/ca\/2014\/04\/estil-de-vida-a-vista-de-drone\/\",\"name\":\"Estil de vida a vista de Drone | Amat Immobiliaris\",\"isPartOf\":{\"@id\":\"https:\/\/www.amatimmobiliaris.com\/w\/#website\"},\"datePublished\":\"2014-04-29T15:45:35+00:00\",\"dateModified\":\"2023-04-19T15:10:41+00:00\",\"breadcrumb\":{\"@id\":\"https:\/\/www.amatimmobiliaris.com\/w\/ca\/2014\/04\/estil-de-vida-a-vista-de-drone\/#breadcrumb\"},\"inLanguage\":\"ca\",\"potentialAction\":[{\"@type\":\"ReadAction\",\"target\":[\"https:\/\/www.amatimmobiliaris.com\/w\/ca\/2014\/04\/estil-de-vida-a-vista-de-drone\/\"]}]},{\"@type\":\"BreadcrumbList\",\"@id\":\"https:\/\/www.amatimmobiliaris.com\/w\/ca\/2014\/04\/estil-de-vida-a-vista-de-drone\/#breadcrumb\",\"itemListElement\":[{\"@type\":\"ListItem\",\"position\":1,\"name\":\"Home\",\"item\":\"https:\/\/www.amatimmobiliaris.com\/w\/ca\/\"},{\"@type\":\"ListItem\",\"position\":2,\"name\":\"Not\u00edcies\",\"item\":\"https:\/\/www.amatimmobiliaris.com\/w\/ca\/categoria-ca\/noticies-ca\/\"},{\"@type\":\"ListItem\",\"position\":3,\"name\":\"Sector Immobiliari\",\"item\":\"https:\/\/www.amatimmobiliaris.com\/w\/ca\/categoria-ca\/noticies-ca\/sector-immobiliari-ca\/\"},{\"@type\":\"ListItem\",\"position\":4,\"name\":\"Estil de vida a vista de Drone\"}]},{\"@type\":\"WebSite\",\"@id\":\"https:\/\/www.amatimmobiliaris.com\/w\/#website\",\"url\":\"https:\/\/www.amatimmobiliaris.com\/w\/\",\"name\":\"Amat Immobiliaris\",\"description\":\"Empresa familiar del sector inmobiliario con oficinas en Barcelona, Sant Cugat del Vall\u00e9s y Sant Just Desvern. Te ayudamos a comprar, alquilar o vender tu casa o piso. Somos un equipo coherente con una cultura de empresa honesta, innovadora y eficaz. Tambi\u00e9n en www.amatluxury.com\",\"publisher\":{\"@id\":\"https:\/\/www.amatimmobiliaris.com\/w\/#organization\"},\"alternateName\":\"AmatImmo\",\"potentialAction\":[{\"@type\":\"SearchAction\",\"target\":{\"@type\":\"EntryPoint\",\"urlTemplate\":\"https:\/\/www.amatimmobiliaris.com\/w\/?s={search_term_string}\"},\"query-input\":{\"@type\":\"PropertyValueSpecification\",\"valueRequired\":true,\"valueName\":\"search_term_string\"}}],\"inLanguage\":\"ca\"},{\"@type\":\"Organization\",\"@id\":\"https:\/\/www.amatimmobiliaris.com\/w\/#organization\",\"name\":\"Amat Immobiliaris\",\"url\":\"https:\/\/www.amatimmobiliaris.com\/w\/\",\"logo\":{\"@type\":\"ImageObject\",\"inLanguage\":\"ca\",\"@id\":\"https:\/\/www.amatimmobiliaris.com\/w\/#\/schema\/logo\/image\/\",\"url\":\"https:\/\/www.amatimmobiliaris.com\/w\/wp-content\/uploads\/2022\/10\/amat-logo.jpg\",\"contentUrl\":\"https:\/\/www.amatimmobiliaris.com\/w\/wp-content\/uploads\/2022\/10\/amat-logo.jpg\",\"width\":900,\"height\":900,\"caption\":\"Amat Immobiliaris\"},\"image\":{\"@id\":\"https:\/\/www.amatimmobiliaris.com\/w\/#\/schema\/logo\/image\/\"},\"sameAs\":[\"https:\/\/www.facebook.com\/amatimmobiliaris\",\"https:\/\/x.com\/amat_cat\",\"https:\/\/www.instagram.com\/amat_immo\/\",\"https:\/\/www.linkedin.com\/company\/amat-finques\/\",\"https:\/\/www.youtube.com\/@amatimmobiliaris\"]},{\"@type\":\"Person\",\"@id\":\"https:\/\/www.amatimmobiliaris.com\/w\/#\/schema\/person\/c880da71d1e156e7ea6774ffb445e034\",\"name\":\"Amat Immobiliaris\",\"sameAs\":[\"http:\/\/amat-inmo-wp.localhost\"]}]}<\/script>\n<!-- \/ Yoast SEO plugin. -->","yoast_head_json":{"title":"Estil de vida a vista de Drone | Amat Immobiliaris","robots":{"index":"index","follow":"follow","max-snippet":"max-snippet:-1","max-image-preview":"max-image-preview:large","max-video-preview":"max-video-preview:-1"},"canonical":"https:\/\/www.amatimmobiliaris.com\/w\/ca\/2014\/04\/estil-de-vida-a-vista-de-drone\/","og_locale":"ca_ES","og_type":"article","og_title":"Estil de vida a vista de Drone | Amat Immobiliaris","og_description":"Una vegada m\u00e9s Amat Immobiliaris \u00e9s una empresa pionera en el mercat immobiliari, en aquest cas, en m\u00e0rqueting immobiliari. Ja fa mesos que seguint tend\u00e8ncies en m\u00e0rqueting de pa\u00efsos com EUA vam decidir que vol\u00edem gravar propietats amb Drone, potenciant aix\u00ed l\u2019experi\u00e8ncia de viure en aquestes propietats i l\u2019espectacularitat d\u2019aquestes amb vistes poc habituals. Despr\u00e9s [&hellip;]","og_url":"https:\/\/www.amatimmobiliaris.com\/w\/ca\/2014\/04\/estil-de-vida-a-vista-de-drone\/","og_site_name":"Amat Immobiliaris","article_publisher":"https:\/\/www.facebook.com\/amatimmobiliaris","article_published_time":"2014-04-29T15:45:35+00:00","article_modified_time":"2023-04-19T15:10:41+00:00","og_image":[{"width":1024,"height":683,"url":"https:\/\/www.amatimmobiliaris.com\/w\/wp-content\/uploads\/2022\/01\/2014-Saga-familiar-Amat-dw-1-1024x683.jpg","type":"image\/jpeg"}],"author":"Amat Immobiliaris","twitter_card":"summary_large_image","twitter_creator":"@amat_cat","twitter_site":"@amat_cat","twitter_misc":{"Escrit per":"Amat Immobiliaris","Temps estimat de lectura":"1 minut"},"schema":{"@context":"https:\/\/schema.org","@graph":[{"@type":"Article","@id":"https:\/\/www.amatimmobiliaris.com\/w\/ca\/2014\/04\/estil-de-vida-a-vista-de-drone\/#article","isPartOf":{"@id":"https:\/\/www.amatimmobiliaris.com\/w\/ca\/2014\/04\/estil-de-vida-a-vista-de-drone\/"},"author":{"name":"Amat Immobiliaris","@id":"https:\/\/www.amatimmobiliaris.com\/w\/#\/schema\/person\/c880da71d1e156e7ea6774ffb445e034"},"headline":"Estil de vida a vista de Drone","datePublished":"2014-04-29T15:45:35+00:00","dateModified":"2023-04-19T15:10:41+00:00","mainEntityOfPage":{"@id":"https:\/\/www.amatimmobiliaris.com\/w\/ca\/2014\/04\/estil-de-vida-a-vista-de-drone\/"},"wordCount":136,"publisher":{"@id":"https:\/\/www.amatimmobiliaris.com\/w\/#organization"},"articleSection":["Not\u00edcies","Pisos destacats","Sector Immobiliari"],"inLanguage":"ca"},{"@type":"WebPage","@id":"https:\/\/www.amatimmobiliaris.com\/w\/ca\/2014\/04\/estil-de-vida-a-vista-de-drone\/","url":"https:\/\/www.amatimmobiliaris.com\/w\/ca\/2014\/04\/estil-de-vida-a-vista-de-drone\/","name":"Estil de vida a vista de Drone | Amat Immobiliaris","isPartOf":{"@id":"https:\/\/www.amatimmobiliaris.com\/w\/#website"},"datePublished":"2014-04-29T15:45:35+00:00","dateModified":"2023-04-19T15:10:41+00:00","breadcrumb":{"@id":"https:\/\/www.amatimmobiliaris.com\/w\/ca\/2014\/04\/estil-de-vida-a-vista-de-drone\/#breadcrumb"},"inLanguage":"ca","potentialAction":[{"@type":"ReadAction","target":["https:\/\/www.amatimmobiliaris.com\/w\/ca\/2014\/04\/estil-de-vida-a-vista-de-drone\/"]}]},{"@type":"BreadcrumbList","@id":"https:\/\/www.amatimmobiliaris.com\/w\/ca\/2014\/04\/estil-de-vida-a-vista-de-drone\/#breadcrumb","itemListElement":[{"@type":"ListItem","position":1,"name":"Home","item":"https:\/\/www.amatimmobiliaris.com\/w\/ca\/"},{"@type":"ListItem","position":2,"name":"Not\u00edcies","item":"https:\/\/www.amatimmobiliaris.com\/w\/ca\/categoria-ca\/noticies-ca\/"},{"@type":"ListItem","position":3,"name":"Sector Immobiliari","item":"https:\/\/www.amatimmobiliaris.com\/w\/ca\/categoria-ca\/noticies-ca\/sector-immobiliari-ca\/"},{"@type":"ListItem","position":4,"name":"Estil de vida a vista de Drone"}]},{"@type":"WebSite","@id":"https:\/\/www.amatimmobiliaris.com\/w\/#website","url":"https:\/\/www.amatimmobiliaris.com\/w\/","name":"Amat Immobiliaris","description":"Empresa familiar del sector inmobiliario con oficinas en Barcelona, Sant Cugat del Vall\u00e9s y Sant Just Desvern. Te ayudamos a comprar, alquilar o vender tu casa o piso. Somos un equipo coherente con una cultura de empresa honesta, innovadora y eficaz. Tambi\u00e9n en www.amatluxury.com","publisher":{"@id":"https:\/\/www.amatimmobiliaris.com\/w\/#organization"},"alternateName":"AmatImmo","potentialAction":[{"@type":"SearchAction","target":{"@type":"EntryPoint","urlTemplate":"https:\/\/www.amatimmobiliaris.com\/w\/?s={search_term_string}"},"query-input":{"@type":"PropertyValueSpecification","valueRequired":true,"valueName":"search_term_string"}}],"inLanguage":"ca"},{"@type":"Organization","@id":"https:\/\/www.amatimmobiliaris.com\/w\/#organization","name":"Amat Immobiliaris","url":"https:\/\/www.amatimmobiliaris.com\/w\/","logo":{"@type":"ImageObject","inLanguage":"ca","@id":"https:\/\/www.amatimmobiliaris.com\/w\/#\/schema\/logo\/image\/","url":"https:\/\/www.amatimmobiliaris.com\/w\/wp-content\/uploads\/2022\/10\/amat-logo.jpg","contentUrl":"https:\/\/www.amatimmobiliaris.com\/w\/wp-content\/uploads\/2022\/10\/amat-logo.jpg","width":900,"height":900,"caption":"Amat Immobiliaris"},"image":{"@id":"https:\/\/www.amatimmobiliaris.com\/w\/#\/schema\/logo\/image\/"},"sameAs":["https:\/\/www.facebook.com\/amatimmobiliaris","https:\/\/x.com\/amat_cat","https:\/\/www.instagram.com\/amat_immo\/","https:\/\/www.linkedin.com\/company\/amat-finques\/","https:\/\/www.youtube.com\/@amatimmobiliaris"]},{"@type":"Person","@id":"https:\/\/www.amatimmobiliaris.com\/w\/#\/schema\/person\/c880da71d1e156e7ea6774ffb445e034","name":"Amat Immobiliaris","sameAs":["http:\/\/amat-inmo-wp.localhost"]}]}},"_links":{"self":[{"href":"https:\/\/www.amatimmobiliaris.com\/w\/ca\/wp-json\/wp\/v2\/posts\/12334"}],"collection":[{"href":"https:\/\/www.amatimmobiliaris.com\/w\/ca\/wp-json\/wp\/v2\/posts"}],"about":[{"href":"https:\/\/www.amatimmobiliaris.com\/w\/ca\/wp-json\/wp\/v2\/types\/post"}],"author":[{"embeddable":true,"href":"https:\/\/www.amatimmobiliaris.com\/w\/ca\/wp-json\/wp\/v2\/users\/1"}],"replies":[{"embeddable":true,"href":"https:\/\/www.amatimmobiliaris.com\/w\/ca\/wp-json\/wp\/v2\/comments?post=12334"}],"version-history":[{"count":5,"href":"https:\/\/www.amatimmobiliaris.com\/w\/ca\/wp-json\/wp\/v2\/posts\/12334\/revisions"}],"predecessor-version":[{"id":23643,"href":"https:\/\/www.amatimmobiliaris.com\/w\/ca\/wp-json\/wp\/v2\/posts\/12334\/revisions\/23643"}],"wp:attachment":[{"href":"https:\/\/www.amatimmobiliaris.com\/w\/ca\/wp-json\/wp\/v2\/media?parent=12334"}],"wp:term":[{"taxonomy":"category","embeddable":true,"href":"https:\/\/www.amatimmobiliaris.com\/w\/ca\/wp-json\/wp\/v2\/categories?post=12334"},{"taxonomy":"post_tag","embeddable":true,"href":"https:\/\/www.amatimmobiliaris.com\/w\/ca\/wp-json\/wp\/v2\/tags?post=12334"}],"curies":[{"name":"wp","href":"https:\/\/api.w.org\/{rel}","templated":true}]}}