{"id":12333,"date":"2014-04-22T15:02:07","date_gmt":"2014-04-22T15:02:07","guid":{"rendered":"http:\/\/amat-inmo-wp.localhost\/2014\/04\/22\/la-diada-de-sant-jordi\/"},"modified":"2023-04-19T12:17:47","modified_gmt":"2023-04-19T12:17:47","slug":"la-diada-de-sant-jordi","status":"publish","type":"post","link":"https:\/\/www.amatimmobiliaris.com\/w\/ca\/2014\/04\/la-diada-de-sant-jordi\/","title":{"rendered":"La diada de Sant Jordi"},"content":{"rendered":"<p style=\"text-align: center;\">\n<p style=\"text-align: justify;\">A <strong>Catalunya<\/strong> i en especial a <strong>Barcelona<\/strong> la <strong>festa de Sant Jordi<\/strong> es la m\u00e9s bonica de tot l\u2019any, i diem festa de Sant Jordi malgrat que \u00e9s dia laborable, perqu\u00e8 al carrer tot el dia \u00e9s una gran festa, \u00e9s una jornada excepcional.<\/p>\n<p style=\"text-align: justify;\">A Catalunya, Sant Jordi t\u00e9 una doble significaci\u00f3, \u00e9s <strong>el dia de l\u2019amor i el dia de la cultura<\/strong>, i aquestes dos eixos els visualitzem amb las rosa (l\u2019amor) i el llibre (la cultura).<\/p>\n<p style=\"text-align: justify;\">Per Sant Jordi la tradici\u00f3 comporta que l\u2019home regali una rosa a la dona estimada, i al contrari, aquesta dona regali a l\u2019home estimat un llibre.<\/p>\n<p style=\"text-align: justify;\"><!--more-->Per aix\u00f2 els carrers s\u2019omplen de parades de roses i de llibres (en moltes d\u2019elles els escriptors m\u00e9s reconeguts tenen llargues files de gent esperant perqu\u00e8 els hi signin un llibre), les cases s\u2019engalanen amb senyeres, i en molts recons de la ciutat a m\u00e9s de llibres i roses hi ha altres demostracions de la cultura catalana: castellers, grups de teatre, etc.<\/p>\n<p style=\"text-align: justify;\">Cada any visiten la ciutat i <strong>signen llibres escriptors reconeguts<\/strong> internacionalment, hi han passat des de Doris Lessing, John Irving, Coetzee, Vargas Llosa, Garcia Marquez , Murakami, i tamb\u00e9 locals. Segurament els que tindran m\u00e9s cua aquest any seran: Marta Rojals, Jaume Fuster, Enrique Vila-Matas, Xavier Bosch, Julia Navarro&#8230;<\/p>\n<p style=\"text-align: justify;\">Milers de persones omplen els carrers: canalla amb els seus mestres, parelles d\u2019enamorats (joves i no tan joves), hi ha moments que no es pot ni caminar pels principals carrers de la ciutat. I sabeu que \u00e9s el m\u00e9s bonic? Doncs que tothom somriu, tothom esta feli\u00e7 de poder participar d\u2019aquesta gran festa, s\u2019estableix una verdadera comuni\u00f3 entre el pa\u00eds, la ciutat, les persones, la cultura&#8230;<\/p>\n<p style=\"text-align: justify;\">Recomanem a tothom que pugui que vagi al centre de la ciutat i es deixi embolcallar per la multitud, per l\u2019olor de les roses, pel riure dels nens, per l\u2019atabalament dels joves, per les cues&#8230;.. \u00e9s una experi\u00e8ncia inoblidable, qui ho viu una vegada es converteix en un addicte.<\/p>\n<p style=\"text-align: justify;\">Participeu\u2013hi!!!\u00a0\u00a0 Feli\u00e7 Sant Jordi!!!<\/p>\n","protected":false},"excerpt":{"rendered":"<p>A Catalunya i en especial a Barcelona la festa de Sant Jordi es la m\u00e9s bonica de tot l\u2019any, i diem festa de Sant Jordi malgrat que \u00e9s dia laborable, perqu\u00e8 al carrer tot el dia \u00e9s una gran festa, \u00e9s una jornada excepcional. A Catalunya, Sant Jordi t\u00e9 una doble significaci\u00f3, \u00e9s el dia [&hellip;]<\/p>\n","protected":false},"author":1,"featured_media":0,"comment_status":"closed","ping_status":"open","sticky":false,"template":"","format":"standard","meta":{"content-type":"","footnotes":""},"categories":[741],"tags":[],"yoast_head":"<!-- This site is optimized with the Yoast SEO plugin v23.9 - https:\/\/yoast.com\/wordpress\/plugins\/seo\/ -->\n<title>La diada de Sant Jordi | Amat Immobiliaris<\/title>\n<meta name=\"robots\" content=\"index, follow, max-snippet:-1, max-image-preview:large, max-video-preview:-1\" \/>\n<link rel=\"canonical\" href=\"https:\/\/www.amatimmobiliaris.com\/w\/ca\/2014\/04\/la-diada-de-sant-jordi\/\" \/>\n<meta property=\"og:locale\" content=\"ca_ES\" \/>\n<meta property=\"og:type\" content=\"article\" \/>\n<meta property=\"og:title\" content=\"La diada de Sant Jordi | Amat Immobiliaris\" \/>\n<meta property=\"og:description\" content=\"A Catalunya i en especial a Barcelona la festa de Sant Jordi es la m\u00e9s bonica de tot l\u2019any, i diem festa de Sant Jordi malgrat que \u00e9s dia laborable, perqu\u00e8 al carrer tot el dia \u00e9s una gran festa, \u00e9s una jornada excepcional. A Catalunya, Sant Jordi t\u00e9 una doble significaci\u00f3, \u00e9s el dia [&hellip;]\" \/>\n<meta property=\"og:url\" content=\"https:\/\/www.amatimmobiliaris.com\/w\/ca\/2014\/04\/la-diada-de-sant-jordi\/\" \/>\n<meta property=\"og:site_name\" content=\"Amat Immobiliaris\" \/>\n<meta property=\"article:publisher\" content=\"https:\/\/www.facebook.com\/amatimmobiliaris\" \/>\n<meta property=\"article:published_time\" content=\"2014-04-22T15:02:07+00:00\" \/>\n<meta property=\"article:modified_time\" content=\"2023-04-19T12:17:47+00:00\" \/>\n<meta property=\"og:image\" content=\"https:\/\/www.amatimmobiliaris.com\/w\/wp-content\/uploads\/2022\/01\/2014-Saga-familiar-Amat-dw-1-1024x683.jpg\" \/>\n\t<meta property=\"og:image:width\" content=\"1024\" \/>\n\t<meta property=\"og:image:height\" content=\"683\" \/>\n\t<meta property=\"og:image:type\" content=\"image\/jpeg\" \/>\n<meta name=\"author\" content=\"Amat Immobiliaris\" \/>\n<meta name=\"twitter:card\" content=\"summary_large_image\" \/>\n<meta name=\"twitter:creator\" content=\"@amat_cat\" \/>\n<meta name=\"twitter:site\" content=\"@amat_cat\" \/>\n<meta name=\"twitter:label1\" content=\"Escrit per\" \/>\n\t<meta name=\"twitter:data1\" content=\"Amat Immobiliaris\" \/>\n\t<meta name=\"twitter:label2\" content=\"Temps estimat de lectura\" \/>\n\t<meta name=\"twitter:data2\" content=\"2 minuts\" \/>\n<script type=\"application\/ld+json\" class=\"yoast-schema-graph\">{\"@context\":\"https:\/\/schema.org\",\"@graph\":[{\"@type\":\"Article\",\"@id\":\"https:\/\/www.amatimmobiliaris.com\/w\/ca\/2014\/04\/la-diada-de-sant-jordi\/#article\",\"isPartOf\":{\"@id\":\"https:\/\/www.amatimmobiliaris.com\/w\/ca\/2014\/04\/la-diada-de-sant-jordi\/\"},\"author\":{\"name\":\"Amat Immobiliaris\",\"@id\":\"https:\/\/www.amatimmobiliaris.com\/w\/#\/schema\/person\/c880da71d1e156e7ea6774ffb445e034\"},\"headline\":\"La diada de Sant Jordi\",\"datePublished\":\"2014-04-22T15:02:07+00:00\",\"dateModified\":\"2023-04-19T12:17:47+00:00\",\"mainEntityOfPage\":{\"@id\":\"https:\/\/www.amatimmobiliaris.com\/w\/ca\/2014\/04\/la-diada-de-sant-jordi\/\"},\"wordCount\":359,\"publisher\":{\"@id\":\"https:\/\/www.amatimmobiliaris.com\/w\/#organization\"},\"articleSection\":[\"El mundo Amat\"],\"inLanguage\":\"ca\"},{\"@type\":\"WebPage\",\"@id\":\"https:\/\/www.amatimmobiliaris.com\/w\/ca\/2014\/04\/la-diada-de-sant-jordi\/\",\"url\":\"https:\/\/www.amatimmobiliaris.com\/w\/ca\/2014\/04\/la-diada-de-sant-jordi\/\",\"name\":\"La diada de Sant Jordi | Amat Immobiliaris\",\"isPartOf\":{\"@id\":\"https:\/\/www.amatimmobiliaris.com\/w\/#website\"},\"datePublished\":\"2014-04-22T15:02:07+00:00\",\"dateModified\":\"2023-04-19T12:17:47+00:00\",\"breadcrumb\":{\"@id\":\"https:\/\/www.amatimmobiliaris.com\/w\/ca\/2014\/04\/la-diada-de-sant-jordi\/#breadcrumb\"},\"inLanguage\":\"ca\",\"potentialAction\":[{\"@type\":\"ReadAction\",\"target\":[\"https:\/\/www.amatimmobiliaris.com\/w\/ca\/2014\/04\/la-diada-de-sant-jordi\/\"]}]},{\"@type\":\"BreadcrumbList\",\"@id\":\"https:\/\/www.amatimmobiliaris.com\/w\/ca\/2014\/04\/la-diada-de-sant-jordi\/#breadcrumb\",\"itemListElement\":[{\"@type\":\"ListItem\",\"position\":1,\"name\":\"Home\",\"item\":\"https:\/\/www.amatimmobiliaris.com\/w\/ca\/\"},{\"@type\":\"ListItem\",\"position\":2,\"name\":\"El mundo Amat\",\"item\":\"https:\/\/www.amatimmobiliaris.com\/w\/category\/el-mundo-amat\/\"},{\"@type\":\"ListItem\",\"position\":3,\"name\":\"La diada de Sant Jordi\"}]},{\"@type\":\"WebSite\",\"@id\":\"https:\/\/www.amatimmobiliaris.com\/w\/#website\",\"url\":\"https:\/\/www.amatimmobiliaris.com\/w\/\",\"name\":\"Amat Immobiliaris\",\"description\":\"Empresa familiar del sector inmobiliario con oficinas en Barcelona, Sant Cugat del Vall\u00e9s y Sant Just Desvern. Te ayudamos a comprar, alquilar o vender tu casa o piso. Somos un equipo coherente con una cultura de empresa honesta, innovadora y eficaz. Tambi\u00e9n en www.amatluxury.com\",\"publisher\":{\"@id\":\"https:\/\/www.amatimmobiliaris.com\/w\/#organization\"},\"alternateName\":\"AmatImmo\",\"potentialAction\":[{\"@type\":\"SearchAction\",\"target\":{\"@type\":\"EntryPoint\",\"urlTemplate\":\"https:\/\/www.amatimmobiliaris.com\/w\/?s={search_term_string}\"},\"query-input\":{\"@type\":\"PropertyValueSpecification\",\"valueRequired\":true,\"valueName\":\"search_term_string\"}}],\"inLanguage\":\"ca\"},{\"@type\":\"Organization\",\"@id\":\"https:\/\/www.amatimmobiliaris.com\/w\/#organization\",\"name\":\"Amat Immobiliaris\",\"url\":\"https:\/\/www.amatimmobiliaris.com\/w\/\",\"logo\":{\"@type\":\"ImageObject\",\"inLanguage\":\"ca\",\"@id\":\"https:\/\/www.amatimmobiliaris.com\/w\/#\/schema\/logo\/image\/\",\"url\":\"https:\/\/www.amatimmobiliaris.com\/w\/wp-content\/uploads\/2022\/10\/amat-logo.jpg\",\"contentUrl\":\"https:\/\/www.amatimmobiliaris.com\/w\/wp-content\/uploads\/2022\/10\/amat-logo.jpg\",\"width\":900,\"height\":900,\"caption\":\"Amat Immobiliaris\"},\"image\":{\"@id\":\"https:\/\/www.amatimmobiliaris.com\/w\/#\/schema\/logo\/image\/\"},\"sameAs\":[\"https:\/\/www.facebook.com\/amatimmobiliaris\",\"https:\/\/x.com\/amat_cat\",\"https:\/\/www.instagram.com\/amat_immo\/\",\"https:\/\/www.linkedin.com\/company\/amat-finques\/\",\"https:\/\/www.youtube.com\/@amatimmobiliaris\"]},{\"@type\":\"Person\",\"@id\":\"https:\/\/www.amatimmobiliaris.com\/w\/#\/schema\/person\/c880da71d1e156e7ea6774ffb445e034\",\"name\":\"Amat Immobiliaris\",\"sameAs\":[\"http:\/\/amat-inmo-wp.localhost\"]}]}<\/script>\n<!-- \/ Yoast SEO plugin. -->","yoast_head_json":{"title":"La diada de Sant Jordi | Amat Immobiliaris","robots":{"index":"index","follow":"follow","max-snippet":"max-snippet:-1","max-image-preview":"max-image-preview:large","max-video-preview":"max-video-preview:-1"},"canonical":"https:\/\/www.amatimmobiliaris.com\/w\/ca\/2014\/04\/la-diada-de-sant-jordi\/","og_locale":"ca_ES","og_type":"article","og_title":"La diada de Sant Jordi | Amat Immobiliaris","og_description":"A Catalunya i en especial a Barcelona la festa de Sant Jordi es la m\u00e9s bonica de tot l\u2019any, i diem festa de Sant Jordi malgrat que \u00e9s dia laborable, perqu\u00e8 al carrer tot el dia \u00e9s una gran festa, \u00e9s una jornada excepcional. A Catalunya, Sant Jordi t\u00e9 una doble significaci\u00f3, \u00e9s el dia [&hellip;]","og_url":"https:\/\/www.amatimmobiliaris.com\/w\/ca\/2014\/04\/la-diada-de-sant-jordi\/","og_site_name":"Amat Immobiliaris","article_publisher":"https:\/\/www.facebook.com\/amatimmobiliaris","article_published_time":"2014-04-22T15:02:07+00:00","article_modified_time":"2023-04-19T12:17:47+00:00","og_image":[{"width":1024,"height":683,"url":"https:\/\/www.amatimmobiliaris.com\/w\/wp-content\/uploads\/2022\/01\/2014-Saga-familiar-Amat-dw-1-1024x683.jpg","type":"image\/jpeg"}],"author":"Amat Immobiliaris","twitter_card":"summary_large_image","twitter_creator":"@amat_cat","twitter_site":"@amat_cat","twitter_misc":{"Escrit per":"Amat Immobiliaris","Temps estimat de lectura":"2 minuts"},"schema":{"@context":"https:\/\/schema.org","@graph":[{"@type":"Article","@id":"https:\/\/www.amatimmobiliaris.com\/w\/ca\/2014\/04\/la-diada-de-sant-jordi\/#article","isPartOf":{"@id":"https:\/\/www.amatimmobiliaris.com\/w\/ca\/2014\/04\/la-diada-de-sant-jordi\/"},"author":{"name":"Amat Immobiliaris","@id":"https:\/\/www.amatimmobiliaris.com\/w\/#\/schema\/person\/c880da71d1e156e7ea6774ffb445e034"},"headline":"La diada de Sant Jordi","datePublished":"2014-04-22T15:02:07+00:00","dateModified":"2023-04-19T12:17:47+00:00","mainEntityOfPage":{"@id":"https:\/\/www.amatimmobiliaris.com\/w\/ca\/2014\/04\/la-diada-de-sant-jordi\/"},"wordCount":359,"publisher":{"@id":"https:\/\/www.amatimmobiliaris.com\/w\/#organization"},"articleSection":["El mundo Amat"],"inLanguage":"ca"},{"@type":"WebPage","@id":"https:\/\/www.amatimmobiliaris.com\/w\/ca\/2014\/04\/la-diada-de-sant-jordi\/","url":"https:\/\/www.amatimmobiliaris.com\/w\/ca\/2014\/04\/la-diada-de-sant-jordi\/","name":"La diada de Sant Jordi | Amat Immobiliaris","isPartOf":{"@id":"https:\/\/www.amatimmobiliaris.com\/w\/#website"},"datePublished":"2014-04-22T15:02:07+00:00","dateModified":"2023-04-19T12:17:47+00:00","breadcrumb":{"@id":"https:\/\/www.amatimmobiliaris.com\/w\/ca\/2014\/04\/la-diada-de-sant-jordi\/#breadcrumb"},"inLanguage":"ca","potentialAction":[{"@type":"ReadAction","target":["https:\/\/www.amatimmobiliaris.com\/w\/ca\/2014\/04\/la-diada-de-sant-jordi\/"]}]},{"@type":"BreadcrumbList","@id":"https:\/\/www.amatimmobiliaris.com\/w\/ca\/2014\/04\/la-diada-de-sant-jordi\/#breadcrumb","itemListElement":[{"@type":"ListItem","position":1,"name":"Home","item":"https:\/\/www.amatimmobiliaris.com\/w\/ca\/"},{"@type":"ListItem","position":2,"name":"El mundo Amat","item":"https:\/\/www.amatimmobiliaris.com\/w\/category\/el-mundo-amat\/"},{"@type":"ListItem","position":3,"name":"La diada de Sant Jordi"}]},{"@type":"WebSite","@id":"https:\/\/www.amatimmobiliaris.com\/w\/#website","url":"https:\/\/www.amatimmobiliaris.com\/w\/","name":"Amat Immobiliaris","description":"Empresa familiar del sector inmobiliario con oficinas en Barcelona, Sant Cugat del Vall\u00e9s y Sant Just Desvern. Te ayudamos a comprar, alquilar o vender tu casa o piso. Somos un equipo coherente con una cultura de empresa honesta, innovadora y eficaz. Tambi\u00e9n en www.amatluxury.com","publisher":{"@id":"https:\/\/www.amatimmobiliaris.com\/w\/#organization"},"alternateName":"AmatImmo","potentialAction":[{"@type":"SearchAction","target":{"@type":"EntryPoint","urlTemplate":"https:\/\/www.amatimmobiliaris.com\/w\/?s={search_term_string}"},"query-input":{"@type":"PropertyValueSpecification","valueRequired":true,"valueName":"search_term_string"}}],"inLanguage":"ca"},{"@type":"Organization","@id":"https:\/\/www.amatimmobiliaris.com\/w\/#organization","name":"Amat Immobiliaris","url":"https:\/\/www.amatimmobiliaris.com\/w\/","logo":{"@type":"ImageObject","inLanguage":"ca","@id":"https:\/\/www.amatimmobiliaris.com\/w\/#\/schema\/logo\/image\/","url":"https:\/\/www.amatimmobiliaris.com\/w\/wp-content\/uploads\/2022\/10\/amat-logo.jpg","contentUrl":"https:\/\/www.amatimmobiliaris.com\/w\/wp-content\/uploads\/2022\/10\/amat-logo.jpg","width":900,"height":900,"caption":"Amat Immobiliaris"},"image":{"@id":"https:\/\/www.amatimmobiliaris.com\/w\/#\/schema\/logo\/image\/"},"sameAs":["https:\/\/www.facebook.com\/amatimmobiliaris","https:\/\/x.com\/amat_cat","https:\/\/www.instagram.com\/amat_immo\/","https:\/\/www.linkedin.com\/company\/amat-finques\/","https:\/\/www.youtube.com\/@amatimmobiliaris"]},{"@type":"Person","@id":"https:\/\/www.amatimmobiliaris.com\/w\/#\/schema\/person\/c880da71d1e156e7ea6774ffb445e034","name":"Amat Immobiliaris","sameAs":["http:\/\/amat-inmo-wp.localhost"]}]}},"_links":{"self":[{"href":"https:\/\/www.amatimmobiliaris.com\/w\/ca\/wp-json\/wp\/v2\/posts\/12333"}],"collection":[{"href":"https:\/\/www.amatimmobiliaris.com\/w\/ca\/wp-json\/wp\/v2\/posts"}],"about":[{"href":"https:\/\/www.amatimmobiliaris.com\/w\/ca\/wp-json\/wp\/v2\/types\/post"}],"author":[{"embeddable":true,"href":"https:\/\/www.amatimmobiliaris.com\/w\/ca\/wp-json\/wp\/v2\/users\/1"}],"replies":[{"embeddable":true,"href":"https:\/\/www.amatimmobiliaris.com\/w\/ca\/wp-json\/wp\/v2\/comments?post=12333"}],"version-history":[{"count":1,"href":"https:\/\/www.amatimmobiliaris.com\/w\/ca\/wp-json\/wp\/v2\/posts\/12333\/revisions"}],"predecessor-version":[{"id":24860,"href":"https:\/\/www.amatimmobiliaris.com\/w\/ca\/wp-json\/wp\/v2\/posts\/12333\/revisions\/24860"}],"wp:attachment":[{"href":"https:\/\/www.amatimmobiliaris.com\/w\/ca\/wp-json\/wp\/v2\/media?parent=12333"}],"wp:term":[{"taxonomy":"category","embeddable":true,"href":"https:\/\/www.amatimmobiliaris.com\/w\/ca\/wp-json\/wp\/v2\/categories?post=12333"},{"taxonomy":"post_tag","embeddable":true,"href":"https:\/\/www.amatimmobiliaris.com\/w\/ca\/wp-json\/wp\/v2\/tags?post=12333"}],"curies":[{"name":"wp","href":"https:\/\/api.w.org\/{rel}","templated":true}]}}