{"id":12320,"date":"2013-12-19T12:01:48","date_gmt":"2013-12-19T12:01:48","guid":{"rendered":"http:\/\/amat-inmo-wp.localhost\/2013\/12\/19\/no-parem\/"},"modified":"2023-05-18T14:43:13","modified_gmt":"2023-05-18T14:43:13","slug":"no-parem","status":"publish","type":"post","link":"https:\/\/www.amatimmobiliaris.com\/w\/ca\/2013\/12\/no-parem\/","title":{"rendered":"No parem!"},"content":{"rendered":"<p>A primers de mes vaig anar a Lima a <strong>recollir el Premi IWEC<\/strong>\u00a0i\u00a0va ser una experi\u00e8ncia molt positiva trobar-se amb dones empres\u00e0ries d&#8217;arreu del m\u00f3n, adonar-se que compartim els mateixos problemes, les mateixes inquietuds&#8230; canviant aix\u00f2 i la dimensi\u00f3. Espectacular el creixement i la vitalitat de Lima, edificis nous per tota la ciutat, deu milions i mig d&#8217;habitants, grues i m\u00e9s grues per tot arreu. Agra\u00efment especial a la Cambra de Comer\u00e7 de Barcelona per l&#8217;organitzaci\u00f3 i atencions rebudes.<\/p>\n<p>A mitjans de mes v\u00e0rem assistir a Barcelona al <strong><a title=\"II F\u00f2rum Jutges \/ Administradors\" href=\"https:\/\/www.amatimmobiliaris.com\/w\/ca\/2013\/11\/ii-forum-jutges-administradors-de-finques\/\" target=\"_blank\" rel=\"noopener\">II F\u00f2rum Jutges \/ Administradors de finques<\/a><\/strong>.\u00a0Sempre \u00e9s una experi\u00e8ncia interessant poder debatre sobre temes que ens afecten tant com la proposta de Nova Llei de Propietat Horitzontal, que caldr\u00e0 adequar al moment econ\u00f2mic i social que estem vivint, on Amat defensa nous criteris pel bon funcionament de la junta de govern de les comunitats de propietaris (no pot ser que cada any comencin de zero). Cal que hi hagi una continu\u00eftat entre junta i junta, cal buscar f\u00f3rmules perqu\u00e8 es continu\u00efn les pol\u00edtiques de manteniment de les finques, estroncades amb l&#8217;arribada de la crisi, i moltes altres coses m\u00e9s.<\/p>\n<p>Parlant d&#8217;administraci\u00f3 de finques, l&#8217;\u00e0rea Patrimonial d&#8217;Amat estem plenament satisfets d&#8217;haver finalitzat ja un dels nostres objectius d&#8217;aquest 2013: la incorporaci\u00f3 del programa FacturaScan i digitalitzaci\u00f3 per tota l&#8217;\u00e0rea, de forma que tant en l&#8217;administraci\u00f3 de finques en lloguer com en les comunitats de propietaris, ho tenim TOT automatitzat, impossible l&#8217;error. Ha estat un proc\u00e9s llarg i complicat per\u00f2 \u00e9s la major garantia i tranquil\u00b7litat pels nostres clients.<\/p>\n<p>A finals de mes tamb\u00e9 hem anat a Madrid a la <strong><a title=\"Trobada sobre gesti\u00f3 d\u2019actius immobiliaris a Madrid\" href=\"https:\/\/www.amatimmobiliaris.com\/w\/ca\/2013\/12\/trobada-sobre-gestio-dactius-immobiliaris-a-madrid\/\" target=\"_blank\" rel=\"noopener\">8\u00aa Trobada especialitzada sobre Gesti\u00f3 d&#8217;Actius Immobiliaris<\/a><\/strong>.\u00a0Interessants la major part de les pon\u00e8ncies, en especial les que parlaven m\u00e9s de futur que de passat i present. Com per exemple l&#8217;explicaci\u00f3 per part del Banc de Sabadell sobre com han estudiat els diferents s\u00f2ls que els han arribat, com els han classificat, i les pol\u00edtiques que pensen seguir. Si m\u00e9s no va ser positiva i esperan\u00e7adora.<\/p>\n<p>Per \u00faltim, com va l&#8217;\u00e0rea Comercial d&#8217;Amat? Doncs volem posar de manifest que octubre i novembre han estat dos mesos amb for\u00e7a vida comercial. Sembla que l&#8217;arribada del final d&#8217;any hagi animat els compradors o, si m\u00e9s no, que hagin ent\u00e8s que \u00e9s ARA l&#8217;oportunitat de bon preu. Som dels que pensem que l&#8217;any vinent poden repuntar els preus en algunes zones. I una molt bona not\u00edcia \u00e9s que hem comen\u00e7at a llogar locals (feia 5 anys que llogar un local comercial era un fet excepcional): des que hem tornat de vacances n&#8217;hem llogat m\u00e9s que no pas durant els dos anys anteriors.<\/p>\n<p>Per acabar, precisament aquests dies estem a la <strong><a title=\"LPS Shanghai\" href=\"https:\/\/shanghai.lps-china.com\/\" target=\"_blank\" rel=\"noopener\">fira LPS Shanghai<\/a><\/strong>.\u00a0Qui ens ho havia de dir? Ja us explicarem l&#8217;experi\u00e8ncia!<\/p>\n<p><strong>&#8220;Com lluitar\u00e9 tan sols amb mots in\u00fatils, de qu\u00e8 serveix el crit dels lluitadors?&#8221; &#8211; Salvador Espriu<\/strong><\/p>\n","protected":false},"excerpt":{"rendered":"<p>A primers de mes vaig anar a Lima a recollir el Premi IWEC\u00a0i\u00a0va ser una experi\u00e8ncia molt positiva trobar-se amb dones empres\u00e0ries d&#8217;arreu del m\u00f3n, adonar-se que compartim els mateixos problemes, les mateixes inquietuds&#8230; canviant aix\u00f2 i la dimensi\u00f3. Espectacular el creixement i la vitalitat de Lima, edificis nous per tota la ciutat, deu milions [&hellip;]<\/p>\n","protected":false},"author":1,"featured_media":0,"comment_status":"closed","ping_status":"closed","sticky":false,"template":"","format":"standard","meta":{"content-type":"","footnotes":""},"categories":[1155,1159,1160],"tags":[85,86,674,89],"yoast_head":"<!-- This site is optimized with the Yoast SEO plugin v23.9 - https:\/\/yoast.com\/wordpress\/plugins\/seo\/ -->\n<title>No parem! | Amat Immobiliaris<\/title>\n<meta name=\"description\" content=\"A primers de mes vaig anar a Lima a recollir el Premi IWEC, a mitjans v\u00e0rem assistir a Barcelona al II F\u00f2rum Jutges. No parem!\" \/>\n<meta name=\"robots\" content=\"index, follow, max-snippet:-1, max-image-preview:large, max-video-preview:-1\" \/>\n<link rel=\"canonical\" href=\"https:\/\/www.amatimmobiliaris.com\/w\/ca\/2013\/12\/no-parem\/\" \/>\n<meta property=\"og:locale\" content=\"ca_ES\" \/>\n<meta property=\"og:type\" content=\"article\" \/>\n<meta property=\"og:title\" content=\"No parem! | Amat Immobiliaris\" \/>\n<meta property=\"og:description\" content=\"A primers de mes vaig anar a Lima a recollir el Premi IWEC, a mitjans v\u00e0rem assistir a Barcelona al II F\u00f2rum Jutges. No parem!\" \/>\n<meta property=\"og:url\" content=\"https:\/\/www.amatimmobiliaris.com\/w\/ca\/2013\/12\/no-parem\/\" \/>\n<meta property=\"og:site_name\" content=\"Amat Immobiliaris\" \/>\n<meta property=\"article:publisher\" content=\"https:\/\/www.facebook.com\/amatimmobiliaris\" \/>\n<meta property=\"article:published_time\" content=\"2013-12-19T12:01:48+00:00\" \/>\n<meta property=\"article:modified_time\" content=\"2023-05-18T14:43:13+00:00\" \/>\n<meta property=\"og:image\" content=\"https:\/\/www.amatimmobiliaris.com\/w\/wp-content\/uploads\/2022\/01\/2014-Saga-familiar-Amat-dw-1-1024x683.jpg\" \/>\n\t<meta property=\"og:image:width\" content=\"1024\" \/>\n\t<meta property=\"og:image:height\" content=\"683\" \/>\n\t<meta property=\"og:image:type\" content=\"image\/jpeg\" \/>\n<meta name=\"author\" content=\"Amat Immobiliaris\" \/>\n<meta name=\"twitter:card\" content=\"summary_large_image\" \/>\n<meta name=\"twitter:creator\" content=\"@amat_cat\" \/>\n<meta name=\"twitter:site\" content=\"@amat_cat\" \/>\n<meta name=\"twitter:label1\" content=\"Escrit per\" \/>\n\t<meta name=\"twitter:data1\" content=\"Amat Immobiliaris\" \/>\n\t<meta name=\"twitter:label2\" content=\"Temps estimat de lectura\" \/>\n\t<meta name=\"twitter:data2\" content=\"3 minuts\" \/>\n<script type=\"application\/ld+json\" class=\"yoast-schema-graph\">{\"@context\":\"https:\/\/schema.org\",\"@graph\":[{\"@type\":\"Article\",\"@id\":\"https:\/\/www.amatimmobiliaris.com\/w\/ca\/2013\/12\/no-parem\/#article\",\"isPartOf\":{\"@id\":\"https:\/\/www.amatimmobiliaris.com\/w\/ca\/2013\/12\/no-parem\/\"},\"author\":{\"name\":\"Amat Immobiliaris\",\"@id\":\"https:\/\/www.amatimmobiliaris.com\/w\/#\/schema\/person\/c880da71d1e156e7ea6774ffb445e034\"},\"headline\":\"No parem!\",\"datePublished\":\"2013-12-19T12:01:48+00:00\",\"dateModified\":\"2023-05-18T14:43:13+00:00\",\"mainEntityOfPage\":{\"@id\":\"https:\/\/www.amatimmobiliaris.com\/w\/ca\/2013\/12\/no-parem\/\"},\"wordCount\":508,\"publisher\":{\"@id\":\"https:\/\/www.amatimmobiliaris.com\/w\/#organization\"},\"keywords\":[\"Diari del canvi\",\"Immaculada Amat\",\"Mercat immobiliari\",\"Sector immobiliari\"],\"articleSection\":[\"Esdeveniments\",\"Reflexions\",\"Sector Immobiliari\"],\"inLanguage\":\"ca\"},{\"@type\":\"WebPage\",\"@id\":\"https:\/\/www.amatimmobiliaris.com\/w\/ca\/2013\/12\/no-parem\/\",\"url\":\"https:\/\/www.amatimmobiliaris.com\/w\/ca\/2013\/12\/no-parem\/\",\"name\":\"No parem! | Amat Immobiliaris\",\"isPartOf\":{\"@id\":\"https:\/\/www.amatimmobiliaris.com\/w\/#website\"},\"datePublished\":\"2013-12-19T12:01:48+00:00\",\"dateModified\":\"2023-05-18T14:43:13+00:00\",\"description\":\"A primers de mes vaig anar a Lima a recollir el Premi IWEC, a mitjans v\u00e0rem assistir a Barcelona al II F\u00f2rum Jutges. No parem!\",\"breadcrumb\":{\"@id\":\"https:\/\/www.amatimmobiliaris.com\/w\/ca\/2013\/12\/no-parem\/#breadcrumb\"},\"inLanguage\":\"ca\",\"potentialAction\":[{\"@type\":\"ReadAction\",\"target\":[\"https:\/\/www.amatimmobiliaris.com\/w\/ca\/2013\/12\/no-parem\/\"]}]},{\"@type\":\"BreadcrumbList\",\"@id\":\"https:\/\/www.amatimmobiliaris.com\/w\/ca\/2013\/12\/no-parem\/#breadcrumb\",\"itemListElement\":[{\"@type\":\"ListItem\",\"position\":1,\"name\":\"Home\",\"item\":\"https:\/\/www.amatimmobiliaris.com\/w\/ca\/\"},{\"@type\":\"ListItem\",\"position\":2,\"name\":\"El m\u00f3n Amat\",\"item\":\"https:\/\/www.amatimmobiliaris.com\/w\/ca\/categoria-ca\/el-mon-amat-ca\/\"},{\"@type\":\"ListItem\",\"position\":3,\"name\":\"Reflexions\",\"item\":\"https:\/\/www.amatimmobiliaris.com\/w\/ca\/categoria-ca\/el-mon-amat-ca\/reflexions-ca\/\"},{\"@type\":\"ListItem\",\"position\":4,\"name\":\"No parem!\"}]},{\"@type\":\"WebSite\",\"@id\":\"https:\/\/www.amatimmobiliaris.com\/w\/#website\",\"url\":\"https:\/\/www.amatimmobiliaris.com\/w\/\",\"name\":\"Amat Immobiliaris\",\"description\":\"Empresa familiar del sector inmobiliario con oficinas en Barcelona, Sant Cugat del Vall\u00e9s y Sant Just Desvern. Te ayudamos a comprar, alquilar o vender tu casa o piso. Somos un equipo coherente con una cultura de empresa honesta, innovadora y eficaz. Tambi\u00e9n en www.amatluxury.com\",\"publisher\":{\"@id\":\"https:\/\/www.amatimmobiliaris.com\/w\/#organization\"},\"alternateName\":\"AmatImmo\",\"potentialAction\":[{\"@type\":\"SearchAction\",\"target\":{\"@type\":\"EntryPoint\",\"urlTemplate\":\"https:\/\/www.amatimmobiliaris.com\/w\/?s={search_term_string}\"},\"query-input\":{\"@type\":\"PropertyValueSpecification\",\"valueRequired\":true,\"valueName\":\"search_term_string\"}}],\"inLanguage\":\"ca\"},{\"@type\":\"Organization\",\"@id\":\"https:\/\/www.amatimmobiliaris.com\/w\/#organization\",\"name\":\"Amat Immobiliaris\",\"url\":\"https:\/\/www.amatimmobiliaris.com\/w\/\",\"logo\":{\"@type\":\"ImageObject\",\"inLanguage\":\"ca\",\"@id\":\"https:\/\/www.amatimmobiliaris.com\/w\/#\/schema\/logo\/image\/\",\"url\":\"https:\/\/www.amatimmobiliaris.com\/w\/wp-content\/uploads\/2022\/10\/amat-logo.jpg\",\"contentUrl\":\"https:\/\/www.amatimmobiliaris.com\/w\/wp-content\/uploads\/2022\/10\/amat-logo.jpg\",\"width\":900,\"height\":900,\"caption\":\"Amat Immobiliaris\"},\"image\":{\"@id\":\"https:\/\/www.amatimmobiliaris.com\/w\/#\/schema\/logo\/image\/\"},\"sameAs\":[\"https:\/\/www.facebook.com\/amatimmobiliaris\",\"https:\/\/x.com\/amat_cat\",\"https:\/\/www.instagram.com\/amat_immo\/\",\"https:\/\/www.linkedin.com\/company\/amat-finques\/\",\"https:\/\/www.youtube.com\/@amatimmobiliaris\"]},{\"@type\":\"Person\",\"@id\":\"https:\/\/www.amatimmobiliaris.com\/w\/#\/schema\/person\/c880da71d1e156e7ea6774ffb445e034\",\"name\":\"Amat Immobiliaris\",\"sameAs\":[\"http:\/\/amat-inmo-wp.localhost\"]}]}<\/script>\n<!-- \/ Yoast SEO plugin. -->","yoast_head_json":{"title":"No parem! | Amat Immobiliaris","description":"A primers de mes vaig anar a Lima a recollir el Premi IWEC, a mitjans v\u00e0rem assistir a Barcelona al II F\u00f2rum Jutges. No parem!","robots":{"index":"index","follow":"follow","max-snippet":"max-snippet:-1","max-image-preview":"max-image-preview:large","max-video-preview":"max-video-preview:-1"},"canonical":"https:\/\/www.amatimmobiliaris.com\/w\/ca\/2013\/12\/no-parem\/","og_locale":"ca_ES","og_type":"article","og_title":"No parem! | Amat Immobiliaris","og_description":"A primers de mes vaig anar a Lima a recollir el Premi IWEC, a mitjans v\u00e0rem assistir a Barcelona al II F\u00f2rum Jutges. No parem!","og_url":"https:\/\/www.amatimmobiliaris.com\/w\/ca\/2013\/12\/no-parem\/","og_site_name":"Amat Immobiliaris","article_publisher":"https:\/\/www.facebook.com\/amatimmobiliaris","article_published_time":"2013-12-19T12:01:48+00:00","article_modified_time":"2023-05-18T14:43:13+00:00","og_image":[{"width":1024,"height":683,"url":"https:\/\/www.amatimmobiliaris.com\/w\/wp-content\/uploads\/2022\/01\/2014-Saga-familiar-Amat-dw-1-1024x683.jpg","type":"image\/jpeg"}],"author":"Amat Immobiliaris","twitter_card":"summary_large_image","twitter_creator":"@amat_cat","twitter_site":"@amat_cat","twitter_misc":{"Escrit per":"Amat Immobiliaris","Temps estimat de lectura":"3 minuts"},"schema":{"@context":"https:\/\/schema.org","@graph":[{"@type":"Article","@id":"https:\/\/www.amatimmobiliaris.com\/w\/ca\/2013\/12\/no-parem\/#article","isPartOf":{"@id":"https:\/\/www.amatimmobiliaris.com\/w\/ca\/2013\/12\/no-parem\/"},"author":{"name":"Amat Immobiliaris","@id":"https:\/\/www.amatimmobiliaris.com\/w\/#\/schema\/person\/c880da71d1e156e7ea6774ffb445e034"},"headline":"No parem!","datePublished":"2013-12-19T12:01:48+00:00","dateModified":"2023-05-18T14:43:13+00:00","mainEntityOfPage":{"@id":"https:\/\/www.amatimmobiliaris.com\/w\/ca\/2013\/12\/no-parem\/"},"wordCount":508,"publisher":{"@id":"https:\/\/www.amatimmobiliaris.com\/w\/#organization"},"keywords":["Diari del canvi","Immaculada Amat","Mercat immobiliari","Sector immobiliari"],"articleSection":["Esdeveniments","Reflexions","Sector Immobiliari"],"inLanguage":"ca"},{"@type":"WebPage","@id":"https:\/\/www.amatimmobiliaris.com\/w\/ca\/2013\/12\/no-parem\/","url":"https:\/\/www.amatimmobiliaris.com\/w\/ca\/2013\/12\/no-parem\/","name":"No parem! | Amat Immobiliaris","isPartOf":{"@id":"https:\/\/www.amatimmobiliaris.com\/w\/#website"},"datePublished":"2013-12-19T12:01:48+00:00","dateModified":"2023-05-18T14:43:13+00:00","description":"A primers de mes vaig anar a Lima a recollir el Premi IWEC, a mitjans v\u00e0rem assistir a Barcelona al II F\u00f2rum Jutges. No parem!","breadcrumb":{"@id":"https:\/\/www.amatimmobiliaris.com\/w\/ca\/2013\/12\/no-parem\/#breadcrumb"},"inLanguage":"ca","potentialAction":[{"@type":"ReadAction","target":["https:\/\/www.amatimmobiliaris.com\/w\/ca\/2013\/12\/no-parem\/"]}]},{"@type":"BreadcrumbList","@id":"https:\/\/www.amatimmobiliaris.com\/w\/ca\/2013\/12\/no-parem\/#breadcrumb","itemListElement":[{"@type":"ListItem","position":1,"name":"Home","item":"https:\/\/www.amatimmobiliaris.com\/w\/ca\/"},{"@type":"ListItem","position":2,"name":"El m\u00f3n Amat","item":"https:\/\/www.amatimmobiliaris.com\/w\/ca\/categoria-ca\/el-mon-amat-ca\/"},{"@type":"ListItem","position":3,"name":"Reflexions","item":"https:\/\/www.amatimmobiliaris.com\/w\/ca\/categoria-ca\/el-mon-amat-ca\/reflexions-ca\/"},{"@type":"ListItem","position":4,"name":"No parem!"}]},{"@type":"WebSite","@id":"https:\/\/www.amatimmobiliaris.com\/w\/#website","url":"https:\/\/www.amatimmobiliaris.com\/w\/","name":"Amat Immobiliaris","description":"Empresa familiar del sector inmobiliario con oficinas en Barcelona, Sant Cugat del Vall\u00e9s y Sant Just Desvern. Te ayudamos a comprar, alquilar o vender tu casa o piso. Somos un equipo coherente con una cultura de empresa honesta, innovadora y eficaz. Tambi\u00e9n en www.amatluxury.com","publisher":{"@id":"https:\/\/www.amatimmobiliaris.com\/w\/#organization"},"alternateName":"AmatImmo","potentialAction":[{"@type":"SearchAction","target":{"@type":"EntryPoint","urlTemplate":"https:\/\/www.amatimmobiliaris.com\/w\/?s={search_term_string}"},"query-input":{"@type":"PropertyValueSpecification","valueRequired":true,"valueName":"search_term_string"}}],"inLanguage":"ca"},{"@type":"Organization","@id":"https:\/\/www.amatimmobiliaris.com\/w\/#organization","name":"Amat Immobiliaris","url":"https:\/\/www.amatimmobiliaris.com\/w\/","logo":{"@type":"ImageObject","inLanguage":"ca","@id":"https:\/\/www.amatimmobiliaris.com\/w\/#\/schema\/logo\/image\/","url":"https:\/\/www.amatimmobiliaris.com\/w\/wp-content\/uploads\/2022\/10\/amat-logo.jpg","contentUrl":"https:\/\/www.amatimmobiliaris.com\/w\/wp-content\/uploads\/2022\/10\/amat-logo.jpg","width":900,"height":900,"caption":"Amat Immobiliaris"},"image":{"@id":"https:\/\/www.amatimmobiliaris.com\/w\/#\/schema\/logo\/image\/"},"sameAs":["https:\/\/www.facebook.com\/amatimmobiliaris","https:\/\/x.com\/amat_cat","https:\/\/www.instagram.com\/amat_immo\/","https:\/\/www.linkedin.com\/company\/amat-finques\/","https:\/\/www.youtube.com\/@amatimmobiliaris"]},{"@type":"Person","@id":"https:\/\/www.amatimmobiliaris.com\/w\/#\/schema\/person\/c880da71d1e156e7ea6774ffb445e034","name":"Amat Immobiliaris","sameAs":["http:\/\/amat-inmo-wp.localhost"]}]}},"_links":{"self":[{"href":"https:\/\/www.amatimmobiliaris.com\/w\/ca\/wp-json\/wp\/v2\/posts\/12320"}],"collection":[{"href":"https:\/\/www.amatimmobiliaris.com\/w\/ca\/wp-json\/wp\/v2\/posts"}],"about":[{"href":"https:\/\/www.amatimmobiliaris.com\/w\/ca\/wp-json\/wp\/v2\/types\/post"}],"author":[{"embeddable":true,"href":"https:\/\/www.amatimmobiliaris.com\/w\/ca\/wp-json\/wp\/v2\/users\/1"}],"replies":[{"embeddable":true,"href":"https:\/\/www.amatimmobiliaris.com\/w\/ca\/wp-json\/wp\/v2\/comments?post=12320"}],"version-history":[{"count":4,"href":"https:\/\/www.amatimmobiliaris.com\/w\/ca\/wp-json\/wp\/v2\/posts\/12320\/revisions"}],"predecessor-version":[{"id":26204,"href":"https:\/\/www.amatimmobiliaris.com\/w\/ca\/wp-json\/wp\/v2\/posts\/12320\/revisions\/26204"}],"wp:attachment":[{"href":"https:\/\/www.amatimmobiliaris.com\/w\/ca\/wp-json\/wp\/v2\/media?parent=12320"}],"wp:term":[{"taxonomy":"category","embeddable":true,"href":"https:\/\/www.amatimmobiliaris.com\/w\/ca\/wp-json\/wp\/v2\/categories?post=12320"},{"taxonomy":"post_tag","embeddable":true,"href":"https:\/\/www.amatimmobiliaris.com\/w\/ca\/wp-json\/wp\/v2\/tags?post=12320"}],"curies":[{"name":"wp","href":"https:\/\/api.w.org\/{rel}","templated":true}]}}