{"id":12309,"date":"2013-10-15T11:06:28","date_gmt":"2013-10-15T11:06:28","guid":{"rendered":"http:\/\/amat-inmo-wp.localhost\/2013\/10\/15\/23e-sopar-de-lentorn-immobiliari-amb-larquitecte-antoni-ubach\/"},"modified":"2023-05-05T14:39:25","modified_gmt":"2023-05-05T14:39:25","slug":"23e-sopar-de-lentorn-immobiliari-amb-larquitecte-antoni-ubach","status":"publish","type":"post","link":"https:\/\/www.amatimmobiliaris.com\/w\/ca\/2013\/10\/23e-sopar-de-lentorn-immobiliari-amb-larquitecte-antoni-ubach\/","title":{"rendered":"23\u00e8 Sopar de l\u2019Entorn Immobiliari amb l&#8217;arquitecte Antoni Ubach"},"content":{"rendered":"<p><object width=\"430\" height=\"242\" classid=\"clsid:d27cdb6e-ae6d-11cf-96b8-444553540000\" codebase=\"http:\/\/download.macromedia.com\/pub\/shockwave\/cabs\/flash\/swflash.cab#version=6,0,40,0\"><param name=\"allowFullScreen\" value=\"true\" \/><param name=\"allowscriptaccess\" value=\"always\" \/><param name=\"src\" value=\"\/\/www.youtube.com\/v\/DiakkPClV1c?version=3&amp;hl=es_ES&amp;rel=0\" \/><param name=\"allowfullscreen\" value=\"true\" \/><embed width=\"430\" height=\"242\" type=\"application\/x-shockwave-flash\" src=\"\/\/www.youtube.com\/v\/DiakkPClV1c?version=3&amp;hl=es_ES&amp;rel=0\" allowFullScreen=\"true\" allowscriptaccess=\"always\" allowfullscreen=\"true\" \/><\/object><\/p>\n<p>L&#8217;arquitecte Ubach ens va parlar de l&#8217;ofici d&#8217;arquitecte des de l&#8217;etimologia de la paraula, que vol dir &#8220;paleta major&#8221;, fins a com veu ell la funci\u00f3 de l&#8217;arquitecte en aquest moment: ha de ser la persona que m\u00e9s conegui l&#8217;obra, els materials, que m\u00e9s escolti no solament el client sin\u00f3 tamb\u00e9 els encarregats, paletes, industrials&#8230;<\/p>\n<p>\u00c9s un defensor del concepte de lloguer per sobre del de la propietat horitzontal. Creu que el propietari patrimonialista es mira l&#8217;edifici a llarg termini i per aix\u00f2 escull un projecte i uns materials destinats a durar i busca construir de tal manera que els costos de manteniment posteriors siguin els m\u00ednims possibles.<\/p>\n<p>Va donar la seva opini\u00f3 sobre les normatives europees, moltes d&#8217;elles pensades per a pa\u00efsos del Nord, on la climatologia \u00e9s molt diferent a la dels pa\u00efsos mediterranis. Aix\u00ed, en temes com per exemple l&#8217;a\u00efllament, al Nord \u00e9s segurament necessari un gran a\u00efllament de l&#8217;exterior perqu\u00e8 l&#8217;\u00fanic que els preocupa \u00e9s el fred, mentre que als del Mediterrani el que m\u00e9s ens preocupa \u00e9s la calor.<\/p>\n<p>Les opinions del Dr. Ubach van generar un enriquidor debat, un dels m\u00e9s llargs i apassionat de tots els sopars.<\/p>\n","protected":false},"excerpt":{"rendered":"<p>L&#8217;arquitecte Ubach ens va parlar de l&#8217;ofici d&#8217;arquitecte des de l&#8217;etimologia de la paraula, que vol dir &#8220;paleta major&#8221;, fins a com veu ell la funci\u00f3 de l&#8217;arquitecte en aquest moment: ha de ser la persona que m\u00e9s conegui l&#8217;obra, els materials, que m\u00e9s escolti no solament el client sin\u00f3 tamb\u00e9 els encarregats, paletes, industrials&#8230; [&hellip;]<\/p>\n","protected":false},"author":1,"featured_media":0,"comment_status":"closed","ping_status":"open","sticky":false,"template":"","format":"standard","meta":{"content-type":"","footnotes":""},"categories":[742],"tags":[573,113,1691],"yoast_head":"<!-- This site is optimized with the Yoast SEO plugin v23.9 - https:\/\/yoast.com\/wordpress\/plugins\/seo\/ -->\n<title>23\u00e8 Sopar de l\u2019Entorn Immobiliari amb l&#039;arquitecte Antoni Ubach | Amat Immobiliaris<\/title>\n<meta name=\"robots\" content=\"index, follow, max-snippet:-1, max-image-preview:large, max-video-preview:-1\" \/>\n<link rel=\"canonical\" href=\"https:\/\/www.amatimmobiliaris.com\/w\/ca\/2013\/10\/23e-sopar-de-lentorn-immobiliari-amb-larquitecte-antoni-ubach\/\" \/>\n<meta property=\"og:locale\" content=\"ca_ES\" \/>\n<meta property=\"og:type\" content=\"article\" \/>\n<meta property=\"og:title\" content=\"23\u00e8 Sopar de l\u2019Entorn Immobiliari amb l&#039;arquitecte Antoni Ubach | Amat Immobiliaris\" \/>\n<meta property=\"og:description\" content=\"L&#8217;arquitecte Ubach ens va parlar de l&#8217;ofici d&#8217;arquitecte des de l&#8217;etimologia de la paraula, que vol dir &#8220;paleta major&#8221;, fins a com veu ell la funci\u00f3 de l&#8217;arquitecte en aquest moment: ha de ser la persona que m\u00e9s conegui l&#8217;obra, els materials, que m\u00e9s escolti no solament el client sin\u00f3 tamb\u00e9 els encarregats, paletes, industrials&#8230; [&hellip;]\" \/>\n<meta property=\"og:url\" content=\"https:\/\/www.amatimmobiliaris.com\/w\/ca\/2013\/10\/23e-sopar-de-lentorn-immobiliari-amb-larquitecte-antoni-ubach\/\" \/>\n<meta property=\"og:site_name\" content=\"Amat Immobiliaris\" \/>\n<meta property=\"article:publisher\" content=\"https:\/\/www.facebook.com\/amatimmobiliaris\" \/>\n<meta property=\"article:published_time\" content=\"2013-10-15T11:06:28+00:00\" \/>\n<meta property=\"article:modified_time\" content=\"2023-05-05T14:39:25+00:00\" \/>\n<meta property=\"og:image\" content=\"https:\/\/www.amatimmobiliaris.com\/w\/wp-content\/uploads\/2022\/01\/2014-Saga-familiar-Amat-dw-1-1024x683.jpg\" \/>\n\t<meta property=\"og:image:width\" content=\"1024\" \/>\n\t<meta property=\"og:image:height\" content=\"683\" \/>\n\t<meta property=\"og:image:type\" content=\"image\/jpeg\" \/>\n<meta name=\"author\" content=\"Amat Immobiliaris\" \/>\n<meta name=\"twitter:card\" content=\"summary_large_image\" \/>\n<meta name=\"twitter:creator\" content=\"@amat_cat\" \/>\n<meta name=\"twitter:site\" content=\"@amat_cat\" \/>\n<meta name=\"twitter:label1\" content=\"Escrit per\" \/>\n\t<meta name=\"twitter:data1\" content=\"Amat Immobiliaris\" \/>\n\t<meta name=\"twitter:label2\" content=\"Temps estimat de lectura\" \/>\n\t<meta name=\"twitter:data2\" content=\"1 minut\" \/>\n<script type=\"application\/ld+json\" class=\"yoast-schema-graph\">{\"@context\":\"https:\/\/schema.org\",\"@graph\":[{\"@type\":\"Article\",\"@id\":\"https:\/\/www.amatimmobiliaris.com\/w\/ca\/2013\/10\/23e-sopar-de-lentorn-immobiliari-amb-larquitecte-antoni-ubach\/#article\",\"isPartOf\":{\"@id\":\"https:\/\/www.amatimmobiliaris.com\/w\/ca\/2013\/10\/23e-sopar-de-lentorn-immobiliari-amb-larquitecte-antoni-ubach\/\"},\"author\":{\"name\":\"Amat Immobiliaris\",\"@id\":\"https:\/\/www.amatimmobiliaris.com\/w\/#\/schema\/person\/c880da71d1e156e7ea6774ffb445e034\"},\"headline\":\"23\u00e8 Sopar de l\u2019Entorn Immobiliari amb l&#8217;arquitecte Antoni Ubach\",\"datePublished\":\"2013-10-15T11:06:28+00:00\",\"dateModified\":\"2023-05-05T14:39:25+00:00\",\"mainEntityOfPage\":{\"@id\":\"https:\/\/www.amatimmobiliaris.com\/w\/ca\/2013\/10\/23e-sopar-de-lentorn-immobiliari-amb-larquitecte-antoni-ubach\/\"},\"wordCount\":213,\"publisher\":{\"@id\":\"https:\/\/www.amatimmobiliaris.com\/w\/#organization\"},\"keywords\":[\"Arquitectura\",\"Entorn Immobiliari\",\"Sopar de l&#039;entorn\"],\"articleSection\":[\"Eventos\"],\"inLanguage\":\"ca\"},{\"@type\":\"WebPage\",\"@id\":\"https:\/\/www.amatimmobiliaris.com\/w\/ca\/2013\/10\/23e-sopar-de-lentorn-immobiliari-amb-larquitecte-antoni-ubach\/\",\"url\":\"https:\/\/www.amatimmobiliaris.com\/w\/ca\/2013\/10\/23e-sopar-de-lentorn-immobiliari-amb-larquitecte-antoni-ubach\/\",\"name\":\"23\u00e8 Sopar de l\u2019Entorn Immobiliari amb l'arquitecte Antoni Ubach | Amat Immobiliaris\",\"isPartOf\":{\"@id\":\"https:\/\/www.amatimmobiliaris.com\/w\/#website\"},\"datePublished\":\"2013-10-15T11:06:28+00:00\",\"dateModified\":\"2023-05-05T14:39:25+00:00\",\"breadcrumb\":{\"@id\":\"https:\/\/www.amatimmobiliaris.com\/w\/ca\/2013\/10\/23e-sopar-de-lentorn-immobiliari-amb-larquitecte-antoni-ubach\/#breadcrumb\"},\"inLanguage\":\"ca\",\"potentialAction\":[{\"@type\":\"ReadAction\",\"target\":[\"https:\/\/www.amatimmobiliaris.com\/w\/ca\/2013\/10\/23e-sopar-de-lentorn-immobiliari-amb-larquitecte-antoni-ubach\/\"]}]},{\"@type\":\"BreadcrumbList\",\"@id\":\"https:\/\/www.amatimmobiliaris.com\/w\/ca\/2013\/10\/23e-sopar-de-lentorn-immobiliari-amb-larquitecte-antoni-ubach\/#breadcrumb\",\"itemListElement\":[{\"@type\":\"ListItem\",\"position\":1,\"name\":\"Home\",\"item\":\"https:\/\/www.amatimmobiliaris.com\/w\/ca\/\"},{\"@type\":\"ListItem\",\"position\":2,\"name\":\"Eventos\",\"item\":\"https:\/\/www.amatimmobiliaris.com\/w\/category\/eventos\/\"},{\"@type\":\"ListItem\",\"position\":3,\"name\":\"23\u00e8 Sopar de l\u2019Entorn Immobiliari amb l&#8217;arquitecte Antoni Ubach\"}]},{\"@type\":\"WebSite\",\"@id\":\"https:\/\/www.amatimmobiliaris.com\/w\/#website\",\"url\":\"https:\/\/www.amatimmobiliaris.com\/w\/\",\"name\":\"Amat Immobiliaris\",\"description\":\"Empresa familiar del sector inmobiliario con oficinas en Barcelona, Sant Cugat del Vall\u00e9s y Sant Just Desvern. Te ayudamos a comprar, alquilar o vender tu casa o piso. Somos un equipo coherente con una cultura de empresa honesta, innovadora y eficaz. Tambi\u00e9n en www.amatluxury.com\",\"publisher\":{\"@id\":\"https:\/\/www.amatimmobiliaris.com\/w\/#organization\"},\"alternateName\":\"AmatImmo\",\"potentialAction\":[{\"@type\":\"SearchAction\",\"target\":{\"@type\":\"EntryPoint\",\"urlTemplate\":\"https:\/\/www.amatimmobiliaris.com\/w\/?s={search_term_string}\"},\"query-input\":{\"@type\":\"PropertyValueSpecification\",\"valueRequired\":true,\"valueName\":\"search_term_string\"}}],\"inLanguage\":\"ca\"},{\"@type\":\"Organization\",\"@id\":\"https:\/\/www.amatimmobiliaris.com\/w\/#organization\",\"name\":\"Amat Immobiliaris\",\"url\":\"https:\/\/www.amatimmobiliaris.com\/w\/\",\"logo\":{\"@type\":\"ImageObject\",\"inLanguage\":\"ca\",\"@id\":\"https:\/\/www.amatimmobiliaris.com\/w\/#\/schema\/logo\/image\/\",\"url\":\"https:\/\/www.amatimmobiliaris.com\/w\/wp-content\/uploads\/2022\/10\/amat-logo.jpg\",\"contentUrl\":\"https:\/\/www.amatimmobiliaris.com\/w\/wp-content\/uploads\/2022\/10\/amat-logo.jpg\",\"width\":900,\"height\":900,\"caption\":\"Amat Immobiliaris\"},\"image\":{\"@id\":\"https:\/\/www.amatimmobiliaris.com\/w\/#\/schema\/logo\/image\/\"},\"sameAs\":[\"https:\/\/www.facebook.com\/amatimmobiliaris\",\"https:\/\/x.com\/amat_cat\",\"https:\/\/www.instagram.com\/amat_immo\/\",\"https:\/\/www.linkedin.com\/company\/amat-finques\/\",\"https:\/\/www.youtube.com\/@amatimmobiliaris\"]},{\"@type\":\"Person\",\"@id\":\"https:\/\/www.amatimmobiliaris.com\/w\/#\/schema\/person\/c880da71d1e156e7ea6774ffb445e034\",\"name\":\"Amat Immobiliaris\",\"sameAs\":[\"http:\/\/amat-inmo-wp.localhost\"]}]}<\/script>\n<!-- \/ Yoast SEO plugin. -->","yoast_head_json":{"title":"23\u00e8 Sopar de l\u2019Entorn Immobiliari amb l'arquitecte Antoni Ubach | Amat Immobiliaris","robots":{"index":"index","follow":"follow","max-snippet":"max-snippet:-1","max-image-preview":"max-image-preview:large","max-video-preview":"max-video-preview:-1"},"canonical":"https:\/\/www.amatimmobiliaris.com\/w\/ca\/2013\/10\/23e-sopar-de-lentorn-immobiliari-amb-larquitecte-antoni-ubach\/","og_locale":"ca_ES","og_type":"article","og_title":"23\u00e8 Sopar de l\u2019Entorn Immobiliari amb l'arquitecte Antoni Ubach | Amat Immobiliaris","og_description":"L&#8217;arquitecte Ubach ens va parlar de l&#8217;ofici d&#8217;arquitecte des de l&#8217;etimologia de la paraula, que vol dir &#8220;paleta major&#8221;, fins a com veu ell la funci\u00f3 de l&#8217;arquitecte en aquest moment: ha de ser la persona que m\u00e9s conegui l&#8217;obra, els materials, que m\u00e9s escolti no solament el client sin\u00f3 tamb\u00e9 els encarregats, paletes, industrials&#8230; [&hellip;]","og_url":"https:\/\/www.amatimmobiliaris.com\/w\/ca\/2013\/10\/23e-sopar-de-lentorn-immobiliari-amb-larquitecte-antoni-ubach\/","og_site_name":"Amat Immobiliaris","article_publisher":"https:\/\/www.facebook.com\/amatimmobiliaris","article_published_time":"2013-10-15T11:06:28+00:00","article_modified_time":"2023-05-05T14:39:25+00:00","og_image":[{"width":1024,"height":683,"url":"https:\/\/www.amatimmobiliaris.com\/w\/wp-content\/uploads\/2022\/01\/2014-Saga-familiar-Amat-dw-1-1024x683.jpg","type":"image\/jpeg"}],"author":"Amat Immobiliaris","twitter_card":"summary_large_image","twitter_creator":"@amat_cat","twitter_site":"@amat_cat","twitter_misc":{"Escrit per":"Amat Immobiliaris","Temps estimat de lectura":"1 minut"},"schema":{"@context":"https:\/\/schema.org","@graph":[{"@type":"Article","@id":"https:\/\/www.amatimmobiliaris.com\/w\/ca\/2013\/10\/23e-sopar-de-lentorn-immobiliari-amb-larquitecte-antoni-ubach\/#article","isPartOf":{"@id":"https:\/\/www.amatimmobiliaris.com\/w\/ca\/2013\/10\/23e-sopar-de-lentorn-immobiliari-amb-larquitecte-antoni-ubach\/"},"author":{"name":"Amat Immobiliaris","@id":"https:\/\/www.amatimmobiliaris.com\/w\/#\/schema\/person\/c880da71d1e156e7ea6774ffb445e034"},"headline":"23\u00e8 Sopar de l\u2019Entorn Immobiliari amb l&#8217;arquitecte Antoni Ubach","datePublished":"2013-10-15T11:06:28+00:00","dateModified":"2023-05-05T14:39:25+00:00","mainEntityOfPage":{"@id":"https:\/\/www.amatimmobiliaris.com\/w\/ca\/2013\/10\/23e-sopar-de-lentorn-immobiliari-amb-larquitecte-antoni-ubach\/"},"wordCount":213,"publisher":{"@id":"https:\/\/www.amatimmobiliaris.com\/w\/#organization"},"keywords":["Arquitectura","Entorn Immobiliari","Sopar de l&#039;entorn"],"articleSection":["Eventos"],"inLanguage":"ca"},{"@type":"WebPage","@id":"https:\/\/www.amatimmobiliaris.com\/w\/ca\/2013\/10\/23e-sopar-de-lentorn-immobiliari-amb-larquitecte-antoni-ubach\/","url":"https:\/\/www.amatimmobiliaris.com\/w\/ca\/2013\/10\/23e-sopar-de-lentorn-immobiliari-amb-larquitecte-antoni-ubach\/","name":"23\u00e8 Sopar de l\u2019Entorn Immobiliari amb l'arquitecte Antoni Ubach | Amat Immobiliaris","isPartOf":{"@id":"https:\/\/www.amatimmobiliaris.com\/w\/#website"},"datePublished":"2013-10-15T11:06:28+00:00","dateModified":"2023-05-05T14:39:25+00:00","breadcrumb":{"@id":"https:\/\/www.amatimmobiliaris.com\/w\/ca\/2013\/10\/23e-sopar-de-lentorn-immobiliari-amb-larquitecte-antoni-ubach\/#breadcrumb"},"inLanguage":"ca","potentialAction":[{"@type":"ReadAction","target":["https:\/\/www.amatimmobiliaris.com\/w\/ca\/2013\/10\/23e-sopar-de-lentorn-immobiliari-amb-larquitecte-antoni-ubach\/"]}]},{"@type":"BreadcrumbList","@id":"https:\/\/www.amatimmobiliaris.com\/w\/ca\/2013\/10\/23e-sopar-de-lentorn-immobiliari-amb-larquitecte-antoni-ubach\/#breadcrumb","itemListElement":[{"@type":"ListItem","position":1,"name":"Home","item":"https:\/\/www.amatimmobiliaris.com\/w\/ca\/"},{"@type":"ListItem","position":2,"name":"Eventos","item":"https:\/\/www.amatimmobiliaris.com\/w\/category\/eventos\/"},{"@type":"ListItem","position":3,"name":"23\u00e8 Sopar de l\u2019Entorn Immobiliari amb l&#8217;arquitecte Antoni Ubach"}]},{"@type":"WebSite","@id":"https:\/\/www.amatimmobiliaris.com\/w\/#website","url":"https:\/\/www.amatimmobiliaris.com\/w\/","name":"Amat Immobiliaris","description":"Empresa familiar del sector inmobiliario con oficinas en Barcelona, Sant Cugat del Vall\u00e9s y Sant Just Desvern. Te ayudamos a comprar, alquilar o vender tu casa o piso. Somos un equipo coherente con una cultura de empresa honesta, innovadora y eficaz. Tambi\u00e9n en www.amatluxury.com","publisher":{"@id":"https:\/\/www.amatimmobiliaris.com\/w\/#organization"},"alternateName":"AmatImmo","potentialAction":[{"@type":"SearchAction","target":{"@type":"EntryPoint","urlTemplate":"https:\/\/www.amatimmobiliaris.com\/w\/?s={search_term_string}"},"query-input":{"@type":"PropertyValueSpecification","valueRequired":true,"valueName":"search_term_string"}}],"inLanguage":"ca"},{"@type":"Organization","@id":"https:\/\/www.amatimmobiliaris.com\/w\/#organization","name":"Amat Immobiliaris","url":"https:\/\/www.amatimmobiliaris.com\/w\/","logo":{"@type":"ImageObject","inLanguage":"ca","@id":"https:\/\/www.amatimmobiliaris.com\/w\/#\/schema\/logo\/image\/","url":"https:\/\/www.amatimmobiliaris.com\/w\/wp-content\/uploads\/2022\/10\/amat-logo.jpg","contentUrl":"https:\/\/www.amatimmobiliaris.com\/w\/wp-content\/uploads\/2022\/10\/amat-logo.jpg","width":900,"height":900,"caption":"Amat Immobiliaris"},"image":{"@id":"https:\/\/www.amatimmobiliaris.com\/w\/#\/schema\/logo\/image\/"},"sameAs":["https:\/\/www.facebook.com\/amatimmobiliaris","https:\/\/x.com\/amat_cat","https:\/\/www.instagram.com\/amat_immo\/","https:\/\/www.linkedin.com\/company\/amat-finques\/","https:\/\/www.youtube.com\/@amatimmobiliaris"]},{"@type":"Person","@id":"https:\/\/www.amatimmobiliaris.com\/w\/#\/schema\/person\/c880da71d1e156e7ea6774ffb445e034","name":"Amat Immobiliaris","sameAs":["http:\/\/amat-inmo-wp.localhost"]}]}},"_links":{"self":[{"href":"https:\/\/www.amatimmobiliaris.com\/w\/ca\/wp-json\/wp\/v2\/posts\/12309"}],"collection":[{"href":"https:\/\/www.amatimmobiliaris.com\/w\/ca\/wp-json\/wp\/v2\/posts"}],"about":[{"href":"https:\/\/www.amatimmobiliaris.com\/w\/ca\/wp-json\/wp\/v2\/types\/post"}],"author":[{"embeddable":true,"href":"https:\/\/www.amatimmobiliaris.com\/w\/ca\/wp-json\/wp\/v2\/users\/1"}],"replies":[{"embeddable":true,"href":"https:\/\/www.amatimmobiliaris.com\/w\/ca\/wp-json\/wp\/v2\/comments?post=12309"}],"version-history":[{"count":1,"href":"https:\/\/www.amatimmobiliaris.com\/w\/ca\/wp-json\/wp\/v2\/posts\/12309\/revisions"}],"predecessor-version":[{"id":27467,"href":"https:\/\/www.amatimmobiliaris.com\/w\/ca\/wp-json\/wp\/v2\/posts\/12309\/revisions\/27467"}],"wp:attachment":[{"href":"https:\/\/www.amatimmobiliaris.com\/w\/ca\/wp-json\/wp\/v2\/media?parent=12309"}],"wp:term":[{"taxonomy":"category","embeddable":true,"href":"https:\/\/www.amatimmobiliaris.com\/w\/ca\/wp-json\/wp\/v2\/categories?post=12309"},{"taxonomy":"post_tag","embeddable":true,"href":"https:\/\/www.amatimmobiliaris.com\/w\/ca\/wp-json\/wp\/v2\/tags?post=12309"}],"curies":[{"name":"wp","href":"https:\/\/api.w.org\/{rel}","templated":true}]}}