{"id":12304,"date":"2013-10-22T16:25:47","date_gmt":"2013-10-22T16:25:47","guid":{"rendered":"http:\/\/amat-inmo-wp.localhost\/2013\/10\/22\/barcelona-meeting-point-2013\/"},"modified":"2023-09-19T12:39:25","modified_gmt":"2023-09-19T12:39:25","slug":"barcelona-meeting-point-2013","status":"publish","type":"post","link":"https:\/\/www.amatimmobiliaris.com\/w\/ca\/2013\/10\/barcelona-meeting-point-2013\/","title":{"rendered":"Barcelona Meeting Point 2013"},"content":{"rendered":"<p>El <strong>Barcelona Meeting Point<\/strong> ja \u00e9s apunt de comen\u00e7ar un altre any consecutiu i <strong>Amat Immobiliaris<\/strong> no podia fallar a aquesta cita immobili\u00e0ria en la que participar\u00e0 en diverses \u00e0rees.<\/p>\n<p>Com en els \u00faltims tres anys estarem a la part professional de la fira, que aquest any es dedica al mercat rus i al xin\u00e9s com a principal novetat . Aquest \u00faltim mercat est\u00e0 molt \u201cde moda\u201d des de fa pocs mesos.<\/p>\n<p>Des de fa uns anys <strong><a href=\"https:\/\/www.amatimmobiliaris.com\/es\">Amat Immobiliaris<\/a><\/strong> orienta una part del departament comercial al mercat rus, del qual any rere any obtenim millors resultats i arribem a zones i tipologies de clients m\u00e9s diversos. Aquesta experi\u00e8ncia tamb\u00e9 ha comportat que aquest any participem en una de les pon\u00e8ncies del <strong>Barcelona Meeting Point<\/strong> que rep el nom de<strong>\u201cC\u00f3mo vender inmuebles a los rusos. M\u00e1s dif\u00edcil de lo que parece\u201d.<\/strong><\/p>\n<p>En referencia al mercat xin\u00e8s, <strong>Amat Immobiliaris<\/strong> treballa des de fa quasi un any en un projecte dedicat a aquest sector: \u00a0<strong>Barcelona Second Home.<\/strong> La web \u00e9s nom\u00e9s la part visible d\u2019un servei que hem desenvolupat molt curosament els \u00faltims mesos i volem aprofitar el <strong>Barcelona Meeting Point<\/strong> per poder presentar-lo i comen\u00e7ar a atraure clients xinesos interessats en comprar al nostre pa\u00eds. Aquest any a m\u00e9s la part professional s\u2019allarga fins diumenge, en especial pel mercat xin\u00e8s.<\/p>\n<p>Pel que fa a l\u2019\u00e0mbit professional, ve recolzat per la recent aprovaci\u00f3 de la <strong><em><a href=\"https:\/\/www.amatimmobiliaris.com\/w\/ca\/2013\/10\/informe-llei-emprenedors\/\">Ley de Emprendedores<\/a>,<\/em><\/strong> que pret\u00e9n fomentar i facilitar que clients estrangers que facin compres de 500.000\u20ac o superiors puguin obtenir un <strong>perm\u00eds de residencia a Espanya<\/strong> amb m\u00e9s facilitat i amb unes millors condicions. <strong>Amat Immobiliaris<\/strong> compta amb l\u2019assessorament de <strong>Moksha Law Firm \u2013 Antonio Segura Abogados<\/strong> per dur a terme amb professionalitat tots aquests tr\u00e0mits.<\/p>\n<p>M\u00e9s enll\u00e0 de la part professional Amat tindr\u00e0 representaci\u00f3 als estands de Banc Sabadell \u2013 Solvia i a l\u2019estand de la SAREB.<\/p>\n<p>Amb tot aquest equip m\u00e9s de 14 persones esperem donar el millor servei a tots els contactes que fem durant el <strong>Barcelona Meeting Point<\/strong>.<\/p>\n","protected":false},"excerpt":{"rendered":"<p>El Barcelona Meeting Point ja \u00e9s apunt de comen\u00e7ar un altre any consecutiu i Amat Immobiliaris no podia fallar a aquesta cita immobili\u00e0ria en la que participar\u00e0 en diverses \u00e0rees. Com en els \u00faltims tres anys estarem a la part professional de la fira, que aquest any es dedica al mercat rus i al xin\u00e9s [&hellip;]<\/p>\n","protected":false},"author":1,"featured_media":0,"comment_status":"closed","ping_status":"closed","sticky":false,"template":"","format":"standard","meta":{"content-type":"","footnotes":""},"categories":[1155],"tags":[118,396,196,1710,342,1759,674,89],"yoast_head":"<!-- This site is optimized with the Yoast SEO plugin v23.9 - https:\/\/yoast.com\/wordpress\/plugins\/seo\/ -->\n<title>Barcelona Meeting Point 2013 | Amat Immobiliaris<\/title>\n<meta name=\"description\" content=\"El Barcelona Meeting Point ja \u00e9s apunt de comen\u00e7ar un altre any consecutiu i Amat Immobiliaris no podia fallar a aquesta cita!\" \/>\n<meta name=\"robots\" content=\"index, follow, max-snippet:-1, max-image-preview:large, max-video-preview:-1\" \/>\n<link rel=\"canonical\" href=\"https:\/\/www.amatimmobiliaris.com\/w\/ca\/2013\/10\/barcelona-meeting-point-2013\/\" \/>\n<meta property=\"og:locale\" content=\"ca_ES\" \/>\n<meta property=\"og:type\" content=\"article\" \/>\n<meta property=\"og:title\" content=\"Barcelona Meeting Point 2013 | Amat Immobiliaris\" \/>\n<meta property=\"og:description\" content=\"El Barcelona Meeting Point ja \u00e9s apunt de comen\u00e7ar un altre any consecutiu i Amat Immobiliaris no podia fallar a aquesta cita!\" \/>\n<meta property=\"og:url\" content=\"https:\/\/www.amatimmobiliaris.com\/w\/ca\/2013\/10\/barcelona-meeting-point-2013\/\" \/>\n<meta property=\"og:site_name\" content=\"Amat Immobiliaris\" \/>\n<meta property=\"article:publisher\" content=\"https:\/\/www.facebook.com\/amatimmobiliaris\" \/>\n<meta property=\"article:published_time\" content=\"2013-10-22T16:25:47+00:00\" \/>\n<meta property=\"article:modified_time\" content=\"2023-09-19T12:39:25+00:00\" \/>\n<meta property=\"og:image\" content=\"https:\/\/www.amatimmobiliaris.com\/w\/wp-content\/uploads\/2022\/01\/2014-Saga-familiar-Amat-dw-1-1024x683.jpg\" \/>\n\t<meta property=\"og:image:width\" content=\"1024\" \/>\n\t<meta property=\"og:image:height\" content=\"683\" \/>\n\t<meta property=\"og:image:type\" content=\"image\/jpeg\" \/>\n<meta name=\"author\" content=\"Amat Immobiliaris\" \/>\n<meta name=\"twitter:card\" content=\"summary_large_image\" \/>\n<meta name=\"twitter:creator\" content=\"@amat_cat\" \/>\n<meta name=\"twitter:site\" content=\"@amat_cat\" \/>\n<meta name=\"twitter:label1\" content=\"Escrit per\" \/>\n\t<meta name=\"twitter:data1\" content=\"Amat Immobiliaris\" \/>\n\t<meta name=\"twitter:label2\" content=\"Temps estimat de lectura\" \/>\n\t<meta name=\"twitter:data2\" content=\"2 minuts\" \/>\n<script type=\"application\/ld+json\" class=\"yoast-schema-graph\">{\"@context\":\"https:\/\/schema.org\",\"@graph\":[{\"@type\":\"Article\",\"@id\":\"https:\/\/www.amatimmobiliaris.com\/w\/ca\/2013\/10\/barcelona-meeting-point-2013\/#article\",\"isPartOf\":{\"@id\":\"https:\/\/www.amatimmobiliaris.com\/w\/ca\/2013\/10\/barcelona-meeting-point-2013\/\"},\"author\":{\"name\":\"Amat Immobiliaris\",\"@id\":\"https:\/\/www.amatimmobiliaris.com\/w\/#\/schema\/person\/c880da71d1e156e7ea6774ffb445e034\"},\"headline\":\"Barcelona Meeting Point 2013\",\"datePublished\":\"2013-10-22T16:25:47+00:00\",\"dateModified\":\"2023-09-19T12:39:25+00:00\",\"mainEntityOfPage\":{\"@id\":\"https:\/\/www.amatimmobiliaris.com\/w\/ca\/2013\/10\/barcelona-meeting-point-2013\/\"},\"wordCount\":359,\"publisher\":{\"@id\":\"https:\/\/www.amatimmobiliaris.com\/w\/#organization\"},\"keywords\":[\"Barcelona\",\"Barcelona Meeting Point\",\"Departament Comercial\",\"Esdeveniment\",\"Immobiliaria\",\"Meeting Point\",\"Mercat immobiliari\",\"Sector immobiliari\"],\"articleSection\":[\"Esdeveniments\"],\"inLanguage\":\"ca\"},{\"@type\":\"WebPage\",\"@id\":\"https:\/\/www.amatimmobiliaris.com\/w\/ca\/2013\/10\/barcelona-meeting-point-2013\/\",\"url\":\"https:\/\/www.amatimmobiliaris.com\/w\/ca\/2013\/10\/barcelona-meeting-point-2013\/\",\"name\":\"Barcelona Meeting Point 2013 | Amat Immobiliaris\",\"isPartOf\":{\"@id\":\"https:\/\/www.amatimmobiliaris.com\/w\/#website\"},\"datePublished\":\"2013-10-22T16:25:47+00:00\",\"dateModified\":\"2023-09-19T12:39:25+00:00\",\"description\":\"El Barcelona Meeting Point ja \u00e9s apunt de comen\u00e7ar un altre any consecutiu i Amat Immobiliaris no podia fallar a aquesta cita!\",\"breadcrumb\":{\"@id\":\"https:\/\/www.amatimmobiliaris.com\/w\/ca\/2013\/10\/barcelona-meeting-point-2013\/#breadcrumb\"},\"inLanguage\":\"ca\",\"potentialAction\":[{\"@type\":\"ReadAction\",\"target\":[\"https:\/\/www.amatimmobiliaris.com\/w\/ca\/2013\/10\/barcelona-meeting-point-2013\/\"]}]},{\"@type\":\"BreadcrumbList\",\"@id\":\"https:\/\/www.amatimmobiliaris.com\/w\/ca\/2013\/10\/barcelona-meeting-point-2013\/#breadcrumb\",\"itemListElement\":[{\"@type\":\"ListItem\",\"position\":1,\"name\":\"Home\",\"item\":\"https:\/\/www.amatimmobiliaris.com\/w\/ca\/\"},{\"@type\":\"ListItem\",\"position\":2,\"name\":\"Esdeveniments\",\"item\":\"https:\/\/www.amatimmobiliaris.com\/w\/ca\/categoria-ca\/esdeveniments-ca\/\"},{\"@type\":\"ListItem\",\"position\":3,\"name\":\"Barcelona Meeting Point 2013\"}]},{\"@type\":\"WebSite\",\"@id\":\"https:\/\/www.amatimmobiliaris.com\/w\/#website\",\"url\":\"https:\/\/www.amatimmobiliaris.com\/w\/\",\"name\":\"Amat Immobiliaris\",\"description\":\"Empresa familiar del sector inmobiliario con oficinas en Barcelona, Sant Cugat del Vall\u00e9s y Sant Just Desvern. Te ayudamos a comprar, alquilar o vender tu casa o piso. Somos un equipo coherente con una cultura de empresa honesta, innovadora y eficaz. Tambi\u00e9n en www.amatluxury.com\",\"publisher\":{\"@id\":\"https:\/\/www.amatimmobiliaris.com\/w\/#organization\"},\"alternateName\":\"AmatImmo\",\"potentialAction\":[{\"@type\":\"SearchAction\",\"target\":{\"@type\":\"EntryPoint\",\"urlTemplate\":\"https:\/\/www.amatimmobiliaris.com\/w\/?s={search_term_string}\"},\"query-input\":{\"@type\":\"PropertyValueSpecification\",\"valueRequired\":true,\"valueName\":\"search_term_string\"}}],\"inLanguage\":\"ca\"},{\"@type\":\"Organization\",\"@id\":\"https:\/\/www.amatimmobiliaris.com\/w\/#organization\",\"name\":\"Amat Immobiliaris\",\"url\":\"https:\/\/www.amatimmobiliaris.com\/w\/\",\"logo\":{\"@type\":\"ImageObject\",\"inLanguage\":\"ca\",\"@id\":\"https:\/\/www.amatimmobiliaris.com\/w\/#\/schema\/logo\/image\/\",\"url\":\"https:\/\/www.amatimmobiliaris.com\/w\/wp-content\/uploads\/2022\/10\/amat-logo.jpg\",\"contentUrl\":\"https:\/\/www.amatimmobiliaris.com\/w\/wp-content\/uploads\/2022\/10\/amat-logo.jpg\",\"width\":900,\"height\":900,\"caption\":\"Amat Immobiliaris\"},\"image\":{\"@id\":\"https:\/\/www.amatimmobiliaris.com\/w\/#\/schema\/logo\/image\/\"},\"sameAs\":[\"https:\/\/www.facebook.com\/amatimmobiliaris\",\"https:\/\/x.com\/amat_cat\",\"https:\/\/www.instagram.com\/amat_immo\/\",\"https:\/\/www.linkedin.com\/company\/amat-finques\/\",\"https:\/\/www.youtube.com\/@amatimmobiliaris\"]},{\"@type\":\"Person\",\"@id\":\"https:\/\/www.amatimmobiliaris.com\/w\/#\/schema\/person\/c880da71d1e156e7ea6774ffb445e034\",\"name\":\"Amat Immobiliaris\",\"sameAs\":[\"http:\/\/amat-inmo-wp.localhost\"]}]}<\/script>\n<!-- \/ Yoast SEO plugin. -->","yoast_head_json":{"title":"Barcelona Meeting Point 2013 | Amat Immobiliaris","description":"El Barcelona Meeting Point ja \u00e9s apunt de comen\u00e7ar un altre any consecutiu i Amat Immobiliaris no podia fallar a aquesta cita!","robots":{"index":"index","follow":"follow","max-snippet":"max-snippet:-1","max-image-preview":"max-image-preview:large","max-video-preview":"max-video-preview:-1"},"canonical":"https:\/\/www.amatimmobiliaris.com\/w\/ca\/2013\/10\/barcelona-meeting-point-2013\/","og_locale":"ca_ES","og_type":"article","og_title":"Barcelona Meeting Point 2013 | Amat Immobiliaris","og_description":"El Barcelona Meeting Point ja \u00e9s apunt de comen\u00e7ar un altre any consecutiu i Amat Immobiliaris no podia fallar a aquesta cita!","og_url":"https:\/\/www.amatimmobiliaris.com\/w\/ca\/2013\/10\/barcelona-meeting-point-2013\/","og_site_name":"Amat Immobiliaris","article_publisher":"https:\/\/www.facebook.com\/amatimmobiliaris","article_published_time":"2013-10-22T16:25:47+00:00","article_modified_time":"2023-09-19T12:39:25+00:00","og_image":[{"width":1024,"height":683,"url":"https:\/\/www.amatimmobiliaris.com\/w\/wp-content\/uploads\/2022\/01\/2014-Saga-familiar-Amat-dw-1-1024x683.jpg","type":"image\/jpeg"}],"author":"Amat Immobiliaris","twitter_card":"summary_large_image","twitter_creator":"@amat_cat","twitter_site":"@amat_cat","twitter_misc":{"Escrit per":"Amat Immobiliaris","Temps estimat de lectura":"2 minuts"},"schema":{"@context":"https:\/\/schema.org","@graph":[{"@type":"Article","@id":"https:\/\/www.amatimmobiliaris.com\/w\/ca\/2013\/10\/barcelona-meeting-point-2013\/#article","isPartOf":{"@id":"https:\/\/www.amatimmobiliaris.com\/w\/ca\/2013\/10\/barcelona-meeting-point-2013\/"},"author":{"name":"Amat Immobiliaris","@id":"https:\/\/www.amatimmobiliaris.com\/w\/#\/schema\/person\/c880da71d1e156e7ea6774ffb445e034"},"headline":"Barcelona Meeting Point 2013","datePublished":"2013-10-22T16:25:47+00:00","dateModified":"2023-09-19T12:39:25+00:00","mainEntityOfPage":{"@id":"https:\/\/www.amatimmobiliaris.com\/w\/ca\/2013\/10\/barcelona-meeting-point-2013\/"},"wordCount":359,"publisher":{"@id":"https:\/\/www.amatimmobiliaris.com\/w\/#organization"},"keywords":["Barcelona","Barcelona Meeting Point","Departament Comercial","Esdeveniment","Immobiliaria","Meeting Point","Mercat immobiliari","Sector immobiliari"],"articleSection":["Esdeveniments"],"inLanguage":"ca"},{"@type":"WebPage","@id":"https:\/\/www.amatimmobiliaris.com\/w\/ca\/2013\/10\/barcelona-meeting-point-2013\/","url":"https:\/\/www.amatimmobiliaris.com\/w\/ca\/2013\/10\/barcelona-meeting-point-2013\/","name":"Barcelona Meeting Point 2013 | Amat Immobiliaris","isPartOf":{"@id":"https:\/\/www.amatimmobiliaris.com\/w\/#website"},"datePublished":"2013-10-22T16:25:47+00:00","dateModified":"2023-09-19T12:39:25+00:00","description":"El Barcelona Meeting Point ja \u00e9s apunt de comen\u00e7ar un altre any consecutiu i Amat Immobiliaris no podia fallar a aquesta cita!","breadcrumb":{"@id":"https:\/\/www.amatimmobiliaris.com\/w\/ca\/2013\/10\/barcelona-meeting-point-2013\/#breadcrumb"},"inLanguage":"ca","potentialAction":[{"@type":"ReadAction","target":["https:\/\/www.amatimmobiliaris.com\/w\/ca\/2013\/10\/barcelona-meeting-point-2013\/"]}]},{"@type":"BreadcrumbList","@id":"https:\/\/www.amatimmobiliaris.com\/w\/ca\/2013\/10\/barcelona-meeting-point-2013\/#breadcrumb","itemListElement":[{"@type":"ListItem","position":1,"name":"Home","item":"https:\/\/www.amatimmobiliaris.com\/w\/ca\/"},{"@type":"ListItem","position":2,"name":"Esdeveniments","item":"https:\/\/www.amatimmobiliaris.com\/w\/ca\/categoria-ca\/esdeveniments-ca\/"},{"@type":"ListItem","position":3,"name":"Barcelona Meeting Point 2013"}]},{"@type":"WebSite","@id":"https:\/\/www.amatimmobiliaris.com\/w\/#website","url":"https:\/\/www.amatimmobiliaris.com\/w\/","name":"Amat Immobiliaris","description":"Empresa familiar del sector inmobiliario con oficinas en Barcelona, Sant Cugat del Vall\u00e9s y Sant Just Desvern. Te ayudamos a comprar, alquilar o vender tu casa o piso. Somos un equipo coherente con una cultura de empresa honesta, innovadora y eficaz. Tambi\u00e9n en www.amatluxury.com","publisher":{"@id":"https:\/\/www.amatimmobiliaris.com\/w\/#organization"},"alternateName":"AmatImmo","potentialAction":[{"@type":"SearchAction","target":{"@type":"EntryPoint","urlTemplate":"https:\/\/www.amatimmobiliaris.com\/w\/?s={search_term_string}"},"query-input":{"@type":"PropertyValueSpecification","valueRequired":true,"valueName":"search_term_string"}}],"inLanguage":"ca"},{"@type":"Organization","@id":"https:\/\/www.amatimmobiliaris.com\/w\/#organization","name":"Amat Immobiliaris","url":"https:\/\/www.amatimmobiliaris.com\/w\/","logo":{"@type":"ImageObject","inLanguage":"ca","@id":"https:\/\/www.amatimmobiliaris.com\/w\/#\/schema\/logo\/image\/","url":"https:\/\/www.amatimmobiliaris.com\/w\/wp-content\/uploads\/2022\/10\/amat-logo.jpg","contentUrl":"https:\/\/www.amatimmobiliaris.com\/w\/wp-content\/uploads\/2022\/10\/amat-logo.jpg","width":900,"height":900,"caption":"Amat Immobiliaris"},"image":{"@id":"https:\/\/www.amatimmobiliaris.com\/w\/#\/schema\/logo\/image\/"},"sameAs":["https:\/\/www.facebook.com\/amatimmobiliaris","https:\/\/x.com\/amat_cat","https:\/\/www.instagram.com\/amat_immo\/","https:\/\/www.linkedin.com\/company\/amat-finques\/","https:\/\/www.youtube.com\/@amatimmobiliaris"]},{"@type":"Person","@id":"https:\/\/www.amatimmobiliaris.com\/w\/#\/schema\/person\/c880da71d1e156e7ea6774ffb445e034","name":"Amat Immobiliaris","sameAs":["http:\/\/amat-inmo-wp.localhost"]}]}},"_links":{"self":[{"href":"https:\/\/www.amatimmobiliaris.com\/w\/ca\/wp-json\/wp\/v2\/posts\/12304"}],"collection":[{"href":"https:\/\/www.amatimmobiliaris.com\/w\/ca\/wp-json\/wp\/v2\/posts"}],"about":[{"href":"https:\/\/www.amatimmobiliaris.com\/w\/ca\/wp-json\/wp\/v2\/types\/post"}],"author":[{"embeddable":true,"href":"https:\/\/www.amatimmobiliaris.com\/w\/ca\/wp-json\/wp\/v2\/users\/1"}],"replies":[{"embeddable":true,"href":"https:\/\/www.amatimmobiliaris.com\/w\/ca\/wp-json\/wp\/v2\/comments?post=12304"}],"version-history":[{"count":13,"href":"https:\/\/www.amatimmobiliaris.com\/w\/ca\/wp-json\/wp\/v2\/posts\/12304\/revisions"}],"predecessor-version":[{"id":30584,"href":"https:\/\/www.amatimmobiliaris.com\/w\/ca\/wp-json\/wp\/v2\/posts\/12304\/revisions\/30584"}],"wp:attachment":[{"href":"https:\/\/www.amatimmobiliaris.com\/w\/ca\/wp-json\/wp\/v2\/media?parent=12304"}],"wp:term":[{"taxonomy":"category","embeddable":true,"href":"https:\/\/www.amatimmobiliaris.com\/w\/ca\/wp-json\/wp\/v2\/categories?post=12304"},{"taxonomy":"post_tag","embeddable":true,"href":"https:\/\/www.amatimmobiliaris.com\/w\/ca\/wp-json\/wp\/v2\/tags?post=12304"}],"curies":[{"name":"wp","href":"https:\/\/api.w.org\/{rel}","templated":true}]}}