{"id":12200,"date":"2012-10-04T13:46:23","date_gmt":"2012-10-04T13:46:23","guid":{"rendered":"http:\/\/amat-inmo-wp.localhost\/2012\/10\/04\/cal-unanimitat-vendre-una-part-duna-finca\/"},"modified":"2023-05-22T13:46:09","modified_gmt":"2023-05-22T13:46:09","slug":"cal-unanimitat-vendre-una-part-duna-finca","status":"publish","type":"post","link":"https:\/\/www.amatimmobiliaris.com\/w\/ca\/2012\/10\/cal-unanimitat-vendre-una-part-duna-finca\/","title":{"rendered":"Cal unanimitat per vendre una part d&#8217;una finca?"},"content":{"rendered":"<p>Suposem que tens un <strong>habitatge<\/strong> en una comunitat que disposa d&#8217;una gran zona de <strong>jard\u00ed comunitari<\/strong>. Ara han edificat la finca del costat i el promotor et demana que li venguis una petita part del jard\u00ed que no soleu utlitzar, a fi de poder fer construir a la finca ve\u00efna una piscina.<\/p>\n<p>Cal decidir la venda per majoria?<\/p>\n<p>La resposta en aquest cas \u00e9s rotunda: NO. Per poder vendre una part del jard\u00ed es necessita el <strong>consentiment un\u00e0nime de la comunitat<\/strong>. No hem d&#8217;oblidar que aquest jard\u00ed, siguin quines siguin les seves caracter\u00edstiques f\u00edsiques, \u00e9s un <strong>element com\u00fa de l&#8217;immoble<\/strong>, sobre el qual recau el dret de copropietat inherent a la propietat separada que cada un dels propietaris t\u00e9 sobre els diferents pisos o locals (segons l&#8217;art. 396 del Codi Civil). D&#8217;questa forma no es pot segregar cap part del jard\u00ed sense l&#8217;acord un\u00e0nime de tots els propietaris i adoptat d&#8217;acord amb el que estableix l&#8217;article 17 de la Llei de Propietat Horitzontal.<\/p>\n","protected":false},"excerpt":{"rendered":"<p>Suposem que tens un habitatge en una comunitat que disposa d&#8217;una gran zona de jard\u00ed comunitari. Ara han edificat la finca del costat i el promotor et demana que li venguis una petita part del jard\u00ed que no soleu utlitzar, a fi de poder fer construir a la finca ve\u00efna una piscina. Cal decidir la [&hellip;]<\/p>\n","protected":false},"author":1,"featured_media":0,"comment_status":"closed","ping_status":"closed","sticky":false,"template":"","format":"standard","meta":{"content-type":"","footnotes":""},"categories":[1154],"tags":[1696,1708,312,313,314],"yoast_head":"<!-- This site is optimized with the Yoast SEO plugin v23.9 - https:\/\/yoast.com\/wordpress\/plugins\/seo\/ -->\n<title>Cal unanimitat per vendre una part d&#039;una finca? | Amat Immobiliaris<\/title>\n<meta name=\"description\" content=\"Tens un habitatge en una comunitat que disposa d&#039;una gran zona de jard\u00ed comunitari. Cal unanimitat per vendre una part d&#039;una finca?\" \/>\n<meta name=\"robots\" content=\"index, nofollow, max-snippet:-1, max-image-preview:large, max-video-preview:-1\" \/>\n<link rel=\"canonical\" href=\"https:\/\/www.amatimmobiliaris.com\/w\/ca\/2012\/10\/cal-unanimitat-vendre-una-part-duna-finca\/\" \/>\n<meta property=\"og:locale\" content=\"ca_ES\" \/>\n<meta property=\"og:type\" content=\"article\" \/>\n<meta property=\"og:title\" content=\"Cal unanimitat per vendre una part d&#039;una finca? | Amat Immobiliaris\" \/>\n<meta property=\"og:description\" content=\"Tens un habitatge en una comunitat que disposa d&#039;una gran zona de jard\u00ed comunitari. Cal unanimitat per vendre una part d&#039;una finca?\" \/>\n<meta property=\"og:url\" content=\"https:\/\/www.amatimmobiliaris.com\/w\/ca\/2012\/10\/cal-unanimitat-vendre-una-part-duna-finca\/\" \/>\n<meta property=\"og:site_name\" content=\"Amat Immobiliaris\" \/>\n<meta property=\"article:publisher\" content=\"https:\/\/www.facebook.com\/amatimmobiliaris\" \/>\n<meta property=\"article:published_time\" content=\"2012-10-04T13:46:23+00:00\" \/>\n<meta property=\"article:modified_time\" content=\"2023-05-22T13:46:09+00:00\" \/>\n<meta property=\"og:image\" content=\"https:\/\/www.amatimmobiliaris.com\/w\/wp-content\/uploads\/2022\/01\/2014-Saga-familiar-Amat-dw-1-1024x683.jpg\" \/>\n\t<meta property=\"og:image:width\" content=\"1024\" \/>\n\t<meta property=\"og:image:height\" content=\"683\" \/>\n\t<meta property=\"og:image:type\" content=\"image\/jpeg\" \/>\n<meta name=\"author\" content=\"Amat Immobiliaris\" \/>\n<meta name=\"twitter:card\" content=\"summary_large_image\" \/>\n<meta name=\"twitter:creator\" content=\"@amat_cat\" \/>\n<meta name=\"twitter:site\" content=\"@amat_cat\" \/>\n<meta name=\"twitter:label1\" content=\"Escrit per\" \/>\n\t<meta name=\"twitter:data1\" content=\"Amat Immobiliaris\" \/>\n\t<meta name=\"twitter:label2\" content=\"Temps estimat de lectura\" \/>\n\t<meta name=\"twitter:data2\" content=\"1 minut\" \/>\n<script type=\"application\/ld+json\" class=\"yoast-schema-graph\">{\"@context\":\"https:\/\/schema.org\",\"@graph\":[{\"@type\":\"Article\",\"@id\":\"https:\/\/www.amatimmobiliaris.com\/w\/ca\/2012\/10\/cal-unanimitat-vendre-una-part-duna-finca\/#article\",\"isPartOf\":{\"@id\":\"https:\/\/www.amatimmobiliaris.com\/w\/ca\/2012\/10\/cal-unanimitat-vendre-una-part-duna-finca\/\"},\"author\":{\"name\":\"Amat Immobiliaris\",\"@id\":\"https:\/\/www.amatimmobiliaris.com\/w\/#\/schema\/person\/c880da71d1e156e7ea6774ffb445e034\"},\"headline\":\"Cal unanimitat per vendre una part d&#8217;una finca?\",\"datePublished\":\"2012-10-04T13:46:23+00:00\",\"dateModified\":\"2023-05-22T13:46:09+00:00\",\"mainEntityOfPage\":{\"@id\":\"https:\/\/www.amatimmobiliaris.com\/w\/ca\/2012\/10\/cal-unanimitat-vendre-una-part-duna-finca\/\"},\"wordCount\":174,\"publisher\":{\"@id\":\"https:\/\/www.amatimmobiliaris.com\/w\/#organization\"},\"keywords\":[\"Comunitat\",\"Finques\",\"Immoble\",\"Jard\u00ed\",\"Llei de Propietat\"],\"articleSection\":[\"L'usuari pregunta\"],\"inLanguage\":\"ca\"},{\"@type\":\"WebPage\",\"@id\":\"https:\/\/www.amatimmobiliaris.com\/w\/ca\/2012\/10\/cal-unanimitat-vendre-una-part-duna-finca\/\",\"url\":\"https:\/\/www.amatimmobiliaris.com\/w\/ca\/2012\/10\/cal-unanimitat-vendre-una-part-duna-finca\/\",\"name\":\"Cal unanimitat per vendre una part d'una finca? | Amat Immobiliaris\",\"isPartOf\":{\"@id\":\"https:\/\/www.amatimmobiliaris.com\/w\/#website\"},\"datePublished\":\"2012-10-04T13:46:23+00:00\",\"dateModified\":\"2023-05-22T13:46:09+00:00\",\"description\":\"Tens un habitatge en una comunitat que disposa d'una gran zona de jard\u00ed comunitari. Cal unanimitat per vendre una part d'una finca?\",\"breadcrumb\":{\"@id\":\"https:\/\/www.amatimmobiliaris.com\/w\/ca\/2012\/10\/cal-unanimitat-vendre-una-part-duna-finca\/#breadcrumb\"},\"inLanguage\":\"ca\",\"potentialAction\":[{\"@type\":\"ReadAction\",\"target\":[\"https:\/\/www.amatimmobiliaris.com\/w\/ca\/2012\/10\/cal-unanimitat-vendre-una-part-duna-finca\/\"]}]},{\"@type\":\"BreadcrumbList\",\"@id\":\"https:\/\/www.amatimmobiliaris.com\/w\/ca\/2012\/10\/cal-unanimitat-vendre-una-part-duna-finca\/#breadcrumb\",\"itemListElement\":[{\"@type\":\"ListItem\",\"position\":1,\"name\":\"Home\",\"item\":\"https:\/\/www.amatimmobiliaris.com\/w\/ca\/\"},{\"@type\":\"ListItem\",\"position\":2,\"name\":\"Consells\",\"item\":\"https:\/\/www.amatimmobiliaris.com\/w\/ca\/categoria-ca\/consells-ca\/\"},{\"@type\":\"ListItem\",\"position\":3,\"name\":\"L'usuari pregunta\",\"item\":\"https:\/\/www.amatimmobiliaris.com\/w\/ca\/categoria-ca\/consells-ca\/usuari-pregunta-ca\/\"},{\"@type\":\"ListItem\",\"position\":4,\"name\":\"Cal unanimitat per vendre una part d&#8217;una finca?\"}]},{\"@type\":\"WebSite\",\"@id\":\"https:\/\/www.amatimmobiliaris.com\/w\/#website\",\"url\":\"https:\/\/www.amatimmobiliaris.com\/w\/\",\"name\":\"Amat Immobiliaris\",\"description\":\"Empresa familiar del sector inmobiliario con oficinas en Barcelona, Sant Cugat del Vall\u00e9s y Sant Just Desvern. Te ayudamos a comprar, alquilar o vender tu casa o piso. Somos un equipo coherente con una cultura de empresa honesta, innovadora y eficaz. Tambi\u00e9n en www.amatluxury.com\",\"publisher\":{\"@id\":\"https:\/\/www.amatimmobiliaris.com\/w\/#organization\"},\"alternateName\":\"AmatImmo\",\"potentialAction\":[{\"@type\":\"SearchAction\",\"target\":{\"@type\":\"EntryPoint\",\"urlTemplate\":\"https:\/\/www.amatimmobiliaris.com\/w\/?s={search_term_string}\"},\"query-input\":{\"@type\":\"PropertyValueSpecification\",\"valueRequired\":true,\"valueName\":\"search_term_string\"}}],\"inLanguage\":\"ca\"},{\"@type\":\"Organization\",\"@id\":\"https:\/\/www.amatimmobiliaris.com\/w\/#organization\",\"name\":\"Amat Immobiliaris\",\"url\":\"https:\/\/www.amatimmobiliaris.com\/w\/\",\"logo\":{\"@type\":\"ImageObject\",\"inLanguage\":\"ca\",\"@id\":\"https:\/\/www.amatimmobiliaris.com\/w\/#\/schema\/logo\/image\/\",\"url\":\"https:\/\/www.amatimmobiliaris.com\/w\/wp-content\/uploads\/2022\/10\/amat-logo.jpg\",\"contentUrl\":\"https:\/\/www.amatimmobiliaris.com\/w\/wp-content\/uploads\/2022\/10\/amat-logo.jpg\",\"width\":900,\"height\":900,\"caption\":\"Amat Immobiliaris\"},\"image\":{\"@id\":\"https:\/\/www.amatimmobiliaris.com\/w\/#\/schema\/logo\/image\/\"},\"sameAs\":[\"https:\/\/www.facebook.com\/amatimmobiliaris\",\"https:\/\/x.com\/amat_cat\",\"https:\/\/www.instagram.com\/amat_immo\/\",\"https:\/\/www.linkedin.com\/company\/amat-finques\/\",\"https:\/\/www.youtube.com\/@amatimmobiliaris\"]},{\"@type\":\"Person\",\"@id\":\"https:\/\/www.amatimmobiliaris.com\/w\/#\/schema\/person\/c880da71d1e156e7ea6774ffb445e034\",\"name\":\"Amat Immobiliaris\",\"sameAs\":[\"http:\/\/amat-inmo-wp.localhost\"]}]}<\/script>\n<!-- \/ Yoast SEO plugin. -->","yoast_head_json":{"title":"Cal unanimitat per vendre una part d'una finca? | Amat Immobiliaris","description":"Tens un habitatge en una comunitat que disposa d'una gran zona de jard\u00ed comunitari. Cal unanimitat per vendre una part d'una finca?","robots":{"index":"index","follow":"nofollow","max-snippet":"max-snippet:-1","max-image-preview":"max-image-preview:large","max-video-preview":"max-video-preview:-1"},"canonical":"https:\/\/www.amatimmobiliaris.com\/w\/ca\/2012\/10\/cal-unanimitat-vendre-una-part-duna-finca\/","og_locale":"ca_ES","og_type":"article","og_title":"Cal unanimitat per vendre una part d'una finca? | Amat Immobiliaris","og_description":"Tens un habitatge en una comunitat que disposa d'una gran zona de jard\u00ed comunitari. Cal unanimitat per vendre una part d'una finca?","og_url":"https:\/\/www.amatimmobiliaris.com\/w\/ca\/2012\/10\/cal-unanimitat-vendre-una-part-duna-finca\/","og_site_name":"Amat Immobiliaris","article_publisher":"https:\/\/www.facebook.com\/amatimmobiliaris","article_published_time":"2012-10-04T13:46:23+00:00","article_modified_time":"2023-05-22T13:46:09+00:00","og_image":[{"width":1024,"height":683,"url":"https:\/\/www.amatimmobiliaris.com\/w\/wp-content\/uploads\/2022\/01\/2014-Saga-familiar-Amat-dw-1-1024x683.jpg","type":"image\/jpeg"}],"author":"Amat Immobiliaris","twitter_card":"summary_large_image","twitter_creator":"@amat_cat","twitter_site":"@amat_cat","twitter_misc":{"Escrit per":"Amat Immobiliaris","Temps estimat de lectura":"1 minut"},"schema":{"@context":"https:\/\/schema.org","@graph":[{"@type":"Article","@id":"https:\/\/www.amatimmobiliaris.com\/w\/ca\/2012\/10\/cal-unanimitat-vendre-una-part-duna-finca\/#article","isPartOf":{"@id":"https:\/\/www.amatimmobiliaris.com\/w\/ca\/2012\/10\/cal-unanimitat-vendre-una-part-duna-finca\/"},"author":{"name":"Amat Immobiliaris","@id":"https:\/\/www.amatimmobiliaris.com\/w\/#\/schema\/person\/c880da71d1e156e7ea6774ffb445e034"},"headline":"Cal unanimitat per vendre una part d&#8217;una finca?","datePublished":"2012-10-04T13:46:23+00:00","dateModified":"2023-05-22T13:46:09+00:00","mainEntityOfPage":{"@id":"https:\/\/www.amatimmobiliaris.com\/w\/ca\/2012\/10\/cal-unanimitat-vendre-una-part-duna-finca\/"},"wordCount":174,"publisher":{"@id":"https:\/\/www.amatimmobiliaris.com\/w\/#organization"},"keywords":["Comunitat","Finques","Immoble","Jard\u00ed","Llei de Propietat"],"articleSection":["L'usuari pregunta"],"inLanguage":"ca"},{"@type":"WebPage","@id":"https:\/\/www.amatimmobiliaris.com\/w\/ca\/2012\/10\/cal-unanimitat-vendre-una-part-duna-finca\/","url":"https:\/\/www.amatimmobiliaris.com\/w\/ca\/2012\/10\/cal-unanimitat-vendre-una-part-duna-finca\/","name":"Cal unanimitat per vendre una part d'una finca? | Amat Immobiliaris","isPartOf":{"@id":"https:\/\/www.amatimmobiliaris.com\/w\/#website"},"datePublished":"2012-10-04T13:46:23+00:00","dateModified":"2023-05-22T13:46:09+00:00","description":"Tens un habitatge en una comunitat que disposa d'una gran zona de jard\u00ed comunitari. Cal unanimitat per vendre una part d'una finca?","breadcrumb":{"@id":"https:\/\/www.amatimmobiliaris.com\/w\/ca\/2012\/10\/cal-unanimitat-vendre-una-part-duna-finca\/#breadcrumb"},"inLanguage":"ca","potentialAction":[{"@type":"ReadAction","target":["https:\/\/www.amatimmobiliaris.com\/w\/ca\/2012\/10\/cal-unanimitat-vendre-una-part-duna-finca\/"]}]},{"@type":"BreadcrumbList","@id":"https:\/\/www.amatimmobiliaris.com\/w\/ca\/2012\/10\/cal-unanimitat-vendre-una-part-duna-finca\/#breadcrumb","itemListElement":[{"@type":"ListItem","position":1,"name":"Home","item":"https:\/\/www.amatimmobiliaris.com\/w\/ca\/"},{"@type":"ListItem","position":2,"name":"Consells","item":"https:\/\/www.amatimmobiliaris.com\/w\/ca\/categoria-ca\/consells-ca\/"},{"@type":"ListItem","position":3,"name":"L'usuari pregunta","item":"https:\/\/www.amatimmobiliaris.com\/w\/ca\/categoria-ca\/consells-ca\/usuari-pregunta-ca\/"},{"@type":"ListItem","position":4,"name":"Cal unanimitat per vendre una part d&#8217;una finca?"}]},{"@type":"WebSite","@id":"https:\/\/www.amatimmobiliaris.com\/w\/#website","url":"https:\/\/www.amatimmobiliaris.com\/w\/","name":"Amat Immobiliaris","description":"Empresa familiar del sector inmobiliario con oficinas en Barcelona, Sant Cugat del Vall\u00e9s y Sant Just Desvern. Te ayudamos a comprar, alquilar o vender tu casa o piso. Somos un equipo coherente con una cultura de empresa honesta, innovadora y eficaz. Tambi\u00e9n en www.amatluxury.com","publisher":{"@id":"https:\/\/www.amatimmobiliaris.com\/w\/#organization"},"alternateName":"AmatImmo","potentialAction":[{"@type":"SearchAction","target":{"@type":"EntryPoint","urlTemplate":"https:\/\/www.amatimmobiliaris.com\/w\/?s={search_term_string}"},"query-input":{"@type":"PropertyValueSpecification","valueRequired":true,"valueName":"search_term_string"}}],"inLanguage":"ca"},{"@type":"Organization","@id":"https:\/\/www.amatimmobiliaris.com\/w\/#organization","name":"Amat Immobiliaris","url":"https:\/\/www.amatimmobiliaris.com\/w\/","logo":{"@type":"ImageObject","inLanguage":"ca","@id":"https:\/\/www.amatimmobiliaris.com\/w\/#\/schema\/logo\/image\/","url":"https:\/\/www.amatimmobiliaris.com\/w\/wp-content\/uploads\/2022\/10\/amat-logo.jpg","contentUrl":"https:\/\/www.amatimmobiliaris.com\/w\/wp-content\/uploads\/2022\/10\/amat-logo.jpg","width":900,"height":900,"caption":"Amat Immobiliaris"},"image":{"@id":"https:\/\/www.amatimmobiliaris.com\/w\/#\/schema\/logo\/image\/"},"sameAs":["https:\/\/www.facebook.com\/amatimmobiliaris","https:\/\/x.com\/amat_cat","https:\/\/www.instagram.com\/amat_immo\/","https:\/\/www.linkedin.com\/company\/amat-finques\/","https:\/\/www.youtube.com\/@amatimmobiliaris"]},{"@type":"Person","@id":"https:\/\/www.amatimmobiliaris.com\/w\/#\/schema\/person\/c880da71d1e156e7ea6774ffb445e034","name":"Amat Immobiliaris","sameAs":["http:\/\/amat-inmo-wp.localhost"]}]}},"_links":{"self":[{"href":"https:\/\/www.amatimmobiliaris.com\/w\/ca\/wp-json\/wp\/v2\/posts\/12200"}],"collection":[{"href":"https:\/\/www.amatimmobiliaris.com\/w\/ca\/wp-json\/wp\/v2\/posts"}],"about":[{"href":"https:\/\/www.amatimmobiliaris.com\/w\/ca\/wp-json\/wp\/v2\/types\/post"}],"author":[{"embeddable":true,"href":"https:\/\/www.amatimmobiliaris.com\/w\/ca\/wp-json\/wp\/v2\/users\/1"}],"replies":[{"embeddable":true,"href":"https:\/\/www.amatimmobiliaris.com\/w\/ca\/wp-json\/wp\/v2\/comments?post=12200"}],"version-history":[{"count":4,"href":"https:\/\/www.amatimmobiliaris.com\/w\/ca\/wp-json\/wp\/v2\/posts\/12200\/revisions"}],"predecessor-version":[{"id":27945,"href":"https:\/\/www.amatimmobiliaris.com\/w\/ca\/wp-json\/wp\/v2\/posts\/12200\/revisions\/27945"}],"wp:attachment":[{"href":"https:\/\/www.amatimmobiliaris.com\/w\/ca\/wp-json\/wp\/v2\/media?parent=12200"}],"wp:term":[{"taxonomy":"category","embeddable":true,"href":"https:\/\/www.amatimmobiliaris.com\/w\/ca\/wp-json\/wp\/v2\/categories?post=12200"},{"taxonomy":"post_tag","embeddable":true,"href":"https:\/\/www.amatimmobiliaris.com\/w\/ca\/wp-json\/wp\/v2\/tags?post=12200"}],"curies":[{"name":"wp","href":"https:\/\/api.w.org\/{rel}","templated":true}]}}