{"id":12193,"date":"2012-09-14T08:09:00","date_gmt":"2012-09-14T08:09:00","guid":{"rendered":"http:\/\/amat-inmo-wp.localhost\/2012\/09\/14\/necessito-tant-de-temps-fer-res-em-queda-temps-treballar\/"},"modified":"2023-05-18T14:35:22","modified_gmt":"2023-05-18T14:35:22","slug":"necessito-tant-de-temps-fer-res-em-queda-temps-treballar","status":"publish","type":"post","link":"https:\/\/www.amatimmobiliaris.com\/w\/ca\/2012\/09\/necessito-tant-de-temps-fer-res-em-queda-temps-treballar\/","title":{"rendered":"&#8220;Necessito tant de temps per no fer res, que no em queda temps per treballar&#8221;"},"content":{"rendered":"<p>&#8220;Necessito tant de temps per no fer res, que no em queda temps per treballar&#8221; \u00e9s una frase d\u2019en <strong>Pierre Reverdy<\/strong> \u2013 poeta del surrealisme i cubisme franc\u00e8s &#8211; trobada al darrer llibre d&#8217;<strong>Enrique Vila-Matas<\/strong>.<\/p>\n<p>Potser aix\u00f2 s\u00f3n les vacances, el no fer res, per\u00f2 la q\u00fcesti\u00f3 en aquests moments tan canviants \u00e9s: ens queda temps per no fer res? Penso que menys del que voldr\u00edem i segur que menys del que necessitar\u00edem.<\/p>\n<p>La meva impressi\u00f3 \u00e9s que la gran majoria de les empreses han canviat la seva forma de fer vacances. Moltes han tancat menys dies dels que habitualment acostumaven, entre elles <strong>Amat<\/strong>, i la veritat \u00e9s que no hem tingut a ning\u00fa amb els bra\u00e7os completament creuats. A <strong>Barcelona<\/strong> hi ha hagut molta gent, hem tingut un nombre prou significatiu de visites i fins i tot hem tancat operacions.<\/p>\n<p>En l\u00ednies generals vivim en un <strong>estat de permanent tensi\u00f3<\/strong>: Ens rescaten? A qui: a la banca o al pa\u00eds? Quan? Com? Que si el banc \u00e9s dolent ja mateix? Com i quins immobles? Que si modifiquen la LAU? Us heu parat a analitzar la proposta que s&#8217;ha publicat i a qui beneficia?<\/p>\n<p>Sembla el conte de \u201cl\u2019enfad\u00f3s\u201d, mai acabem de tenir les coses clares.<\/p>\n<p>I malgrat tot i com sempre diem: &#8220;la vida continua&#8221;, i tamb\u00e9 ens aporta coses positives. Aquestes vacances n\u2019he recollit algunes:<\/p>\n<ul>\n<li>Al poble de la Cerdanya on estiuegem, hi ha els mateixos restaurants que fa anys i dels mateixos propietaris, un \u00e8xit.<\/li>\n<li>Un avi de la Terra Alta, ens deia que estava disposat a renunciar a un mes de la seva pensi\u00f3 de jubilaci\u00f3 si aix\u00f2 podia contribuir a salvar el pa\u00eds. Prenguem-ne nota.<\/li>\n<li>Uns amics nostres han venut al juliol molts pisos d&#8217;una promoci\u00f3 a la Costa Brava.<\/li>\n<li>Ampliem plantilla! Es necessita tant de temps, tan d\u2019esfor\u00e7 per fer molt menys!!<\/li>\n<li>Esperem que les vacances curtes o llargues hagin servit per poder descansar una mica i \u201ccarregar les piles\u201d per una tardor que promet.<\/li>\n<\/ul>\n<p style=\"text-align: right;\"><strong>Immaculada Amat<br \/>\n<strong><strong><em>Codirectora Gerent d\u2019<a title=\"Amat Immobiliaris\" href=\"https:\/\/www.amatimmobiliaris.com\/w\/blog\/\">Amat Immobiliaris<\/a><\/em><\/strong><\/strong><\/strong><\/p>\n","protected":false},"excerpt":{"rendered":"<p>&#8220;Necessito tant de temps per no fer res, que no em queda temps per treballar&#8221; \u00e9s una frase d\u2019en Pierre Reverdy \u2013 poeta del surrealisme i cubisme franc\u00e8s &#8211; trobada al darrer llibre d&#8217;Enrique Vila-Matas. Potser aix\u00f2 s\u00f3n les vacances, el no fer res, per\u00f2 la q\u00fcesti\u00f3 en aquests moments tan canviants \u00e9s: ens queda [&hellip;]<\/p>\n","protected":false},"author":1,"featured_media":0,"comment_status":"closed","ping_status":"closed","sticky":false,"template":"","format":"standard","meta":{"content-type":"","footnotes":""},"categories":[1159],"tags":[85],"yoast_head":"<!-- This site is optimized with the Yoast SEO plugin v23.9 - https:\/\/yoast.com\/wordpress\/plugins\/seo\/ -->\n<title>&quot;Necessito tant de temps per no fer res, que no em queda temps per treballar&quot; | Amat Immobiliaris<\/title>\n<meta name=\"robots\" content=\"index, nofollow, max-snippet:-1, max-image-preview:large, max-video-preview:-1\" \/>\n<link rel=\"canonical\" href=\"https:\/\/www.amatimmobiliaris.com\/w\/ca\/2012\/09\/necessito-tant-de-temps-fer-res-em-queda-temps-treballar\/\" \/>\n<meta property=\"og:locale\" content=\"ca_ES\" \/>\n<meta property=\"og:type\" content=\"article\" \/>\n<meta property=\"og:title\" content=\"&quot;Necessito tant de temps per no fer res, que no em queda temps per treballar&quot; | Amat Immobiliaris\" \/>\n<meta property=\"og:description\" content=\"&#8220;Necessito tant de temps per no fer res, que no em queda temps per treballar&#8221; \u00e9s una frase d\u2019en Pierre Reverdy \u2013 poeta del surrealisme i cubisme franc\u00e8s &#8211; trobada al darrer llibre d&#8217;Enrique Vila-Matas. Potser aix\u00f2 s\u00f3n les vacances, el no fer res, per\u00f2 la q\u00fcesti\u00f3 en aquests moments tan canviants \u00e9s: ens queda [&hellip;]\" \/>\n<meta property=\"og:url\" content=\"https:\/\/www.amatimmobiliaris.com\/w\/ca\/2012\/09\/necessito-tant-de-temps-fer-res-em-queda-temps-treballar\/\" \/>\n<meta property=\"og:site_name\" content=\"Amat Immobiliaris\" \/>\n<meta property=\"article:publisher\" content=\"https:\/\/www.facebook.com\/amatimmobiliaris\" \/>\n<meta property=\"article:published_time\" content=\"2012-09-14T08:09:00+00:00\" \/>\n<meta property=\"article:modified_time\" content=\"2023-05-18T14:35:22+00:00\" \/>\n<meta property=\"og:image\" content=\"https:\/\/www.amatimmobiliaris.com\/w\/wp-content\/uploads\/2022\/01\/2014-Saga-familiar-Amat-dw-1-1024x683.jpg\" \/>\n\t<meta property=\"og:image:width\" content=\"1024\" \/>\n\t<meta property=\"og:image:height\" content=\"683\" \/>\n\t<meta property=\"og:image:type\" content=\"image\/jpeg\" \/>\n<meta name=\"author\" content=\"Amat Immobiliaris\" \/>\n<meta name=\"twitter:card\" content=\"summary_large_image\" \/>\n<meta name=\"twitter:creator\" content=\"@amat_cat\" \/>\n<meta name=\"twitter:site\" content=\"@amat_cat\" \/>\n<meta name=\"twitter:label1\" content=\"Escrit per\" \/>\n\t<meta name=\"twitter:data1\" content=\"Amat Immobiliaris\" \/>\n\t<meta name=\"twitter:label2\" content=\"Temps estimat de lectura\" \/>\n\t<meta name=\"twitter:data2\" content=\"2 minuts\" \/>\n<script type=\"application\/ld+json\" class=\"yoast-schema-graph\">{\"@context\":\"https:\/\/schema.org\",\"@graph\":[{\"@type\":\"Article\",\"@id\":\"https:\/\/www.amatimmobiliaris.com\/w\/ca\/2012\/09\/necessito-tant-de-temps-fer-res-em-queda-temps-treballar\/#article\",\"isPartOf\":{\"@id\":\"https:\/\/www.amatimmobiliaris.com\/w\/ca\/2012\/09\/necessito-tant-de-temps-fer-res-em-queda-temps-treballar\/\"},\"author\":{\"name\":\"Amat Immobiliaris\",\"@id\":\"https:\/\/www.amatimmobiliaris.com\/w\/#\/schema\/person\/c880da71d1e156e7ea6774ffb445e034\"},\"headline\":\"&#8220;Necessito tant de temps per no fer res, que no em queda temps per treballar&#8221;\",\"datePublished\":\"2012-09-14T08:09:00+00:00\",\"dateModified\":\"2023-05-18T14:35:22+00:00\",\"mainEntityOfPage\":{\"@id\":\"https:\/\/www.amatimmobiliaris.com\/w\/ca\/2012\/09\/necessito-tant-de-temps-fer-res-em-queda-temps-treballar\/\"},\"wordCount\":366,\"publisher\":{\"@id\":\"https:\/\/www.amatimmobiliaris.com\/w\/#organization\"},\"keywords\":[\"Diari del canvi\"],\"articleSection\":[\"Reflexions\"],\"inLanguage\":\"ca\"},{\"@type\":\"WebPage\",\"@id\":\"https:\/\/www.amatimmobiliaris.com\/w\/ca\/2012\/09\/necessito-tant-de-temps-fer-res-em-queda-temps-treballar\/\",\"url\":\"https:\/\/www.amatimmobiliaris.com\/w\/ca\/2012\/09\/necessito-tant-de-temps-fer-res-em-queda-temps-treballar\/\",\"name\":\"\\\"Necessito tant de temps per no fer res, que no em queda temps per treballar\\\" | Amat Immobiliaris\",\"isPartOf\":{\"@id\":\"https:\/\/www.amatimmobiliaris.com\/w\/#website\"},\"datePublished\":\"2012-09-14T08:09:00+00:00\",\"dateModified\":\"2023-05-18T14:35:22+00:00\",\"breadcrumb\":{\"@id\":\"https:\/\/www.amatimmobiliaris.com\/w\/ca\/2012\/09\/necessito-tant-de-temps-fer-res-em-queda-temps-treballar\/#breadcrumb\"},\"inLanguage\":\"ca\",\"potentialAction\":[{\"@type\":\"ReadAction\",\"target\":[\"https:\/\/www.amatimmobiliaris.com\/w\/ca\/2012\/09\/necessito-tant-de-temps-fer-res-em-queda-temps-treballar\/\"]}]},{\"@type\":\"BreadcrumbList\",\"@id\":\"https:\/\/www.amatimmobiliaris.com\/w\/ca\/2012\/09\/necessito-tant-de-temps-fer-res-em-queda-temps-treballar\/#breadcrumb\",\"itemListElement\":[{\"@type\":\"ListItem\",\"position\":1,\"name\":\"Home\",\"item\":\"https:\/\/www.amatimmobiliaris.com\/w\/ca\/\"},{\"@type\":\"ListItem\",\"position\":2,\"name\":\"El m\u00f3n Amat\",\"item\":\"https:\/\/www.amatimmobiliaris.com\/w\/ca\/categoria-ca\/el-mon-amat-ca\/\"},{\"@type\":\"ListItem\",\"position\":3,\"name\":\"Reflexions\",\"item\":\"https:\/\/www.amatimmobiliaris.com\/w\/ca\/categoria-ca\/el-mon-amat-ca\/reflexions-ca\/\"},{\"@type\":\"ListItem\",\"position\":4,\"name\":\"\u00abNecessito tant de temps per no fer res, que no em queda temps per treballar\u00bb\"}]},{\"@type\":\"WebSite\",\"@id\":\"https:\/\/www.amatimmobiliaris.com\/w\/#website\",\"url\":\"https:\/\/www.amatimmobiliaris.com\/w\/\",\"name\":\"Amat Immobiliaris\",\"description\":\"Empresa familiar del sector inmobiliario con oficinas en Barcelona, Sant Cugat del Vall\u00e9s y Sant Just Desvern. Te ayudamos a comprar, alquilar o vender tu casa o piso. Somos un equipo coherente con una cultura de empresa honesta, innovadora y eficaz. Tambi\u00e9n en www.amatluxury.com\",\"publisher\":{\"@id\":\"https:\/\/www.amatimmobiliaris.com\/w\/#organization\"},\"alternateName\":\"AmatImmo\",\"potentialAction\":[{\"@type\":\"SearchAction\",\"target\":{\"@type\":\"EntryPoint\",\"urlTemplate\":\"https:\/\/www.amatimmobiliaris.com\/w\/?s={search_term_string}\"},\"query-input\":{\"@type\":\"PropertyValueSpecification\",\"valueRequired\":true,\"valueName\":\"search_term_string\"}}],\"inLanguage\":\"ca\"},{\"@type\":\"Organization\",\"@id\":\"https:\/\/www.amatimmobiliaris.com\/w\/#organization\",\"name\":\"Amat Immobiliaris\",\"url\":\"https:\/\/www.amatimmobiliaris.com\/w\/\",\"logo\":{\"@type\":\"ImageObject\",\"inLanguage\":\"ca\",\"@id\":\"https:\/\/www.amatimmobiliaris.com\/w\/#\/schema\/logo\/image\/\",\"url\":\"https:\/\/www.amatimmobiliaris.com\/w\/wp-content\/uploads\/2022\/10\/amat-logo.jpg\",\"contentUrl\":\"https:\/\/www.amatimmobiliaris.com\/w\/wp-content\/uploads\/2022\/10\/amat-logo.jpg\",\"width\":900,\"height\":900,\"caption\":\"Amat Immobiliaris\"},\"image\":{\"@id\":\"https:\/\/www.amatimmobiliaris.com\/w\/#\/schema\/logo\/image\/\"},\"sameAs\":[\"https:\/\/www.facebook.com\/amatimmobiliaris\",\"https:\/\/x.com\/amat_cat\",\"https:\/\/www.instagram.com\/amat_immo\/\",\"https:\/\/www.linkedin.com\/company\/amat-finques\/\",\"https:\/\/www.youtube.com\/@amatimmobiliaris\"]},{\"@type\":\"Person\",\"@id\":\"https:\/\/www.amatimmobiliaris.com\/w\/#\/schema\/person\/c880da71d1e156e7ea6774ffb445e034\",\"name\":\"Amat Immobiliaris\",\"sameAs\":[\"http:\/\/amat-inmo-wp.localhost\"]}]}<\/script>\n<!-- \/ Yoast SEO plugin. -->","yoast_head_json":{"title":"\"Necessito tant de temps per no fer res, que no em queda temps per treballar\" | Amat Immobiliaris","robots":{"index":"index","follow":"nofollow","max-snippet":"max-snippet:-1","max-image-preview":"max-image-preview:large","max-video-preview":"max-video-preview:-1"},"canonical":"https:\/\/www.amatimmobiliaris.com\/w\/ca\/2012\/09\/necessito-tant-de-temps-fer-res-em-queda-temps-treballar\/","og_locale":"ca_ES","og_type":"article","og_title":"\"Necessito tant de temps per no fer res, que no em queda temps per treballar\" | Amat Immobiliaris","og_description":"&#8220;Necessito tant de temps per no fer res, que no em queda temps per treballar&#8221; \u00e9s una frase d\u2019en Pierre Reverdy \u2013 poeta del surrealisme i cubisme franc\u00e8s &#8211; trobada al darrer llibre d&#8217;Enrique Vila-Matas. Potser aix\u00f2 s\u00f3n les vacances, el no fer res, per\u00f2 la q\u00fcesti\u00f3 en aquests moments tan canviants \u00e9s: ens queda [&hellip;]","og_url":"https:\/\/www.amatimmobiliaris.com\/w\/ca\/2012\/09\/necessito-tant-de-temps-fer-res-em-queda-temps-treballar\/","og_site_name":"Amat Immobiliaris","article_publisher":"https:\/\/www.facebook.com\/amatimmobiliaris","article_published_time":"2012-09-14T08:09:00+00:00","article_modified_time":"2023-05-18T14:35:22+00:00","og_image":[{"width":1024,"height":683,"url":"https:\/\/www.amatimmobiliaris.com\/w\/wp-content\/uploads\/2022\/01\/2014-Saga-familiar-Amat-dw-1-1024x683.jpg","type":"image\/jpeg"}],"author":"Amat Immobiliaris","twitter_card":"summary_large_image","twitter_creator":"@amat_cat","twitter_site":"@amat_cat","twitter_misc":{"Escrit per":"Amat Immobiliaris","Temps estimat de lectura":"2 minuts"},"schema":{"@context":"https:\/\/schema.org","@graph":[{"@type":"Article","@id":"https:\/\/www.amatimmobiliaris.com\/w\/ca\/2012\/09\/necessito-tant-de-temps-fer-res-em-queda-temps-treballar\/#article","isPartOf":{"@id":"https:\/\/www.amatimmobiliaris.com\/w\/ca\/2012\/09\/necessito-tant-de-temps-fer-res-em-queda-temps-treballar\/"},"author":{"name":"Amat Immobiliaris","@id":"https:\/\/www.amatimmobiliaris.com\/w\/#\/schema\/person\/c880da71d1e156e7ea6774ffb445e034"},"headline":"&#8220;Necessito tant de temps per no fer res, que no em queda temps per treballar&#8221;","datePublished":"2012-09-14T08:09:00+00:00","dateModified":"2023-05-18T14:35:22+00:00","mainEntityOfPage":{"@id":"https:\/\/www.amatimmobiliaris.com\/w\/ca\/2012\/09\/necessito-tant-de-temps-fer-res-em-queda-temps-treballar\/"},"wordCount":366,"publisher":{"@id":"https:\/\/www.amatimmobiliaris.com\/w\/#organization"},"keywords":["Diari del canvi"],"articleSection":["Reflexions"],"inLanguage":"ca"},{"@type":"WebPage","@id":"https:\/\/www.amatimmobiliaris.com\/w\/ca\/2012\/09\/necessito-tant-de-temps-fer-res-em-queda-temps-treballar\/","url":"https:\/\/www.amatimmobiliaris.com\/w\/ca\/2012\/09\/necessito-tant-de-temps-fer-res-em-queda-temps-treballar\/","name":"\"Necessito tant de temps per no fer res, que no em queda temps per treballar\" | Amat Immobiliaris","isPartOf":{"@id":"https:\/\/www.amatimmobiliaris.com\/w\/#website"},"datePublished":"2012-09-14T08:09:00+00:00","dateModified":"2023-05-18T14:35:22+00:00","breadcrumb":{"@id":"https:\/\/www.amatimmobiliaris.com\/w\/ca\/2012\/09\/necessito-tant-de-temps-fer-res-em-queda-temps-treballar\/#breadcrumb"},"inLanguage":"ca","potentialAction":[{"@type":"ReadAction","target":["https:\/\/www.amatimmobiliaris.com\/w\/ca\/2012\/09\/necessito-tant-de-temps-fer-res-em-queda-temps-treballar\/"]}]},{"@type":"BreadcrumbList","@id":"https:\/\/www.amatimmobiliaris.com\/w\/ca\/2012\/09\/necessito-tant-de-temps-fer-res-em-queda-temps-treballar\/#breadcrumb","itemListElement":[{"@type":"ListItem","position":1,"name":"Home","item":"https:\/\/www.amatimmobiliaris.com\/w\/ca\/"},{"@type":"ListItem","position":2,"name":"El m\u00f3n Amat","item":"https:\/\/www.amatimmobiliaris.com\/w\/ca\/categoria-ca\/el-mon-amat-ca\/"},{"@type":"ListItem","position":3,"name":"Reflexions","item":"https:\/\/www.amatimmobiliaris.com\/w\/ca\/categoria-ca\/el-mon-amat-ca\/reflexions-ca\/"},{"@type":"ListItem","position":4,"name":"\u00abNecessito tant de temps per no fer res, que no em queda temps per treballar\u00bb"}]},{"@type":"WebSite","@id":"https:\/\/www.amatimmobiliaris.com\/w\/#website","url":"https:\/\/www.amatimmobiliaris.com\/w\/","name":"Amat Immobiliaris","description":"Empresa familiar del sector inmobiliario con oficinas en Barcelona, Sant Cugat del Vall\u00e9s y Sant Just Desvern. Te ayudamos a comprar, alquilar o vender tu casa o piso. Somos un equipo coherente con una cultura de empresa honesta, innovadora y eficaz. Tambi\u00e9n en www.amatluxury.com","publisher":{"@id":"https:\/\/www.amatimmobiliaris.com\/w\/#organization"},"alternateName":"AmatImmo","potentialAction":[{"@type":"SearchAction","target":{"@type":"EntryPoint","urlTemplate":"https:\/\/www.amatimmobiliaris.com\/w\/?s={search_term_string}"},"query-input":{"@type":"PropertyValueSpecification","valueRequired":true,"valueName":"search_term_string"}}],"inLanguage":"ca"},{"@type":"Organization","@id":"https:\/\/www.amatimmobiliaris.com\/w\/#organization","name":"Amat Immobiliaris","url":"https:\/\/www.amatimmobiliaris.com\/w\/","logo":{"@type":"ImageObject","inLanguage":"ca","@id":"https:\/\/www.amatimmobiliaris.com\/w\/#\/schema\/logo\/image\/","url":"https:\/\/www.amatimmobiliaris.com\/w\/wp-content\/uploads\/2022\/10\/amat-logo.jpg","contentUrl":"https:\/\/www.amatimmobiliaris.com\/w\/wp-content\/uploads\/2022\/10\/amat-logo.jpg","width":900,"height":900,"caption":"Amat Immobiliaris"},"image":{"@id":"https:\/\/www.amatimmobiliaris.com\/w\/#\/schema\/logo\/image\/"},"sameAs":["https:\/\/www.facebook.com\/amatimmobiliaris","https:\/\/x.com\/amat_cat","https:\/\/www.instagram.com\/amat_immo\/","https:\/\/www.linkedin.com\/company\/amat-finques\/","https:\/\/www.youtube.com\/@amatimmobiliaris"]},{"@type":"Person","@id":"https:\/\/www.amatimmobiliaris.com\/w\/#\/schema\/person\/c880da71d1e156e7ea6774ffb445e034","name":"Amat Immobiliaris","sameAs":["http:\/\/amat-inmo-wp.localhost"]}]}},"_links":{"self":[{"href":"https:\/\/www.amatimmobiliaris.com\/w\/ca\/wp-json\/wp\/v2\/posts\/12193"}],"collection":[{"href":"https:\/\/www.amatimmobiliaris.com\/w\/ca\/wp-json\/wp\/v2\/posts"}],"about":[{"href":"https:\/\/www.amatimmobiliaris.com\/w\/ca\/wp-json\/wp\/v2\/types\/post"}],"author":[{"embeddable":true,"href":"https:\/\/www.amatimmobiliaris.com\/w\/ca\/wp-json\/wp\/v2\/users\/1"}],"replies":[{"embeddable":true,"href":"https:\/\/www.amatimmobiliaris.com\/w\/ca\/wp-json\/wp\/v2\/comments?post=12193"}],"version-history":[{"count":4,"href":"https:\/\/www.amatimmobiliaris.com\/w\/ca\/wp-json\/wp\/v2\/posts\/12193\/revisions"}],"predecessor-version":[{"id":27947,"href":"https:\/\/www.amatimmobiliaris.com\/w\/ca\/wp-json\/wp\/v2\/posts\/12193\/revisions\/27947"}],"wp:attachment":[{"href":"https:\/\/www.amatimmobiliaris.com\/w\/ca\/wp-json\/wp\/v2\/media?parent=12193"}],"wp:term":[{"taxonomy":"category","embeddable":true,"href":"https:\/\/www.amatimmobiliaris.com\/w\/ca\/wp-json\/wp\/v2\/categories?post=12193"},{"taxonomy":"post_tag","embeddable":true,"href":"https:\/\/www.amatimmobiliaris.com\/w\/ca\/wp-json\/wp\/v2\/tags?post=12193"}],"curies":[{"name":"wp","href":"https:\/\/api.w.org\/{rel}","templated":true}]}}