{"id":12192,"date":"2012-09-06T10:00:32","date_gmt":"2012-09-06T10:00:32","guid":{"rendered":"http:\/\/amat-inmo-wp.localhost\/2012\/09\/06\/memoria-de-qualitats\/"},"modified":"2023-04-17T11:55:01","modified_gmt":"2023-04-17T11:55:01","slug":"memoria-de-qualitats","status":"publish","type":"post","link":"https:\/\/www.amatimmobiliaris.com\/w\/ca\/2012\/09\/memoria-de-qualitats\/","title":{"rendered":"Mem\u00f2ria de qualitats"},"content":{"rendered":"<p>En comprar un pis d&#8217;obra nova i aquest encara est\u00e0 en proc\u00e9s de construcci\u00f3, has de rebre una mem\u00f2ria de qualitats. La nostra opini\u00f3 \u00e9s que, per tal d&#8217;evitar problemes posterior, la mem\u00f2ria de qualitats sigui el m\u00e9s detallada possible.<\/p>\n<p>No obstant, aquesta ha de contenir s\u00ed o s\u00ed els seg\u00fcents documents:<\/p>\n<p><!--more--><\/p>\n<p>1. <strong>Descripci\u00f3 general<\/strong> de qu\u00e8 estar\u00e0 feta l&#8217;obra: els fonaments, el tipus d&#8217;estructura, el tipus d&#8217;a\u00efllant, de coberta, etc.<br \/>\n2. La <strong>descripci\u00f3<\/strong> de com seran els <strong>exteriors<\/strong>: parets, tancamanets, vidres, etc.<br \/>\n3. <strong>Descripci\u00f3 de les instal\u00b7lacions<\/strong>:<\/p>\n<ul>\n<li>el\u00e8ctrica (punts de llum, endolls&#8230;)<\/li>\n<li>aigua (punts de connexi\u00f3)<\/li>\n<li>gas<\/li>\n<li>calefacci\u00f3 (descripci\u00f3 de com ser\u00e0)<\/li>\n<li>aire acondicionat (com i on)<\/li>\n<\/ul>\n<p>4. <strong>Descripci\u00f3 dels acabats interiors<\/strong>: si hi ha o no armaris encastats i si aquests estan folrats o no, tipus de fusteria, armaris de la cuina (com i quans seran), tipus de sanitaris i colors, tipus de revestimets a les zones d&#8217;aig\u00fces&#8230;<\/p>\n<p>5. <strong>Descripci\u00f3<\/strong> de quins <strong>equipaments<\/strong> disposar\u00e0 l&#8217;habitage (electrodom\u00e8stics, dom\u00f2tica, alarma, antena TV&#8230;).<\/p>\n<p>Un altre punt important a tenir present \u00e9s que a les <strong>promocions d&#8217;obra nova<\/strong> no es deixa fer canvis en el tema d&#8217;<strong>acabats<\/strong>, ja que provoquen distrosions en la marxa de l&#8217;obra, retards i confusions. En el cas de que fossin possibles aquests canvis, el m\u00e9s habitual \u00e9s fer una valoraci\u00f3 pr\u00e8via amb el presupost corresponent que haur\u00e0 de ser acceptat pel comprador, perqu\u00e8 abonar\u00e0 la meitat del seu valor per endavant, en el moment de l&#8217;acceptaci\u00f3 del pressupost. La resta ho far\u00e0 en el moment de l&#8217;escriptura.<\/p>\n","protected":false},"excerpt":{"rendered":"<p>En comprar un pis d&#8217;obra nova i aquest encara est\u00e0 en proc\u00e9s de construcci\u00f3, has de rebre una mem\u00f2ria de qualitats. La nostra opini\u00f3 \u00e9s que, per tal d&#8217;evitar problemes posterior, la mem\u00f2ria de qualitats sigui el m\u00e9s detallada possible. No obstant, aquesta ha de contenir s\u00ed o s\u00ed els seg\u00fcents documents:<\/p>\n","protected":false},"author":1,"featured_media":0,"comment_status":"closed","ping_status":"open","sticky":false,"template":"","format":"standard","meta":{"content-type":"","footnotes":""},"categories":[745],"tags":[],"yoast_head":"<!-- This site is optimized with the Yoast SEO plugin v23.9 - https:\/\/yoast.com\/wordpress\/plugins\/seo\/ -->\n<title>Mem\u00f2ria de qualitats | Amat Immobiliaris<\/title>\n<meta name=\"robots\" content=\"index, follow, max-snippet:-1, max-image-preview:large, max-video-preview:-1\" \/>\n<link rel=\"canonical\" href=\"https:\/\/www.amatimmobiliaris.com\/w\/ca\/2012\/09\/memoria-de-qualitats\/\" \/>\n<meta property=\"og:locale\" content=\"ca_ES\" \/>\n<meta property=\"og:type\" content=\"article\" \/>\n<meta property=\"og:title\" content=\"Mem\u00f2ria de qualitats | Amat Immobiliaris\" \/>\n<meta property=\"og:description\" content=\"En comprar un pis d&#8217;obra nova i aquest encara est\u00e0 en proc\u00e9s de construcci\u00f3, has de rebre una mem\u00f2ria de qualitats. La nostra opini\u00f3 \u00e9s que, per tal d&#8217;evitar problemes posterior, la mem\u00f2ria de qualitats sigui el m\u00e9s detallada possible. No obstant, aquesta ha de contenir s\u00ed o s\u00ed els seg\u00fcents documents:\" \/>\n<meta property=\"og:url\" content=\"https:\/\/www.amatimmobiliaris.com\/w\/ca\/2012\/09\/memoria-de-qualitats\/\" \/>\n<meta property=\"og:site_name\" content=\"Amat Immobiliaris\" \/>\n<meta property=\"article:publisher\" content=\"https:\/\/www.facebook.com\/amatimmobiliaris\" \/>\n<meta property=\"article:published_time\" content=\"2012-09-06T10:00:32+00:00\" \/>\n<meta property=\"article:modified_time\" content=\"2023-04-17T11:55:01+00:00\" \/>\n<meta property=\"og:image\" content=\"https:\/\/www.amatimmobiliaris.com\/w\/wp-content\/uploads\/2022\/01\/2014-Saga-familiar-Amat-dw-1-1024x683.jpg\" \/>\n\t<meta property=\"og:image:width\" content=\"1024\" \/>\n\t<meta property=\"og:image:height\" content=\"683\" \/>\n\t<meta property=\"og:image:type\" content=\"image\/jpeg\" \/>\n<meta name=\"author\" content=\"Amat Immobiliaris\" \/>\n<meta name=\"twitter:card\" content=\"summary_large_image\" \/>\n<meta name=\"twitter:creator\" content=\"@amat_cat\" \/>\n<meta name=\"twitter:site\" content=\"@amat_cat\" \/>\n<meta name=\"twitter:label1\" content=\"Escrit per\" \/>\n\t<meta name=\"twitter:data1\" content=\"Amat Immobiliaris\" \/>\n\t<meta name=\"twitter:label2\" content=\"Temps estimat de lectura\" \/>\n\t<meta name=\"twitter:data2\" content=\"1 minut\" \/>\n<script type=\"application\/ld+json\" class=\"yoast-schema-graph\">{\"@context\":\"https:\/\/schema.org\",\"@graph\":[{\"@type\":\"Article\",\"@id\":\"https:\/\/www.amatimmobiliaris.com\/w\/ca\/2012\/09\/memoria-de-qualitats\/#article\",\"isPartOf\":{\"@id\":\"https:\/\/www.amatimmobiliaris.com\/w\/ca\/2012\/09\/memoria-de-qualitats\/\"},\"author\":{\"name\":\"Amat Immobiliaris\",\"@id\":\"https:\/\/www.amatimmobiliaris.com\/w\/#\/schema\/person\/c880da71d1e156e7ea6774ffb445e034\"},\"headline\":\"Mem\u00f2ria de qualitats\",\"datePublished\":\"2012-09-06T10:00:32+00:00\",\"dateModified\":\"2023-04-17T11:55:01+00:00\",\"mainEntityOfPage\":{\"@id\":\"https:\/\/www.amatimmobiliaris.com\/w\/ca\/2012\/09\/memoria-de-qualitats\/\"},\"wordCount\":262,\"publisher\":{\"@id\":\"https:\/\/www.amatimmobiliaris.com\/w\/#organization\"},\"articleSection\":[\"El usuario pregunta\"],\"inLanguage\":\"ca\"},{\"@type\":\"WebPage\",\"@id\":\"https:\/\/www.amatimmobiliaris.com\/w\/ca\/2012\/09\/memoria-de-qualitats\/\",\"url\":\"https:\/\/www.amatimmobiliaris.com\/w\/ca\/2012\/09\/memoria-de-qualitats\/\",\"name\":\"Mem\u00f2ria de qualitats | Amat Immobiliaris\",\"isPartOf\":{\"@id\":\"https:\/\/www.amatimmobiliaris.com\/w\/#website\"},\"datePublished\":\"2012-09-06T10:00:32+00:00\",\"dateModified\":\"2023-04-17T11:55:01+00:00\",\"breadcrumb\":{\"@id\":\"https:\/\/www.amatimmobiliaris.com\/w\/ca\/2012\/09\/memoria-de-qualitats\/#breadcrumb\"},\"inLanguage\":\"ca\",\"potentialAction\":[{\"@type\":\"ReadAction\",\"target\":[\"https:\/\/www.amatimmobiliaris.com\/w\/ca\/2012\/09\/memoria-de-qualitats\/\"]}]},{\"@type\":\"BreadcrumbList\",\"@id\":\"https:\/\/www.amatimmobiliaris.com\/w\/ca\/2012\/09\/memoria-de-qualitats\/#breadcrumb\",\"itemListElement\":[{\"@type\":\"ListItem\",\"position\":1,\"name\":\"Home\",\"item\":\"https:\/\/www.amatimmobiliaris.com\/w\/ca\/\"},{\"@type\":\"ListItem\",\"position\":2,\"name\":\"Consejos\",\"item\":\"https:\/\/www.amatimmobiliaris.com\/w\/category\/consejos\/\"},{\"@type\":\"ListItem\",\"position\":3,\"name\":\"El usuario pregunta\",\"item\":\"https:\/\/www.amatimmobiliaris.com\/w\/category\/consejos\/el-usuario-pregunta\/\"},{\"@type\":\"ListItem\",\"position\":4,\"name\":\"Mem\u00f2ria de qualitats\"}]},{\"@type\":\"WebSite\",\"@id\":\"https:\/\/www.amatimmobiliaris.com\/w\/#website\",\"url\":\"https:\/\/www.amatimmobiliaris.com\/w\/\",\"name\":\"Amat Immobiliaris\",\"description\":\"Empresa familiar del sector inmobiliario con oficinas en Barcelona, Sant Cugat del Vall\u00e9s y Sant Just Desvern. Te ayudamos a comprar, alquilar o vender tu casa o piso. Somos un equipo coherente con una cultura de empresa honesta, innovadora y eficaz. Tambi\u00e9n en www.amatluxury.com\",\"publisher\":{\"@id\":\"https:\/\/www.amatimmobiliaris.com\/w\/#organization\"},\"alternateName\":\"AmatImmo\",\"potentialAction\":[{\"@type\":\"SearchAction\",\"target\":{\"@type\":\"EntryPoint\",\"urlTemplate\":\"https:\/\/www.amatimmobiliaris.com\/w\/?s={search_term_string}\"},\"query-input\":{\"@type\":\"PropertyValueSpecification\",\"valueRequired\":true,\"valueName\":\"search_term_string\"}}],\"inLanguage\":\"ca\"},{\"@type\":\"Organization\",\"@id\":\"https:\/\/www.amatimmobiliaris.com\/w\/#organization\",\"name\":\"Amat Immobiliaris\",\"url\":\"https:\/\/www.amatimmobiliaris.com\/w\/\",\"logo\":{\"@type\":\"ImageObject\",\"inLanguage\":\"ca\",\"@id\":\"https:\/\/www.amatimmobiliaris.com\/w\/#\/schema\/logo\/image\/\",\"url\":\"https:\/\/www.amatimmobiliaris.com\/w\/wp-content\/uploads\/2022\/10\/amat-logo.jpg\",\"contentUrl\":\"https:\/\/www.amatimmobiliaris.com\/w\/wp-content\/uploads\/2022\/10\/amat-logo.jpg\",\"width\":900,\"height\":900,\"caption\":\"Amat Immobiliaris\"},\"image\":{\"@id\":\"https:\/\/www.amatimmobiliaris.com\/w\/#\/schema\/logo\/image\/\"},\"sameAs\":[\"https:\/\/www.facebook.com\/amatimmobiliaris\",\"https:\/\/x.com\/amat_cat\",\"https:\/\/www.instagram.com\/amat_immo\/\",\"https:\/\/www.linkedin.com\/company\/amat-finques\/\",\"https:\/\/www.youtube.com\/@amatimmobiliaris\"]},{\"@type\":\"Person\",\"@id\":\"https:\/\/www.amatimmobiliaris.com\/w\/#\/schema\/person\/c880da71d1e156e7ea6774ffb445e034\",\"name\":\"Amat Immobiliaris\",\"sameAs\":[\"http:\/\/amat-inmo-wp.localhost\"]}]}<\/script>\n<!-- \/ Yoast SEO plugin. -->","yoast_head_json":{"title":"Mem\u00f2ria de qualitats | Amat Immobiliaris","robots":{"index":"index","follow":"follow","max-snippet":"max-snippet:-1","max-image-preview":"max-image-preview:large","max-video-preview":"max-video-preview:-1"},"canonical":"https:\/\/www.amatimmobiliaris.com\/w\/ca\/2012\/09\/memoria-de-qualitats\/","og_locale":"ca_ES","og_type":"article","og_title":"Mem\u00f2ria de qualitats | Amat Immobiliaris","og_description":"En comprar un pis d&#8217;obra nova i aquest encara est\u00e0 en proc\u00e9s de construcci\u00f3, has de rebre una mem\u00f2ria de qualitats. La nostra opini\u00f3 \u00e9s que, per tal d&#8217;evitar problemes posterior, la mem\u00f2ria de qualitats sigui el m\u00e9s detallada possible. No obstant, aquesta ha de contenir s\u00ed o s\u00ed els seg\u00fcents documents:","og_url":"https:\/\/www.amatimmobiliaris.com\/w\/ca\/2012\/09\/memoria-de-qualitats\/","og_site_name":"Amat Immobiliaris","article_publisher":"https:\/\/www.facebook.com\/amatimmobiliaris","article_published_time":"2012-09-06T10:00:32+00:00","article_modified_time":"2023-04-17T11:55:01+00:00","og_image":[{"width":1024,"height":683,"url":"https:\/\/www.amatimmobiliaris.com\/w\/wp-content\/uploads\/2022\/01\/2014-Saga-familiar-Amat-dw-1-1024x683.jpg","type":"image\/jpeg"}],"author":"Amat Immobiliaris","twitter_card":"summary_large_image","twitter_creator":"@amat_cat","twitter_site":"@amat_cat","twitter_misc":{"Escrit per":"Amat Immobiliaris","Temps estimat de lectura":"1 minut"},"schema":{"@context":"https:\/\/schema.org","@graph":[{"@type":"Article","@id":"https:\/\/www.amatimmobiliaris.com\/w\/ca\/2012\/09\/memoria-de-qualitats\/#article","isPartOf":{"@id":"https:\/\/www.amatimmobiliaris.com\/w\/ca\/2012\/09\/memoria-de-qualitats\/"},"author":{"name":"Amat Immobiliaris","@id":"https:\/\/www.amatimmobiliaris.com\/w\/#\/schema\/person\/c880da71d1e156e7ea6774ffb445e034"},"headline":"Mem\u00f2ria de qualitats","datePublished":"2012-09-06T10:00:32+00:00","dateModified":"2023-04-17T11:55:01+00:00","mainEntityOfPage":{"@id":"https:\/\/www.amatimmobiliaris.com\/w\/ca\/2012\/09\/memoria-de-qualitats\/"},"wordCount":262,"publisher":{"@id":"https:\/\/www.amatimmobiliaris.com\/w\/#organization"},"articleSection":["El usuario pregunta"],"inLanguage":"ca"},{"@type":"WebPage","@id":"https:\/\/www.amatimmobiliaris.com\/w\/ca\/2012\/09\/memoria-de-qualitats\/","url":"https:\/\/www.amatimmobiliaris.com\/w\/ca\/2012\/09\/memoria-de-qualitats\/","name":"Mem\u00f2ria de qualitats | Amat Immobiliaris","isPartOf":{"@id":"https:\/\/www.amatimmobiliaris.com\/w\/#website"},"datePublished":"2012-09-06T10:00:32+00:00","dateModified":"2023-04-17T11:55:01+00:00","breadcrumb":{"@id":"https:\/\/www.amatimmobiliaris.com\/w\/ca\/2012\/09\/memoria-de-qualitats\/#breadcrumb"},"inLanguage":"ca","potentialAction":[{"@type":"ReadAction","target":["https:\/\/www.amatimmobiliaris.com\/w\/ca\/2012\/09\/memoria-de-qualitats\/"]}]},{"@type":"BreadcrumbList","@id":"https:\/\/www.amatimmobiliaris.com\/w\/ca\/2012\/09\/memoria-de-qualitats\/#breadcrumb","itemListElement":[{"@type":"ListItem","position":1,"name":"Home","item":"https:\/\/www.amatimmobiliaris.com\/w\/ca\/"},{"@type":"ListItem","position":2,"name":"Consejos","item":"https:\/\/www.amatimmobiliaris.com\/w\/category\/consejos\/"},{"@type":"ListItem","position":3,"name":"El usuario pregunta","item":"https:\/\/www.amatimmobiliaris.com\/w\/category\/consejos\/el-usuario-pregunta\/"},{"@type":"ListItem","position":4,"name":"Mem\u00f2ria de qualitats"}]},{"@type":"WebSite","@id":"https:\/\/www.amatimmobiliaris.com\/w\/#website","url":"https:\/\/www.amatimmobiliaris.com\/w\/","name":"Amat Immobiliaris","description":"Empresa familiar del sector inmobiliario con oficinas en Barcelona, Sant Cugat del Vall\u00e9s y Sant Just Desvern. Te ayudamos a comprar, alquilar o vender tu casa o piso. Somos un equipo coherente con una cultura de empresa honesta, innovadora y eficaz. Tambi\u00e9n en www.amatluxury.com","publisher":{"@id":"https:\/\/www.amatimmobiliaris.com\/w\/#organization"},"alternateName":"AmatImmo","potentialAction":[{"@type":"SearchAction","target":{"@type":"EntryPoint","urlTemplate":"https:\/\/www.amatimmobiliaris.com\/w\/?s={search_term_string}"},"query-input":{"@type":"PropertyValueSpecification","valueRequired":true,"valueName":"search_term_string"}}],"inLanguage":"ca"},{"@type":"Organization","@id":"https:\/\/www.amatimmobiliaris.com\/w\/#organization","name":"Amat Immobiliaris","url":"https:\/\/www.amatimmobiliaris.com\/w\/","logo":{"@type":"ImageObject","inLanguage":"ca","@id":"https:\/\/www.amatimmobiliaris.com\/w\/#\/schema\/logo\/image\/","url":"https:\/\/www.amatimmobiliaris.com\/w\/wp-content\/uploads\/2022\/10\/amat-logo.jpg","contentUrl":"https:\/\/www.amatimmobiliaris.com\/w\/wp-content\/uploads\/2022\/10\/amat-logo.jpg","width":900,"height":900,"caption":"Amat Immobiliaris"},"image":{"@id":"https:\/\/www.amatimmobiliaris.com\/w\/#\/schema\/logo\/image\/"},"sameAs":["https:\/\/www.facebook.com\/amatimmobiliaris","https:\/\/x.com\/amat_cat","https:\/\/www.instagram.com\/amat_immo\/","https:\/\/www.linkedin.com\/company\/amat-finques\/","https:\/\/www.youtube.com\/@amatimmobiliaris"]},{"@type":"Person","@id":"https:\/\/www.amatimmobiliaris.com\/w\/#\/schema\/person\/c880da71d1e156e7ea6774ffb445e034","name":"Amat Immobiliaris","sameAs":["http:\/\/amat-inmo-wp.localhost"]}]}},"_links":{"self":[{"href":"https:\/\/www.amatimmobiliaris.com\/w\/ca\/wp-json\/wp\/v2\/posts\/12192"}],"collection":[{"href":"https:\/\/www.amatimmobiliaris.com\/w\/ca\/wp-json\/wp\/v2\/posts"}],"about":[{"href":"https:\/\/www.amatimmobiliaris.com\/w\/ca\/wp-json\/wp\/v2\/types\/post"}],"author":[{"embeddable":true,"href":"https:\/\/www.amatimmobiliaris.com\/w\/ca\/wp-json\/wp\/v2\/users\/1"}],"replies":[{"embeddable":true,"href":"https:\/\/www.amatimmobiliaris.com\/w\/ca\/wp-json\/wp\/v2\/comments?post=12192"}],"version-history":[{"count":2,"href":"https:\/\/www.amatimmobiliaris.com\/w\/ca\/wp-json\/wp\/v2\/posts\/12192\/revisions"}],"predecessor-version":[{"id":23885,"href":"https:\/\/www.amatimmobiliaris.com\/w\/ca\/wp-json\/wp\/v2\/posts\/12192\/revisions\/23885"}],"wp:attachment":[{"href":"https:\/\/www.amatimmobiliaris.com\/w\/ca\/wp-json\/wp\/v2\/media?parent=12192"}],"wp:term":[{"taxonomy":"category","embeddable":true,"href":"https:\/\/www.amatimmobiliaris.com\/w\/ca\/wp-json\/wp\/v2\/categories?post=12192"},{"taxonomy":"post_tag","embeddable":true,"href":"https:\/\/www.amatimmobiliaris.com\/w\/ca\/wp-json\/wp\/v2\/tags?post=12192"}],"curies":[{"name":"wp","href":"https:\/\/api.w.org\/{rel}","templated":true}]}}