{"id":12168,"date":"2012-06-08T09:51:07","date_gmt":"2012-06-08T09:51:07","guid":{"rendered":"http:\/\/amat-inmo-wp.localhost\/2012\/06\/08\/amat-immobiliaris-boconcept-decoracio\/"},"modified":"2023-05-05T10:14:19","modified_gmt":"2023-05-05T10:14:19","slug":"amat-immobiliaris-boconcept-decoracio","status":"publish","type":"post","link":"https:\/\/www.amatimmobiliaris.com\/w\/ca\/2012\/06\/amat-immobiliaris-boconcept-decoracio\/","title":{"rendered":"Amat i BoConcept uneixen esfor\u00e7os en trobar la casa dels teus somnis"},"content":{"rendered":"<p>La gent de <a title=\"BoConcept\" href=\"http:\/\/www.boconcept.es\/\" target=\"_blank\" rel=\"noopener nofollow\" class=\"broken_link\">BoConcept<\/a> ens va oferir ahir una xerrada sobre decoraci\u00f3, que sota el t\u00edtol de\u00a0 &#8220;<strong>Com donar vida a un habitatge<\/strong>&#8220;, intentava oferir ajuda i consells a l\u2019hora de pensar en decorar un pis o una casa.<\/p>\n<p>La xerrada va rec\u00f3rrer una mica la hist\u00f2ria de BoConcept, amb una traject\u00f2ria de quasi 60 anys d\u2019exist\u00e8ncia, i els serveis que ofereixen als seus clients. Ens van explicar el qu\u00e8 necessit\u00e0ven \u201ccaptar\u201d dels clients per despr\u00e9s poder oferir un espai adequat a cada un d&#8217;ells, i tamb\u00e9 de la import\u00e0ncia que aquests espais ens alegrin el nostre dia a dia.<\/p>\n<p><!--more--><\/p>\n<p>Abans del piscolabis es va sortejar una fant\u00e0stica butaca model Imola i valorada en 1.475\u20ac i l\u2019afortunada va ser la <a href=\"https:\/\/twitter.com\/amat_cat\/status\/210798917821005826\/photo\/1\/large\" target=\"_blank\" rel=\"noopener\">N\u00faria Barbany<\/a>, moltes felicitats N\u00faria!. Despr\u00e9s vam compartir una bona estona amb tota la gent de BoConcept i cadasc\u00fa va poder preguntar els seus dubtes en decoraci\u00f3 i dels mobles exposats a la botiga.<\/p>\n<p>Volem agra\u00efr a tots els clients que van assistir a l\u2019acte i especialment a tot l\u2019equip de BoConcept per ser tan acollidors.<br \/>\nCompartim amb vosaltres l&#8217;entrevista que ens va concedir l&#8217;Olaf Slott-Petersen, Responsable de la marca a Barcelona.<\/p>\n<p><object width=\"507\" height=\"286\" classid=\"clsid:d27cdb6e-ae6d-11cf-96b8-444553540000\" codebase=\"http:\/\/download.macromedia.com\/pub\/shockwave\/cabs\/flash\/swflash.cab#version=6,0,40,0\"><param name=\"allowFullScreen\" value=\"true\" \/><param name=\"allowscriptaccess\" value=\"always\" \/><param name=\"src\" value=\"http:\/\/www.youtube.com\/v\/ybM4VvnG78M?version=3&amp;hl=es_ES\" \/><param name=\"allowfullscreen\" value=\"true\" \/><embed width=\"507\" height=\"286\" type=\"application\/x-shockwave-flash\" src=\"http:\/\/www.youtube.com\/v\/ybM4VvnG78M?version=3&amp;hl=es_ES\" allowFullScreen=\"true\" allowscriptaccess=\"always\" allowfullscreen=\"true\" \/><\/object><\/p>\n","protected":false},"excerpt":{"rendered":"<p>La gent de BoConcept ens va oferir ahir una xerrada sobre decoraci\u00f3, que sota el t\u00edtol de\u00a0 &#8220;Com donar vida a un habitatge&#8220;, intentava oferir ajuda i consells a l\u2019hora de pensar en decorar un pis o una casa. La xerrada va rec\u00f3rrer una mica la hist\u00f2ria de BoConcept, amb una traject\u00f2ria de quasi 60 [&hellip;]<\/p>\n","protected":false},"author":1,"featured_media":0,"comment_status":"closed","ping_status":"open","sticky":false,"template":"","format":"standard","meta":{"content-type":"","footnotes":""},"categories":[742],"tags":[336,697,338,1681],"yoast_head":"<!-- This site is optimized with the Yoast SEO plugin v23.9 - https:\/\/yoast.com\/wordpress\/plugins\/seo\/ -->\n<title>Amat i BoConcept uneixen esfor\u00e7os en trobar la casa dels teus somnis | Amat Immobiliaris<\/title>\n<meta name=\"robots\" content=\"index, follow, max-snippet:-1, max-image-preview:large, max-video-preview:-1\" \/>\n<link rel=\"canonical\" href=\"https:\/\/www.amatimmobiliaris.com\/w\/ca\/2012\/06\/amat-immobiliaris-boconcept-decoracio\/\" \/>\n<meta property=\"og:locale\" content=\"ca_ES\" \/>\n<meta property=\"og:type\" content=\"article\" \/>\n<meta property=\"og:title\" content=\"Amat i BoConcept uneixen esfor\u00e7os en trobar la casa dels teus somnis | Amat Immobiliaris\" \/>\n<meta property=\"og:description\" content=\"La gent de BoConcept ens va oferir ahir una xerrada sobre decoraci\u00f3, que sota el t\u00edtol de\u00a0 &#8220;Com donar vida a un habitatge&#8220;, intentava oferir ajuda i consells a l\u2019hora de pensar en decorar un pis o una casa. La xerrada va rec\u00f3rrer una mica la hist\u00f2ria de BoConcept, amb una traject\u00f2ria de quasi 60 [&hellip;]\" \/>\n<meta property=\"og:url\" content=\"https:\/\/www.amatimmobiliaris.com\/w\/ca\/2012\/06\/amat-immobiliaris-boconcept-decoracio\/\" \/>\n<meta property=\"og:site_name\" content=\"Amat Immobiliaris\" \/>\n<meta property=\"article:publisher\" content=\"https:\/\/www.facebook.com\/amatimmobiliaris\" \/>\n<meta property=\"article:published_time\" content=\"2012-06-08T09:51:07+00:00\" \/>\n<meta property=\"article:modified_time\" content=\"2023-05-05T10:14:19+00:00\" \/>\n<meta property=\"og:image\" content=\"https:\/\/www.amatimmobiliaris.com\/w\/wp-content\/uploads\/2022\/01\/2014-Saga-familiar-Amat-dw-1-1024x683.jpg\" \/>\n\t<meta property=\"og:image:width\" content=\"1024\" \/>\n\t<meta property=\"og:image:height\" content=\"683\" \/>\n\t<meta property=\"og:image:type\" content=\"image\/jpeg\" \/>\n<meta name=\"author\" content=\"Amat Immobiliaris\" \/>\n<meta name=\"twitter:card\" content=\"summary_large_image\" \/>\n<meta name=\"twitter:creator\" content=\"@amat_cat\" \/>\n<meta name=\"twitter:site\" content=\"@amat_cat\" \/>\n<meta name=\"twitter:label1\" content=\"Escrit per\" \/>\n\t<meta name=\"twitter:data1\" content=\"Amat Immobiliaris\" \/>\n\t<meta name=\"twitter:label2\" content=\"Temps estimat de lectura\" \/>\n\t<meta name=\"twitter:data2\" content=\"1 minut\" \/>\n<script type=\"application\/ld+json\" class=\"yoast-schema-graph\">{\"@context\":\"https:\/\/schema.org\",\"@graph\":[{\"@type\":\"Article\",\"@id\":\"https:\/\/www.amatimmobiliaris.com\/w\/ca\/2012\/06\/amat-immobiliaris-boconcept-decoracio\/#article\",\"isPartOf\":{\"@id\":\"https:\/\/www.amatimmobiliaris.com\/w\/ca\/2012\/06\/amat-immobiliaris-boconcept-decoracio\/\"},\"author\":{\"name\":\"Amat Immobiliaris\",\"@id\":\"https:\/\/www.amatimmobiliaris.com\/w\/#\/schema\/person\/c880da71d1e156e7ea6774ffb445e034\"},\"headline\":\"Amat i BoConcept uneixen esfor\u00e7os en trobar la casa dels teus somnis\",\"datePublished\":\"2012-06-08T09:51:07+00:00\",\"dateModified\":\"2023-05-05T10:14:19+00:00\",\"mainEntityOfPage\":{\"@id\":\"https:\/\/www.amatimmobiliaris.com\/w\/ca\/2012\/06\/amat-immobiliaris-boconcept-decoracio\/\"},\"wordCount\":221,\"publisher\":{\"@id\":\"https:\/\/www.amatimmobiliaris.com\/w\/#organization\"},\"keywords\":[\"BoConcept\",\"Casa\",\"Decoraci\u00f3\",\"Habitatge\"],\"articleSection\":[\"Eventos\"],\"inLanguage\":\"ca\"},{\"@type\":\"WebPage\",\"@id\":\"https:\/\/www.amatimmobiliaris.com\/w\/ca\/2012\/06\/amat-immobiliaris-boconcept-decoracio\/\",\"url\":\"https:\/\/www.amatimmobiliaris.com\/w\/ca\/2012\/06\/amat-immobiliaris-boconcept-decoracio\/\",\"name\":\"Amat i BoConcept uneixen esfor\u00e7os en trobar la casa dels teus somnis | Amat Immobiliaris\",\"isPartOf\":{\"@id\":\"https:\/\/www.amatimmobiliaris.com\/w\/#website\"},\"datePublished\":\"2012-06-08T09:51:07+00:00\",\"dateModified\":\"2023-05-05T10:14:19+00:00\",\"breadcrumb\":{\"@id\":\"https:\/\/www.amatimmobiliaris.com\/w\/ca\/2012\/06\/amat-immobiliaris-boconcept-decoracio\/#breadcrumb\"},\"inLanguage\":\"ca\",\"potentialAction\":[{\"@type\":\"ReadAction\",\"target\":[\"https:\/\/www.amatimmobiliaris.com\/w\/ca\/2012\/06\/amat-immobiliaris-boconcept-decoracio\/\"]}]},{\"@type\":\"BreadcrumbList\",\"@id\":\"https:\/\/www.amatimmobiliaris.com\/w\/ca\/2012\/06\/amat-immobiliaris-boconcept-decoracio\/#breadcrumb\",\"itemListElement\":[{\"@type\":\"ListItem\",\"position\":1,\"name\":\"Home\",\"item\":\"https:\/\/www.amatimmobiliaris.com\/w\/ca\/\"},{\"@type\":\"ListItem\",\"position\":2,\"name\":\"Eventos\",\"item\":\"https:\/\/www.amatimmobiliaris.com\/w\/category\/eventos\/\"},{\"@type\":\"ListItem\",\"position\":3,\"name\":\"Amat i BoConcept uneixen esfor\u00e7os en trobar la casa dels teus somnis\"}]},{\"@type\":\"WebSite\",\"@id\":\"https:\/\/www.amatimmobiliaris.com\/w\/#website\",\"url\":\"https:\/\/www.amatimmobiliaris.com\/w\/\",\"name\":\"Amat Immobiliaris\",\"description\":\"Empresa familiar del sector inmobiliario con oficinas en Barcelona, Sant Cugat del Vall\u00e9s y Sant Just Desvern. Te ayudamos a comprar, alquilar o vender tu casa o piso. Somos un equipo coherente con una cultura de empresa honesta, innovadora y eficaz. Tambi\u00e9n en www.amatluxury.com\",\"publisher\":{\"@id\":\"https:\/\/www.amatimmobiliaris.com\/w\/#organization\"},\"alternateName\":\"AmatImmo\",\"potentialAction\":[{\"@type\":\"SearchAction\",\"target\":{\"@type\":\"EntryPoint\",\"urlTemplate\":\"https:\/\/www.amatimmobiliaris.com\/w\/?s={search_term_string}\"},\"query-input\":{\"@type\":\"PropertyValueSpecification\",\"valueRequired\":true,\"valueName\":\"search_term_string\"}}],\"inLanguage\":\"ca\"},{\"@type\":\"Organization\",\"@id\":\"https:\/\/www.amatimmobiliaris.com\/w\/#organization\",\"name\":\"Amat Immobiliaris\",\"url\":\"https:\/\/www.amatimmobiliaris.com\/w\/\",\"logo\":{\"@type\":\"ImageObject\",\"inLanguage\":\"ca\",\"@id\":\"https:\/\/www.amatimmobiliaris.com\/w\/#\/schema\/logo\/image\/\",\"url\":\"https:\/\/www.amatimmobiliaris.com\/w\/wp-content\/uploads\/2022\/10\/amat-logo.jpg\",\"contentUrl\":\"https:\/\/www.amatimmobiliaris.com\/w\/wp-content\/uploads\/2022\/10\/amat-logo.jpg\",\"width\":900,\"height\":900,\"caption\":\"Amat Immobiliaris\"},\"image\":{\"@id\":\"https:\/\/www.amatimmobiliaris.com\/w\/#\/schema\/logo\/image\/\"},\"sameAs\":[\"https:\/\/www.facebook.com\/amatimmobiliaris\",\"https:\/\/x.com\/amat_cat\",\"https:\/\/www.instagram.com\/amat_immo\/\",\"https:\/\/www.linkedin.com\/company\/amat-finques\/\",\"https:\/\/www.youtube.com\/@amatimmobiliaris\"]},{\"@type\":\"Person\",\"@id\":\"https:\/\/www.amatimmobiliaris.com\/w\/#\/schema\/person\/c880da71d1e156e7ea6774ffb445e034\",\"name\":\"Amat Immobiliaris\",\"sameAs\":[\"http:\/\/amat-inmo-wp.localhost\"]}]}<\/script>\n<!-- \/ Yoast SEO plugin. -->","yoast_head_json":{"title":"Amat i BoConcept uneixen esfor\u00e7os en trobar la casa dels teus somnis | Amat Immobiliaris","robots":{"index":"index","follow":"follow","max-snippet":"max-snippet:-1","max-image-preview":"max-image-preview:large","max-video-preview":"max-video-preview:-1"},"canonical":"https:\/\/www.amatimmobiliaris.com\/w\/ca\/2012\/06\/amat-immobiliaris-boconcept-decoracio\/","og_locale":"ca_ES","og_type":"article","og_title":"Amat i BoConcept uneixen esfor\u00e7os en trobar la casa dels teus somnis | Amat Immobiliaris","og_description":"La gent de BoConcept ens va oferir ahir una xerrada sobre decoraci\u00f3, que sota el t\u00edtol de\u00a0 &#8220;Com donar vida a un habitatge&#8220;, intentava oferir ajuda i consells a l\u2019hora de pensar en decorar un pis o una casa. La xerrada va rec\u00f3rrer una mica la hist\u00f2ria de BoConcept, amb una traject\u00f2ria de quasi 60 [&hellip;]","og_url":"https:\/\/www.amatimmobiliaris.com\/w\/ca\/2012\/06\/amat-immobiliaris-boconcept-decoracio\/","og_site_name":"Amat Immobiliaris","article_publisher":"https:\/\/www.facebook.com\/amatimmobiliaris","article_published_time":"2012-06-08T09:51:07+00:00","article_modified_time":"2023-05-05T10:14:19+00:00","og_image":[{"width":1024,"height":683,"url":"https:\/\/www.amatimmobiliaris.com\/w\/wp-content\/uploads\/2022\/01\/2014-Saga-familiar-Amat-dw-1-1024x683.jpg","type":"image\/jpeg"}],"author":"Amat Immobiliaris","twitter_card":"summary_large_image","twitter_creator":"@amat_cat","twitter_site":"@amat_cat","twitter_misc":{"Escrit per":"Amat Immobiliaris","Temps estimat de lectura":"1 minut"},"schema":{"@context":"https:\/\/schema.org","@graph":[{"@type":"Article","@id":"https:\/\/www.amatimmobiliaris.com\/w\/ca\/2012\/06\/amat-immobiliaris-boconcept-decoracio\/#article","isPartOf":{"@id":"https:\/\/www.amatimmobiliaris.com\/w\/ca\/2012\/06\/amat-immobiliaris-boconcept-decoracio\/"},"author":{"name":"Amat Immobiliaris","@id":"https:\/\/www.amatimmobiliaris.com\/w\/#\/schema\/person\/c880da71d1e156e7ea6774ffb445e034"},"headline":"Amat i BoConcept uneixen esfor\u00e7os en trobar la casa dels teus somnis","datePublished":"2012-06-08T09:51:07+00:00","dateModified":"2023-05-05T10:14:19+00:00","mainEntityOfPage":{"@id":"https:\/\/www.amatimmobiliaris.com\/w\/ca\/2012\/06\/amat-immobiliaris-boconcept-decoracio\/"},"wordCount":221,"publisher":{"@id":"https:\/\/www.amatimmobiliaris.com\/w\/#organization"},"keywords":["BoConcept","Casa","Decoraci\u00f3","Habitatge"],"articleSection":["Eventos"],"inLanguage":"ca"},{"@type":"WebPage","@id":"https:\/\/www.amatimmobiliaris.com\/w\/ca\/2012\/06\/amat-immobiliaris-boconcept-decoracio\/","url":"https:\/\/www.amatimmobiliaris.com\/w\/ca\/2012\/06\/amat-immobiliaris-boconcept-decoracio\/","name":"Amat i BoConcept uneixen esfor\u00e7os en trobar la casa dels teus somnis | Amat Immobiliaris","isPartOf":{"@id":"https:\/\/www.amatimmobiliaris.com\/w\/#website"},"datePublished":"2012-06-08T09:51:07+00:00","dateModified":"2023-05-05T10:14:19+00:00","breadcrumb":{"@id":"https:\/\/www.amatimmobiliaris.com\/w\/ca\/2012\/06\/amat-immobiliaris-boconcept-decoracio\/#breadcrumb"},"inLanguage":"ca","potentialAction":[{"@type":"ReadAction","target":["https:\/\/www.amatimmobiliaris.com\/w\/ca\/2012\/06\/amat-immobiliaris-boconcept-decoracio\/"]}]},{"@type":"BreadcrumbList","@id":"https:\/\/www.amatimmobiliaris.com\/w\/ca\/2012\/06\/amat-immobiliaris-boconcept-decoracio\/#breadcrumb","itemListElement":[{"@type":"ListItem","position":1,"name":"Home","item":"https:\/\/www.amatimmobiliaris.com\/w\/ca\/"},{"@type":"ListItem","position":2,"name":"Eventos","item":"https:\/\/www.amatimmobiliaris.com\/w\/category\/eventos\/"},{"@type":"ListItem","position":3,"name":"Amat i BoConcept uneixen esfor\u00e7os en trobar la casa dels teus somnis"}]},{"@type":"WebSite","@id":"https:\/\/www.amatimmobiliaris.com\/w\/#website","url":"https:\/\/www.amatimmobiliaris.com\/w\/","name":"Amat Immobiliaris","description":"Empresa familiar del sector inmobiliario con oficinas en Barcelona, Sant Cugat del Vall\u00e9s y Sant Just Desvern. Te ayudamos a comprar, alquilar o vender tu casa o piso. Somos un equipo coherente con una cultura de empresa honesta, innovadora y eficaz. Tambi\u00e9n en www.amatluxury.com","publisher":{"@id":"https:\/\/www.amatimmobiliaris.com\/w\/#organization"},"alternateName":"AmatImmo","potentialAction":[{"@type":"SearchAction","target":{"@type":"EntryPoint","urlTemplate":"https:\/\/www.amatimmobiliaris.com\/w\/?s={search_term_string}"},"query-input":{"@type":"PropertyValueSpecification","valueRequired":true,"valueName":"search_term_string"}}],"inLanguage":"ca"},{"@type":"Organization","@id":"https:\/\/www.amatimmobiliaris.com\/w\/#organization","name":"Amat Immobiliaris","url":"https:\/\/www.amatimmobiliaris.com\/w\/","logo":{"@type":"ImageObject","inLanguage":"ca","@id":"https:\/\/www.amatimmobiliaris.com\/w\/#\/schema\/logo\/image\/","url":"https:\/\/www.amatimmobiliaris.com\/w\/wp-content\/uploads\/2022\/10\/amat-logo.jpg","contentUrl":"https:\/\/www.amatimmobiliaris.com\/w\/wp-content\/uploads\/2022\/10\/amat-logo.jpg","width":900,"height":900,"caption":"Amat Immobiliaris"},"image":{"@id":"https:\/\/www.amatimmobiliaris.com\/w\/#\/schema\/logo\/image\/"},"sameAs":["https:\/\/www.facebook.com\/amatimmobiliaris","https:\/\/x.com\/amat_cat","https:\/\/www.instagram.com\/amat_immo\/","https:\/\/www.linkedin.com\/company\/amat-finques\/","https:\/\/www.youtube.com\/@amatimmobiliaris"]},{"@type":"Person","@id":"https:\/\/www.amatimmobiliaris.com\/w\/#\/schema\/person\/c880da71d1e156e7ea6774ffb445e034","name":"Amat Immobiliaris","sameAs":["http:\/\/amat-inmo-wp.localhost"]}]}},"_links":{"self":[{"href":"https:\/\/www.amatimmobiliaris.com\/w\/ca\/wp-json\/wp\/v2\/posts\/12168"}],"collection":[{"href":"https:\/\/www.amatimmobiliaris.com\/w\/ca\/wp-json\/wp\/v2\/posts"}],"about":[{"href":"https:\/\/www.amatimmobiliaris.com\/w\/ca\/wp-json\/wp\/v2\/types\/post"}],"author":[{"embeddable":true,"href":"https:\/\/www.amatimmobiliaris.com\/w\/ca\/wp-json\/wp\/v2\/users\/1"}],"replies":[{"embeddable":true,"href":"https:\/\/www.amatimmobiliaris.com\/w\/ca\/wp-json\/wp\/v2\/comments?post=12168"}],"version-history":[{"count":4,"href":"https:\/\/www.amatimmobiliaris.com\/w\/ca\/wp-json\/wp\/v2\/posts\/12168\/revisions"}],"predecessor-version":[{"id":24892,"href":"https:\/\/www.amatimmobiliaris.com\/w\/ca\/wp-json\/wp\/v2\/posts\/12168\/revisions\/24892"}],"wp:attachment":[{"href":"https:\/\/www.amatimmobiliaris.com\/w\/ca\/wp-json\/wp\/v2\/media?parent=12168"}],"wp:term":[{"taxonomy":"category","embeddable":true,"href":"https:\/\/www.amatimmobiliaris.com\/w\/ca\/wp-json\/wp\/v2\/categories?post=12168"},{"taxonomy":"post_tag","embeddable":true,"href":"https:\/\/www.amatimmobiliaris.com\/w\/ca\/wp-json\/wp\/v2\/tags?post=12168"}],"curies":[{"name":"wp","href":"https:\/\/api.w.org\/{rel}","templated":true}]}}