{"id":12161,"date":"2012-05-14T14:10:35","date_gmt":"2012-05-14T14:10:35","guid":{"rendered":"http:\/\/amat-inmo-wp.localhost\/2012\/05\/14\/quina-demanda-dhabitatge-tindrem-en-el-futur\/"},"modified":"2023-04-27T14:52:37","modified_gmt":"2023-04-27T14:52:37","slug":"quina-demanda-dhabitatge-tindrem-en-el-futur","status":"publish","type":"post","link":"https:\/\/www.amatimmobiliaris.com\/w\/ca\/2012\/05\/quina-demanda-dhabitatge-tindrem-en-el-futur\/","title":{"rendered":"Quina demanda d\u2019habitatge tindrem en el futur?"},"content":{"rendered":"<p>La setmana passada us parl\u00e0vem de la nostra assist\u00e8ncia a la <a title=\"Jornada Habitatge i Futur\" href=\"https:\/\/apcebcn.cat\/\" target=\"_blank\" rel=\"noopener\">Jornada d\u2019Habitatge i Futur<\/a> que organitza l\u2019APCE. No vol\u00edem deixar passar la oportunitat de reflexionar sobre el ge\u00f2graf i dem\u00f2graf <strong>Joan A. Modenas,<\/strong> qui ens va donar les seves impressions sobre la demanda d&#8217;habitatge que podem tenir en el futur.<\/p>\n<p>La demanda d\u2019habitatge principal va molt lligada a la creaci\u00f3 de llars i per aix\u00f2 cal:<br \/>\n1.- Analitzar el volum de la poblaci\u00f3<br \/>\n2.- Analitzar l\u2019estructura de la poblaci\u00f3. M\u00e9s joves, m\u00e9s creaci\u00f3 d\u2019unitats familiars<br \/>\n3.- Analitzar el comportament de la poblaci\u00f3, que dep\u00e8n molt dels sistemes socials, de l\u2019economia i la conjuntura<\/p>\n<p><!--more-->1.- <strong>Analitzar el volum de la poblaci\u00f3:<\/strong> l\u2019estimaci\u00f3 a deu anys avui \u00e9s molt m\u00e9s clara que anys enrere perqu\u00e8 les migracions han desaparegut. Les projeccions s\u00f3n dolentes, segons l\u2019<a title=\"INE\" href=\"https:\/\/www.ine.es\/\" target=\"_blank\" rel=\"noopener\">Instituto Nacional de Estad\u00edstica<\/a>, el creixement pot ser negatiu, tot i que les previsions de l\u2019<a title=\"IDESCAT\" href=\"https:\/\/www.idescat.cat\/?lang=es\" target=\"_blank\" rel=\"noopener\">IDESCAT<\/a> (Catalunya) s\u00f3n m\u00e9s optimistes.<br \/>\nEl pes de la <strong>immigraci\u00f3<\/strong> sobre la demanda d\u2019habitatges va ser molt gran, en alguns anys de 30.000 unitats, avui el flux migratori \u00e9s negatiu.<br \/>\n2.- <strong>Analitzant el volum de la poblaci\u00f3<\/strong> retrospectivament veiem:<\/p>\n<ul>\n<li>De 1986 al 1991: la pir\u00e0mide de la poblaci\u00f3 era equilibrada, donava una demanda estable<\/li>\n<li>De 1991 a 1996: la natalitat baixa, per\u00f2 s\u2019eixampla la demanda de joves, efecte del <em>baby boom<\/em><\/li>\n<li>De 1996 al 2001: s\u2019eixampla la pir\u00e0mide de joves per immigraci\u00f3<\/li>\n<li>De 2001 al 2006: m\u00e0xim volum de gent jove creant llars<\/li>\n<li>De 2006 al 2011: canvi estructural, baixa la poblaci\u00f3 en el moment de la creaci\u00f3 de llars familiars. Cal tenir present una dada, a Espanya es creen llars 5 anys despr\u00e9s que a Fran\u00e7a, edat per edat<\/li>\n<li>De 2011 al 2021: la previsi\u00f3 \u00e9s caiguda important de la demanda i del flux de creaci\u00f3 de llars. Aquesta caiguda presumiblement ser\u00e0 estable i ve acompanyada de la desaparici\u00f3 de cada vegada m\u00e9s llars per l\u2019alt volum de poblaci\u00f3 envellida, i en conseq\u00fc\u00e8ncia, un flux d\u2019entrada d\u2019habitatge de segona m\u00e0 al mercat<\/li>\n<\/ul>\n<p>3.- <strong>Els comportaments<\/strong>, el model de creaci\u00f3 de llar tardana:<br \/>\nAmb les dades a la m\u00e0, i seguint el comportament fins al moment, en el 2007 a Catalunya es necessitaven uns 60.000 habitatges\/any. Pensant que el fet de la bonan\u00e7a econ\u00f2mica hagu\u00e9s comportat un avan\u00e7ament de l\u2019edat de formar llar, Catalunya podria arribar a necessitar 80.000 habitatges, se\u2019n van iniciar 120.000 el 2006-2007.<br \/>\n\u00c9s evident que si es modifica el <strong>comportament familiar<\/strong> nom\u00e9s una mica, es modifica molt la demanda.<br \/>\nSegons les dades, podr\u00edem tenir demanda 0 en els pr\u00f2xims 10 anys. Per\u00f2 si volem ser optimistes, podem fer variacions sobre el comportament de la demanda, i podem pensar que tornarem a la situaci\u00f3 del 2002. Emancipaci\u00f3 tardana fins al 2014, i despr\u00e9s que millori, i trobem una recuperaci\u00f3 de la demanda. Hi ha un altre tema a considerar, la gent gran cada vegada est\u00e0 millor m\u00e9s temps, i vol viure m\u00e9s temps a casa seva, i aix\u00f2 t\u00e9 conseq\u00fc\u00e8ncies en la demanda neta, si es donessin aquestes dues variables podr\u00edem tenir una demanda neta de 20.000 habitatges any durant els pr\u00f2xims 10 anys.<br \/>\nLa millor variable per augmentar la demanda seria que els joves s\u2019<strong>emancipessin<\/strong> abans, com a Fran\u00e7a, podr\u00edem arribar a tenir una demanda de 40.000 habitatges en els mateixos 10 anys.<\/p>\n","protected":false},"excerpt":{"rendered":"<p>La setmana passada us parl\u00e0vem de la nostra assist\u00e8ncia a la Jornada d\u2019Habitatge i Futur que organitza l\u2019APCE. No vol\u00edem deixar passar la oportunitat de reflexionar sobre el ge\u00f2graf i dem\u00f2graf Joan A. Modenas, qui ens va donar les seves impressions sobre la demanda d&#8217;habitatge que podem tenir en el futur. La demanda d\u2019habitatge principal [&hellip;]<\/p>\n","protected":false},"author":1,"featured_media":0,"comment_status":"closed","ping_status":"open","sticky":false,"template":"","format":"standard","meta":{"content-type":"","footnotes":""},"categories":[742],"tags":[],"yoast_head":"<!-- This site is optimized with the Yoast SEO plugin v23.9 - https:\/\/yoast.com\/wordpress\/plugins\/seo\/ -->\n<title>Quina demanda d\u2019habitatge tindrem en el futur? | Amat Immobiliaris<\/title>\n<meta name=\"robots\" content=\"index, follow, max-snippet:-1, max-image-preview:large, max-video-preview:-1\" \/>\n<link rel=\"canonical\" href=\"https:\/\/www.amatimmobiliaris.com\/w\/ca\/2012\/05\/quina-demanda-dhabitatge-tindrem-en-el-futur\/\" \/>\n<meta property=\"og:locale\" content=\"ca_ES\" \/>\n<meta property=\"og:type\" content=\"article\" \/>\n<meta property=\"og:title\" content=\"Quina demanda d\u2019habitatge tindrem en el futur? | Amat Immobiliaris\" \/>\n<meta property=\"og:description\" content=\"La setmana passada us parl\u00e0vem de la nostra assist\u00e8ncia a la Jornada d\u2019Habitatge i Futur que organitza l\u2019APCE. No vol\u00edem deixar passar la oportunitat de reflexionar sobre el ge\u00f2graf i dem\u00f2graf Joan A. Modenas, qui ens va donar les seves impressions sobre la demanda d&#8217;habitatge que podem tenir en el futur. La demanda d\u2019habitatge principal [&hellip;]\" \/>\n<meta property=\"og:url\" content=\"https:\/\/www.amatimmobiliaris.com\/w\/ca\/2012\/05\/quina-demanda-dhabitatge-tindrem-en-el-futur\/\" \/>\n<meta property=\"og:site_name\" content=\"Amat Immobiliaris\" \/>\n<meta property=\"article:publisher\" content=\"https:\/\/www.facebook.com\/amatimmobiliaris\" \/>\n<meta property=\"article:published_time\" content=\"2012-05-14T14:10:35+00:00\" \/>\n<meta property=\"article:modified_time\" content=\"2023-04-27T14:52:37+00:00\" \/>\n<meta property=\"og:image\" content=\"https:\/\/www.amatimmobiliaris.com\/w\/wp-content\/uploads\/2022\/01\/2014-Saga-familiar-Amat-dw-1-1024x683.jpg\" \/>\n\t<meta property=\"og:image:width\" content=\"1024\" \/>\n\t<meta property=\"og:image:height\" content=\"683\" \/>\n\t<meta property=\"og:image:type\" content=\"image\/jpeg\" \/>\n<meta name=\"author\" content=\"Amat Immobiliaris\" \/>\n<meta name=\"twitter:card\" content=\"summary_large_image\" \/>\n<meta name=\"twitter:creator\" content=\"@amat_cat\" \/>\n<meta name=\"twitter:site\" content=\"@amat_cat\" \/>\n<meta name=\"twitter:label1\" content=\"Escrit per\" \/>\n\t<meta name=\"twitter:data1\" content=\"Amat Immobiliaris\" \/>\n\t<meta name=\"twitter:label2\" content=\"Temps estimat de lectura\" \/>\n\t<meta name=\"twitter:data2\" content=\"3 minuts\" \/>\n<script type=\"application\/ld+json\" class=\"yoast-schema-graph\">{\"@context\":\"https:\/\/schema.org\",\"@graph\":[{\"@type\":\"Article\",\"@id\":\"https:\/\/www.amatimmobiliaris.com\/w\/ca\/2012\/05\/quina-demanda-dhabitatge-tindrem-en-el-futur\/#article\",\"isPartOf\":{\"@id\":\"https:\/\/www.amatimmobiliaris.com\/w\/ca\/2012\/05\/quina-demanda-dhabitatge-tindrem-en-el-futur\/\"},\"author\":{\"name\":\"Amat Immobiliaris\",\"@id\":\"https:\/\/www.amatimmobiliaris.com\/w\/#\/schema\/person\/c880da71d1e156e7ea6774ffb445e034\"},\"headline\":\"Quina demanda d\u2019habitatge tindrem en el futur?\",\"datePublished\":\"2012-05-14T14:10:35+00:00\",\"dateModified\":\"2023-04-27T14:52:37+00:00\",\"mainEntityOfPage\":{\"@id\":\"https:\/\/www.amatimmobiliaris.com\/w\/ca\/2012\/05\/quina-demanda-dhabitatge-tindrem-en-el-futur\/\"},\"wordCount\":581,\"publisher\":{\"@id\":\"https:\/\/www.amatimmobiliaris.com\/w\/#organization\"},\"articleSection\":[\"Eventos\"],\"inLanguage\":\"ca\"},{\"@type\":\"WebPage\",\"@id\":\"https:\/\/www.amatimmobiliaris.com\/w\/ca\/2012\/05\/quina-demanda-dhabitatge-tindrem-en-el-futur\/\",\"url\":\"https:\/\/www.amatimmobiliaris.com\/w\/ca\/2012\/05\/quina-demanda-dhabitatge-tindrem-en-el-futur\/\",\"name\":\"Quina demanda d\u2019habitatge tindrem en el futur? | Amat Immobiliaris\",\"isPartOf\":{\"@id\":\"https:\/\/www.amatimmobiliaris.com\/w\/#website\"},\"datePublished\":\"2012-05-14T14:10:35+00:00\",\"dateModified\":\"2023-04-27T14:52:37+00:00\",\"breadcrumb\":{\"@id\":\"https:\/\/www.amatimmobiliaris.com\/w\/ca\/2012\/05\/quina-demanda-dhabitatge-tindrem-en-el-futur\/#breadcrumb\"},\"inLanguage\":\"ca\",\"potentialAction\":[{\"@type\":\"ReadAction\",\"target\":[\"https:\/\/www.amatimmobiliaris.com\/w\/ca\/2012\/05\/quina-demanda-dhabitatge-tindrem-en-el-futur\/\"]}]},{\"@type\":\"BreadcrumbList\",\"@id\":\"https:\/\/www.amatimmobiliaris.com\/w\/ca\/2012\/05\/quina-demanda-dhabitatge-tindrem-en-el-futur\/#breadcrumb\",\"itemListElement\":[{\"@type\":\"ListItem\",\"position\":1,\"name\":\"Home\",\"item\":\"https:\/\/www.amatimmobiliaris.com\/w\/ca\/\"},{\"@type\":\"ListItem\",\"position\":2,\"name\":\"Eventos\",\"item\":\"https:\/\/www.amatimmobiliaris.com\/w\/category\/eventos\/\"},{\"@type\":\"ListItem\",\"position\":3,\"name\":\"Quina demanda d\u2019habitatge tindrem en el futur?\"}]},{\"@type\":\"WebSite\",\"@id\":\"https:\/\/www.amatimmobiliaris.com\/w\/#website\",\"url\":\"https:\/\/www.amatimmobiliaris.com\/w\/\",\"name\":\"Amat Immobiliaris\",\"description\":\"Empresa familiar del sector inmobiliario con oficinas en Barcelona, Sant Cugat del Vall\u00e9s y Sant Just Desvern. Te ayudamos a comprar, alquilar o vender tu casa o piso. Somos un equipo coherente con una cultura de empresa honesta, innovadora y eficaz. Tambi\u00e9n en www.amatluxury.com\",\"publisher\":{\"@id\":\"https:\/\/www.amatimmobiliaris.com\/w\/#organization\"},\"alternateName\":\"AmatImmo\",\"potentialAction\":[{\"@type\":\"SearchAction\",\"target\":{\"@type\":\"EntryPoint\",\"urlTemplate\":\"https:\/\/www.amatimmobiliaris.com\/w\/?s={search_term_string}\"},\"query-input\":{\"@type\":\"PropertyValueSpecification\",\"valueRequired\":true,\"valueName\":\"search_term_string\"}}],\"inLanguage\":\"ca\"},{\"@type\":\"Organization\",\"@id\":\"https:\/\/www.amatimmobiliaris.com\/w\/#organization\",\"name\":\"Amat Immobiliaris\",\"url\":\"https:\/\/www.amatimmobiliaris.com\/w\/\",\"logo\":{\"@type\":\"ImageObject\",\"inLanguage\":\"ca\",\"@id\":\"https:\/\/www.amatimmobiliaris.com\/w\/#\/schema\/logo\/image\/\",\"url\":\"https:\/\/www.amatimmobiliaris.com\/w\/wp-content\/uploads\/2022\/10\/amat-logo.jpg\",\"contentUrl\":\"https:\/\/www.amatimmobiliaris.com\/w\/wp-content\/uploads\/2022\/10\/amat-logo.jpg\",\"width\":900,\"height\":900,\"caption\":\"Amat Immobiliaris\"},\"image\":{\"@id\":\"https:\/\/www.amatimmobiliaris.com\/w\/#\/schema\/logo\/image\/\"},\"sameAs\":[\"https:\/\/www.facebook.com\/amatimmobiliaris\",\"https:\/\/x.com\/amat_cat\",\"https:\/\/www.instagram.com\/amat_immo\/\",\"https:\/\/www.linkedin.com\/company\/amat-finques\/\",\"https:\/\/www.youtube.com\/@amatimmobiliaris\"]},{\"@type\":\"Person\",\"@id\":\"https:\/\/www.amatimmobiliaris.com\/w\/#\/schema\/person\/c880da71d1e156e7ea6774ffb445e034\",\"name\":\"Amat Immobiliaris\",\"sameAs\":[\"http:\/\/amat-inmo-wp.localhost\"]}]}<\/script>\n<!-- \/ Yoast SEO plugin. -->","yoast_head_json":{"title":"Quina demanda d\u2019habitatge tindrem en el futur? | Amat Immobiliaris","robots":{"index":"index","follow":"follow","max-snippet":"max-snippet:-1","max-image-preview":"max-image-preview:large","max-video-preview":"max-video-preview:-1"},"canonical":"https:\/\/www.amatimmobiliaris.com\/w\/ca\/2012\/05\/quina-demanda-dhabitatge-tindrem-en-el-futur\/","og_locale":"ca_ES","og_type":"article","og_title":"Quina demanda d\u2019habitatge tindrem en el futur? | Amat Immobiliaris","og_description":"La setmana passada us parl\u00e0vem de la nostra assist\u00e8ncia a la Jornada d\u2019Habitatge i Futur que organitza l\u2019APCE. No vol\u00edem deixar passar la oportunitat de reflexionar sobre el ge\u00f2graf i dem\u00f2graf Joan A. Modenas, qui ens va donar les seves impressions sobre la demanda d&#8217;habitatge que podem tenir en el futur. La demanda d\u2019habitatge principal [&hellip;]","og_url":"https:\/\/www.amatimmobiliaris.com\/w\/ca\/2012\/05\/quina-demanda-dhabitatge-tindrem-en-el-futur\/","og_site_name":"Amat Immobiliaris","article_publisher":"https:\/\/www.facebook.com\/amatimmobiliaris","article_published_time":"2012-05-14T14:10:35+00:00","article_modified_time":"2023-04-27T14:52:37+00:00","og_image":[{"width":1024,"height":683,"url":"https:\/\/www.amatimmobiliaris.com\/w\/wp-content\/uploads\/2022\/01\/2014-Saga-familiar-Amat-dw-1-1024x683.jpg","type":"image\/jpeg"}],"author":"Amat Immobiliaris","twitter_card":"summary_large_image","twitter_creator":"@amat_cat","twitter_site":"@amat_cat","twitter_misc":{"Escrit per":"Amat Immobiliaris","Temps estimat de lectura":"3 minuts"},"schema":{"@context":"https:\/\/schema.org","@graph":[{"@type":"Article","@id":"https:\/\/www.amatimmobiliaris.com\/w\/ca\/2012\/05\/quina-demanda-dhabitatge-tindrem-en-el-futur\/#article","isPartOf":{"@id":"https:\/\/www.amatimmobiliaris.com\/w\/ca\/2012\/05\/quina-demanda-dhabitatge-tindrem-en-el-futur\/"},"author":{"name":"Amat Immobiliaris","@id":"https:\/\/www.amatimmobiliaris.com\/w\/#\/schema\/person\/c880da71d1e156e7ea6774ffb445e034"},"headline":"Quina demanda d\u2019habitatge tindrem en el futur?","datePublished":"2012-05-14T14:10:35+00:00","dateModified":"2023-04-27T14:52:37+00:00","mainEntityOfPage":{"@id":"https:\/\/www.amatimmobiliaris.com\/w\/ca\/2012\/05\/quina-demanda-dhabitatge-tindrem-en-el-futur\/"},"wordCount":581,"publisher":{"@id":"https:\/\/www.amatimmobiliaris.com\/w\/#organization"},"articleSection":["Eventos"],"inLanguage":"ca"},{"@type":"WebPage","@id":"https:\/\/www.amatimmobiliaris.com\/w\/ca\/2012\/05\/quina-demanda-dhabitatge-tindrem-en-el-futur\/","url":"https:\/\/www.amatimmobiliaris.com\/w\/ca\/2012\/05\/quina-demanda-dhabitatge-tindrem-en-el-futur\/","name":"Quina demanda d\u2019habitatge tindrem en el futur? | Amat Immobiliaris","isPartOf":{"@id":"https:\/\/www.amatimmobiliaris.com\/w\/#website"},"datePublished":"2012-05-14T14:10:35+00:00","dateModified":"2023-04-27T14:52:37+00:00","breadcrumb":{"@id":"https:\/\/www.amatimmobiliaris.com\/w\/ca\/2012\/05\/quina-demanda-dhabitatge-tindrem-en-el-futur\/#breadcrumb"},"inLanguage":"ca","potentialAction":[{"@type":"ReadAction","target":["https:\/\/www.amatimmobiliaris.com\/w\/ca\/2012\/05\/quina-demanda-dhabitatge-tindrem-en-el-futur\/"]}]},{"@type":"BreadcrumbList","@id":"https:\/\/www.amatimmobiliaris.com\/w\/ca\/2012\/05\/quina-demanda-dhabitatge-tindrem-en-el-futur\/#breadcrumb","itemListElement":[{"@type":"ListItem","position":1,"name":"Home","item":"https:\/\/www.amatimmobiliaris.com\/w\/ca\/"},{"@type":"ListItem","position":2,"name":"Eventos","item":"https:\/\/www.amatimmobiliaris.com\/w\/category\/eventos\/"},{"@type":"ListItem","position":3,"name":"Quina demanda d\u2019habitatge tindrem en el futur?"}]},{"@type":"WebSite","@id":"https:\/\/www.amatimmobiliaris.com\/w\/#website","url":"https:\/\/www.amatimmobiliaris.com\/w\/","name":"Amat Immobiliaris","description":"Empresa familiar del sector inmobiliario con oficinas en Barcelona, Sant Cugat del Vall\u00e9s y Sant Just Desvern. Te ayudamos a comprar, alquilar o vender tu casa o piso. Somos un equipo coherente con una cultura de empresa honesta, innovadora y eficaz. Tambi\u00e9n en www.amatluxury.com","publisher":{"@id":"https:\/\/www.amatimmobiliaris.com\/w\/#organization"},"alternateName":"AmatImmo","potentialAction":[{"@type":"SearchAction","target":{"@type":"EntryPoint","urlTemplate":"https:\/\/www.amatimmobiliaris.com\/w\/?s={search_term_string}"},"query-input":{"@type":"PropertyValueSpecification","valueRequired":true,"valueName":"search_term_string"}}],"inLanguage":"ca"},{"@type":"Organization","@id":"https:\/\/www.amatimmobiliaris.com\/w\/#organization","name":"Amat Immobiliaris","url":"https:\/\/www.amatimmobiliaris.com\/w\/","logo":{"@type":"ImageObject","inLanguage":"ca","@id":"https:\/\/www.amatimmobiliaris.com\/w\/#\/schema\/logo\/image\/","url":"https:\/\/www.amatimmobiliaris.com\/w\/wp-content\/uploads\/2022\/10\/amat-logo.jpg","contentUrl":"https:\/\/www.amatimmobiliaris.com\/w\/wp-content\/uploads\/2022\/10\/amat-logo.jpg","width":900,"height":900,"caption":"Amat Immobiliaris"},"image":{"@id":"https:\/\/www.amatimmobiliaris.com\/w\/#\/schema\/logo\/image\/"},"sameAs":["https:\/\/www.facebook.com\/amatimmobiliaris","https:\/\/x.com\/amat_cat","https:\/\/www.instagram.com\/amat_immo\/","https:\/\/www.linkedin.com\/company\/amat-finques\/","https:\/\/www.youtube.com\/@amatimmobiliaris"]},{"@type":"Person","@id":"https:\/\/www.amatimmobiliaris.com\/w\/#\/schema\/person\/c880da71d1e156e7ea6774ffb445e034","name":"Amat Immobiliaris","sameAs":["http:\/\/amat-inmo-wp.localhost"]}]}},"_links":{"self":[{"href":"https:\/\/www.amatimmobiliaris.com\/w\/ca\/wp-json\/wp\/v2\/posts\/12161"}],"collection":[{"href":"https:\/\/www.amatimmobiliaris.com\/w\/ca\/wp-json\/wp\/v2\/posts"}],"about":[{"href":"https:\/\/www.amatimmobiliaris.com\/w\/ca\/wp-json\/wp\/v2\/types\/post"}],"author":[{"embeddable":true,"href":"https:\/\/www.amatimmobiliaris.com\/w\/ca\/wp-json\/wp\/v2\/users\/1"}],"replies":[{"embeddable":true,"href":"https:\/\/www.amatimmobiliaris.com\/w\/ca\/wp-json\/wp\/v2\/comments?post=12161"}],"version-history":[{"count":9,"href":"https:\/\/www.amatimmobiliaris.com\/w\/ca\/wp-json\/wp\/v2\/posts\/12161\/revisions"}],"predecessor-version":[{"id":27250,"href":"https:\/\/www.amatimmobiliaris.com\/w\/ca\/wp-json\/wp\/v2\/posts\/12161\/revisions\/27250"}],"wp:attachment":[{"href":"https:\/\/www.amatimmobiliaris.com\/w\/ca\/wp-json\/wp\/v2\/media?parent=12161"}],"wp:term":[{"taxonomy":"category","embeddable":true,"href":"https:\/\/www.amatimmobiliaris.com\/w\/ca\/wp-json\/wp\/v2\/categories?post=12161"},{"taxonomy":"post_tag","embeddable":true,"href":"https:\/\/www.amatimmobiliaris.com\/w\/ca\/wp-json\/wp\/v2\/tags?post=12161"}],"curies":[{"name":"wp","href":"https:\/\/api.w.org\/{rel}","templated":true}]}}