{"id":12145,"date":"2012-02-27T12:16:43","date_gmt":"2012-02-27T12:16:43","guid":{"rendered":"http:\/\/amat-inmo-wp.localhost\/2012\/02\/27\/quines-despeses-comportara-la-venda-dun-habitatge\/"},"modified":"2023-04-17T11:54:48","modified_gmt":"2023-04-17T11:54:48","slug":"quines-despeses-comportara-la-venda-dun-habitatge","status":"publish","type":"post","link":"https:\/\/www.amatimmobiliaris.com\/w\/ca\/2012\/02\/quines-despeses-comportara-la-venda-dun-habitatge\/","title":{"rendered":"Quines despeses comportar\u00e0 la venda d&#8217;un habitatge?"},"content":{"rendered":"<p>La setmana passada ens pregunt\u00e0vem quines despeses\u00a0 comportava la compra d&#8217;un habitatge. Per\u00f2 el que no podem oblidar \u00e9s, que si est\u00e0s pensant en vendre el teu pis, tamb\u00e9 has d&#8217;assumir unes despeses que hauries de con\u00e9ixer.<br \/>\nAmat Respon a la pregunta:<\/p>\n<p><strong>S\u00f3c propietari d&#8217;un pis. Voldria saber quines despeses tindr\u00e9 si el poso a la venda?<\/strong><\/p>\n<p style=\"text-align: center;\">\n<p><!--more-->Tota persona propiet\u00e0ria d&#8217;un habitatge que decideixi posar-lo a la venda, tindr\u00e0 una s\u00e8rie de despeses que ha d&#8217;assumir i s\u00f3n les seg\u00fcents:<\/p>\n<p><strong>1. Hipoteca<\/strong><br \/>\nSi l&#8217;habitatge est\u00e0 gravat amb una hipoteca i la part compradora no est\u00e0 interessada en subrogar-s\u2019hi a la mateixa, el venedor ha de fer front a les despeses de la cancel\u00b7laci\u00f3.<\/p>\n<p>Quines s\u00f3n aquestes despeses?<br \/>\n. Cal mirar les condicions de constituci\u00f3 de la hipoteca. En l&#8217;escriptura de constituci\u00f3 es fixen les condicions per una cancel\u00b7laci\u00f3 anticipada (cal fixar-se en les difer\u00e8ncies entre cancel\u00b7laci\u00f3 parcial i total)<br \/>\n. Despeses de Notaria, impost i registre.<\/p>\n<p><strong>2. Impost sobre l&#8217;increment de valor dels terrenys de naturalesa urbana (plusv\u00e0lua)<\/strong><br \/>\n\u00c9s un impost que s&#8217;acredita a favor del municipi, en funci\u00f3 dels anys transcorreguts des de l&#8217;\u00faltima transmissi\u00f3 fins la venda actual. Per al seu c\u00e0lcul es pren com a base el valor cadastral de la finca.<br \/>\nSi b\u00e9 en el cas de la venda d&#8217;un pis, aquest import no \u00e9s habitualment important, ja que s&#8217;aplica en funci\u00f3 del coeficient assignat, quan es tracta d&#8217;habitatges unifamiliars o amb zones comunit\u00e0ries molt grans, \u00e9s recomanable demanar un avan\u00e7ament de l&#8217;import a l&#8217;Ajuntament.<\/p>\n<p><strong>3. Certificat de la Comunitat de Propietaris (si s\u2019escau)<\/strong><br \/>\nCertificat conforme s&#8217;est\u00e0 al corrent de pagament de les quotes comunit\u00e0ries. L&#8217;import s&#8217;abonar\u00e0 a l&#8217;administrador de l&#8217;immoble.<\/p>\n<p><strong>4. C\u00e8dula d&#8217;habitabilitat<\/strong><br \/>\nT\u00e9 una validesa de 15 anys i, per tant, si fa m\u00e9s d&#8217;aquest temps que l&#8217;habitatge \u00e9s de la seva propietat, cal demanar-ne una de nova.<\/p>\n<p><strong>5. Increment de patrimoni<\/strong><br \/>\nPer aquest tema aconsellem parlar amb l&#8217;assessor fiscal personal, per tal d&#8217;avaluar l&#8217;increment de patrimoni que es produir\u00e0 com a conseq\u00fc\u00e8ncia de la venda. Aquest cap\u00edtol pot quedar minimitzat en el cas d&#8217;existir una reinversi\u00f3.<\/p>\n<p><strong>6. Honoraris de l&#8217;ag\u00e8ncia immobili\u00e0ria<\/strong><br \/>\nCaldr\u00e0 guardar la factura per a la propera declaraci\u00f3 de la renda.<\/p>\n","protected":false},"excerpt":{"rendered":"<p>La setmana passada ens pregunt\u00e0vem quines despeses\u00a0 comportava la compra d&#8217;un habitatge. Per\u00f2 el que no podem oblidar \u00e9s, que si est\u00e0s pensant en vendre el teu pis, tamb\u00e9 has d&#8217;assumir unes despeses que hauries de con\u00e9ixer. Amat Respon a la pregunta: S\u00f3c propietari d&#8217;un pis. Voldria saber quines despeses tindr\u00e9 si el poso a [&hellip;]<\/p>\n","protected":false},"author":1,"featured_media":0,"comment_status":"closed","ping_status":"open","sticky":false,"template":"","format":"standard","meta":{"content-type":"","footnotes":""},"categories":[745],"tags":[420,392],"yoast_head":"<!-- This site is optimized with the Yoast SEO plugin v23.9 - https:\/\/yoast.com\/wordpress\/plugins\/seo\/ -->\n<title>Quines despeses comportar\u00e0 la venda d&#039;un habitatge? | Amat Immobiliaris<\/title>\n<meta name=\"robots\" content=\"index, follow, max-snippet:-1, max-image-preview:large, max-video-preview:-1\" \/>\n<link rel=\"canonical\" href=\"https:\/\/www.amatimmobiliaris.com\/w\/ca\/2012\/02\/quines-despeses-comportara-la-venda-dun-habitatge\/\" \/>\n<meta property=\"og:locale\" content=\"ca_ES\" \/>\n<meta property=\"og:type\" content=\"article\" \/>\n<meta property=\"og:title\" content=\"Quines despeses comportar\u00e0 la venda d&#039;un habitatge? | Amat Immobiliaris\" \/>\n<meta property=\"og:description\" content=\"La setmana passada ens pregunt\u00e0vem quines despeses\u00a0 comportava la compra d&#8217;un habitatge. Per\u00f2 el que no podem oblidar \u00e9s, que si est\u00e0s pensant en vendre el teu pis, tamb\u00e9 has d&#8217;assumir unes despeses que hauries de con\u00e9ixer. Amat Respon a la pregunta: S\u00f3c propietari d&#8217;un pis. Voldria saber quines despeses tindr\u00e9 si el poso a [&hellip;]\" \/>\n<meta property=\"og:url\" content=\"https:\/\/www.amatimmobiliaris.com\/w\/ca\/2012\/02\/quines-despeses-comportara-la-venda-dun-habitatge\/\" \/>\n<meta property=\"og:site_name\" content=\"Amat Immobiliaris\" \/>\n<meta property=\"article:publisher\" content=\"https:\/\/www.facebook.com\/amatimmobiliaris\" \/>\n<meta property=\"article:published_time\" content=\"2012-02-27T12:16:43+00:00\" \/>\n<meta property=\"article:modified_time\" content=\"2023-04-17T11:54:48+00:00\" \/>\n<meta property=\"og:image\" content=\"https:\/\/www.amatimmobiliaris.com\/w\/wp-content\/uploads\/2022\/01\/2014-Saga-familiar-Amat-dw-1-1024x683.jpg\" \/>\n\t<meta property=\"og:image:width\" content=\"1024\" \/>\n\t<meta property=\"og:image:height\" content=\"683\" \/>\n\t<meta property=\"og:image:type\" content=\"image\/jpeg\" \/>\n<meta name=\"author\" content=\"Amat Immobiliaris\" \/>\n<meta name=\"twitter:card\" content=\"summary_large_image\" \/>\n<meta name=\"twitter:creator\" content=\"@amat_cat\" \/>\n<meta name=\"twitter:site\" content=\"@amat_cat\" \/>\n<meta name=\"twitter:label1\" content=\"Escrit per\" \/>\n\t<meta name=\"twitter:data1\" content=\"Amat Immobiliaris\" \/>\n\t<meta name=\"twitter:label2\" content=\"Temps estimat de lectura\" \/>\n\t<meta name=\"twitter:data2\" content=\"2 minuts\" \/>\n<script type=\"application\/ld+json\" class=\"yoast-schema-graph\">{\"@context\":\"https:\/\/schema.org\",\"@graph\":[{\"@type\":\"Article\",\"@id\":\"https:\/\/www.amatimmobiliaris.com\/w\/ca\/2012\/02\/quines-despeses-comportara-la-venda-dun-habitatge\/#article\",\"isPartOf\":{\"@id\":\"https:\/\/www.amatimmobiliaris.com\/w\/ca\/2012\/02\/quines-despeses-comportara-la-venda-dun-habitatge\/\"},\"author\":{\"name\":\"Amat Immobiliaris\",\"@id\":\"https:\/\/www.amatimmobiliaris.com\/w\/#\/schema\/person\/c880da71d1e156e7ea6774ffb445e034\"},\"headline\":\"Quines despeses comportar\u00e0 la venda d&#8217;un habitatge?\",\"datePublished\":\"2012-02-27T12:16:43+00:00\",\"dateModified\":\"2023-04-17T11:54:48+00:00\",\"mainEntityOfPage\":{\"@id\":\"https:\/\/www.amatimmobiliaris.com\/w\/ca\/2012\/02\/quines-despeses-comportara-la-venda-dun-habitatge\/\"},\"wordCount\":385,\"publisher\":{\"@id\":\"https:\/\/www.amatimmobiliaris.com\/w\/#organization\"},\"keywords\":[\"Despeses\",\"Hipoteca\"],\"articleSection\":[\"El usuario pregunta\"],\"inLanguage\":\"ca\"},{\"@type\":\"WebPage\",\"@id\":\"https:\/\/www.amatimmobiliaris.com\/w\/ca\/2012\/02\/quines-despeses-comportara-la-venda-dun-habitatge\/\",\"url\":\"https:\/\/www.amatimmobiliaris.com\/w\/ca\/2012\/02\/quines-despeses-comportara-la-venda-dun-habitatge\/\",\"name\":\"Quines despeses comportar\u00e0 la venda d'un habitatge? | Amat Immobiliaris\",\"isPartOf\":{\"@id\":\"https:\/\/www.amatimmobiliaris.com\/w\/#website\"},\"datePublished\":\"2012-02-27T12:16:43+00:00\",\"dateModified\":\"2023-04-17T11:54:48+00:00\",\"breadcrumb\":{\"@id\":\"https:\/\/www.amatimmobiliaris.com\/w\/ca\/2012\/02\/quines-despeses-comportara-la-venda-dun-habitatge\/#breadcrumb\"},\"inLanguage\":\"ca\",\"potentialAction\":[{\"@type\":\"ReadAction\",\"target\":[\"https:\/\/www.amatimmobiliaris.com\/w\/ca\/2012\/02\/quines-despeses-comportara-la-venda-dun-habitatge\/\"]}]},{\"@type\":\"BreadcrumbList\",\"@id\":\"https:\/\/www.amatimmobiliaris.com\/w\/ca\/2012\/02\/quines-despeses-comportara-la-venda-dun-habitatge\/#breadcrumb\",\"itemListElement\":[{\"@type\":\"ListItem\",\"position\":1,\"name\":\"Home\",\"item\":\"https:\/\/www.amatimmobiliaris.com\/w\/ca\/\"},{\"@type\":\"ListItem\",\"position\":2,\"name\":\"Consejos\",\"item\":\"https:\/\/www.amatimmobiliaris.com\/w\/category\/consejos\/\"},{\"@type\":\"ListItem\",\"position\":3,\"name\":\"El usuario pregunta\",\"item\":\"https:\/\/www.amatimmobiliaris.com\/w\/category\/consejos\/el-usuario-pregunta\/\"},{\"@type\":\"ListItem\",\"position\":4,\"name\":\"Quines despeses comportar\u00e0 la venda d&#8217;un habitatge?\"}]},{\"@type\":\"WebSite\",\"@id\":\"https:\/\/www.amatimmobiliaris.com\/w\/#website\",\"url\":\"https:\/\/www.amatimmobiliaris.com\/w\/\",\"name\":\"Amat Immobiliaris\",\"description\":\"Empresa familiar del sector inmobiliario con oficinas en Barcelona, Sant Cugat del Vall\u00e9s y Sant Just Desvern. Te ayudamos a comprar, alquilar o vender tu casa o piso. Somos un equipo coherente con una cultura de empresa honesta, innovadora y eficaz. Tambi\u00e9n en www.amatluxury.com\",\"publisher\":{\"@id\":\"https:\/\/www.amatimmobiliaris.com\/w\/#organization\"},\"alternateName\":\"AmatImmo\",\"potentialAction\":[{\"@type\":\"SearchAction\",\"target\":{\"@type\":\"EntryPoint\",\"urlTemplate\":\"https:\/\/www.amatimmobiliaris.com\/w\/?s={search_term_string}\"},\"query-input\":{\"@type\":\"PropertyValueSpecification\",\"valueRequired\":true,\"valueName\":\"search_term_string\"}}],\"inLanguage\":\"ca\"},{\"@type\":\"Organization\",\"@id\":\"https:\/\/www.amatimmobiliaris.com\/w\/#organization\",\"name\":\"Amat Immobiliaris\",\"url\":\"https:\/\/www.amatimmobiliaris.com\/w\/\",\"logo\":{\"@type\":\"ImageObject\",\"inLanguage\":\"ca\",\"@id\":\"https:\/\/www.amatimmobiliaris.com\/w\/#\/schema\/logo\/image\/\",\"url\":\"https:\/\/www.amatimmobiliaris.com\/w\/wp-content\/uploads\/2022\/10\/amat-logo.jpg\",\"contentUrl\":\"https:\/\/www.amatimmobiliaris.com\/w\/wp-content\/uploads\/2022\/10\/amat-logo.jpg\",\"width\":900,\"height\":900,\"caption\":\"Amat Immobiliaris\"},\"image\":{\"@id\":\"https:\/\/www.amatimmobiliaris.com\/w\/#\/schema\/logo\/image\/\"},\"sameAs\":[\"https:\/\/www.facebook.com\/amatimmobiliaris\",\"https:\/\/x.com\/amat_cat\",\"https:\/\/www.instagram.com\/amat_immo\/\",\"https:\/\/www.linkedin.com\/company\/amat-finques\/\",\"https:\/\/www.youtube.com\/@amatimmobiliaris\"]},{\"@type\":\"Person\",\"@id\":\"https:\/\/www.amatimmobiliaris.com\/w\/#\/schema\/person\/c880da71d1e156e7ea6774ffb445e034\",\"name\":\"Amat Immobiliaris\",\"sameAs\":[\"http:\/\/amat-inmo-wp.localhost\"]}]}<\/script>\n<!-- \/ Yoast SEO plugin. -->","yoast_head_json":{"title":"Quines despeses comportar\u00e0 la venda d'un habitatge? | Amat Immobiliaris","robots":{"index":"index","follow":"follow","max-snippet":"max-snippet:-1","max-image-preview":"max-image-preview:large","max-video-preview":"max-video-preview:-1"},"canonical":"https:\/\/www.amatimmobiliaris.com\/w\/ca\/2012\/02\/quines-despeses-comportara-la-venda-dun-habitatge\/","og_locale":"ca_ES","og_type":"article","og_title":"Quines despeses comportar\u00e0 la venda d'un habitatge? | Amat Immobiliaris","og_description":"La setmana passada ens pregunt\u00e0vem quines despeses\u00a0 comportava la compra d&#8217;un habitatge. Per\u00f2 el que no podem oblidar \u00e9s, que si est\u00e0s pensant en vendre el teu pis, tamb\u00e9 has d&#8217;assumir unes despeses que hauries de con\u00e9ixer. Amat Respon a la pregunta: S\u00f3c propietari d&#8217;un pis. Voldria saber quines despeses tindr\u00e9 si el poso a [&hellip;]","og_url":"https:\/\/www.amatimmobiliaris.com\/w\/ca\/2012\/02\/quines-despeses-comportara-la-venda-dun-habitatge\/","og_site_name":"Amat Immobiliaris","article_publisher":"https:\/\/www.facebook.com\/amatimmobiliaris","article_published_time":"2012-02-27T12:16:43+00:00","article_modified_time":"2023-04-17T11:54:48+00:00","og_image":[{"width":1024,"height":683,"url":"https:\/\/www.amatimmobiliaris.com\/w\/wp-content\/uploads\/2022\/01\/2014-Saga-familiar-Amat-dw-1-1024x683.jpg","type":"image\/jpeg"}],"author":"Amat Immobiliaris","twitter_card":"summary_large_image","twitter_creator":"@amat_cat","twitter_site":"@amat_cat","twitter_misc":{"Escrit per":"Amat Immobiliaris","Temps estimat de lectura":"2 minuts"},"schema":{"@context":"https:\/\/schema.org","@graph":[{"@type":"Article","@id":"https:\/\/www.amatimmobiliaris.com\/w\/ca\/2012\/02\/quines-despeses-comportara-la-venda-dun-habitatge\/#article","isPartOf":{"@id":"https:\/\/www.amatimmobiliaris.com\/w\/ca\/2012\/02\/quines-despeses-comportara-la-venda-dun-habitatge\/"},"author":{"name":"Amat Immobiliaris","@id":"https:\/\/www.amatimmobiliaris.com\/w\/#\/schema\/person\/c880da71d1e156e7ea6774ffb445e034"},"headline":"Quines despeses comportar\u00e0 la venda d&#8217;un habitatge?","datePublished":"2012-02-27T12:16:43+00:00","dateModified":"2023-04-17T11:54:48+00:00","mainEntityOfPage":{"@id":"https:\/\/www.amatimmobiliaris.com\/w\/ca\/2012\/02\/quines-despeses-comportara-la-venda-dun-habitatge\/"},"wordCount":385,"publisher":{"@id":"https:\/\/www.amatimmobiliaris.com\/w\/#organization"},"keywords":["Despeses","Hipoteca"],"articleSection":["El usuario pregunta"],"inLanguage":"ca"},{"@type":"WebPage","@id":"https:\/\/www.amatimmobiliaris.com\/w\/ca\/2012\/02\/quines-despeses-comportara-la-venda-dun-habitatge\/","url":"https:\/\/www.amatimmobiliaris.com\/w\/ca\/2012\/02\/quines-despeses-comportara-la-venda-dun-habitatge\/","name":"Quines despeses comportar\u00e0 la venda d'un habitatge? | Amat Immobiliaris","isPartOf":{"@id":"https:\/\/www.amatimmobiliaris.com\/w\/#website"},"datePublished":"2012-02-27T12:16:43+00:00","dateModified":"2023-04-17T11:54:48+00:00","breadcrumb":{"@id":"https:\/\/www.amatimmobiliaris.com\/w\/ca\/2012\/02\/quines-despeses-comportara-la-venda-dun-habitatge\/#breadcrumb"},"inLanguage":"ca","potentialAction":[{"@type":"ReadAction","target":["https:\/\/www.amatimmobiliaris.com\/w\/ca\/2012\/02\/quines-despeses-comportara-la-venda-dun-habitatge\/"]}]},{"@type":"BreadcrumbList","@id":"https:\/\/www.amatimmobiliaris.com\/w\/ca\/2012\/02\/quines-despeses-comportara-la-venda-dun-habitatge\/#breadcrumb","itemListElement":[{"@type":"ListItem","position":1,"name":"Home","item":"https:\/\/www.amatimmobiliaris.com\/w\/ca\/"},{"@type":"ListItem","position":2,"name":"Consejos","item":"https:\/\/www.amatimmobiliaris.com\/w\/category\/consejos\/"},{"@type":"ListItem","position":3,"name":"El usuario pregunta","item":"https:\/\/www.amatimmobiliaris.com\/w\/category\/consejos\/el-usuario-pregunta\/"},{"@type":"ListItem","position":4,"name":"Quines despeses comportar\u00e0 la venda d&#8217;un habitatge?"}]},{"@type":"WebSite","@id":"https:\/\/www.amatimmobiliaris.com\/w\/#website","url":"https:\/\/www.amatimmobiliaris.com\/w\/","name":"Amat Immobiliaris","description":"Empresa familiar del sector inmobiliario con oficinas en Barcelona, Sant Cugat del Vall\u00e9s y Sant Just Desvern. Te ayudamos a comprar, alquilar o vender tu casa o piso. Somos un equipo coherente con una cultura de empresa honesta, innovadora y eficaz. Tambi\u00e9n en www.amatluxury.com","publisher":{"@id":"https:\/\/www.amatimmobiliaris.com\/w\/#organization"},"alternateName":"AmatImmo","potentialAction":[{"@type":"SearchAction","target":{"@type":"EntryPoint","urlTemplate":"https:\/\/www.amatimmobiliaris.com\/w\/?s={search_term_string}"},"query-input":{"@type":"PropertyValueSpecification","valueRequired":true,"valueName":"search_term_string"}}],"inLanguage":"ca"},{"@type":"Organization","@id":"https:\/\/www.amatimmobiliaris.com\/w\/#organization","name":"Amat Immobiliaris","url":"https:\/\/www.amatimmobiliaris.com\/w\/","logo":{"@type":"ImageObject","inLanguage":"ca","@id":"https:\/\/www.amatimmobiliaris.com\/w\/#\/schema\/logo\/image\/","url":"https:\/\/www.amatimmobiliaris.com\/w\/wp-content\/uploads\/2022\/10\/amat-logo.jpg","contentUrl":"https:\/\/www.amatimmobiliaris.com\/w\/wp-content\/uploads\/2022\/10\/amat-logo.jpg","width":900,"height":900,"caption":"Amat Immobiliaris"},"image":{"@id":"https:\/\/www.amatimmobiliaris.com\/w\/#\/schema\/logo\/image\/"},"sameAs":["https:\/\/www.facebook.com\/amatimmobiliaris","https:\/\/x.com\/amat_cat","https:\/\/www.instagram.com\/amat_immo\/","https:\/\/www.linkedin.com\/company\/amat-finques\/","https:\/\/www.youtube.com\/@amatimmobiliaris"]},{"@type":"Person","@id":"https:\/\/www.amatimmobiliaris.com\/w\/#\/schema\/person\/c880da71d1e156e7ea6774ffb445e034","name":"Amat Immobiliaris","sameAs":["http:\/\/amat-inmo-wp.localhost"]}]}},"_links":{"self":[{"href":"https:\/\/www.amatimmobiliaris.com\/w\/ca\/wp-json\/wp\/v2\/posts\/12145"}],"collection":[{"href":"https:\/\/www.amatimmobiliaris.com\/w\/ca\/wp-json\/wp\/v2\/posts"}],"about":[{"href":"https:\/\/www.amatimmobiliaris.com\/w\/ca\/wp-json\/wp\/v2\/types\/post"}],"author":[{"embeddable":true,"href":"https:\/\/www.amatimmobiliaris.com\/w\/ca\/wp-json\/wp\/v2\/users\/1"}],"replies":[{"embeddable":true,"href":"https:\/\/www.amatimmobiliaris.com\/w\/ca\/wp-json\/wp\/v2\/comments?post=12145"}],"version-history":[{"count":2,"href":"https:\/\/www.amatimmobiliaris.com\/w\/ca\/wp-json\/wp\/v2\/posts\/12145\/revisions"}],"predecessor-version":[{"id":23836,"href":"https:\/\/www.amatimmobiliaris.com\/w\/ca\/wp-json\/wp\/v2\/posts\/12145\/revisions\/23836"}],"wp:attachment":[{"href":"https:\/\/www.amatimmobiliaris.com\/w\/ca\/wp-json\/wp\/v2\/media?parent=12145"}],"wp:term":[{"taxonomy":"category","embeddable":true,"href":"https:\/\/www.amatimmobiliaris.com\/w\/ca\/wp-json\/wp\/v2\/categories?post=12145"},{"taxonomy":"post_tag","embeddable":true,"href":"https:\/\/www.amatimmobiliaris.com\/w\/ca\/wp-json\/wp\/v2\/tags?post=12145"}],"curies":[{"name":"wp","href":"https:\/\/api.w.org\/{rel}","templated":true}]}}